{"id":5106,"date":"2025-10-13T22:19:40","date_gmt":"2025-10-14T01:19:40","guid":{"rendered":"https:\/\/diariodelsurdigital.com.ar\/?p=5106"},"modified":"2025-10-13T22:22:19","modified_gmt":"2025-10-14T01:22:19","slug":"el-ministro-roncaglia-detallo-sobre-las-partes-humanas-halladas-en-el-arroyo-yerua","status":"publish","type":"post","link":"https:\/\/diariodelsurdigital.com.ar\/?p=5106","title":{"rendered":"El ministro Roncaglia detall\u00f3 sobre los restos humanos hallados en el arroyo Yeru\u00e1"},"content":{"rendered":"\n<h1 class=\"wp-block-heading\"><\/h1>\n\n\n\n<h2 class=\"wp-block-heading\">El Ministro de Seguridad de la provincia de Entre R\u00edos, N\u00e9stor Roncaglia no confirm\u00f3 la identidad de las partes humanas halladas. \u00abNo podemos certificar que sea la persona buscada, que sea Mart\u00edn Palacios\u00bb, aunque reconoci\u00f3 que hay muchos indicios.<\/h2>\n\n\n\n<p><a target=\"_blank\" href=\"https:\/\/api.whatsapp.com\/send?text=El%20ministro%20Roncaglia%20detall%C3%B3%20c%C3%B3mo%20y%20qu%C3%A9%20fue%20lo%20que%20se%20encontr%C3%B3%20en%20el%20arroyo%20Yeru%C3%A1%20-%20https:\/\/diarioriouruguay.com\/policiales\/\/el-ministro-roncaglia-detallo-como-y-que-fue-lo-que-se-encontro-en-el-arroyo-yerua.htm\" rel=\"noreferrer noopener\"><\/a><a href=\"https:\/\/diarioriouruguay.com\/policiales\/el-ministro-roncaglia-detallo-como-y-que-fue-lo-que-se-encontro-en-el-arroyo-yerua.htm#\"><\/a><a href=\"javascript:copyLink('aviso', 'URL Copiada');\"><\/a><a href=\"https:\/\/diarioriouruguay.com\/policiales\/el-ministro-roncaglia-detallo-como-y-que-fue-lo-que-se-encontro-en-el-arroyo-yerua.htm#\"><\/a><a target=\"_blank\" href=\"tg:\/\/msg?text=El%20ministro%20Roncaglia%20detall%C3%B3%20c%C3%B3mo%20y%20qu%C3%A9%20fue%20lo%20que%20se%20encontr%C3%B3%20en%20el%20arroyo%20Yeru%C3%A1-https:\/\/diarioriouruguay.com\/policiales\/\/el-ministro-roncaglia-detallo-como-y-que-fue-lo-que-se-encontro-en-el-arroyo-yerua.htm\" rel=\"noreferrer noopener\"><\/a><a href=\"https:\/\/diarioriouruguay.com\/policiales\/el-ministro-roncaglia-detallo-como-y-que-fue-lo-que-se-encontro-en-el-arroyo-yerua.htm#comentarios\"><\/a><\/p>\n\n\n\n<p>Rastrillaje policial General Campos<\/p>\n\n\n\n<p>Minutos antes de las 16 horas de este lunes, se produjo el hallazgo en el medio de un operativo de rastrillaje que hab\u00eda dispuesto la Polic\u00eda de Entre R\u00edos, para tratar de dar con alg\u00fan elemento que permita identificar el paradero del chofer y propietario del Toyota Corolla blanco, Mart\u00edn Palacios, desaparecido desde el 7 de octubre.<\/p>\n\n\n\n<p>La operaci\u00f3n de b\u00fasqueda tuvo un primer resultado en el camino que comunica la localidad de Colonia Yeru\u00e1 (departamento Concordia), con la localidad de General Campos, en el departamento San Salvador. All\u00ed, m\u00e1s precisamente en inmediaciones del puente sobre el arroyo Yeru\u00e1, en un paraje conocido como Balneario Los Pinos, donde tambi\u00e9n hay un puente del Ferrocarril Urquiza.<\/p>\n\n\n\n<p>En este lugar se encontraron partes de un cuerpo humano que la polic\u00eda est\u00e1 tratando de determinar. Puntualmente, lo que se encontr\u00f3 en el lugar son el torso con sus dos piernas.<\/p>\n\n\n\n<p>La Polic\u00eda Cient\u00edfica realiza las acciones que est\u00e1n siendo coordinadas por el propio Ministro de Seguridad de la provincia de Entre R\u00edos, N\u00e9stor Roncaglia, y el jefe de la Polic\u00eda de Entre R\u00edos.<\/p>\n\n\n\n<h3 class=\"wp-block-heading\">Macabro<\/h3>\n\n\n\n<p>Roncaglia repas\u00f3 que \u00abdesde el pasado 7 de octubre no tenemos novedades de Mart\u00edn Palacios, hoy los agentes de polic\u00eda &#8211; haciendo un rastrillaje junto a los fiscales &#8211;&nbsp;<strong>caminando por ac\u00e1, sienten un olor fuerte y se encuentran con una persona desmembrada, a la que le falta parte de su cuerpo\u00bb,&nbsp;<\/strong>puntualmente&nbsp;<strong>\u00absu cabeza y sus extremidades superiores\u00bb<\/strong>, puntualiz\u00f3 el ministro de Seguridad.<\/p>\n\n\n\n<p>Adem\u00e1s, coment\u00f3 que lo encontrado \u00abest\u00e1 dentro de una bolsa y ya se est\u00e1 haciendo la operaci\u00f3n t\u00e9cnica\/pericial\u00bb.<\/p>\n\n\n\n<p>En ese contexto, Roncaglia aprovech\u00f3 el contacto con los medios para \u00abcomo representante del Poder Ejecutivo, felicitar a la Polic\u00eda por el trabajo que se viene haciendo\u00bb.<\/p>\n\n\n\n<h3 class=\"wp-block-heading\">Detalles<\/h3>\n\n\n\n<p>El ministro record\u00f3 toda la serie de eventos, que deriv\u00f3 en el hallazgo de este lunes, \u00abse inici\u00f3 con el traslado de esta persona, que resulta ser este criminal de estos dos homicidios cometidos en C\u00f3rdoba\u00bb, por lo cual \u00abtrabajamos el d\u00eda domingo en Gualeguaych\u00fa, logrando la detenci\u00f3n del autor de estos dos femicidios\u00bb.<\/p>\n\n\n\n<p>Todo fue fruto \u00abde la informaci\u00f3n coordinada con la polic\u00eda de C\u00f3rdoba y el Ministerio de Seguridad de C\u00f3rdoba\u00bb, destac\u00f3. Subrayando que&nbsp;<strong>\u00abes un hecho aberrante\u00bb,&nbsp;<\/strong>inclu\u00eddo que falta establecer&nbsp;<strong>\u00abla ubicaci\u00f3n de esta persona que no aparece, pero lamentablemente se encuentra este cad\u00e1ver\u00bb.&nbsp;<\/strong>Fue all\u00ed donde afirm\u00f3 que<strong>&nbsp;\u00abno podemos certificar que sea la persona buscada, que sea Mart\u00edn Palacios, pero tenemos evidencia por la zona, que ahora va a ser motivo de estudio de su cuerpo, de su ADN para identificarlo\u00bb.<\/strong><\/p>\n\n\n\n<p>Igualmente, el ministro adelant\u00f3 que<strong>&nbsp;\u00abva a seguir una b\u00fasqueda porque a lo mejor encontramos las otras extremidades\u00bb,<\/strong>&nbsp;ya que&nbsp;<strong>\u00abgeneralmente en estos hechos criminales hay un desmembramiento del cuerpo y aparecen otras partes tiradas\u00bb.<\/strong><\/p>\n\n\n\n<figure class=\"wp-block-image\"><a class=\"en-bandera__ancla-img link-img\" href=\"https:\/\/diarioriouruguay.com\/policiales\/lo-encontrado-en-yerua-es-parte-del-cuerpo-de-una-persona.htm\"><img decoding=\"async\" src=\"https:\/\/diarioriouruguay.com\/galeria\/fotos\/2025\/10\/13\/m_1760395708_26789.webp\" alt=\"La polic\u00eda encontr\u00f3 parte del cuerpo de una persona en el arroyo Yeru\u00e1\"\/><\/a><\/figure>\n\n\n\n<h3 class=\"wp-block-heading\">Plazos e investigaci\u00f3n<\/h3>\n\n\n\n<p>Consultado acerca de cu\u00e1nto tiempo se tomar\u00e1n los peritos para confirmar la identidad de los restos hallado, tanto Roncaglia como la fiscal Daniela Montangie, coincidieron en que no hay una estimaci\u00f3n exacta, pero&nbsp;<strong>\u00abhay que esperar que vengan los familiares y tiene tatuajes\u00bb.&nbsp;<\/strong>De todos modos<strong>&nbsp;\u00abes algo urgente y seguramente en una semana se podr\u00e1 determinar\u00bb,&nbsp;<\/strong>explicaron<strong>.<\/strong><\/p>\n\n\n\n<p>El ministro tild\u00f3 al acusado de estos hechos como<strong>&nbsp;\u00abuna mente criminal, que pens\u00f3 sus pasos y hasta cruz\u00f3 desde Uruguay de forma clandestina\u00bb,&nbsp;<\/strong>remarcando que<strong>&nbsp;\u00abes muy loco lo que pas\u00f3\u00bb.<\/strong><\/p>\n\n\n\n<p>Por \u00faltimo, puntualiz\u00f3 que en los restos hallados este lunes,<strong>\u00a0\u00abfalta el rostro, las extremidades y la cabeza, por lo que espero que ning\u00fan animal se lo haya llevado, aunque tranquilamente puede pasar\u00bb,\u00a0<\/strong>por lo que los rastrillajes en la zona continuar\u00e1n con las primeras luces del martes.<\/p>\n\n\n\n<p>Fuente: Diario R\u00edo Uruguay<\/p>\n","protected":false},"excerpt":{"rendered":"<p>El Ministro de Seguridad de la provincia de Entre R\u00edos, N\u00e9stor Roncaglia no confirm\u00f3 la identidad de las partes humanas halladas. \u00abNo podemos certificar que sea la persona buscada, que sea Mart\u00edn Palacios\u00bb, aunque reconoci\u00f3 que hay muchos indicios. Rastrillaje policial General Campos Minutos antes de las 16 horas de este lunes, se produjo el [&hellip;]<\/p>\n","protected":false},"author":2,"featured_media":5107,"comment_status":"open","ping_status":"open","sticky":false,"template":"","format":"standard","meta":{"footnotes":""},"categories":[17],"tags":[],"class_list":{"0":"post-5106","1":"post","2":"type-post","3":"status-publish","4":"format-standard","5":"has-post-thumbnail","7":"category-provinciales"},"yoast_head":"<!-- This site is optimized with the Yoast SEO plugin v27.4 - https:\/\/yoast.com\/product\/yoast-seo-wordpress\/ -->\n<title>El ministro Roncaglia detall\u00f3 sobre los restos humanos hallados en el arroyo Yeru\u00e1 - Diario del Sur<\/title>\n<meta name=\"robots\" content=\"index, follow, max-snippet:-1, max-image-preview:large, max-video-preview:-1\" \/>\n<link rel=\"canonical\" href=\"https:\/\/diariodelsurdigital.com.ar\/?p=5106\" \/>\n<meta property=\"og:locale\" content=\"es_ES\" \/>\n<meta property=\"og:type\" content=\"article\" \/>\n<meta property=\"og:title\" content=\"El ministro Roncaglia detall\u00f3 sobre los restos humanos hallados en el arroyo Yeru\u00e1 - Diario del Sur\" \/>\n<meta property=\"og:description\" content=\"El Ministro de Seguridad de la provincia de Entre R\u00edos, N\u00e9stor Roncaglia no confirm\u00f3 la identidad de las partes humanas halladas. \u00abNo podemos certificar que sea la persona buscada, que sea Mart\u00edn Palacios\u00bb, aunque reconoci\u00f3 que hay muchos indicios. Rastrillaje policial General Campos Minutos antes de las 16 horas de este lunes, se produjo el [&hellip;]\" \/>\n<meta property=\"og:url\" content=\"https:\/\/diariodelsurdigital.com.ar\/?p=5106\" \/>\n<meta property=\"og:site_name\" content=\"Diario del Sur\" \/>\n<meta property=\"article:published_time\" content=\"2025-10-14T01:19:40+00:00\" \/>\n<meta property=\"article:modified_time\" content=\"2025-10-14T01:22:19+00:00\" \/>\n<meta property=\"og:image\" content=\"https:\/\/diariodelsurdigital.com.ar\/wp-content\/uploads\/2025\/10\/l_1760398686_58378.png\" \/>\n\t<meta property=\"og:image:width\" content=\"480\" \/>\n\t<meta property=\"og:image:height\" content=\"320\" \/>\n\t<meta property=\"og:image:type\" content=\"image\/png\" \/>\n<meta name=\"author\" content=\"Diario del Sur Digital\" \/>\n<meta name=\"twitter:card\" content=\"summary_large_image\" \/>\n<meta name=\"twitter:label1\" content=\"Escrito por\" \/>\n\t<meta name=\"twitter:data1\" content=\"Diario del Sur Digital\" \/>\n\t<meta name=\"twitter:label2\" content=\"Tiempo de lectura\" \/>\n\t<meta name=\"twitter:data2\" content=\"4 minutos\" \/>\n<script type=\"application\/ld+json\" class=\"yoast-schema-graph\">{\"@context\":\"https:\\\/\\\/schema.org\",\"@graph\":[{\"@type\":\"Article\",\"@id\":\"https:\\\/\\\/diariodelsurdigital.com.ar\\\/?p=5106#article\",\"isPartOf\":{\"@id\":\"https:\\\/\\\/diariodelsurdigital.com.ar\\\/?p=5106\"},\"author\":{\"name\":\"Diario del Sur Digital\",\"@id\":\"https:\\\/\\\/diariodelsurdigital.com.ar\\\/#\\\/schema\\\/person\\\/6136a32571657f7dba980b88b04c5465\"},\"headline\":\"El ministro Roncaglia detall\u00f3 sobre los restos humanos hallados en el arroyo Yeru\u00e1\",\"datePublished\":\"2025-10-14T01:19:40+00:00\",\"dateModified\":\"2025-10-14T01:22:19+00:00\",\"mainEntityOfPage\":{\"@id\":\"https:\\\/\\\/diariodelsurdigital.com.ar\\\/?p=5106\"},\"wordCount\":725,\"commentCount\":0,\"image\":{\"@id\":\"https:\\\/\\\/diariodelsurdigital.com.ar\\\/?p=5106#primaryimage\"},\"thumbnailUrl\":\"https:\\\/\\\/diariodelsurdigital.com.ar\\\/wp-content\\\/uploads\\\/2025\\\/10\\\/l_1760398686_58378.png\",\"articleSection\":[\"Provinciales\"],\"inLanguage\":\"es\",\"potentialAction\":[{\"@type\":\"CommentAction\",\"name\":\"Comment\",\"target\":[\"https:\\\/\\\/diariodelsurdigital.com.ar\\\/?p=5106#respond\"]}]},{\"@type\":\"WebPage\",\"@id\":\"https:\\\/\\\/diariodelsurdigital.com.ar\\\/?p=5106\",\"url\":\"https:\\\/\\\/diariodelsurdigital.com.ar\\\/?p=5106\",\"name\":\"El ministro Roncaglia detall\u00f3 sobre los restos humanos hallados en el arroyo Yeru\u00e1 - Diario del Sur\",\"isPartOf\":{\"@id\":\"https:\\\/\\\/diariodelsurdigital.com.ar\\\/#website\"},\"primaryImageOfPage\":{\"@id\":\"https:\\\/\\\/diariodelsurdigital.com.ar\\\/?p=5106#primaryimage\"},\"image\":{\"@id\":\"https:\\\/\\\/diariodelsurdigital.com.ar\\\/?p=5106#primaryimage\"},\"thumbnailUrl\":\"https:\\\/\\\/diariodelsurdigital.com.ar\\\/wp-content\\\/uploads\\\/2025\\\/10\\\/l_1760398686_58378.png\",\"datePublished\":\"2025-10-14T01:19:40+00:00\",\"dateModified\":\"2025-10-14T01:22:19+00:00\",\"author\":{\"@id\":\"https:\\\/\\\/diariodelsurdigital.com.ar\\\/#\\\/schema\\\/person\\\/6136a32571657f7dba980b88b04c5465\"},\"breadcrumb\":{\"@id\":\"https:\\\/\\\/diariodelsurdigital.com.ar\\\/?p=5106#breadcrumb\"},\"inLanguage\":\"es\",\"potentialAction\":[{\"@type\":\"ReadAction\",\"target\":[\"https:\\\/\\\/diariodelsurdigital.com.ar\\\/?p=5106\"]}]},{\"@type\":\"ImageObject\",\"inLanguage\":\"es\",\"@id\":\"https:\\\/\\\/diariodelsurdigital.com.ar\\\/?p=5106#primaryimage\",\"url\":\"https:\\\/\\\/diariodelsurdigital.com.ar\\\/wp-content\\\/uploads\\\/2025\\\/10\\\/l_1760398686_58378.png\",\"contentUrl\":\"https:\\\/\\\/diariodelsurdigital.com.ar\\\/wp-content\\\/uploads\\\/2025\\\/10\\\/l_1760398686_58378.png\",\"width\":480,\"height\":320},{\"@type\":\"BreadcrumbList\",\"@id\":\"https:\\\/\\\/diariodelsurdigital.com.ar\\\/?p=5106#breadcrumb\",\"itemListElement\":[{\"@type\":\"ListItem\",\"position\":1,\"name\":\"Portada\",\"item\":\"https:\\\/\\\/diariodelsurdigital.com.ar\\\/\"},{\"@type\":\"ListItem\",\"position\":2,\"name\":\"El ministro Roncaglia detall\u00f3 sobre los restos humanos hallados en el arroyo Yeru\u00e1\"}]},{\"@type\":\"WebSite\",\"@id\":\"https:\\\/\\\/diariodelsurdigital.com.ar\\\/#website\",\"url\":\"https:\\\/\\\/diariodelsurdigital.com.ar\\\/\",\"name\":\"Diario del Sur\",\"description\":\"Digital\",\"potentialAction\":[{\"@type\":\"SearchAction\",\"target\":{\"@type\":\"EntryPoint\",\"urlTemplate\":\"https:\\\/\\\/diariodelsurdigital.com.ar\\\/?s={search_term_string}\"},\"query-input\":{\"@type\":\"PropertyValueSpecification\",\"valueRequired\":true,\"valueName\":\"search_term_string\"}}],\"inLanguage\":\"es\"},{\"@type\":\"Person\",\"@id\":\"https:\\\/\\\/diariodelsurdigital.com.ar\\\/#\\\/schema\\\/person\\\/6136a32571657f7dba980b88b04c5465\",\"name\":\"Diario del Sur Digital\",\"image\":{\"@type\":\"ImageObject\",\"inLanguage\":\"es\",\"@id\":\"https:\\\/\\\/secure.gravatar.com\\\/avatar\\\/4c29ceac98541dd42460b2474aaa5dd37594d6ce6cb3cf2c101d09b48ee287ba?s=96&d=mm&r=g\",\"url\":\"https:\\\/\\\/secure.gravatar.com\\\/avatar\\\/4c29ceac98541dd42460b2474aaa5dd37594d6ce6cb3cf2c101d09b48ee287ba?s=96&d=mm&r=g\",\"contentUrl\":\"https:\\\/\\\/secure.gravatar.com\\\/avatar\\\/4c29ceac98541dd42460b2474aaa5dd37594d6ce6cb3cf2c101d09b48ee287ba?s=96&d=mm&r=g\",\"caption\":\"Diario del Sur Digital\"},\"url\":\"https:\\\/\\\/diariodelsurdigital.com.ar\\\/?author=2\"}]}<\/script>\n<!-- \/ Yoast SEO plugin. -->","yoast_head_json":{"title":"El ministro Roncaglia detall\u00f3 sobre los restos humanos hallados en el arroyo Yeru\u00e1 - Diario del Sur","robots":{"index":"index","follow":"follow","max-snippet":"max-snippet:-1","max-image-preview":"max-image-preview:large","max-video-preview":"max-video-preview:-1"},"canonical":"https:\/\/diariodelsurdigital.com.ar\/?p=5106","og_locale":"es_ES","og_type":"article","og_title":"El ministro Roncaglia detall\u00f3 sobre los restos humanos hallados en el arroyo Yeru\u00e1 - Diario del Sur","og_description":"El Ministro de Seguridad de la provincia de Entre R\u00edos, N\u00e9stor Roncaglia no confirm\u00f3 la identidad de las partes humanas halladas. \u00abNo podemos certificar que sea la persona buscada, que sea Mart\u00edn Palacios\u00bb, aunque reconoci\u00f3 que hay muchos indicios. Rastrillaje policial General Campos Minutos antes de las 16 horas de este lunes, se produjo el [&hellip;]","og_url":"https:\/\/diariodelsurdigital.com.ar\/?p=5106","og_site_name":"Diario del Sur","article_published_time":"2025-10-14T01:19:40+00:00","article_modified_time":"2025-10-14T01:22:19+00:00","og_image":[{"width":480,"height":320,"url":"https:\/\/diariodelsurdigital.com.ar\/wp-content\/uploads\/2025\/10\/l_1760398686_58378.png","type":"image\/png"}],"author":"Diario del Sur Digital","twitter_card":"summary_large_image","twitter_misc":{"Escrito por":"Diario del Sur Digital","Tiempo de lectura":"4 minutos"},"schema":{"@context":"https:\/\/schema.org","@graph":[{"@type":"Article","@id":"https:\/\/diariodelsurdigital.com.ar\/?p=5106#article","isPartOf":{"@id":"https:\/\/diariodelsurdigital.com.ar\/?p=5106"},"author":{"name":"Diario del Sur Digital","@id":"https:\/\/diariodelsurdigital.com.ar\/#\/schema\/person\/6136a32571657f7dba980b88b04c5465"},"headline":"El ministro Roncaglia detall\u00f3 sobre los restos humanos hallados en el arroyo Yeru\u00e1","datePublished":"2025-10-14T01:19:40+00:00","dateModified":"2025-10-14T01:22:19+00:00","mainEntityOfPage":{"@id":"https:\/\/diariodelsurdigital.com.ar\/?p=5106"},"wordCount":725,"commentCount":0,"image":{"@id":"https:\/\/diariodelsurdigital.com.ar\/?p=5106#primaryimage"},"thumbnailUrl":"https:\/\/diariodelsurdigital.com.ar\/wp-content\/uploads\/2025\/10\/l_1760398686_58378.png","articleSection":["Provinciales"],"inLanguage":"es","potentialAction":[{"@type":"CommentAction","name":"Comment","target":["https:\/\/diariodelsurdigital.com.ar\/?p=5106#respond"]}]},{"@type":"WebPage","@id":"https:\/\/diariodelsurdigital.com.ar\/?p=5106","url":"https:\/\/diariodelsurdigital.com.ar\/?p=5106","name":"El ministro Roncaglia detall\u00f3 sobre los restos humanos hallados en el arroyo Yeru\u00e1 - Diario del Sur","isPartOf":{"@id":"https:\/\/diariodelsurdigital.com.ar\/#website"},"primaryImageOfPage":{"@id":"https:\/\/diariodelsurdigital.com.ar\/?p=5106#primaryimage"},"image":{"@id":"https:\/\/diariodelsurdigital.com.ar\/?p=5106#primaryimage"},"thumbnailUrl":"https:\/\/diariodelsurdigital.com.ar\/wp-content\/uploads\/2025\/10\/l_1760398686_58378.png","datePublished":"2025-10-14T01:19:40+00:00","dateModified":"2025-10-14T01:22:19+00:00","author":{"@id":"https:\/\/diariodelsurdigital.com.ar\/#\/schema\/person\/6136a32571657f7dba980b88b04c5465"},"breadcrumb":{"@id":"https:\/\/diariodelsurdigital.com.ar\/?p=5106#breadcrumb"},"inLanguage":"es","potentialAction":[{"@type":"ReadAction","target":["https:\/\/diariodelsurdigital.com.ar\/?p=5106"]}]},{"@type":"ImageObject","inLanguage":"es","@id":"https:\/\/diariodelsurdigital.com.ar\/?p=5106#primaryimage","url":"https:\/\/diariodelsurdigital.com.ar\/wp-content\/uploads\/2025\/10\/l_1760398686_58378.png","contentUrl":"https:\/\/diariodelsurdigital.com.ar\/wp-content\/uploads\/2025\/10\/l_1760398686_58378.png","width":480,"height":320},{"@type":"BreadcrumbList","@id":"https:\/\/diariodelsurdigital.com.ar\/?p=5106#breadcrumb","itemListElement":[{"@type":"ListItem","position":1,"name":"Portada","item":"https:\/\/diariodelsurdigital.com.ar\/"},{"@type":"ListItem","position":2,"name":"El ministro Roncaglia detall\u00f3 sobre los restos humanos hallados en el arroyo Yeru\u00e1"}]},{"@type":"WebSite","@id":"https:\/\/diariodelsurdigital.com.ar\/#website","url":"https:\/\/diariodelsurdigital.com.ar\/","name":"Diario del Sur","description":"Digital","potentialAction":[{"@type":"SearchAction","target":{"@type":"EntryPoint","urlTemplate":"https:\/\/diariodelsurdigital.com.ar\/?s={search_term_string}"},"query-input":{"@type":"PropertyValueSpecification","valueRequired":true,"valueName":"search_term_string"}}],"inLanguage":"es"},{"@type":"Person","@id":"https:\/\/diariodelsurdigital.com.ar\/#\/schema\/person\/6136a32571657f7dba980b88b04c5465","name":"Diario del Sur Digital","image":{"@type":"ImageObject","inLanguage":"es","@id":"https:\/\/secure.gravatar.com\/avatar\/4c29ceac98541dd42460b2474aaa5dd37594d6ce6cb3cf2c101d09b48ee287ba?s=96&d=mm&r=g","url":"https:\/\/secure.gravatar.com\/avatar\/4c29ceac98541dd42460b2474aaa5dd37594d6ce6cb3cf2c101d09b48ee287ba?s=96&d=mm&r=g","contentUrl":"https:\/\/secure.gravatar.com\/avatar\/4c29ceac98541dd42460b2474aaa5dd37594d6ce6cb3cf2c101d09b48ee287ba?s=96&d=mm&r=g","caption":"Diario del Sur Digital"},"url":"https:\/\/diariodelsurdigital.com.ar\/?author=2"}]}},"_links":{"self":[{"href":"https:\/\/diariodelsurdigital.com.ar\/index.php?rest_route=\/wp\/v2\/posts\/5106","targetHints":{"allow":["GET"]}}],"collection":[{"href":"https:\/\/diariodelsurdigital.com.ar\/index.php?rest_route=\/wp\/v2\/posts"}],"about":[{"href":"https:\/\/diariodelsurdigital.com.ar\/index.php?rest_route=\/wp\/v2\/types\/post"}],"author":[{"embeddable":true,"href":"https:\/\/diariodelsurdigital.com.ar\/index.php?rest_route=\/wp\/v2\/users\/2"}],"replies":[{"embeddable":true,"href":"https:\/\/diariodelsurdigital.com.ar\/index.php?rest_route=%2Fwp%2Fv2%2Fcomments&post=5106"}],"version-history":[{"count":3,"href":"https:\/\/diariodelsurdigital.com.ar\/index.php?rest_route=\/wp\/v2\/posts\/5106\/revisions"}],"predecessor-version":[{"id":5110,"href":"https:\/\/diariodelsurdigital.com.ar\/index.php?rest_route=\/wp\/v2\/posts\/5106\/revisions\/5110"}],"wp:featuredmedia":[{"embeddable":true,"href":"https:\/\/diariodelsurdigital.com.ar\/index.php?rest_route=\/wp\/v2\/media\/5107"}],"wp:attachment":[{"href":"https:\/\/diariodelsurdigital.com.ar\/index.php?rest_route=%2Fwp%2Fv2%2Fmedia&parent=5106"}],"wp:term":[{"taxonomy":"category","embeddable":true,"href":"https:\/\/diariodelsurdigital.com.ar\/index.php?rest_route=%2Fwp%2Fv2%2Fcategories&post=5106"},{"taxonomy":"post_tag","embeddable":true,"href":"https:\/\/diariodelsurdigital.com.ar\/index.php?rest_route=%2Fwp%2Fv2%2Ftags&post=5106"}],"curies":[{"name":"wp","href":"https:\/\/api.w.org\/{rel}","templated":true}]}}