{"id":5112,"date":"2025-10-14T09:59:13","date_gmt":"2025-10-14T12:59:13","guid":{"rendered":"https:\/\/diariodelsurdigital.com.ar\/?p=5112"},"modified":"2025-10-14T09:59:14","modified_gmt":"2025-10-14T12:59:14","slug":"docentes-universitarios-entrerrianos-se-suman-al-paro-de-hoy","status":"publish","type":"post","link":"https:\/\/diariodelsurdigital.com.ar\/?p=5112","title":{"rendered":"Docentes universitarios entrerrianos se suman al paro de hoy"},"content":{"rendered":"\n<p>La Asociaci\u00f3n Gremial de Docentes Universitarios (AGDU), que agrupa a docentes de la Universidad Nacional de Entre R\u00edos (UNER), adhiri\u00f3 al paro de 24 horas de este martes, convocado a nivel nacional por Conadu junto a Ctera. Reclaman la aplicaci\u00f3n de la Ley de Financiamiento Universitario y la urgente convocatoria a paritarias, entre otros puntos.<\/p>\n\n\n\n<p>\u201cAdherimos a la medida convocada por Conadu junto a Ctera para este martes 14 de octubre\u201d, se\u00f1ala AGDU y enumera las exigencias en el marco de la medida:<\/p>\n\n\n\n<ul class=\"wp-block-list\">\n<li>Aplicaci\u00f3n de la Ley de Financiamiento Universitario<\/li>\n\n\n\n<li>Restituci\u00f3n del FONID y pago de las deudas<\/li>\n\n\n\n<li>Urgente convocatoria a Paritarias<\/li>\n\n\n\n<li>M\u00e1s presupuesto para Ciencia y Tecnolog\u00eda<\/li>\n<\/ul>\n\n\n\n<p>Adem\u00e1s, el gremio de docentes universitarios entrerrianos expres\u00f3 su acompa\u00f1amiento a la movilizaci\u00f3n que se realizar\u00e1 en Buenos Aires, con concentraci\u00f3n a las 10 en Plaza Congreso.<\/p>\n\n\n\n<p>Motivos del reclamo a nivel nacional<br>La Confederaci\u00f3n de Trabajadores de la Educaci\u00f3n de la Rep\u00fablica Argentina (Ctera) impulsa el paro principalmente por reclamos econ\u00f3micos dirigidos al Gobierno. La entidad difundi\u00f3 un comunicado oficial bajo el t\u00edtulo \u201cLa Escuela Ense\u00f1a y Construye Esperanza\u201d, donde el gremio puntualiz\u00f3 su posici\u00f3n: \u201cFrente al ajuste, los recortes presupuestarios y el desfinanciamiento educativo, Ctera reafirma su compromiso en defensa de la escuela p\u00fablica, de calidad, democr\u00e1tica y federal\u201d.<\/p>\n\n\n\n<p>La organizaci\u00f3n sindical detall\u00f3 el listado de exigencias que motivan las medidas de fuerza:<\/p>\n\n\n\n<p>-Una nueva Ley de Financiamiento Educativo<\/p>\n\n\n\n<p>-Urgente convocatoria a la Paritaria Nacional Docente<\/p>\n\n\n\n<p>-Restituci\u00f3n del Fonid y pago de las sumas adeudadas<\/p>\n\n\n\n<p>-Aumento del presupuesto educativo y fondos para infraestructura escolar<\/p>\n\n\n\n<p>-Mejoras salariales y laborales para los trabajadores de la educaci\u00f3n<\/p>\n\n\n\n<p>-Defensa de los derechos previsionales y de las jubilaciones docentes<\/p>\n","protected":false},"excerpt":{"rendered":"<p>La Asociaci\u00f3n Gremial de Docentes Universitarios (AGDU), que agrupa a docentes de la Universidad Nacional de Entre R\u00edos (UNER), adhiri\u00f3 al paro de 24 horas de este martes, convocado a nivel nacional por Conadu junto a Ctera. Reclaman la aplicaci\u00f3n de la Ley de Financiamiento Universitario y la urgente convocatoria a paritarias, entre otros puntos. [&hellip;]<\/p>\n","protected":false},"author":4,"featured_media":5113,"comment_status":"open","ping_status":"open","sticky":false,"template":"","format":"standard","meta":{"footnotes":""},"categories":[17],"tags":[],"class_list":{"0":"post-5112","1":"post","2":"type-post","3":"status-publish","4":"format-standard","5":"has-post-thumbnail","7":"category-provinciales"},"yoast_head":"<!-- This site is optimized with the Yoast SEO plugin v27.4 - https:\/\/yoast.com\/product\/yoast-seo-wordpress\/ -->\n<title>Docentes universitarios entrerrianos se suman al paro de hoy - Diario del Sur<\/title>\n<meta name=\"robots\" content=\"index, follow, max-snippet:-1, max-image-preview:large, max-video-preview:-1\" \/>\n<link rel=\"canonical\" href=\"https:\/\/diariodelsurdigital.com.ar\/?p=5112\" \/>\n<meta property=\"og:locale\" content=\"es_ES\" \/>\n<meta property=\"og:type\" content=\"article\" \/>\n<meta property=\"og:title\" content=\"Docentes universitarios entrerrianos se suman al paro de hoy - Diario del Sur\" \/>\n<meta property=\"og:description\" content=\"La Asociaci\u00f3n Gremial de Docentes Universitarios (AGDU), que agrupa a docentes de la Universidad Nacional de Entre R\u00edos (UNER), adhiri\u00f3 al paro de 24 horas de este martes, convocado a nivel nacional por Conadu junto a Ctera. Reclaman la aplicaci\u00f3n de la Ley de Financiamiento Universitario y la urgente convocatoria a paritarias, entre otros puntos. [&hellip;]\" \/>\n<meta property=\"og:url\" content=\"https:\/\/diariodelsurdigital.com.ar\/?p=5112\" \/>\n<meta property=\"og:site_name\" content=\"Diario del Sur\" \/>\n<meta property=\"article:published_time\" content=\"2025-10-14T12:59:13+00:00\" \/>\n<meta property=\"article:modified_time\" content=\"2025-10-14T12:59:14+00:00\" \/>\n<meta property=\"og:image\" content=\"https:\/\/diariodelsurdigital.com.ar\/wp-content\/uploads\/2025\/10\/md-26-1.webp\" \/>\n\t<meta property=\"og:image:width\" content=\"992\" \/>\n\t<meta property=\"og:image:height\" content=\"558\" \/>\n\t<meta property=\"og:image:type\" content=\"image\/webp\" \/>\n<meta name=\"author\" content=\"Diario del Sur Digital\" \/>\n<meta name=\"twitter:card\" content=\"summary_large_image\" \/>\n<meta name=\"twitter:label1\" content=\"Escrito por\" \/>\n\t<meta name=\"twitter:data1\" content=\"Diario del Sur Digital\" \/>\n\t<meta name=\"twitter:label2\" content=\"Tiempo de lectura\" \/>\n\t<meta name=\"twitter:data2\" content=\"2 minutos\" \/>\n<script type=\"application\/ld+json\" class=\"yoast-schema-graph\">{\"@context\":\"https:\\\/\\\/schema.org\",\"@graph\":[{\"@type\":\"Article\",\"@id\":\"https:\\\/\\\/diariodelsurdigital.com.ar\\\/?p=5112#article\",\"isPartOf\":{\"@id\":\"https:\\\/\\\/diariodelsurdigital.com.ar\\\/?p=5112\"},\"author\":{\"name\":\"Diario del Sur Digital\",\"@id\":\"https:\\\/\\\/diariodelsurdigital.com.ar\\\/#\\\/schema\\\/person\\\/1a4992532ed62965c968031b49195c81\"},\"headline\":\"Docentes universitarios entrerrianos se suman al paro de hoy\",\"datePublished\":\"2025-10-14T12:59:13+00:00\",\"dateModified\":\"2025-10-14T12:59:14+00:00\",\"mainEntityOfPage\":{\"@id\":\"https:\\\/\\\/diariodelsurdigital.com.ar\\\/?p=5112\"},\"wordCount\":303,\"commentCount\":0,\"image\":{\"@id\":\"https:\\\/\\\/diariodelsurdigital.com.ar\\\/?p=5112#primaryimage\"},\"thumbnailUrl\":\"https:\\\/\\\/diariodelsurdigital.com.ar\\\/wp-content\\\/uploads\\\/2025\\\/10\\\/md-26-1.webp\",\"articleSection\":[\"Provinciales\"],\"inLanguage\":\"es\",\"potentialAction\":[{\"@type\":\"CommentAction\",\"name\":\"Comment\",\"target\":[\"https:\\\/\\\/diariodelsurdigital.com.ar\\\/?p=5112#respond\"]}]},{\"@type\":\"WebPage\",\"@id\":\"https:\\\/\\\/diariodelsurdigital.com.ar\\\/?p=5112\",\"url\":\"https:\\\/\\\/diariodelsurdigital.com.ar\\\/?p=5112\",\"name\":\"Docentes universitarios entrerrianos se suman al paro de hoy - Diario del Sur\",\"isPartOf\":{\"@id\":\"https:\\\/\\\/diariodelsurdigital.com.ar\\\/#website\"},\"primaryImageOfPage\":{\"@id\":\"https:\\\/\\\/diariodelsurdigital.com.ar\\\/?p=5112#primaryimage\"},\"image\":{\"@id\":\"https:\\\/\\\/diariodelsurdigital.com.ar\\\/?p=5112#primaryimage\"},\"thumbnailUrl\":\"https:\\\/\\\/diariodelsurdigital.com.ar\\\/wp-content\\\/uploads\\\/2025\\\/10\\\/md-26-1.webp\",\"datePublished\":\"2025-10-14T12:59:13+00:00\",\"dateModified\":\"2025-10-14T12:59:14+00:00\",\"author\":{\"@id\":\"https:\\\/\\\/diariodelsurdigital.com.ar\\\/#\\\/schema\\\/person\\\/1a4992532ed62965c968031b49195c81\"},\"breadcrumb\":{\"@id\":\"https:\\\/\\\/diariodelsurdigital.com.ar\\\/?p=5112#breadcrumb\"},\"inLanguage\":\"es\",\"potentialAction\":[{\"@type\":\"ReadAction\",\"target\":[\"https:\\\/\\\/diariodelsurdigital.com.ar\\\/?p=5112\"]}]},{\"@type\":\"ImageObject\",\"inLanguage\":\"es\",\"@id\":\"https:\\\/\\\/diariodelsurdigital.com.ar\\\/?p=5112#primaryimage\",\"url\":\"https:\\\/\\\/diariodelsurdigital.com.ar\\\/wp-content\\\/uploads\\\/2025\\\/10\\\/md-26-1.webp\",\"contentUrl\":\"https:\\\/\\\/diariodelsurdigital.com.ar\\\/wp-content\\\/uploads\\\/2025\\\/10\\\/md-26-1.webp\",\"width\":992,\"height\":558},{\"@type\":\"BreadcrumbList\",\"@id\":\"https:\\\/\\\/diariodelsurdigital.com.ar\\\/?p=5112#breadcrumb\",\"itemListElement\":[{\"@type\":\"ListItem\",\"position\":1,\"name\":\"Portada\",\"item\":\"https:\\\/\\\/diariodelsurdigital.com.ar\\\/\"},{\"@type\":\"ListItem\",\"position\":2,\"name\":\"Docentes universitarios entrerrianos se suman al paro de hoy\"}]},{\"@type\":\"WebSite\",\"@id\":\"https:\\\/\\\/diariodelsurdigital.com.ar\\\/#website\",\"url\":\"https:\\\/\\\/diariodelsurdigital.com.ar\\\/\",\"name\":\"Diario del Sur\",\"description\":\"Digital\",\"potentialAction\":[{\"@type\":\"SearchAction\",\"target\":{\"@type\":\"EntryPoint\",\"urlTemplate\":\"https:\\\/\\\/diariodelsurdigital.com.ar\\\/?s={search_term_string}\"},\"query-input\":{\"@type\":\"PropertyValueSpecification\",\"valueRequired\":true,\"valueName\":\"search_term_string\"}}],\"inLanguage\":\"es\"},{\"@type\":\"Person\",\"@id\":\"https:\\\/\\\/diariodelsurdigital.com.ar\\\/#\\\/schema\\\/person\\\/1a4992532ed62965c968031b49195c81\",\"name\":\"Diario del Sur Digital\",\"image\":{\"@type\":\"ImageObject\",\"inLanguage\":\"es\",\"@id\":\"https:\\\/\\\/secure.gravatar.com\\\/avatar\\\/f0c7c47fc7146d19828273b9b8eda651c9c7ab583767e6338d3d3bee825adf76?s=96&d=mm&r=g\",\"url\":\"https:\\\/\\\/secure.gravatar.com\\\/avatar\\\/f0c7c47fc7146d19828273b9b8eda651c9c7ab583767e6338d3d3bee825adf76?s=96&d=mm&r=g\",\"contentUrl\":\"https:\\\/\\\/secure.gravatar.com\\\/avatar\\\/f0c7c47fc7146d19828273b9b8eda651c9c7ab583767e6338d3d3bee825adf76?s=96&d=mm&r=g\",\"caption\":\"Diario del Sur Digital\"},\"url\":\"https:\\\/\\\/diariodelsurdigital.com.ar\\\/?author=4\"}]}<\/script>\n<!-- \/ Yoast SEO plugin. -->","yoast_head_json":{"title":"Docentes universitarios entrerrianos se suman al paro de hoy - Diario del Sur","robots":{"index":"index","follow":"follow","max-snippet":"max-snippet:-1","max-image-preview":"max-image-preview:large","max-video-preview":"max-video-preview:-1"},"canonical":"https:\/\/diariodelsurdigital.com.ar\/?p=5112","og_locale":"es_ES","og_type":"article","og_title":"Docentes universitarios entrerrianos se suman al paro de hoy - Diario del Sur","og_description":"La Asociaci\u00f3n Gremial de Docentes Universitarios (AGDU), que agrupa a docentes de la Universidad Nacional de Entre R\u00edos (UNER), adhiri\u00f3 al paro de 24 horas de este martes, convocado a nivel nacional por Conadu junto a Ctera. Reclaman la aplicaci\u00f3n de la Ley de Financiamiento Universitario y la urgente convocatoria a paritarias, entre otros puntos. [&hellip;]","og_url":"https:\/\/diariodelsurdigital.com.ar\/?p=5112","og_site_name":"Diario del Sur","article_published_time":"2025-10-14T12:59:13+00:00","article_modified_time":"2025-10-14T12:59:14+00:00","og_image":[{"width":992,"height":558,"url":"https:\/\/diariodelsurdigital.com.ar\/wp-content\/uploads\/2025\/10\/md-26-1.webp","type":"image\/webp"}],"author":"Diario del Sur Digital","twitter_card":"summary_large_image","twitter_misc":{"Escrito por":"Diario del Sur Digital","Tiempo de lectura":"2 minutos"},"schema":{"@context":"https:\/\/schema.org","@graph":[{"@type":"Article","@id":"https:\/\/diariodelsurdigital.com.ar\/?p=5112#article","isPartOf":{"@id":"https:\/\/diariodelsurdigital.com.ar\/?p=5112"},"author":{"name":"Diario del Sur Digital","@id":"https:\/\/diariodelsurdigital.com.ar\/#\/schema\/person\/1a4992532ed62965c968031b49195c81"},"headline":"Docentes universitarios entrerrianos se suman al paro de hoy","datePublished":"2025-10-14T12:59:13+00:00","dateModified":"2025-10-14T12:59:14+00:00","mainEntityOfPage":{"@id":"https:\/\/diariodelsurdigital.com.ar\/?p=5112"},"wordCount":303,"commentCount":0,"image":{"@id":"https:\/\/diariodelsurdigital.com.ar\/?p=5112#primaryimage"},"thumbnailUrl":"https:\/\/diariodelsurdigital.com.ar\/wp-content\/uploads\/2025\/10\/md-26-1.webp","articleSection":["Provinciales"],"inLanguage":"es","potentialAction":[{"@type":"CommentAction","name":"Comment","target":["https:\/\/diariodelsurdigital.com.ar\/?p=5112#respond"]}]},{"@type":"WebPage","@id":"https:\/\/diariodelsurdigital.com.ar\/?p=5112","url":"https:\/\/diariodelsurdigital.com.ar\/?p=5112","name":"Docentes universitarios entrerrianos se suman al paro de hoy - Diario del Sur","isPartOf":{"@id":"https:\/\/diariodelsurdigital.com.ar\/#website"},"primaryImageOfPage":{"@id":"https:\/\/diariodelsurdigital.com.ar\/?p=5112#primaryimage"},"image":{"@id":"https:\/\/diariodelsurdigital.com.ar\/?p=5112#primaryimage"},"thumbnailUrl":"https:\/\/diariodelsurdigital.com.ar\/wp-content\/uploads\/2025\/10\/md-26-1.webp","datePublished":"2025-10-14T12:59:13+00:00","dateModified":"2025-10-14T12:59:14+00:00","author":{"@id":"https:\/\/diariodelsurdigital.com.ar\/#\/schema\/person\/1a4992532ed62965c968031b49195c81"},"breadcrumb":{"@id":"https:\/\/diariodelsurdigital.com.ar\/?p=5112#breadcrumb"},"inLanguage":"es","potentialAction":[{"@type":"ReadAction","target":["https:\/\/diariodelsurdigital.com.ar\/?p=5112"]}]},{"@type":"ImageObject","inLanguage":"es","@id":"https:\/\/diariodelsurdigital.com.ar\/?p=5112#primaryimage","url":"https:\/\/diariodelsurdigital.com.ar\/wp-content\/uploads\/2025\/10\/md-26-1.webp","contentUrl":"https:\/\/diariodelsurdigital.com.ar\/wp-content\/uploads\/2025\/10\/md-26-1.webp","width":992,"height":558},{"@type":"BreadcrumbList","@id":"https:\/\/diariodelsurdigital.com.ar\/?p=5112#breadcrumb","itemListElement":[{"@type":"ListItem","position":1,"name":"Portada","item":"https:\/\/diariodelsurdigital.com.ar\/"},{"@type":"ListItem","position":2,"name":"Docentes universitarios entrerrianos se suman al paro de hoy"}]},{"@type":"WebSite","@id":"https:\/\/diariodelsurdigital.com.ar\/#website","url":"https:\/\/diariodelsurdigital.com.ar\/","name":"Diario del Sur","description":"Digital","potentialAction":[{"@type":"SearchAction","target":{"@type":"EntryPoint","urlTemplate":"https:\/\/diariodelsurdigital.com.ar\/?s={search_term_string}"},"query-input":{"@type":"PropertyValueSpecification","valueRequired":true,"valueName":"search_term_string"}}],"inLanguage":"es"},{"@type":"Person","@id":"https:\/\/diariodelsurdigital.com.ar\/#\/schema\/person\/1a4992532ed62965c968031b49195c81","name":"Diario del Sur Digital","image":{"@type":"ImageObject","inLanguage":"es","@id":"https:\/\/secure.gravatar.com\/avatar\/f0c7c47fc7146d19828273b9b8eda651c9c7ab583767e6338d3d3bee825adf76?s=96&d=mm&r=g","url":"https:\/\/secure.gravatar.com\/avatar\/f0c7c47fc7146d19828273b9b8eda651c9c7ab583767e6338d3d3bee825adf76?s=96&d=mm&r=g","contentUrl":"https:\/\/secure.gravatar.com\/avatar\/f0c7c47fc7146d19828273b9b8eda651c9c7ab583767e6338d3d3bee825adf76?s=96&d=mm&r=g","caption":"Diario del Sur Digital"},"url":"https:\/\/diariodelsurdigital.com.ar\/?author=4"}]}},"_links":{"self":[{"href":"https:\/\/diariodelsurdigital.com.ar\/index.php?rest_route=\/wp\/v2\/posts\/5112","targetHints":{"allow":["GET"]}}],"collection":[{"href":"https:\/\/diariodelsurdigital.com.ar\/index.php?rest_route=\/wp\/v2\/posts"}],"about":[{"href":"https:\/\/diariodelsurdigital.com.ar\/index.php?rest_route=\/wp\/v2\/types\/post"}],"author":[{"embeddable":true,"href":"https:\/\/diariodelsurdigital.com.ar\/index.php?rest_route=\/wp\/v2\/users\/4"}],"replies":[{"embeddable":true,"href":"https:\/\/diariodelsurdigital.com.ar\/index.php?rest_route=%2Fwp%2Fv2%2Fcomments&post=5112"}],"version-history":[{"count":1,"href":"https:\/\/diariodelsurdigital.com.ar\/index.php?rest_route=\/wp\/v2\/posts\/5112\/revisions"}],"predecessor-version":[{"id":5114,"href":"https:\/\/diariodelsurdigital.com.ar\/index.php?rest_route=\/wp\/v2\/posts\/5112\/revisions\/5114"}],"wp:featuredmedia":[{"embeddable":true,"href":"https:\/\/diariodelsurdigital.com.ar\/index.php?rest_route=\/wp\/v2\/media\/5113"}],"wp:attachment":[{"href":"https:\/\/diariodelsurdigital.com.ar\/index.php?rest_route=%2Fwp%2Fv2%2Fmedia&parent=5112"}],"wp:term":[{"taxonomy":"category","embeddable":true,"href":"https:\/\/diariodelsurdigital.com.ar\/index.php?rest_route=%2Fwp%2Fv2%2Fcategories&post=5112"},{"taxonomy":"post_tag","embeddable":true,"href":"https:\/\/diariodelsurdigital.com.ar\/index.php?rest_route=%2Fwp%2Fv2%2Ftags&post=5112"}],"curies":[{"name":"wp","href":"https:\/\/api.w.org\/{rel}","templated":true}]}}