{"id":512,"date":"2025-01-09T13:26:24","date_gmt":"2025-01-09T16:26:24","guid":{"rendered":"https:\/\/diariodelsurdigital.com.ar\/?p=512"},"modified":"2025-01-09T13:26:25","modified_gmt":"2025-01-09T16:26:25","slug":"carnaval-sonia-albornoz-atendio-al-astrologo-cultural-y-su-consorte","status":"publish","type":"post","link":"https:\/\/diariodelsurdigital.com.ar\/?p=512","title":{"rendered":"CARNAVAL: Sonia Albornoz atendi\u00f3 al astr\u00f3logo cultural y su consorte"},"content":{"rendered":"\n<p>Mediante una misiva p\u00fablica, la referente carnestolenda de Concordia, Sonia Albornoz, agradeci\u00f3 al Presidente Municipal Francisco Azcu\u00e9 por intervenir en el problema surgido con el Carnaval de los peque\u00f1os Duendes y carg\u00f3 contra el Subsecretario de Cultura, \u00abWally\u00bb Garc\u00eda y su pareja Ana Mar\u00eda Rosso, quien mediante un audio, \u00e9sta \u00faltima critic\u00f3 el canaval en los barrios, aducuendo que hay \u00abkioscos\u00bb y conductas cuasi delictivas. Texto de la carta:<\/p>\n\n\n\n<p>Quiero expresar mi agradecimiento al Sr. Intendente de nuestra Ciudad Francisco Azcue, por intervenir y dar claridad a las falsas acusaciones hacia Mi persona y Profesionalidad, recibidos a trav\u00e9s de audios que circularon por Whatsapp difamandome sin motivo alguno. Me preocupa y entristece que las voces que reprodujeron estos mensajes forman parte del entorno cercano de la actual gesti\u00f3n cultural. Es muy triste que haya gente que piense que el Carnaval de los Peque\u00f1os Duendes no debe ir a las barrios o que todo el trabajo que hac\u00edan las comparsas en los barrios populares est\u00e1 empa\u00f1ados por \u00abkioscos\u00bb, intereses personales o conductas cercanas a lo delictivo. S\u00e9 bien que miles de ni\u00f1os y familias vivieron y disfrutaron plenamente de esta verdadera fiesta popular y testimonian la buena intenci\u00f3n y responsabilidad que predomin\u00f3 siempre en todo lo que hicimos. Que no es un m\u00e9rito personal si no el logro colectivo de mucha gente que trabaj\u00f3 por la felicidad de los ni\u00f1os y el desarrollo cultural en toda su expresi\u00f3n. Por otra parte, Hago propicio el agradecimiento por escuchar a los Referentes de las Comparsas del Carnaval de los Peque\u00f1os Duendes dando las respuestas y el apoyo que ellos necesitaban, \u00e9sto es lo m\u00e1s importante, que los ni\u00f1os de muchos barrios puedan disfrutar de esta Fiesta que se viene gestando a\u00f1o a a\u00f1o y en el cual estuve al frente por 10 a\u00f1os en la Coordinaci\u00f3n junto a un gran Equipo de trabajo en las dos Gestiones del Sr. Enrique Cresto. Felicito al Intendente Azcu\u00e9 por escuchar y poner en valor el trabajo de las familias y los ni\u00f1os del Carnaval de los Peque\u00f1os Duendes. Mis mejores deseos y que sea una gran fiesta para todos.<\/p>\n","protected":false},"excerpt":{"rendered":"<p>Mediante una misiva p\u00fablica, la referente carnestolenda de Concordia, Sonia Albornoz, agradeci\u00f3 al Presidente Municipal Francisco Azcu\u00e9 por intervenir en el problema surgido con el Carnaval de los peque\u00f1os Duendes y carg\u00f3 contra el Subsecretario de Cultura, \u00abWally\u00bb Garc\u00eda y su pareja Ana Mar\u00eda Rosso, quien mediante un audio, \u00e9sta \u00faltima critic\u00f3 el canaval en [&hellip;]<\/p>\n","protected":false},"author":2,"featured_media":513,"comment_status":"open","ping_status":"open","sticky":false,"template":"","format":"standard","meta":{"footnotes":""},"categories":[16],"tags":[],"class_list":{"0":"post-512","1":"post","2":"type-post","3":"status-publish","4":"format-standard","5":"has-post-thumbnail","7":"category-locales"},"yoast_head":"<!-- This site is optimized with the Yoast SEO plugin v27.4 - https:\/\/yoast.com\/product\/yoast-seo-wordpress\/ -->\n<title>CARNAVAL: Sonia Albornoz atendi\u00f3 al astr\u00f3logo cultural y su consorte - Diario del Sur<\/title>\n<meta name=\"robots\" content=\"index, follow, max-snippet:-1, max-image-preview:large, max-video-preview:-1\" \/>\n<link rel=\"canonical\" href=\"https:\/\/diariodelsurdigital.com.ar\/?p=512\" \/>\n<meta property=\"og:locale\" content=\"es_ES\" \/>\n<meta property=\"og:type\" content=\"article\" \/>\n<meta property=\"og:title\" content=\"CARNAVAL: Sonia Albornoz atendi\u00f3 al astr\u00f3logo cultural y su consorte - Diario del Sur\" \/>\n<meta property=\"og:description\" content=\"Mediante una misiva p\u00fablica, la referente carnestolenda de Concordia, Sonia Albornoz, agradeci\u00f3 al Presidente Municipal Francisco Azcu\u00e9 por intervenir en el problema surgido con el Carnaval de los peque\u00f1os Duendes y carg\u00f3 contra el Subsecretario de Cultura, \u00abWally\u00bb Garc\u00eda y su pareja Ana Mar\u00eda Rosso, quien mediante un audio, \u00e9sta \u00faltima critic\u00f3 el canaval en [&hellip;]\" \/>\n<meta property=\"og:url\" content=\"https:\/\/diariodelsurdigital.com.ar\/?p=512\" \/>\n<meta property=\"og:site_name\" content=\"Diario del Sur\" \/>\n<meta property=\"article:published_time\" content=\"2025-01-09T16:26:24+00:00\" \/>\n<meta property=\"article:modified_time\" content=\"2025-01-09T16:26:25+00:00\" \/>\n<meta property=\"og:image\" content=\"https:\/\/diariodelsurdigital.com.ar\/wp-content\/uploads\/2025\/01\/Imagen-de-WhatsApp-2025-01-09-a-las-12.42.59_5838aa48.jpg\" \/>\n\t<meta property=\"og:image:width\" content=\"324\" \/>\n\t<meta property=\"og:image:height\" content=\"328\" \/>\n\t<meta property=\"og:image:type\" content=\"image\/jpeg\" \/>\n<meta name=\"author\" content=\"Diario del Sur Digital\" \/>\n<meta name=\"twitter:card\" content=\"summary_large_image\" \/>\n<meta name=\"twitter:label1\" content=\"Escrito por\" \/>\n\t<meta name=\"twitter:data1\" content=\"Diario del Sur Digital\" \/>\n\t<meta name=\"twitter:label2\" content=\"Tiempo de lectura\" \/>\n\t<meta name=\"twitter:data2\" content=\"2 minutos\" \/>\n<script type=\"application\/ld+json\" class=\"yoast-schema-graph\">{\"@context\":\"https:\\\/\\\/schema.org\",\"@graph\":[{\"@type\":\"Article\",\"@id\":\"https:\\\/\\\/diariodelsurdigital.com.ar\\\/?p=512#article\",\"isPartOf\":{\"@id\":\"https:\\\/\\\/diariodelsurdigital.com.ar\\\/?p=512\"},\"author\":{\"name\":\"Diario del Sur Digital\",\"@id\":\"https:\\\/\\\/diariodelsurdigital.com.ar\\\/#\\\/schema\\\/person\\\/6136a32571657f7dba980b88b04c5465\"},\"headline\":\"CARNAVAL: Sonia Albornoz atendi\u00f3 al astr\u00f3logo cultural y su consorte\",\"datePublished\":\"2025-01-09T16:26:24+00:00\",\"dateModified\":\"2025-01-09T16:26:25+00:00\",\"mainEntityOfPage\":{\"@id\":\"https:\\\/\\\/diariodelsurdigital.com.ar\\\/?p=512\"},\"wordCount\":386,\"commentCount\":0,\"image\":{\"@id\":\"https:\\\/\\\/diariodelsurdigital.com.ar\\\/?p=512#primaryimage\"},\"thumbnailUrl\":\"https:\\\/\\\/diariodelsurdigital.com.ar\\\/wp-content\\\/uploads\\\/2025\\\/01\\\/Imagen-de-WhatsApp-2025-01-09-a-las-12.42.59_5838aa48.jpg\",\"articleSection\":[\"Locales\"],\"inLanguage\":\"es\",\"potentialAction\":[{\"@type\":\"CommentAction\",\"name\":\"Comment\",\"target\":[\"https:\\\/\\\/diariodelsurdigital.com.ar\\\/?p=512#respond\"]}]},{\"@type\":\"WebPage\",\"@id\":\"https:\\\/\\\/diariodelsurdigital.com.ar\\\/?p=512\",\"url\":\"https:\\\/\\\/diariodelsurdigital.com.ar\\\/?p=512\",\"name\":\"CARNAVAL: Sonia Albornoz atendi\u00f3 al astr\u00f3logo cultural y su consorte - Diario del Sur\",\"isPartOf\":{\"@id\":\"https:\\\/\\\/diariodelsurdigital.com.ar\\\/#website\"},\"primaryImageOfPage\":{\"@id\":\"https:\\\/\\\/diariodelsurdigital.com.ar\\\/?p=512#primaryimage\"},\"image\":{\"@id\":\"https:\\\/\\\/diariodelsurdigital.com.ar\\\/?p=512#primaryimage\"},\"thumbnailUrl\":\"https:\\\/\\\/diariodelsurdigital.com.ar\\\/wp-content\\\/uploads\\\/2025\\\/01\\\/Imagen-de-WhatsApp-2025-01-09-a-las-12.42.59_5838aa48.jpg\",\"datePublished\":\"2025-01-09T16:26:24+00:00\",\"dateModified\":\"2025-01-09T16:26:25+00:00\",\"author\":{\"@id\":\"https:\\\/\\\/diariodelsurdigital.com.ar\\\/#\\\/schema\\\/person\\\/6136a32571657f7dba980b88b04c5465\"},\"breadcrumb\":{\"@id\":\"https:\\\/\\\/diariodelsurdigital.com.ar\\\/?p=512#breadcrumb\"},\"inLanguage\":\"es\",\"potentialAction\":[{\"@type\":\"ReadAction\",\"target\":[\"https:\\\/\\\/diariodelsurdigital.com.ar\\\/?p=512\"]}]},{\"@type\":\"ImageObject\",\"inLanguage\":\"es\",\"@id\":\"https:\\\/\\\/diariodelsurdigital.com.ar\\\/?p=512#primaryimage\",\"url\":\"https:\\\/\\\/diariodelsurdigital.com.ar\\\/wp-content\\\/uploads\\\/2025\\\/01\\\/Imagen-de-WhatsApp-2025-01-09-a-las-12.42.59_5838aa48.jpg\",\"contentUrl\":\"https:\\\/\\\/diariodelsurdigital.com.ar\\\/wp-content\\\/uploads\\\/2025\\\/01\\\/Imagen-de-WhatsApp-2025-01-09-a-las-12.42.59_5838aa48.jpg\",\"width\":324,\"height\":328},{\"@type\":\"BreadcrumbList\",\"@id\":\"https:\\\/\\\/diariodelsurdigital.com.ar\\\/?p=512#breadcrumb\",\"itemListElement\":[{\"@type\":\"ListItem\",\"position\":1,\"name\":\"Portada\",\"item\":\"https:\\\/\\\/diariodelsurdigital.com.ar\\\/\"},{\"@type\":\"ListItem\",\"position\":2,\"name\":\"CARNAVAL: Sonia Albornoz atendi\u00f3 al astr\u00f3logo cultural y su consorte\"}]},{\"@type\":\"WebSite\",\"@id\":\"https:\\\/\\\/diariodelsurdigital.com.ar\\\/#website\",\"url\":\"https:\\\/\\\/diariodelsurdigital.com.ar\\\/\",\"name\":\"Diario del Sur\",\"description\":\"Digital\",\"potentialAction\":[{\"@type\":\"SearchAction\",\"target\":{\"@type\":\"EntryPoint\",\"urlTemplate\":\"https:\\\/\\\/diariodelsurdigital.com.ar\\\/?s={search_term_string}\"},\"query-input\":{\"@type\":\"PropertyValueSpecification\",\"valueRequired\":true,\"valueName\":\"search_term_string\"}}],\"inLanguage\":\"es\"},{\"@type\":\"Person\",\"@id\":\"https:\\\/\\\/diariodelsurdigital.com.ar\\\/#\\\/schema\\\/person\\\/6136a32571657f7dba980b88b04c5465\",\"name\":\"Diario del Sur Digital\",\"image\":{\"@type\":\"ImageObject\",\"inLanguage\":\"es\",\"@id\":\"https:\\\/\\\/secure.gravatar.com\\\/avatar\\\/4c29ceac98541dd42460b2474aaa5dd37594d6ce6cb3cf2c101d09b48ee287ba?s=96&d=mm&r=g\",\"url\":\"https:\\\/\\\/secure.gravatar.com\\\/avatar\\\/4c29ceac98541dd42460b2474aaa5dd37594d6ce6cb3cf2c101d09b48ee287ba?s=96&d=mm&r=g\",\"contentUrl\":\"https:\\\/\\\/secure.gravatar.com\\\/avatar\\\/4c29ceac98541dd42460b2474aaa5dd37594d6ce6cb3cf2c101d09b48ee287ba?s=96&d=mm&r=g\",\"caption\":\"Diario del Sur Digital\"},\"url\":\"https:\\\/\\\/diariodelsurdigital.com.ar\\\/?author=2\"}]}<\/script>\n<!-- \/ Yoast SEO plugin. -->","yoast_head_json":{"title":"CARNAVAL: Sonia Albornoz atendi\u00f3 al astr\u00f3logo cultural y su consorte - Diario del Sur","robots":{"index":"index","follow":"follow","max-snippet":"max-snippet:-1","max-image-preview":"max-image-preview:large","max-video-preview":"max-video-preview:-1"},"canonical":"https:\/\/diariodelsurdigital.com.ar\/?p=512","og_locale":"es_ES","og_type":"article","og_title":"CARNAVAL: Sonia Albornoz atendi\u00f3 al astr\u00f3logo cultural y su consorte - Diario del Sur","og_description":"Mediante una misiva p\u00fablica, la referente carnestolenda de Concordia, Sonia Albornoz, agradeci\u00f3 al Presidente Municipal Francisco Azcu\u00e9 por intervenir en el problema surgido con el Carnaval de los peque\u00f1os Duendes y carg\u00f3 contra el Subsecretario de Cultura, \u00abWally\u00bb Garc\u00eda y su pareja Ana Mar\u00eda Rosso, quien mediante un audio, \u00e9sta \u00faltima critic\u00f3 el canaval en [&hellip;]","og_url":"https:\/\/diariodelsurdigital.com.ar\/?p=512","og_site_name":"Diario del Sur","article_published_time":"2025-01-09T16:26:24+00:00","article_modified_time":"2025-01-09T16:26:25+00:00","og_image":[{"width":324,"height":328,"url":"https:\/\/diariodelsurdigital.com.ar\/wp-content\/uploads\/2025\/01\/Imagen-de-WhatsApp-2025-01-09-a-las-12.42.59_5838aa48.jpg","type":"image\/jpeg"}],"author":"Diario del Sur Digital","twitter_card":"summary_large_image","twitter_misc":{"Escrito por":"Diario del Sur Digital","Tiempo de lectura":"2 minutos"},"schema":{"@context":"https:\/\/schema.org","@graph":[{"@type":"Article","@id":"https:\/\/diariodelsurdigital.com.ar\/?p=512#article","isPartOf":{"@id":"https:\/\/diariodelsurdigital.com.ar\/?p=512"},"author":{"name":"Diario del Sur Digital","@id":"https:\/\/diariodelsurdigital.com.ar\/#\/schema\/person\/6136a32571657f7dba980b88b04c5465"},"headline":"CARNAVAL: Sonia Albornoz atendi\u00f3 al astr\u00f3logo cultural y su consorte","datePublished":"2025-01-09T16:26:24+00:00","dateModified":"2025-01-09T16:26:25+00:00","mainEntityOfPage":{"@id":"https:\/\/diariodelsurdigital.com.ar\/?p=512"},"wordCount":386,"commentCount":0,"image":{"@id":"https:\/\/diariodelsurdigital.com.ar\/?p=512#primaryimage"},"thumbnailUrl":"https:\/\/diariodelsurdigital.com.ar\/wp-content\/uploads\/2025\/01\/Imagen-de-WhatsApp-2025-01-09-a-las-12.42.59_5838aa48.jpg","articleSection":["Locales"],"inLanguage":"es","potentialAction":[{"@type":"CommentAction","name":"Comment","target":["https:\/\/diariodelsurdigital.com.ar\/?p=512#respond"]}]},{"@type":"WebPage","@id":"https:\/\/diariodelsurdigital.com.ar\/?p=512","url":"https:\/\/diariodelsurdigital.com.ar\/?p=512","name":"CARNAVAL: Sonia Albornoz atendi\u00f3 al astr\u00f3logo cultural y su consorte - Diario del Sur","isPartOf":{"@id":"https:\/\/diariodelsurdigital.com.ar\/#website"},"primaryImageOfPage":{"@id":"https:\/\/diariodelsurdigital.com.ar\/?p=512#primaryimage"},"image":{"@id":"https:\/\/diariodelsurdigital.com.ar\/?p=512#primaryimage"},"thumbnailUrl":"https:\/\/diariodelsurdigital.com.ar\/wp-content\/uploads\/2025\/01\/Imagen-de-WhatsApp-2025-01-09-a-las-12.42.59_5838aa48.jpg","datePublished":"2025-01-09T16:26:24+00:00","dateModified":"2025-01-09T16:26:25+00:00","author":{"@id":"https:\/\/diariodelsurdigital.com.ar\/#\/schema\/person\/6136a32571657f7dba980b88b04c5465"},"breadcrumb":{"@id":"https:\/\/diariodelsurdigital.com.ar\/?p=512#breadcrumb"},"inLanguage":"es","potentialAction":[{"@type":"ReadAction","target":["https:\/\/diariodelsurdigital.com.ar\/?p=512"]}]},{"@type":"ImageObject","inLanguage":"es","@id":"https:\/\/diariodelsurdigital.com.ar\/?p=512#primaryimage","url":"https:\/\/diariodelsurdigital.com.ar\/wp-content\/uploads\/2025\/01\/Imagen-de-WhatsApp-2025-01-09-a-las-12.42.59_5838aa48.jpg","contentUrl":"https:\/\/diariodelsurdigital.com.ar\/wp-content\/uploads\/2025\/01\/Imagen-de-WhatsApp-2025-01-09-a-las-12.42.59_5838aa48.jpg","width":324,"height":328},{"@type":"BreadcrumbList","@id":"https:\/\/diariodelsurdigital.com.ar\/?p=512#breadcrumb","itemListElement":[{"@type":"ListItem","position":1,"name":"Portada","item":"https:\/\/diariodelsurdigital.com.ar\/"},{"@type":"ListItem","position":2,"name":"CARNAVAL: Sonia Albornoz atendi\u00f3 al astr\u00f3logo cultural y su consorte"}]},{"@type":"WebSite","@id":"https:\/\/diariodelsurdigital.com.ar\/#website","url":"https:\/\/diariodelsurdigital.com.ar\/","name":"Diario del Sur","description":"Digital","potentialAction":[{"@type":"SearchAction","target":{"@type":"EntryPoint","urlTemplate":"https:\/\/diariodelsurdigital.com.ar\/?s={search_term_string}"},"query-input":{"@type":"PropertyValueSpecification","valueRequired":true,"valueName":"search_term_string"}}],"inLanguage":"es"},{"@type":"Person","@id":"https:\/\/diariodelsurdigital.com.ar\/#\/schema\/person\/6136a32571657f7dba980b88b04c5465","name":"Diario del Sur Digital","image":{"@type":"ImageObject","inLanguage":"es","@id":"https:\/\/secure.gravatar.com\/avatar\/4c29ceac98541dd42460b2474aaa5dd37594d6ce6cb3cf2c101d09b48ee287ba?s=96&d=mm&r=g","url":"https:\/\/secure.gravatar.com\/avatar\/4c29ceac98541dd42460b2474aaa5dd37594d6ce6cb3cf2c101d09b48ee287ba?s=96&d=mm&r=g","contentUrl":"https:\/\/secure.gravatar.com\/avatar\/4c29ceac98541dd42460b2474aaa5dd37594d6ce6cb3cf2c101d09b48ee287ba?s=96&d=mm&r=g","caption":"Diario del Sur Digital"},"url":"https:\/\/diariodelsurdigital.com.ar\/?author=2"}]}},"_links":{"self":[{"href":"https:\/\/diariodelsurdigital.com.ar\/index.php?rest_route=\/wp\/v2\/posts\/512","targetHints":{"allow":["GET"]}}],"collection":[{"href":"https:\/\/diariodelsurdigital.com.ar\/index.php?rest_route=\/wp\/v2\/posts"}],"about":[{"href":"https:\/\/diariodelsurdigital.com.ar\/index.php?rest_route=\/wp\/v2\/types\/post"}],"author":[{"embeddable":true,"href":"https:\/\/diariodelsurdigital.com.ar\/index.php?rest_route=\/wp\/v2\/users\/2"}],"replies":[{"embeddable":true,"href":"https:\/\/diariodelsurdigital.com.ar\/index.php?rest_route=%2Fwp%2Fv2%2Fcomments&post=512"}],"version-history":[{"count":1,"href":"https:\/\/diariodelsurdigital.com.ar\/index.php?rest_route=\/wp\/v2\/posts\/512\/revisions"}],"predecessor-version":[{"id":514,"href":"https:\/\/diariodelsurdigital.com.ar\/index.php?rest_route=\/wp\/v2\/posts\/512\/revisions\/514"}],"wp:featuredmedia":[{"embeddable":true,"href":"https:\/\/diariodelsurdigital.com.ar\/index.php?rest_route=\/wp\/v2\/media\/513"}],"wp:attachment":[{"href":"https:\/\/diariodelsurdigital.com.ar\/index.php?rest_route=%2Fwp%2Fv2%2Fmedia&parent=512"}],"wp:term":[{"taxonomy":"category","embeddable":true,"href":"https:\/\/diariodelsurdigital.com.ar\/index.php?rest_route=%2Fwp%2Fv2%2Fcategories&post=512"},{"taxonomy":"post_tag","embeddable":true,"href":"https:\/\/diariodelsurdigital.com.ar\/index.php?rest_route=%2Fwp%2Fv2%2Ftags&post=512"}],"curies":[{"name":"wp","href":"https:\/\/api.w.org\/{rel}","templated":true}]}}