{"id":5121,"date":"2025-10-14T10:06:37","date_gmt":"2025-10-14T13:06:37","guid":{"rendered":"https:\/\/diariodelsurdigital.com.ar\/?p=5121"},"modified":"2025-10-14T10:06:38","modified_gmt":"2025-10-14T13:06:38","slug":"el-indec-da-a-conocer-la-inflacion-de-septiembre-estiman-que-superara-el-2-por-primera-vez-en-cinco-meses","status":"publish","type":"post","link":"https:\/\/diariodelsurdigital.com.ar\/?p=5121","title":{"rendered":"El Indec da a conocer la inflaci\u00f3n de septiembre: estiman que superar\u00e1 el 2% por primera vez en cinco meses"},"content":{"rendered":"\n<p>La mayor\u00eda de las consultoras pronostic\u00f3 una tenue aceleraci\u00f3n del \u00cdndice de Precios al Consumidor (IPC), en un mes atravesado por una crisis pol\u00edtica y la volatilidad financiera.<\/p>\n\n\n\n<p>El Indec dar\u00e1 a conocer este martes el dato oficial de la inflaci\u00f3n de septiembre. Como consecuencia del recalentamiento en las expectativas de devaluaci\u00f3n, el mercado estima que la cifra superar\u00e1 el 2% por primera vez desde abril.<\/p>\n\n\n\n<p>En su Relevamiento de Expectativas de Mercado (REM) realizado a fines de septiembre, el Banco Central (BCRA) mostr\u00f3 que los 42 participantes pronosticaron que el \u00cdndice de Precios al Consumidor (IPC) avanz\u00f3 2,1% en dicho mes. En el REM previo, la inflaci\u00f3n prevista para este per\u00edodo era de 1,8%.<\/p>\n\n\n\n<p>Vale recordar que el noveno mes del a\u00f1o fue atravesado por el rev\u00e9s electoral que sufri\u00f3 el oficialismo en las elecciones legislativas de la provincia de Buenos Aires y una creciente desconfianza en el esquema cambiario, lo cual llev\u00f3 al tipo de cambio a testear el techo de la banda. En ese marco, la consultora EcoGo, por ejemplo, proyect\u00f3 una inflaci\u00f3n del 2,3%.<\/p>\n\n\n\n<p>Desde la entidad remarcaron los mayores aumentos de precios en alimentos, fundamentalmente durante la primera parte del mes, aunque tambi\u00e9n subrayaron los aumentos en combustibles, cigarrillos, y servicios de comunicaciones.<\/p>\n\n\n\n<p>PxQ destac\u00f3 casi las mismas subas, aunque tambi\u00e9n subray\u00f3 un incremento en la divisi\u00f3n de restaurantes y hoteles. En promedio, avizor\u00f3 que la inflaci\u00f3n mensual ser\u00e1 del 2,1%.<\/p>\n\n\n\n<p>Analytica tambi\u00e9n midi\u00f3 2,1%, mientras que Orlando Ferreres &amp; Asociados (OJF) fue un poco m\u00e1s optimista al pronosticar \u00ab2% o un poco menos\u00bb. Desde C&amp;T tambi\u00e9n calcularon una variaci\u00f3n en torno al 2%, public\u00f3 \u00c1mbito.<\/p>\n\n\n\n<p>La inflaci\u00f3n de septiembre en CABA y las proyecciones<br>La semana pasada, el instituto de estad\u00edsticas de la Ciudad de Buenos Aires inform\u00f3 que en dicho distrito la inflaci\u00f3n se aceler\u00f3 desde el 1,6% al 2,2%. Particularmente resaltaron subas por factores estacionales, como las registradas en pasajes a\u00e9reos y verduras.<\/p>\n\n\n\n<p>Tambi\u00e9n se destacaron ajustes en otros componentes de la divisi\u00f3n de Transporte, como los combustibles, y en el rubro de Recreaci\u00f3n y Cultura. Los alimentos subieron 2,2%; adem\u00e1s de la mencionada variaci\u00f3n en frutas y verduras, fue importante el aumento en pan y cereales.<\/p>\n\n\n\n<p>Los participantes del REM reci\u00e9n esperan que los precios arrojen un aumento mensual inferior al 2% en enero de 2026. Para el acumulado de 2025 la inflaci\u00f3n esperada es de 29,8% (+1,6 puntos porcentuales respecto del relevamiento de agosto), mientras que para los pr\u00f3ximos 12 meses se calcula una variaci\u00f3n del 21,9% (+0,9 puntos).<\/p>\n\n\n\n<p>Cabe recordar que en mayo la inflaci\u00f3n mensual toc\u00f3 un piso de 1,5%. Si bien no logr\u00f3 bajar de ese umbral, hasta agosto pudo sostenerse por debajo del 2% (en agosto fue del 1,9%). Para garantizar esto, el Gobierno contribuy\u00f3 con su intervenci\u00f3n sobre el precio del d\u00f3lar y la intenci\u00f3n de no convalidar aumentos considerables de los salarios reales.<\/p>\n","protected":false},"excerpt":{"rendered":"<p>La mayor\u00eda de las consultoras pronostic\u00f3 una tenue aceleraci\u00f3n del \u00cdndice de Precios al Consumidor (IPC), en un mes atravesado por una crisis pol\u00edtica y la volatilidad financiera. El Indec dar\u00e1 a conocer este martes el dato oficial de la inflaci\u00f3n de septiembre. Como consecuencia del recalentamiento en las expectativas de devaluaci\u00f3n, el mercado estima [&hellip;]<\/p>\n","protected":false},"author":4,"featured_media":5122,"comment_status":"open","ping_status":"open","sticky":false,"template":"","format":"standard","meta":{"footnotes":""},"categories":[19,18],"tags":[],"class_list":{"0":"post-5121","1":"post","2":"type-post","3":"status-publish","4":"format-standard","5":"has-post-thumbnail","7":"category-interes-general","8":"category-nacionales"},"yoast_head":"<!-- This site is optimized with the Yoast SEO plugin v27.4 - https:\/\/yoast.com\/product\/yoast-seo-wordpress\/ -->\n<title>El Indec da a conocer la inflaci\u00f3n de septiembre: estiman que superar\u00e1 el 2% por primera vez en cinco meses - Diario del Sur<\/title>\n<meta name=\"robots\" content=\"index, follow, max-snippet:-1, max-image-preview:large, max-video-preview:-1\" \/>\n<link rel=\"canonical\" href=\"https:\/\/diariodelsurdigital.com.ar\/?p=5121\" \/>\n<meta property=\"og:locale\" content=\"es_ES\" \/>\n<meta property=\"og:type\" content=\"article\" \/>\n<meta property=\"og:title\" content=\"El Indec da a conocer la inflaci\u00f3n de septiembre: estiman que superar\u00e1 el 2% por primera vez en cinco meses - Diario del Sur\" \/>\n<meta property=\"og:description\" content=\"La mayor\u00eda de las consultoras pronostic\u00f3 una tenue aceleraci\u00f3n del \u00cdndice de Precios al Consumidor (IPC), en un mes atravesado por una crisis pol\u00edtica y la volatilidad financiera. El Indec dar\u00e1 a conocer este martes el dato oficial de la inflaci\u00f3n de septiembre. Como consecuencia del recalentamiento en las expectativas de devaluaci\u00f3n, el mercado estima [&hellip;]\" \/>\n<meta property=\"og:url\" content=\"https:\/\/diariodelsurdigital.com.ar\/?p=5121\" \/>\n<meta property=\"og:site_name\" content=\"Diario del Sur\" \/>\n<meta property=\"article:published_time\" content=\"2025-10-14T13:06:37+00:00\" \/>\n<meta property=\"article:modified_time\" content=\"2025-10-14T13:06:38+00:00\" \/>\n<meta property=\"og:image\" content=\"https:\/\/diariodelsurdigital.com.ar\/wp-content\/uploads\/2025\/10\/md-29-2.webp\" \/>\n\t<meta property=\"og:image:width\" content=\"992\" \/>\n\t<meta property=\"og:image:height\" content=\"557\" \/>\n\t<meta property=\"og:image:type\" content=\"image\/webp\" \/>\n<meta name=\"author\" content=\"Diario del Sur Digital\" \/>\n<meta name=\"twitter:card\" content=\"summary_large_image\" \/>\n<meta name=\"twitter:label1\" content=\"Escrito por\" \/>\n\t<meta name=\"twitter:data1\" content=\"Diario del Sur Digital\" \/>\n\t<meta name=\"twitter:label2\" content=\"Tiempo de lectura\" \/>\n\t<meta name=\"twitter:data2\" content=\"3 minutos\" \/>\n<script type=\"application\/ld+json\" class=\"yoast-schema-graph\">{\"@context\":\"https:\\\/\\\/schema.org\",\"@graph\":[{\"@type\":\"Article\",\"@id\":\"https:\\\/\\\/diariodelsurdigital.com.ar\\\/?p=5121#article\",\"isPartOf\":{\"@id\":\"https:\\\/\\\/diariodelsurdigital.com.ar\\\/?p=5121\"},\"author\":{\"name\":\"Diario del Sur Digital\",\"@id\":\"https:\\\/\\\/diariodelsurdigital.com.ar\\\/#\\\/schema\\\/person\\\/1a4992532ed62965c968031b49195c81\"},\"headline\":\"El Indec da a conocer la inflaci\u00f3n de septiembre: estiman que superar\u00e1 el 2% por primera vez en cinco meses\",\"datePublished\":\"2025-10-14T13:06:37+00:00\",\"dateModified\":\"2025-10-14T13:06:38+00:00\",\"mainEntityOfPage\":{\"@id\":\"https:\\\/\\\/diariodelsurdigital.com.ar\\\/?p=5121\"},\"wordCount\":512,\"commentCount\":0,\"image\":{\"@id\":\"https:\\\/\\\/diariodelsurdigital.com.ar\\\/?p=5121#primaryimage\"},\"thumbnailUrl\":\"https:\\\/\\\/diariodelsurdigital.com.ar\\\/wp-content\\\/uploads\\\/2025\\\/10\\\/md-29-2.webp\",\"articleSection\":[\"Inter\u00e9s General\",\"Nacionales\"],\"inLanguage\":\"es\",\"potentialAction\":[{\"@type\":\"CommentAction\",\"name\":\"Comment\",\"target\":[\"https:\\\/\\\/diariodelsurdigital.com.ar\\\/?p=5121#respond\"]}]},{\"@type\":\"WebPage\",\"@id\":\"https:\\\/\\\/diariodelsurdigital.com.ar\\\/?p=5121\",\"url\":\"https:\\\/\\\/diariodelsurdigital.com.ar\\\/?p=5121\",\"name\":\"El Indec da a conocer la inflaci\u00f3n de septiembre: estiman que superar\u00e1 el 2% por primera vez en cinco meses - Diario del Sur\",\"isPartOf\":{\"@id\":\"https:\\\/\\\/diariodelsurdigital.com.ar\\\/#website\"},\"primaryImageOfPage\":{\"@id\":\"https:\\\/\\\/diariodelsurdigital.com.ar\\\/?p=5121#primaryimage\"},\"image\":{\"@id\":\"https:\\\/\\\/diariodelsurdigital.com.ar\\\/?p=5121#primaryimage\"},\"thumbnailUrl\":\"https:\\\/\\\/diariodelsurdigital.com.ar\\\/wp-content\\\/uploads\\\/2025\\\/10\\\/md-29-2.webp\",\"datePublished\":\"2025-10-14T13:06:37+00:00\",\"dateModified\":\"2025-10-14T13:06:38+00:00\",\"author\":{\"@id\":\"https:\\\/\\\/diariodelsurdigital.com.ar\\\/#\\\/schema\\\/person\\\/1a4992532ed62965c968031b49195c81\"},\"breadcrumb\":{\"@id\":\"https:\\\/\\\/diariodelsurdigital.com.ar\\\/?p=5121#breadcrumb\"},\"inLanguage\":\"es\",\"potentialAction\":[{\"@type\":\"ReadAction\",\"target\":[\"https:\\\/\\\/diariodelsurdigital.com.ar\\\/?p=5121\"]}]},{\"@type\":\"ImageObject\",\"inLanguage\":\"es\",\"@id\":\"https:\\\/\\\/diariodelsurdigital.com.ar\\\/?p=5121#primaryimage\",\"url\":\"https:\\\/\\\/diariodelsurdigital.com.ar\\\/wp-content\\\/uploads\\\/2025\\\/10\\\/md-29-2.webp\",\"contentUrl\":\"https:\\\/\\\/diariodelsurdigital.com.ar\\\/wp-content\\\/uploads\\\/2025\\\/10\\\/md-29-2.webp\",\"width\":992,\"height\":557},{\"@type\":\"BreadcrumbList\",\"@id\":\"https:\\\/\\\/diariodelsurdigital.com.ar\\\/?p=5121#breadcrumb\",\"itemListElement\":[{\"@type\":\"ListItem\",\"position\":1,\"name\":\"Portada\",\"item\":\"https:\\\/\\\/diariodelsurdigital.com.ar\\\/\"},{\"@type\":\"ListItem\",\"position\":2,\"name\":\"El Indec da a conocer la inflaci\u00f3n de septiembre: estiman que superar\u00e1 el 2% por primera vez en cinco meses\"}]},{\"@type\":\"WebSite\",\"@id\":\"https:\\\/\\\/diariodelsurdigital.com.ar\\\/#website\",\"url\":\"https:\\\/\\\/diariodelsurdigital.com.ar\\\/\",\"name\":\"Diario del Sur\",\"description\":\"Digital\",\"potentialAction\":[{\"@type\":\"SearchAction\",\"target\":{\"@type\":\"EntryPoint\",\"urlTemplate\":\"https:\\\/\\\/diariodelsurdigital.com.ar\\\/?s={search_term_string}\"},\"query-input\":{\"@type\":\"PropertyValueSpecification\",\"valueRequired\":true,\"valueName\":\"search_term_string\"}}],\"inLanguage\":\"es\"},{\"@type\":\"Person\",\"@id\":\"https:\\\/\\\/diariodelsurdigital.com.ar\\\/#\\\/schema\\\/person\\\/1a4992532ed62965c968031b49195c81\",\"name\":\"Diario del Sur Digital\",\"image\":{\"@type\":\"ImageObject\",\"inLanguage\":\"es\",\"@id\":\"https:\\\/\\\/secure.gravatar.com\\\/avatar\\\/f0c7c47fc7146d19828273b9b8eda651c9c7ab583767e6338d3d3bee825adf76?s=96&d=mm&r=g\",\"url\":\"https:\\\/\\\/secure.gravatar.com\\\/avatar\\\/f0c7c47fc7146d19828273b9b8eda651c9c7ab583767e6338d3d3bee825adf76?s=96&d=mm&r=g\",\"contentUrl\":\"https:\\\/\\\/secure.gravatar.com\\\/avatar\\\/f0c7c47fc7146d19828273b9b8eda651c9c7ab583767e6338d3d3bee825adf76?s=96&d=mm&r=g\",\"caption\":\"Diario del Sur Digital\"},\"url\":\"https:\\\/\\\/diariodelsurdigital.com.ar\\\/?author=4\"}]}<\/script>\n<!-- \/ Yoast SEO plugin. -->","yoast_head_json":{"title":"El Indec da a conocer la inflaci\u00f3n de septiembre: estiman que superar\u00e1 el 2% por primera vez en cinco meses - Diario del Sur","robots":{"index":"index","follow":"follow","max-snippet":"max-snippet:-1","max-image-preview":"max-image-preview:large","max-video-preview":"max-video-preview:-1"},"canonical":"https:\/\/diariodelsurdigital.com.ar\/?p=5121","og_locale":"es_ES","og_type":"article","og_title":"El Indec da a conocer la inflaci\u00f3n de septiembre: estiman que superar\u00e1 el 2% por primera vez en cinco meses - Diario del Sur","og_description":"La mayor\u00eda de las consultoras pronostic\u00f3 una tenue aceleraci\u00f3n del \u00cdndice de Precios al Consumidor (IPC), en un mes atravesado por una crisis pol\u00edtica y la volatilidad financiera. El Indec dar\u00e1 a conocer este martes el dato oficial de la inflaci\u00f3n de septiembre. Como consecuencia del recalentamiento en las expectativas de devaluaci\u00f3n, el mercado estima [&hellip;]","og_url":"https:\/\/diariodelsurdigital.com.ar\/?p=5121","og_site_name":"Diario del Sur","article_published_time":"2025-10-14T13:06:37+00:00","article_modified_time":"2025-10-14T13:06:38+00:00","og_image":[{"width":992,"height":557,"url":"https:\/\/diariodelsurdigital.com.ar\/wp-content\/uploads\/2025\/10\/md-29-2.webp","type":"image\/webp"}],"author":"Diario del Sur Digital","twitter_card":"summary_large_image","twitter_misc":{"Escrito por":"Diario del Sur Digital","Tiempo de lectura":"3 minutos"},"schema":{"@context":"https:\/\/schema.org","@graph":[{"@type":"Article","@id":"https:\/\/diariodelsurdigital.com.ar\/?p=5121#article","isPartOf":{"@id":"https:\/\/diariodelsurdigital.com.ar\/?p=5121"},"author":{"name":"Diario del Sur Digital","@id":"https:\/\/diariodelsurdigital.com.ar\/#\/schema\/person\/1a4992532ed62965c968031b49195c81"},"headline":"El Indec da a conocer la inflaci\u00f3n de septiembre: estiman que superar\u00e1 el 2% por primera vez en cinco meses","datePublished":"2025-10-14T13:06:37+00:00","dateModified":"2025-10-14T13:06:38+00:00","mainEntityOfPage":{"@id":"https:\/\/diariodelsurdigital.com.ar\/?p=5121"},"wordCount":512,"commentCount":0,"image":{"@id":"https:\/\/diariodelsurdigital.com.ar\/?p=5121#primaryimage"},"thumbnailUrl":"https:\/\/diariodelsurdigital.com.ar\/wp-content\/uploads\/2025\/10\/md-29-2.webp","articleSection":["Inter\u00e9s General","Nacionales"],"inLanguage":"es","potentialAction":[{"@type":"CommentAction","name":"Comment","target":["https:\/\/diariodelsurdigital.com.ar\/?p=5121#respond"]}]},{"@type":"WebPage","@id":"https:\/\/diariodelsurdigital.com.ar\/?p=5121","url":"https:\/\/diariodelsurdigital.com.ar\/?p=5121","name":"El Indec da a conocer la inflaci\u00f3n de septiembre: estiman que superar\u00e1 el 2% por primera vez en cinco meses - Diario del Sur","isPartOf":{"@id":"https:\/\/diariodelsurdigital.com.ar\/#website"},"primaryImageOfPage":{"@id":"https:\/\/diariodelsurdigital.com.ar\/?p=5121#primaryimage"},"image":{"@id":"https:\/\/diariodelsurdigital.com.ar\/?p=5121#primaryimage"},"thumbnailUrl":"https:\/\/diariodelsurdigital.com.ar\/wp-content\/uploads\/2025\/10\/md-29-2.webp","datePublished":"2025-10-14T13:06:37+00:00","dateModified":"2025-10-14T13:06:38+00:00","author":{"@id":"https:\/\/diariodelsurdigital.com.ar\/#\/schema\/person\/1a4992532ed62965c968031b49195c81"},"breadcrumb":{"@id":"https:\/\/diariodelsurdigital.com.ar\/?p=5121#breadcrumb"},"inLanguage":"es","potentialAction":[{"@type":"ReadAction","target":["https:\/\/diariodelsurdigital.com.ar\/?p=5121"]}]},{"@type":"ImageObject","inLanguage":"es","@id":"https:\/\/diariodelsurdigital.com.ar\/?p=5121#primaryimage","url":"https:\/\/diariodelsurdigital.com.ar\/wp-content\/uploads\/2025\/10\/md-29-2.webp","contentUrl":"https:\/\/diariodelsurdigital.com.ar\/wp-content\/uploads\/2025\/10\/md-29-2.webp","width":992,"height":557},{"@type":"BreadcrumbList","@id":"https:\/\/diariodelsurdigital.com.ar\/?p=5121#breadcrumb","itemListElement":[{"@type":"ListItem","position":1,"name":"Portada","item":"https:\/\/diariodelsurdigital.com.ar\/"},{"@type":"ListItem","position":2,"name":"El Indec da a conocer la inflaci\u00f3n de septiembre: estiman que superar\u00e1 el 2% por primera vez en cinco meses"}]},{"@type":"WebSite","@id":"https:\/\/diariodelsurdigital.com.ar\/#website","url":"https:\/\/diariodelsurdigital.com.ar\/","name":"Diario del Sur","description":"Digital","potentialAction":[{"@type":"SearchAction","target":{"@type":"EntryPoint","urlTemplate":"https:\/\/diariodelsurdigital.com.ar\/?s={search_term_string}"},"query-input":{"@type":"PropertyValueSpecification","valueRequired":true,"valueName":"search_term_string"}}],"inLanguage":"es"},{"@type":"Person","@id":"https:\/\/diariodelsurdigital.com.ar\/#\/schema\/person\/1a4992532ed62965c968031b49195c81","name":"Diario del Sur Digital","image":{"@type":"ImageObject","inLanguage":"es","@id":"https:\/\/secure.gravatar.com\/avatar\/f0c7c47fc7146d19828273b9b8eda651c9c7ab583767e6338d3d3bee825adf76?s=96&d=mm&r=g","url":"https:\/\/secure.gravatar.com\/avatar\/f0c7c47fc7146d19828273b9b8eda651c9c7ab583767e6338d3d3bee825adf76?s=96&d=mm&r=g","contentUrl":"https:\/\/secure.gravatar.com\/avatar\/f0c7c47fc7146d19828273b9b8eda651c9c7ab583767e6338d3d3bee825adf76?s=96&d=mm&r=g","caption":"Diario del Sur Digital"},"url":"https:\/\/diariodelsurdigital.com.ar\/?author=4"}]}},"_links":{"self":[{"href":"https:\/\/diariodelsurdigital.com.ar\/index.php?rest_route=\/wp\/v2\/posts\/5121","targetHints":{"allow":["GET"]}}],"collection":[{"href":"https:\/\/diariodelsurdigital.com.ar\/index.php?rest_route=\/wp\/v2\/posts"}],"about":[{"href":"https:\/\/diariodelsurdigital.com.ar\/index.php?rest_route=\/wp\/v2\/types\/post"}],"author":[{"embeddable":true,"href":"https:\/\/diariodelsurdigital.com.ar\/index.php?rest_route=\/wp\/v2\/users\/4"}],"replies":[{"embeddable":true,"href":"https:\/\/diariodelsurdigital.com.ar\/index.php?rest_route=%2Fwp%2Fv2%2Fcomments&post=5121"}],"version-history":[{"count":1,"href":"https:\/\/diariodelsurdigital.com.ar\/index.php?rest_route=\/wp\/v2\/posts\/5121\/revisions"}],"predecessor-version":[{"id":5123,"href":"https:\/\/diariodelsurdigital.com.ar\/index.php?rest_route=\/wp\/v2\/posts\/5121\/revisions\/5123"}],"wp:featuredmedia":[{"embeddable":true,"href":"https:\/\/diariodelsurdigital.com.ar\/index.php?rest_route=\/wp\/v2\/media\/5122"}],"wp:attachment":[{"href":"https:\/\/diariodelsurdigital.com.ar\/index.php?rest_route=%2Fwp%2Fv2%2Fmedia&parent=5121"}],"wp:term":[{"taxonomy":"category","embeddable":true,"href":"https:\/\/diariodelsurdigital.com.ar\/index.php?rest_route=%2Fwp%2Fv2%2Fcategories&post=5121"},{"taxonomy":"post_tag","embeddable":true,"href":"https:\/\/diariodelsurdigital.com.ar\/index.php?rest_route=%2Fwp%2Fv2%2Ftags&post=5121"}],"curies":[{"name":"wp","href":"https:\/\/api.w.org\/{rel}","templated":true}]}}