{"id":5128,"date":"2025-10-14T21:44:49","date_gmt":"2025-10-15T00:44:49","guid":{"rendered":"https:\/\/diariodelsurdigital.com.ar\/?p=5128"},"modified":"2025-10-14T21:44:50","modified_gmt":"2025-10-15T00:44:50","slug":"denuncian-penalmente-a-guillermo-michel-por-presunto-aporte-ilicito-a-la-campana-y-piden-intervenir-el-pj-entrerriano","status":"publish","type":"post","link":"https:\/\/diariodelsurdigital.com.ar\/?p=5128","title":{"rendered":"Denuncian penalmente a Guillermo Michel por presunto aporte il\u00edcito a la campa\u00f1a y piden intervenir el PJ entrerriano"},"content":{"rendered":"\n<p>Los congresales del Partido Justicialista de Entre R\u00edos, Domingo Daniel Rossi y Carlos Guillermo Reggiardo presentaron ante la Justicia Federal con competencia electoral una denuncia penal\u2013electoral y solicitaron la intervenci\u00f3n judicial urgente del PJ\u2013ER. En su escrito afirman que se habr\u00edan canalizado aportes il\u00edcitos vinculados al funcionario nacional Guillermo Michel, con impacto tanto en la campa\u00f1a presidencial de 2023 como en la vida interna del partido.<\/p>\n\n\n\n<p><strong><em>El eje de la acusaci\u00f3n<\/em><\/strong><\/p>\n\n\n\n<p>Seg\u00fan los denunciantes, en 2023 se impidi\u00f3 competir a listas internas por \u201cfalta de fondos\u201d, mientras circulaban recursos para campa\u00f1as externas y actos de apoyo a figuras nacionales. Por ello piden que se investigue si existi\u00f3 financiamiento cruzado que habr\u00eda vulnerado la transparencia y la igualdad de competencia.<\/p>\n\n\n\n<p><strong><em>Las piezas que aportan como prueba<\/em><\/strong><\/p>\n\n\n\n<p>Declaraciones televisivas de la diputada nacional Marcela Pagano, a quien ofrecer\u00e1n como testigo, donde \u2014seg\u00fan indican\u2014 atribuy\u00f3 a Michel el rol de financista de la campa\u00f1a presidencial en Entre R\u00edos y de estructuras locales.<\/p>\n\n\n\n<p>Admisi\u00f3n p\u00fablica de Jos\u00e9 C\u00e1ceres (acto del PJ\u2013ER): \u201cMichel hac\u00eda los giros para pagar los sueldos del partido\u201d. Aportan el video y testigos del acto.<\/p>\n\n\n\n<p>Testimonios de apoderados y candidatos de cuatro listas dadas de baja por razones \u201cfinancieras\u201d.<\/p>\n\n\n\n<p><strong><em>Calificaci\u00f3n y marco legal propuesto<\/em><\/strong><\/p>\n\n\n\n<p>De modo preliminar, encuadran los hechos en presuntas violaciones a la Ley 26.215 (financiamiento de partidos), falsedad ideol\u00f3gica y encubrimiento agravado, adem\u00e1s de afectaci\u00f3n a la Ley 26.571 (internas abiertas). Sostienen que se lesion\u00f3 la democracia interna y la transparencia contable.<\/p>\n\n\n\n<p><strong><em>Medidas urgentes solicitadas<\/em><\/strong><\/p>\n\n\n\n<p>Piden la actuaci\u00f3n inmediata del fuero electoral federal y, entre otras medidas:<\/p>\n\n\n\n<p>Requerimientos a DINE y CNE por informes de campa\u00f1a 2023 del PJ\u2013ER y de LLA\u2013ER, con documentaci\u00f3n bancaria respaldatoria.<\/p>\n\n\n\n<p>Oficios a bancos (BNA, BERSA, Galicia, Macro, etc.) por movimientos de cuentas partidarias.<\/p>\n\n\n\n<p>Preservaci\u00f3n de registros de pauta digital (Google\/YouTube, Meta y X) geolocalizada en Entre R\u00edos durante 2023, con detalle de titulares y medios de pago.<\/p>\n\n\n\n<p>Inhibici\u00f3n cautelar de fondos y resguardo de documentaci\u00f3n, m\u00e1s veedor judicial y auditor\u00eda forense independiente del PJ\u2013ER.<\/p>\n\n\n\n<p><strong><em>El \u201cEspert entrerriano\u201d, en terreno<\/em><\/strong><\/p>\n\n\n\n<p>En t\u00e9rminos pol\u00edticos, los presentantes describen el fen\u00f3meno como la irrupci\u00f3n de un \u201cEspert entrerriano\u201d \u2014una figura financieramente potente que, de confirmarse lo denunciado, habr\u00eda operado por fuera del ecosistema peronista tradicional y en favor de otra boleta\u2014; por eso insisten en la trazabilidad del dinero y la pericia sobre pauta digital como llave probatoria.<\/p>\n\n\n\n<p><strong><em>Qu\u00e9 sigue<\/em><\/strong><\/p>\n\n\n\n<p>Rossi y Reggiardo solicitaron acuse de recibo, n\u00famero de expediente y citaci\u00f3n para ratificar y ampliar la denuncia, comprometi\u00e9ndose a acompa\u00f1ar originales y metadatos de la evidencia digital, y a formalizar la oferta de testigos.<\/p>\n\n\n\n<p>Fuente: La Caldera<\/p>\n","protected":false},"excerpt":{"rendered":"<p>Los congresales del Partido Justicialista de Entre R\u00edos, Domingo Daniel Rossi y Carlos Guillermo Reggiardo presentaron ante la Justicia Federal con competencia electoral una denuncia penal\u2013electoral y solicitaron la intervenci\u00f3n judicial urgente del PJ\u2013ER. En su escrito afirman que se habr\u00edan canalizado aportes il\u00edcitos vinculados al funcionario nacional Guillermo Michel, con impacto tanto en la [&hellip;]<\/p>\n","protected":false},"author":2,"featured_media":5129,"comment_status":"open","ping_status":"open","sticky":false,"template":"","format":"standard","meta":{"footnotes":""},"categories":[22,17],"tags":[],"class_list":{"0":"post-5128","1":"post","2":"type-post","3":"status-publish","4":"format-standard","5":"has-post-thumbnail","7":"category-politica","8":"category-provinciales"},"yoast_head":"<!-- This site is optimized with the Yoast SEO plugin v27.4 - https:\/\/yoast.com\/product\/yoast-seo-wordpress\/ -->\n<title>Denuncian penalmente a Guillermo Michel por presunto aporte il\u00edcito a la campa\u00f1a y piden intervenir el PJ entrerriano - Diario del Sur<\/title>\n<meta name=\"robots\" content=\"index, follow, max-snippet:-1, max-image-preview:large, max-video-preview:-1\" \/>\n<link rel=\"canonical\" href=\"https:\/\/diariodelsurdigital.com.ar\/?p=5128\" \/>\n<meta property=\"og:locale\" content=\"es_ES\" \/>\n<meta property=\"og:type\" content=\"article\" \/>\n<meta property=\"og:title\" content=\"Denuncian penalmente a Guillermo Michel por presunto aporte il\u00edcito a la campa\u00f1a y piden intervenir el PJ entrerriano - Diario del Sur\" \/>\n<meta property=\"og:description\" content=\"Los congresales del Partido Justicialista de Entre R\u00edos, Domingo Daniel Rossi y Carlos Guillermo Reggiardo presentaron ante la Justicia Federal con competencia electoral una denuncia penal\u2013electoral y solicitaron la intervenci\u00f3n judicial urgente del PJ\u2013ER. En su escrito afirman que se habr\u00edan canalizado aportes il\u00edcitos vinculados al funcionario nacional Guillermo Michel, con impacto tanto en la [&hellip;]\" \/>\n<meta property=\"og:url\" content=\"https:\/\/diariodelsurdigital.com.ar\/?p=5128\" \/>\n<meta property=\"og:site_name\" content=\"Diario del Sur\" \/>\n<meta property=\"article:published_time\" content=\"2025-10-15T00:44:49+00:00\" \/>\n<meta property=\"article:modified_time\" content=\"2025-10-15T00:44:50+00:00\" \/>\n<meta property=\"og:image\" content=\"https:\/\/diariodelsurdigital.com.ar\/wp-content\/uploads\/2025\/10\/images-17.jpeg\" \/>\n\t<meta property=\"og:image:width\" content=\"478\" \/>\n\t<meta property=\"og:image:height\" content=\"342\" \/>\n\t<meta property=\"og:image:type\" content=\"image\/jpeg\" \/>\n<meta name=\"author\" content=\"Diario del Sur Digital\" \/>\n<meta name=\"twitter:card\" content=\"summary_large_image\" \/>\n<meta name=\"twitter:label1\" content=\"Escrito por\" \/>\n\t<meta name=\"twitter:data1\" content=\"Diario del Sur Digital\" \/>\n\t<meta name=\"twitter:label2\" content=\"Tiempo de lectura\" \/>\n\t<meta name=\"twitter:data2\" content=\"3 minutos\" \/>\n<script type=\"application\/ld+json\" class=\"yoast-schema-graph\">{\"@context\":\"https:\\\/\\\/schema.org\",\"@graph\":[{\"@type\":\"Article\",\"@id\":\"https:\\\/\\\/diariodelsurdigital.com.ar\\\/?p=5128#article\",\"isPartOf\":{\"@id\":\"https:\\\/\\\/diariodelsurdigital.com.ar\\\/?p=5128\"},\"author\":{\"name\":\"Diario del Sur Digital\",\"@id\":\"https:\\\/\\\/diariodelsurdigital.com.ar\\\/#\\\/schema\\\/person\\\/6136a32571657f7dba980b88b04c5465\"},\"headline\":\"Denuncian penalmente a Guillermo Michel por presunto aporte il\u00edcito a la campa\u00f1a y piden intervenir el PJ entrerriano\",\"datePublished\":\"2025-10-15T00:44:49+00:00\",\"dateModified\":\"2025-10-15T00:44:50+00:00\",\"mainEntityOfPage\":{\"@id\":\"https:\\\/\\\/diariodelsurdigital.com.ar\\\/?p=5128\"},\"wordCount\":492,\"commentCount\":0,\"image\":{\"@id\":\"https:\\\/\\\/diariodelsurdigital.com.ar\\\/?p=5128#primaryimage\"},\"thumbnailUrl\":\"https:\\\/\\\/diariodelsurdigital.com.ar\\\/wp-content\\\/uploads\\\/2025\\\/10\\\/images-17.jpeg\",\"articleSection\":[\"Pol\u00edtica\",\"Provinciales\"],\"inLanguage\":\"es\",\"potentialAction\":[{\"@type\":\"CommentAction\",\"name\":\"Comment\",\"target\":[\"https:\\\/\\\/diariodelsurdigital.com.ar\\\/?p=5128#respond\"]}]},{\"@type\":\"WebPage\",\"@id\":\"https:\\\/\\\/diariodelsurdigital.com.ar\\\/?p=5128\",\"url\":\"https:\\\/\\\/diariodelsurdigital.com.ar\\\/?p=5128\",\"name\":\"Denuncian penalmente a Guillermo Michel por presunto aporte il\u00edcito a la campa\u00f1a y piden intervenir el PJ entrerriano - Diario del Sur\",\"isPartOf\":{\"@id\":\"https:\\\/\\\/diariodelsurdigital.com.ar\\\/#website\"},\"primaryImageOfPage\":{\"@id\":\"https:\\\/\\\/diariodelsurdigital.com.ar\\\/?p=5128#primaryimage\"},\"image\":{\"@id\":\"https:\\\/\\\/diariodelsurdigital.com.ar\\\/?p=5128#primaryimage\"},\"thumbnailUrl\":\"https:\\\/\\\/diariodelsurdigital.com.ar\\\/wp-content\\\/uploads\\\/2025\\\/10\\\/images-17.jpeg\",\"datePublished\":\"2025-10-15T00:44:49+00:00\",\"dateModified\":\"2025-10-15T00:44:50+00:00\",\"author\":{\"@id\":\"https:\\\/\\\/diariodelsurdigital.com.ar\\\/#\\\/schema\\\/person\\\/6136a32571657f7dba980b88b04c5465\"},\"breadcrumb\":{\"@id\":\"https:\\\/\\\/diariodelsurdigital.com.ar\\\/?p=5128#breadcrumb\"},\"inLanguage\":\"es\",\"potentialAction\":[{\"@type\":\"ReadAction\",\"target\":[\"https:\\\/\\\/diariodelsurdigital.com.ar\\\/?p=5128\"]}]},{\"@type\":\"ImageObject\",\"inLanguage\":\"es\",\"@id\":\"https:\\\/\\\/diariodelsurdigital.com.ar\\\/?p=5128#primaryimage\",\"url\":\"https:\\\/\\\/diariodelsurdigital.com.ar\\\/wp-content\\\/uploads\\\/2025\\\/10\\\/images-17.jpeg\",\"contentUrl\":\"https:\\\/\\\/diariodelsurdigital.com.ar\\\/wp-content\\\/uploads\\\/2025\\\/10\\\/images-17.jpeg\",\"width\":478,\"height\":342},{\"@type\":\"BreadcrumbList\",\"@id\":\"https:\\\/\\\/diariodelsurdigital.com.ar\\\/?p=5128#breadcrumb\",\"itemListElement\":[{\"@type\":\"ListItem\",\"position\":1,\"name\":\"Portada\",\"item\":\"https:\\\/\\\/diariodelsurdigital.com.ar\\\/\"},{\"@type\":\"ListItem\",\"position\":2,\"name\":\"Denuncian penalmente a Guillermo Michel por presunto aporte il\u00edcito a la campa\u00f1a y piden intervenir el PJ entrerriano\"}]},{\"@type\":\"WebSite\",\"@id\":\"https:\\\/\\\/diariodelsurdigital.com.ar\\\/#website\",\"url\":\"https:\\\/\\\/diariodelsurdigital.com.ar\\\/\",\"name\":\"Diario del Sur\",\"description\":\"Digital\",\"potentialAction\":[{\"@type\":\"SearchAction\",\"target\":{\"@type\":\"EntryPoint\",\"urlTemplate\":\"https:\\\/\\\/diariodelsurdigital.com.ar\\\/?s={search_term_string}\"},\"query-input\":{\"@type\":\"PropertyValueSpecification\",\"valueRequired\":true,\"valueName\":\"search_term_string\"}}],\"inLanguage\":\"es\"},{\"@type\":\"Person\",\"@id\":\"https:\\\/\\\/diariodelsurdigital.com.ar\\\/#\\\/schema\\\/person\\\/6136a32571657f7dba980b88b04c5465\",\"name\":\"Diario del Sur Digital\",\"image\":{\"@type\":\"ImageObject\",\"inLanguage\":\"es\",\"@id\":\"https:\\\/\\\/secure.gravatar.com\\\/avatar\\\/4c29ceac98541dd42460b2474aaa5dd37594d6ce6cb3cf2c101d09b48ee287ba?s=96&d=mm&r=g\",\"url\":\"https:\\\/\\\/secure.gravatar.com\\\/avatar\\\/4c29ceac98541dd42460b2474aaa5dd37594d6ce6cb3cf2c101d09b48ee287ba?s=96&d=mm&r=g\",\"contentUrl\":\"https:\\\/\\\/secure.gravatar.com\\\/avatar\\\/4c29ceac98541dd42460b2474aaa5dd37594d6ce6cb3cf2c101d09b48ee287ba?s=96&d=mm&r=g\",\"caption\":\"Diario del Sur Digital\"},\"url\":\"https:\\\/\\\/diariodelsurdigital.com.ar\\\/?author=2\"}]}<\/script>\n<!-- \/ Yoast SEO plugin. -->","yoast_head_json":{"title":"Denuncian penalmente a Guillermo Michel por presunto aporte il\u00edcito a la campa\u00f1a y piden intervenir el PJ entrerriano - Diario del Sur","robots":{"index":"index","follow":"follow","max-snippet":"max-snippet:-1","max-image-preview":"max-image-preview:large","max-video-preview":"max-video-preview:-1"},"canonical":"https:\/\/diariodelsurdigital.com.ar\/?p=5128","og_locale":"es_ES","og_type":"article","og_title":"Denuncian penalmente a Guillermo Michel por presunto aporte il\u00edcito a la campa\u00f1a y piden intervenir el PJ entrerriano - Diario del Sur","og_description":"Los congresales del Partido Justicialista de Entre R\u00edos, Domingo Daniel Rossi y Carlos Guillermo Reggiardo presentaron ante la Justicia Federal con competencia electoral una denuncia penal\u2013electoral y solicitaron la intervenci\u00f3n judicial urgente del PJ\u2013ER. En su escrito afirman que se habr\u00edan canalizado aportes il\u00edcitos vinculados al funcionario nacional Guillermo Michel, con impacto tanto en la [&hellip;]","og_url":"https:\/\/diariodelsurdigital.com.ar\/?p=5128","og_site_name":"Diario del Sur","article_published_time":"2025-10-15T00:44:49+00:00","article_modified_time":"2025-10-15T00:44:50+00:00","og_image":[{"width":478,"height":342,"url":"https:\/\/diariodelsurdigital.com.ar\/wp-content\/uploads\/2025\/10\/images-17.jpeg","type":"image\/jpeg"}],"author":"Diario del Sur Digital","twitter_card":"summary_large_image","twitter_misc":{"Escrito por":"Diario del Sur Digital","Tiempo de lectura":"3 minutos"},"schema":{"@context":"https:\/\/schema.org","@graph":[{"@type":"Article","@id":"https:\/\/diariodelsurdigital.com.ar\/?p=5128#article","isPartOf":{"@id":"https:\/\/diariodelsurdigital.com.ar\/?p=5128"},"author":{"name":"Diario del Sur Digital","@id":"https:\/\/diariodelsurdigital.com.ar\/#\/schema\/person\/6136a32571657f7dba980b88b04c5465"},"headline":"Denuncian penalmente a Guillermo Michel por presunto aporte il\u00edcito a la campa\u00f1a y piden intervenir el PJ entrerriano","datePublished":"2025-10-15T00:44:49+00:00","dateModified":"2025-10-15T00:44:50+00:00","mainEntityOfPage":{"@id":"https:\/\/diariodelsurdigital.com.ar\/?p=5128"},"wordCount":492,"commentCount":0,"image":{"@id":"https:\/\/diariodelsurdigital.com.ar\/?p=5128#primaryimage"},"thumbnailUrl":"https:\/\/diariodelsurdigital.com.ar\/wp-content\/uploads\/2025\/10\/images-17.jpeg","articleSection":["Pol\u00edtica","Provinciales"],"inLanguage":"es","potentialAction":[{"@type":"CommentAction","name":"Comment","target":["https:\/\/diariodelsurdigital.com.ar\/?p=5128#respond"]}]},{"@type":"WebPage","@id":"https:\/\/diariodelsurdigital.com.ar\/?p=5128","url":"https:\/\/diariodelsurdigital.com.ar\/?p=5128","name":"Denuncian penalmente a Guillermo Michel por presunto aporte il\u00edcito a la campa\u00f1a y piden intervenir el PJ entrerriano - Diario del Sur","isPartOf":{"@id":"https:\/\/diariodelsurdigital.com.ar\/#website"},"primaryImageOfPage":{"@id":"https:\/\/diariodelsurdigital.com.ar\/?p=5128#primaryimage"},"image":{"@id":"https:\/\/diariodelsurdigital.com.ar\/?p=5128#primaryimage"},"thumbnailUrl":"https:\/\/diariodelsurdigital.com.ar\/wp-content\/uploads\/2025\/10\/images-17.jpeg","datePublished":"2025-10-15T00:44:49+00:00","dateModified":"2025-10-15T00:44:50+00:00","author":{"@id":"https:\/\/diariodelsurdigital.com.ar\/#\/schema\/person\/6136a32571657f7dba980b88b04c5465"},"breadcrumb":{"@id":"https:\/\/diariodelsurdigital.com.ar\/?p=5128#breadcrumb"},"inLanguage":"es","potentialAction":[{"@type":"ReadAction","target":["https:\/\/diariodelsurdigital.com.ar\/?p=5128"]}]},{"@type":"ImageObject","inLanguage":"es","@id":"https:\/\/diariodelsurdigital.com.ar\/?p=5128#primaryimage","url":"https:\/\/diariodelsurdigital.com.ar\/wp-content\/uploads\/2025\/10\/images-17.jpeg","contentUrl":"https:\/\/diariodelsurdigital.com.ar\/wp-content\/uploads\/2025\/10\/images-17.jpeg","width":478,"height":342},{"@type":"BreadcrumbList","@id":"https:\/\/diariodelsurdigital.com.ar\/?p=5128#breadcrumb","itemListElement":[{"@type":"ListItem","position":1,"name":"Portada","item":"https:\/\/diariodelsurdigital.com.ar\/"},{"@type":"ListItem","position":2,"name":"Denuncian penalmente a Guillermo Michel por presunto aporte il\u00edcito a la campa\u00f1a y piden intervenir el PJ entrerriano"}]},{"@type":"WebSite","@id":"https:\/\/diariodelsurdigital.com.ar\/#website","url":"https:\/\/diariodelsurdigital.com.ar\/","name":"Diario del Sur","description":"Digital","potentialAction":[{"@type":"SearchAction","target":{"@type":"EntryPoint","urlTemplate":"https:\/\/diariodelsurdigital.com.ar\/?s={search_term_string}"},"query-input":{"@type":"PropertyValueSpecification","valueRequired":true,"valueName":"search_term_string"}}],"inLanguage":"es"},{"@type":"Person","@id":"https:\/\/diariodelsurdigital.com.ar\/#\/schema\/person\/6136a32571657f7dba980b88b04c5465","name":"Diario del Sur Digital","image":{"@type":"ImageObject","inLanguage":"es","@id":"https:\/\/secure.gravatar.com\/avatar\/4c29ceac98541dd42460b2474aaa5dd37594d6ce6cb3cf2c101d09b48ee287ba?s=96&d=mm&r=g","url":"https:\/\/secure.gravatar.com\/avatar\/4c29ceac98541dd42460b2474aaa5dd37594d6ce6cb3cf2c101d09b48ee287ba?s=96&d=mm&r=g","contentUrl":"https:\/\/secure.gravatar.com\/avatar\/4c29ceac98541dd42460b2474aaa5dd37594d6ce6cb3cf2c101d09b48ee287ba?s=96&d=mm&r=g","caption":"Diario del Sur Digital"},"url":"https:\/\/diariodelsurdigital.com.ar\/?author=2"}]}},"_links":{"self":[{"href":"https:\/\/diariodelsurdigital.com.ar\/index.php?rest_route=\/wp\/v2\/posts\/5128","targetHints":{"allow":["GET"]}}],"collection":[{"href":"https:\/\/diariodelsurdigital.com.ar\/index.php?rest_route=\/wp\/v2\/posts"}],"about":[{"href":"https:\/\/diariodelsurdigital.com.ar\/index.php?rest_route=\/wp\/v2\/types\/post"}],"author":[{"embeddable":true,"href":"https:\/\/diariodelsurdigital.com.ar\/index.php?rest_route=\/wp\/v2\/users\/2"}],"replies":[{"embeddable":true,"href":"https:\/\/diariodelsurdigital.com.ar\/index.php?rest_route=%2Fwp%2Fv2%2Fcomments&post=5128"}],"version-history":[{"count":1,"href":"https:\/\/diariodelsurdigital.com.ar\/index.php?rest_route=\/wp\/v2\/posts\/5128\/revisions"}],"predecessor-version":[{"id":5130,"href":"https:\/\/diariodelsurdigital.com.ar\/index.php?rest_route=\/wp\/v2\/posts\/5128\/revisions\/5130"}],"wp:featuredmedia":[{"embeddable":true,"href":"https:\/\/diariodelsurdigital.com.ar\/index.php?rest_route=\/wp\/v2\/media\/5129"}],"wp:attachment":[{"href":"https:\/\/diariodelsurdigital.com.ar\/index.php?rest_route=%2Fwp%2Fv2%2Fmedia&parent=5128"}],"wp:term":[{"taxonomy":"category","embeddable":true,"href":"https:\/\/diariodelsurdigital.com.ar\/index.php?rest_route=%2Fwp%2Fv2%2Fcategories&post=5128"},{"taxonomy":"post_tag","embeddable":true,"href":"https:\/\/diariodelsurdigital.com.ar\/index.php?rest_route=%2Fwp%2Fv2%2Ftags&post=5128"}],"curies":[{"name":"wp","href":"https:\/\/api.w.org\/{rel}","templated":true}]}}