{"id":5134,"date":"2025-10-15T09:55:53","date_gmt":"2025-10-15T12:55:53","guid":{"rendered":"https:\/\/diariodelsurdigital.com.ar\/?p=5134"},"modified":"2025-10-15T09:55:53","modified_gmt":"2025-10-15T12:55:53","slug":"laurta-es-trasladado-a-concordia-para-ser-imputado-del-crimen-de-martin-palacio","status":"publish","type":"post","link":"https:\/\/diariodelsurdigital.com.ar\/?p=5134","title":{"rendered":"Laurta es trasladado a Concordia para ser imputado del crimen de Mart\u00edn Palacio"},"content":{"rendered":"\n<p>Bajo un fuerte operativo policial, ser\u00e1 trasladado hoy a Concordia el uruguayo Pablo Laurta, implicado en el homicidio del chofer Mart\u00edn Palacio y en un doble femicidio en C\u00f3rdoba. Se estima que estar\u00e1 dos o tres d\u00edas en la Capital del Citrus y luego ser\u00e1 trasladado a C\u00f3rdoba.<\/p>\n\n\n\n<p><\/p>\n\n\n\n<p>Este mi\u00e9rcoles ser\u00e1 trasladado desde Gualeguaych\u00fa a Concordia el uruguayo Pablo Laurta, se\u00f1alado como el principal sospechoso del brutal asesinato del chofer Mart\u00edn Sebasti\u00e1n Palacio. La familia del joven chofer no se present\u00f3 para identificar los restos hallados por la Polic\u00eda, aunque extraoficialmente todo indica que se trata del joven que viv\u00eda en CABA.<\/p>\n\n\n\n<p>El cuerpo de Palacio fue hallado decapitado y mutilado d\u00edas atr\u00e1s en un camino vecinal de Estaci\u00f3n Yeru\u00e1, en el departamento Concordia. El arribo del detenido est\u00e1 previsto para las 9 de la ma\u00f1ana, momento en el que prestar\u00e1 declaraci\u00f3n indagatoria ante la fiscal Daniela Montangie. En la Capital del Citrus se estima que el uruguayo estar\u00e1 dos o a lo sumo tres d\u00edas. Luego ser\u00e1 trasladado a C\u00f3rdoba, inform\u00f3 Ahora.<\/p>\n\n\n\n<p>La investigaci\u00f3n ha sacudido a las provincias de Entre R\u00edos y C\u00f3rdoba, donde Laurta es vinculado con tres homicidios: dos femicidios ocurridos en C\u00f3rdoba y el crimen de Palacio en Concordia. Adem\u00e1s, se lo acusa del secuestro de su hijo de cinco a\u00f1os, quien fue rescatado en el marco de los operativos policiales.<\/p>\n\n\n\n<p>Durante la jornada del martes se realizaron intensos rastrillajes en la zona rural de Estaci\u00f3n Yeru\u00e1, aunque sin resultados positivos. La Polic\u00eda contin\u00faa buscando la cabeza y los miembros superiores del cuerpo que se presume pertenece a Palacio. Si bien el torso y las piernas halladas presentan tatuajes, estos estar\u00edan irreconocibles, lo que dificulta la confirmaci\u00f3n oficial de la identidad. La autopsia se realizar\u00e1 en Concordia, mientras los operativos seguir\u00e1n este mi\u00e9rcoles en \u00e1reas m\u00e1s alejadas, como arroyos y campos.<\/p>\n\n\n\n<p>Los familiares del joven chofer no se presentaron en la fiscal\u00eda para reconocer los restos encontrados. Las autoridades, sin embargo, sostienen que hay elementos suficientes para afirmar que se trata de Palacio, aunque a\u00fan no se ha emitido una confirmaci\u00f3n oficial.<\/p>\n\n\n\n<p>La fiscal\u00eda espera que la declaraci\u00f3n de Laurta aporte elementos clave para esclarecer los hechos y avanzar en la causa. El acusado estar\u00e1 acompa\u00f1ado por el momento por un defensor oficial.<\/p>\n","protected":false},"excerpt":{"rendered":"<p>Bajo un fuerte operativo policial, ser\u00e1 trasladado hoy a Concordia el uruguayo Pablo Laurta, implicado en el homicidio del chofer Mart\u00edn Palacio y en un doble femicidio en C\u00f3rdoba. Se estima que estar\u00e1 dos o tres d\u00edas en la Capital del Citrus y luego ser\u00e1 trasladado a C\u00f3rdoba. Este mi\u00e9rcoles ser\u00e1 trasladado desde Gualeguaych\u00fa a [&hellip;]<\/p>\n","protected":false},"author":4,"featured_media":5136,"comment_status":"open","ping_status":"open","sticky":false,"template":"","format":"standard","meta":{"footnotes":""},"categories":[21],"tags":[],"class_list":{"0":"post-5134","1":"post","2":"type-post","3":"status-publish","4":"format-standard","5":"has-post-thumbnail","7":"category-policiales"},"yoast_head":"<!-- This site is optimized with the Yoast SEO plugin v27.4 - https:\/\/yoast.com\/product\/yoast-seo-wordpress\/ -->\n<title>Laurta es trasladado a Concordia para ser imputado del crimen de Mart\u00edn Palacio - Diario del Sur<\/title>\n<meta name=\"robots\" content=\"index, follow, max-snippet:-1, max-image-preview:large, max-video-preview:-1\" \/>\n<link rel=\"canonical\" href=\"https:\/\/diariodelsurdigital.com.ar\/?p=5134\" \/>\n<meta property=\"og:locale\" content=\"es_ES\" \/>\n<meta property=\"og:type\" content=\"article\" \/>\n<meta property=\"og:title\" content=\"Laurta es trasladado a Concordia para ser imputado del crimen de Mart\u00edn Palacio - Diario del Sur\" \/>\n<meta property=\"og:description\" content=\"Bajo un fuerte operativo policial, ser\u00e1 trasladado hoy a Concordia el uruguayo Pablo Laurta, implicado en el homicidio del chofer Mart\u00edn Palacio y en un doble femicidio en C\u00f3rdoba. Se estima que estar\u00e1 dos o tres d\u00edas en la Capital del Citrus y luego ser\u00e1 trasladado a C\u00f3rdoba. Este mi\u00e9rcoles ser\u00e1 trasladado desde Gualeguaych\u00fa a [&hellip;]\" \/>\n<meta property=\"og:url\" content=\"https:\/\/diariodelsurdigital.com.ar\/?p=5134\" \/>\n<meta property=\"og:site_name\" content=\"Diario del Sur\" \/>\n<meta property=\"article:published_time\" content=\"2025-10-15T12:55:53+00:00\" \/>\n<meta property=\"og:image\" content=\"https:\/\/diariodelsurdigital.com.ar\/wp-content\/uploads\/2025\/10\/md-30-2.webp\" \/>\n\t<meta property=\"og:image:width\" content=\"992\" \/>\n\t<meta property=\"og:image:height\" content=\"657\" \/>\n\t<meta property=\"og:image:type\" content=\"image\/webp\" \/>\n<meta name=\"author\" content=\"Diario del Sur Digital\" \/>\n<meta name=\"twitter:card\" content=\"summary_large_image\" \/>\n<meta name=\"twitter:label1\" content=\"Escrito por\" \/>\n\t<meta name=\"twitter:data1\" content=\"Diario del Sur Digital\" \/>\n\t<meta name=\"twitter:label2\" content=\"Tiempo de lectura\" \/>\n\t<meta name=\"twitter:data2\" content=\"2 minutos\" \/>\n<script type=\"application\/ld+json\" class=\"yoast-schema-graph\">{\"@context\":\"https:\\\/\\\/schema.org\",\"@graph\":[{\"@type\":\"Article\",\"@id\":\"https:\\\/\\\/diariodelsurdigital.com.ar\\\/?p=5134#article\",\"isPartOf\":{\"@id\":\"https:\\\/\\\/diariodelsurdigital.com.ar\\\/?p=5134\"},\"author\":{\"name\":\"Diario del Sur Digital\",\"@id\":\"https:\\\/\\\/diariodelsurdigital.com.ar\\\/#\\\/schema\\\/person\\\/1a4992532ed62965c968031b49195c81\"},\"headline\":\"Laurta es trasladado a Concordia para ser imputado del crimen de Mart\u00edn Palacio\",\"datePublished\":\"2025-10-15T12:55:53+00:00\",\"mainEntityOfPage\":{\"@id\":\"https:\\\/\\\/diariodelsurdigital.com.ar\\\/?p=5134\"},\"wordCount\":428,\"commentCount\":0,\"image\":{\"@id\":\"https:\\\/\\\/diariodelsurdigital.com.ar\\\/?p=5134#primaryimage\"},\"thumbnailUrl\":\"https:\\\/\\\/diariodelsurdigital.com.ar\\\/wp-content\\\/uploads\\\/2025\\\/10\\\/md-30-2.webp\",\"articleSection\":[\"Policiales\"],\"inLanguage\":\"es\",\"potentialAction\":[{\"@type\":\"CommentAction\",\"name\":\"Comment\",\"target\":[\"https:\\\/\\\/diariodelsurdigital.com.ar\\\/?p=5134#respond\"]}]},{\"@type\":\"WebPage\",\"@id\":\"https:\\\/\\\/diariodelsurdigital.com.ar\\\/?p=5134\",\"url\":\"https:\\\/\\\/diariodelsurdigital.com.ar\\\/?p=5134\",\"name\":\"Laurta es trasladado a Concordia para ser imputado del crimen de Mart\u00edn Palacio - Diario del Sur\",\"isPartOf\":{\"@id\":\"https:\\\/\\\/diariodelsurdigital.com.ar\\\/#website\"},\"primaryImageOfPage\":{\"@id\":\"https:\\\/\\\/diariodelsurdigital.com.ar\\\/?p=5134#primaryimage\"},\"image\":{\"@id\":\"https:\\\/\\\/diariodelsurdigital.com.ar\\\/?p=5134#primaryimage\"},\"thumbnailUrl\":\"https:\\\/\\\/diariodelsurdigital.com.ar\\\/wp-content\\\/uploads\\\/2025\\\/10\\\/md-30-2.webp\",\"datePublished\":\"2025-10-15T12:55:53+00:00\",\"author\":{\"@id\":\"https:\\\/\\\/diariodelsurdigital.com.ar\\\/#\\\/schema\\\/person\\\/1a4992532ed62965c968031b49195c81\"},\"breadcrumb\":{\"@id\":\"https:\\\/\\\/diariodelsurdigital.com.ar\\\/?p=5134#breadcrumb\"},\"inLanguage\":\"es\",\"potentialAction\":[{\"@type\":\"ReadAction\",\"target\":[\"https:\\\/\\\/diariodelsurdigital.com.ar\\\/?p=5134\"]}]},{\"@type\":\"ImageObject\",\"inLanguage\":\"es\",\"@id\":\"https:\\\/\\\/diariodelsurdigital.com.ar\\\/?p=5134#primaryimage\",\"url\":\"https:\\\/\\\/diariodelsurdigital.com.ar\\\/wp-content\\\/uploads\\\/2025\\\/10\\\/md-30-2.webp\",\"contentUrl\":\"https:\\\/\\\/diariodelsurdigital.com.ar\\\/wp-content\\\/uploads\\\/2025\\\/10\\\/md-30-2.webp\",\"width\":992,\"height\":657},{\"@type\":\"BreadcrumbList\",\"@id\":\"https:\\\/\\\/diariodelsurdigital.com.ar\\\/?p=5134#breadcrumb\",\"itemListElement\":[{\"@type\":\"ListItem\",\"position\":1,\"name\":\"Portada\",\"item\":\"https:\\\/\\\/diariodelsurdigital.com.ar\\\/\"},{\"@type\":\"ListItem\",\"position\":2,\"name\":\"Laurta es trasladado a Concordia para ser imputado del crimen de Mart\u00edn Palacio\"}]},{\"@type\":\"WebSite\",\"@id\":\"https:\\\/\\\/diariodelsurdigital.com.ar\\\/#website\",\"url\":\"https:\\\/\\\/diariodelsurdigital.com.ar\\\/\",\"name\":\"Diario del Sur\",\"description\":\"Digital\",\"potentialAction\":[{\"@type\":\"SearchAction\",\"target\":{\"@type\":\"EntryPoint\",\"urlTemplate\":\"https:\\\/\\\/diariodelsurdigital.com.ar\\\/?s={search_term_string}\"},\"query-input\":{\"@type\":\"PropertyValueSpecification\",\"valueRequired\":true,\"valueName\":\"search_term_string\"}}],\"inLanguage\":\"es\"},{\"@type\":\"Person\",\"@id\":\"https:\\\/\\\/diariodelsurdigital.com.ar\\\/#\\\/schema\\\/person\\\/1a4992532ed62965c968031b49195c81\",\"name\":\"Diario del Sur Digital\",\"image\":{\"@type\":\"ImageObject\",\"inLanguage\":\"es\",\"@id\":\"https:\\\/\\\/secure.gravatar.com\\\/avatar\\\/f0c7c47fc7146d19828273b9b8eda651c9c7ab583767e6338d3d3bee825adf76?s=96&d=mm&r=g\",\"url\":\"https:\\\/\\\/secure.gravatar.com\\\/avatar\\\/f0c7c47fc7146d19828273b9b8eda651c9c7ab583767e6338d3d3bee825adf76?s=96&d=mm&r=g\",\"contentUrl\":\"https:\\\/\\\/secure.gravatar.com\\\/avatar\\\/f0c7c47fc7146d19828273b9b8eda651c9c7ab583767e6338d3d3bee825adf76?s=96&d=mm&r=g\",\"caption\":\"Diario del Sur Digital\"},\"url\":\"https:\\\/\\\/diariodelsurdigital.com.ar\\\/?author=4\"}]}<\/script>\n<!-- \/ Yoast SEO plugin. -->","yoast_head_json":{"title":"Laurta es trasladado a Concordia para ser imputado del crimen de Mart\u00edn Palacio - Diario del Sur","robots":{"index":"index","follow":"follow","max-snippet":"max-snippet:-1","max-image-preview":"max-image-preview:large","max-video-preview":"max-video-preview:-1"},"canonical":"https:\/\/diariodelsurdigital.com.ar\/?p=5134","og_locale":"es_ES","og_type":"article","og_title":"Laurta es trasladado a Concordia para ser imputado del crimen de Mart\u00edn Palacio - Diario del Sur","og_description":"Bajo un fuerte operativo policial, ser\u00e1 trasladado hoy a Concordia el uruguayo Pablo Laurta, implicado en el homicidio del chofer Mart\u00edn Palacio y en un doble femicidio en C\u00f3rdoba. Se estima que estar\u00e1 dos o tres d\u00edas en la Capital del Citrus y luego ser\u00e1 trasladado a C\u00f3rdoba. Este mi\u00e9rcoles ser\u00e1 trasladado desde Gualeguaych\u00fa a [&hellip;]","og_url":"https:\/\/diariodelsurdigital.com.ar\/?p=5134","og_site_name":"Diario del Sur","article_published_time":"2025-10-15T12:55:53+00:00","og_image":[{"width":992,"height":657,"url":"https:\/\/diariodelsurdigital.com.ar\/wp-content\/uploads\/2025\/10\/md-30-2.webp","type":"image\/webp"}],"author":"Diario del Sur Digital","twitter_card":"summary_large_image","twitter_misc":{"Escrito por":"Diario del Sur Digital","Tiempo de lectura":"2 minutos"},"schema":{"@context":"https:\/\/schema.org","@graph":[{"@type":"Article","@id":"https:\/\/diariodelsurdigital.com.ar\/?p=5134#article","isPartOf":{"@id":"https:\/\/diariodelsurdigital.com.ar\/?p=5134"},"author":{"name":"Diario del Sur Digital","@id":"https:\/\/diariodelsurdigital.com.ar\/#\/schema\/person\/1a4992532ed62965c968031b49195c81"},"headline":"Laurta es trasladado a Concordia para ser imputado del crimen de Mart\u00edn Palacio","datePublished":"2025-10-15T12:55:53+00:00","mainEntityOfPage":{"@id":"https:\/\/diariodelsurdigital.com.ar\/?p=5134"},"wordCount":428,"commentCount":0,"image":{"@id":"https:\/\/diariodelsurdigital.com.ar\/?p=5134#primaryimage"},"thumbnailUrl":"https:\/\/diariodelsurdigital.com.ar\/wp-content\/uploads\/2025\/10\/md-30-2.webp","articleSection":["Policiales"],"inLanguage":"es","potentialAction":[{"@type":"CommentAction","name":"Comment","target":["https:\/\/diariodelsurdigital.com.ar\/?p=5134#respond"]}]},{"@type":"WebPage","@id":"https:\/\/diariodelsurdigital.com.ar\/?p=5134","url":"https:\/\/diariodelsurdigital.com.ar\/?p=5134","name":"Laurta es trasladado a Concordia para ser imputado del crimen de Mart\u00edn Palacio - Diario del Sur","isPartOf":{"@id":"https:\/\/diariodelsurdigital.com.ar\/#website"},"primaryImageOfPage":{"@id":"https:\/\/diariodelsurdigital.com.ar\/?p=5134#primaryimage"},"image":{"@id":"https:\/\/diariodelsurdigital.com.ar\/?p=5134#primaryimage"},"thumbnailUrl":"https:\/\/diariodelsurdigital.com.ar\/wp-content\/uploads\/2025\/10\/md-30-2.webp","datePublished":"2025-10-15T12:55:53+00:00","author":{"@id":"https:\/\/diariodelsurdigital.com.ar\/#\/schema\/person\/1a4992532ed62965c968031b49195c81"},"breadcrumb":{"@id":"https:\/\/diariodelsurdigital.com.ar\/?p=5134#breadcrumb"},"inLanguage":"es","potentialAction":[{"@type":"ReadAction","target":["https:\/\/diariodelsurdigital.com.ar\/?p=5134"]}]},{"@type":"ImageObject","inLanguage":"es","@id":"https:\/\/diariodelsurdigital.com.ar\/?p=5134#primaryimage","url":"https:\/\/diariodelsurdigital.com.ar\/wp-content\/uploads\/2025\/10\/md-30-2.webp","contentUrl":"https:\/\/diariodelsurdigital.com.ar\/wp-content\/uploads\/2025\/10\/md-30-2.webp","width":992,"height":657},{"@type":"BreadcrumbList","@id":"https:\/\/diariodelsurdigital.com.ar\/?p=5134#breadcrumb","itemListElement":[{"@type":"ListItem","position":1,"name":"Portada","item":"https:\/\/diariodelsurdigital.com.ar\/"},{"@type":"ListItem","position":2,"name":"Laurta es trasladado a Concordia para ser imputado del crimen de Mart\u00edn Palacio"}]},{"@type":"WebSite","@id":"https:\/\/diariodelsurdigital.com.ar\/#website","url":"https:\/\/diariodelsurdigital.com.ar\/","name":"Diario del Sur","description":"Digital","potentialAction":[{"@type":"SearchAction","target":{"@type":"EntryPoint","urlTemplate":"https:\/\/diariodelsurdigital.com.ar\/?s={search_term_string}"},"query-input":{"@type":"PropertyValueSpecification","valueRequired":true,"valueName":"search_term_string"}}],"inLanguage":"es"},{"@type":"Person","@id":"https:\/\/diariodelsurdigital.com.ar\/#\/schema\/person\/1a4992532ed62965c968031b49195c81","name":"Diario del Sur Digital","image":{"@type":"ImageObject","inLanguage":"es","@id":"https:\/\/secure.gravatar.com\/avatar\/f0c7c47fc7146d19828273b9b8eda651c9c7ab583767e6338d3d3bee825adf76?s=96&d=mm&r=g","url":"https:\/\/secure.gravatar.com\/avatar\/f0c7c47fc7146d19828273b9b8eda651c9c7ab583767e6338d3d3bee825adf76?s=96&d=mm&r=g","contentUrl":"https:\/\/secure.gravatar.com\/avatar\/f0c7c47fc7146d19828273b9b8eda651c9c7ab583767e6338d3d3bee825adf76?s=96&d=mm&r=g","caption":"Diario del Sur Digital"},"url":"https:\/\/diariodelsurdigital.com.ar\/?author=4"}]}},"_links":{"self":[{"href":"https:\/\/diariodelsurdigital.com.ar\/index.php?rest_route=\/wp\/v2\/posts\/5134","targetHints":{"allow":["GET"]}}],"collection":[{"href":"https:\/\/diariodelsurdigital.com.ar\/index.php?rest_route=\/wp\/v2\/posts"}],"about":[{"href":"https:\/\/diariodelsurdigital.com.ar\/index.php?rest_route=\/wp\/v2\/types\/post"}],"author":[{"embeddable":true,"href":"https:\/\/diariodelsurdigital.com.ar\/index.php?rest_route=\/wp\/v2\/users\/4"}],"replies":[{"embeddable":true,"href":"https:\/\/diariodelsurdigital.com.ar\/index.php?rest_route=%2Fwp%2Fv2%2Fcomments&post=5134"}],"version-history":[{"count":1,"href":"https:\/\/diariodelsurdigital.com.ar\/index.php?rest_route=\/wp\/v2\/posts\/5134\/revisions"}],"predecessor-version":[{"id":5135,"href":"https:\/\/diariodelsurdigital.com.ar\/index.php?rest_route=\/wp\/v2\/posts\/5134\/revisions\/5135"}],"wp:featuredmedia":[{"embeddable":true,"href":"https:\/\/diariodelsurdigital.com.ar\/index.php?rest_route=\/wp\/v2\/media\/5136"}],"wp:attachment":[{"href":"https:\/\/diariodelsurdigital.com.ar\/index.php?rest_route=%2Fwp%2Fv2%2Fmedia&parent=5134"}],"wp:term":[{"taxonomy":"category","embeddable":true,"href":"https:\/\/diariodelsurdigital.com.ar\/index.php?rest_route=%2Fwp%2Fv2%2Fcategories&post=5134"},{"taxonomy":"post_tag","embeddable":true,"href":"https:\/\/diariodelsurdigital.com.ar\/index.php?rest_route=%2Fwp%2Fv2%2Ftags&post=5134"}],"curies":[{"name":"wp","href":"https:\/\/api.w.org\/{rel}","templated":true}]}}