{"id":5143,"date":"2025-10-15T10:07:09","date_gmt":"2025-10-15T13:07:09","guid":{"rendered":"https:\/\/diariodelsurdigital.com.ar\/?p=5143"},"modified":"2025-10-15T10:07:10","modified_gmt":"2025-10-15T13:07:10","slug":"federal-despidieron-del-hospital-a-un-chofer-por-acoso-sexual-y-violencia-de-genero","status":"publish","type":"post","link":"https:\/\/diariodelsurdigital.com.ar\/?p=5143","title":{"rendered":"Federal: Despidieron del Hospital a un chofer por acoso sexual y violencia de g\u00e9nero"},"content":{"rendered":"\n<p>El Gobierno de Entre R\u00edos finaliz\u00f3 el sumario administrativo contra N\u00e9stor Edmundo Barrios, chofer del Hospital \u00abJusto Jos\u00e9 de Urquiza\u00bb, quien fue acusado de hostigar y acosar sexualmente a enfermeras en 2019.<\/p>\n\n\n\n<p><\/p>\n\n\n\n<p>El Gobierno de la Provincia de Entre R\u00edos dispuso la sanci\u00f3n de Cesant\u00eda al agente N\u00e9stor Edmundo BARRIOS, quien se desempe\u00f1aba como chofer del Hospital \u00abJusto Jos\u00e9 de Urquiza\u00bb de Federal. La medida se toma al finalizar el Sumario Administrativo que se le inici\u00f3 por presuntas \u00abInfracciones reiteradas en el cumplimiento de sus tareas o falta grave hacia los superiores, iguales, subordinados o al p\u00fablico\u00bb e \u00abIncumplimiento de los deberes\u00bb de la Ley que rige al empleo p\u00fablico.<\/p>\n\n\n\n<p>La investigaci\u00f3n fue publicada en el Bolet\u00edn Oficial N\u00ba 28.194.<\/p>\n\n\n\n<p>Las actuaciones se iniciaron a partir de una nota del Director del Hospital, Dr. SERGIO ANDRES DUARTE, que adjuntaba una denuncia del 01\/10\/2019 suscripta por personal de Enfermer\u00eda. En el sumario, se le imputa al agente Barrios haber incurrido en \u00abconductas intimidantes, violencia de g\u00e9nero, y acoso hacia las Enfermeras: J. V. R., P. M. del L. G., y G. A. Z.\u00bb durante los meses de septiembre y octubre de 2019.<\/p>\n\n\n\n<p>Las declaraciones testimoniales de las v\u00edctimas resultaron cruciales para la resoluci\u00f3n del caso. La enfermera J. V. R., relat\u00f3 una situaci\u00f3n ocurrida en la ambulancia cuando volv\u00eda de un traslado, expresando que sufri\u00f3 \u00abhostigamiento y acoso por parte del Sr. BARRIOS\u00bb. En el veh\u00edculo, el agente le dijo \u00abcosas fuera de lugar, molestando e incomod\u00e1ndola\u00bb, y tras decirle ella que eran solo compa\u00f1eros, \u00abla manote\u00f3 con fuerza de uno de sus brazos y le dijo &#8216;ven\u00ed, dame un beso&#8217;, la ambulancia iba en marcha\u00bb.<\/p>\n\n\n\n<p>La enfermera P. M. L. G. tambi\u00e9n ratific\u00f3 su denuncia, indicando que Barrios la hostigaba de forma personal o por red social. Record\u00f3 un viaje en la ambulancia, donde \u00abBarrios ven\u00eda manejando y yo ven\u00eda de acompa\u00f1ante\u00bb y \u00e9l le dec\u00eda \u00abmostrame tus fotos y me quer\u00eda agarrar mi celular\u00bb. Luego, \u00abme agarra del brazo y es como que me quiere llevar sobre \u00e9l y yo le dije que me suelte y me sent\u00e9 bien contra la puerta\u00bb. La agente agreg\u00f3 que la situaci\u00f3n la afect\u00f3 \u00abmuch\u00edsimo\u00bb y tuvo que \u00abhacer terapia psicol\u00f3gica por un tiempo para intentar superarlo\u00bb.<\/p>\n\n\n\n<p>Cabe destacar que la Licenciada G. A. Z., otra de las denunciantes, solicit\u00f3 dejar sin efecto la citaci\u00f3n como testigo puesto \u201c\u2026que el hecho de tener que prestar declaraci\u00f3n testimonial sobre lo acontecido, implicar\u00eda revivir una situaci\u00f3n traum\u00e1tica\u2026\u201d, lo que seg\u00fan el sumario \u00absin dudas evidencia la manera en que la conducta del agente BARRIOS la afectara\u00bb.<\/p>\n\n\n\n<p>El decreto finalizador del sumario desestim\u00f3 los argumentos de la defensa del agente, la cual plante\u00f3 la falta de testigos. El texto legal es claro al respecto: \u00abEst\u00e1 claro que no puede haber testigos, cuando las Enfermeras R. y G., relataron situaciones ocurridas cuando el agente BARRIOS se desempe\u00f1aba como chofer, y en la ruta, volviendo de efectuar traslado de usuarios\u00bb.<\/p>\n\n\n\n<p>Adem\u00e1s, resalta que \u00abLa ausencia de testigos en un cl\u00e1sico de este tipo de hechos, por lo que a\u00fan en sede penal se le otorga relevancia a la declaraci\u00f3n de las v\u00edctimas, las que junto a otros indicios, corroboran la ocurrencia de los hechos\u00bb.<\/p>\n\n\n\n<p>Finalmente, el Gobierno concluy\u00f3 que \u00ablos hechos reprochados al agente BARRIOS, han quedado acreditados en el curso de la presente investigaci\u00f3n sumarial\u00bb, y que la conducta del agente encuadra en \u00abfalta grave hacia los\u2026iguales\u2026\u00bb, resultando \u00abjusto y equitativo la aplicaci\u00f3n de la m\u00e1xima sanci\u00f3n\u00bb prevista por la Ley que rige el empleo p\u00fablico.<\/p>\n","protected":false},"excerpt":{"rendered":"<p>El Gobierno de Entre R\u00edos finaliz\u00f3 el sumario administrativo contra N\u00e9stor Edmundo Barrios, chofer del Hospital \u00abJusto Jos\u00e9 de Urquiza\u00bb, quien fue acusado de hostigar y acosar sexualmente a enfermeras en 2019. El Gobierno de la Provincia de Entre R\u00edos dispuso la sanci\u00f3n de Cesant\u00eda al agente N\u00e9stor Edmundo BARRIOS, quien se desempe\u00f1aba como chofer [&hellip;]<\/p>\n","protected":false},"author":4,"featured_media":5144,"comment_status":"open","ping_status":"open","sticky":false,"template":"","format":"standard","meta":{"footnotes":""},"categories":[17],"tags":[],"class_list":{"0":"post-5143","1":"post","2":"type-post","3":"status-publish","4":"format-standard","5":"has-post-thumbnail","7":"category-provinciales"},"yoast_head":"<!-- This site is optimized with the Yoast SEO plugin v27.4 - https:\/\/yoast.com\/product\/yoast-seo-wordpress\/ -->\n<title>Federal: Despidieron del Hospital a un chofer por acoso sexual y violencia de g\u00e9nero - Diario del Sur<\/title>\n<meta name=\"robots\" content=\"index, follow, max-snippet:-1, max-image-preview:large, max-video-preview:-1\" \/>\n<link rel=\"canonical\" href=\"https:\/\/diariodelsurdigital.com.ar\/?p=5143\" \/>\n<meta property=\"og:locale\" content=\"es_ES\" \/>\n<meta property=\"og:type\" content=\"article\" \/>\n<meta property=\"og:title\" content=\"Federal: Despidieron del Hospital a un chofer por acoso sexual y violencia de g\u00e9nero - Diario del Sur\" \/>\n<meta property=\"og:description\" content=\"El Gobierno de Entre R\u00edos finaliz\u00f3 el sumario administrativo contra N\u00e9stor Edmundo Barrios, chofer del Hospital \u00abJusto Jos\u00e9 de Urquiza\u00bb, quien fue acusado de hostigar y acosar sexualmente a enfermeras en 2019. El Gobierno de la Provincia de Entre R\u00edos dispuso la sanci\u00f3n de Cesant\u00eda al agente N\u00e9stor Edmundo BARRIOS, quien se desempe\u00f1aba como chofer [&hellip;]\" \/>\n<meta property=\"og:url\" content=\"https:\/\/diariodelsurdigital.com.ar\/?p=5143\" \/>\n<meta property=\"og:site_name\" content=\"Diario del Sur\" \/>\n<meta property=\"article:published_time\" content=\"2025-10-15T13:07:09+00:00\" \/>\n<meta property=\"article:modified_time\" content=\"2025-10-15T13:07:10+00:00\" \/>\n<meta property=\"og:image\" content=\"https:\/\/diariodelsurdigital.com.ar\/wp-content\/uploads\/2025\/10\/md-33.webp\" \/>\n\t<meta property=\"og:image:width\" content=\"992\" \/>\n\t<meta property=\"og:image:height\" content=\"558\" \/>\n\t<meta property=\"og:image:type\" content=\"image\/webp\" \/>\n<meta name=\"author\" content=\"Diario del Sur Digital\" \/>\n<meta name=\"twitter:card\" content=\"summary_large_image\" \/>\n<meta name=\"twitter:label1\" content=\"Escrito por\" \/>\n\t<meta name=\"twitter:data1\" content=\"Diario del Sur Digital\" \/>\n\t<meta name=\"twitter:label2\" content=\"Tiempo de lectura\" \/>\n\t<meta name=\"twitter:data2\" content=\"3 minutos\" \/>\n<script type=\"application\/ld+json\" class=\"yoast-schema-graph\">{\"@context\":\"https:\\\/\\\/schema.org\",\"@graph\":[{\"@type\":\"Article\",\"@id\":\"https:\\\/\\\/diariodelsurdigital.com.ar\\\/?p=5143#article\",\"isPartOf\":{\"@id\":\"https:\\\/\\\/diariodelsurdigital.com.ar\\\/?p=5143\"},\"author\":{\"name\":\"Diario del Sur Digital\",\"@id\":\"https:\\\/\\\/diariodelsurdigital.com.ar\\\/#\\\/schema\\\/person\\\/1a4992532ed62965c968031b49195c81\"},\"headline\":\"Federal: Despidieron del Hospital a un chofer por acoso sexual y violencia de g\u00e9nero\",\"datePublished\":\"2025-10-15T13:07:09+00:00\",\"dateModified\":\"2025-10-15T13:07:10+00:00\",\"mainEntityOfPage\":{\"@id\":\"https:\\\/\\\/diariodelsurdigital.com.ar\\\/?p=5143\"},\"wordCount\":647,\"commentCount\":0,\"image\":{\"@id\":\"https:\\\/\\\/diariodelsurdigital.com.ar\\\/?p=5143#primaryimage\"},\"thumbnailUrl\":\"https:\\\/\\\/diariodelsurdigital.com.ar\\\/wp-content\\\/uploads\\\/2025\\\/10\\\/md-33.webp\",\"articleSection\":[\"Provinciales\"],\"inLanguage\":\"es\",\"potentialAction\":[{\"@type\":\"CommentAction\",\"name\":\"Comment\",\"target\":[\"https:\\\/\\\/diariodelsurdigital.com.ar\\\/?p=5143#respond\"]}]},{\"@type\":\"WebPage\",\"@id\":\"https:\\\/\\\/diariodelsurdigital.com.ar\\\/?p=5143\",\"url\":\"https:\\\/\\\/diariodelsurdigital.com.ar\\\/?p=5143\",\"name\":\"Federal: Despidieron del Hospital a un chofer por acoso sexual y violencia de g\u00e9nero - Diario del Sur\",\"isPartOf\":{\"@id\":\"https:\\\/\\\/diariodelsurdigital.com.ar\\\/#website\"},\"primaryImageOfPage\":{\"@id\":\"https:\\\/\\\/diariodelsurdigital.com.ar\\\/?p=5143#primaryimage\"},\"image\":{\"@id\":\"https:\\\/\\\/diariodelsurdigital.com.ar\\\/?p=5143#primaryimage\"},\"thumbnailUrl\":\"https:\\\/\\\/diariodelsurdigital.com.ar\\\/wp-content\\\/uploads\\\/2025\\\/10\\\/md-33.webp\",\"datePublished\":\"2025-10-15T13:07:09+00:00\",\"dateModified\":\"2025-10-15T13:07:10+00:00\",\"author\":{\"@id\":\"https:\\\/\\\/diariodelsurdigital.com.ar\\\/#\\\/schema\\\/person\\\/1a4992532ed62965c968031b49195c81\"},\"breadcrumb\":{\"@id\":\"https:\\\/\\\/diariodelsurdigital.com.ar\\\/?p=5143#breadcrumb\"},\"inLanguage\":\"es\",\"potentialAction\":[{\"@type\":\"ReadAction\",\"target\":[\"https:\\\/\\\/diariodelsurdigital.com.ar\\\/?p=5143\"]}]},{\"@type\":\"ImageObject\",\"inLanguage\":\"es\",\"@id\":\"https:\\\/\\\/diariodelsurdigital.com.ar\\\/?p=5143#primaryimage\",\"url\":\"https:\\\/\\\/diariodelsurdigital.com.ar\\\/wp-content\\\/uploads\\\/2025\\\/10\\\/md-33.webp\",\"contentUrl\":\"https:\\\/\\\/diariodelsurdigital.com.ar\\\/wp-content\\\/uploads\\\/2025\\\/10\\\/md-33.webp\",\"width\":992,\"height\":558},{\"@type\":\"BreadcrumbList\",\"@id\":\"https:\\\/\\\/diariodelsurdigital.com.ar\\\/?p=5143#breadcrumb\",\"itemListElement\":[{\"@type\":\"ListItem\",\"position\":1,\"name\":\"Portada\",\"item\":\"https:\\\/\\\/diariodelsurdigital.com.ar\\\/\"},{\"@type\":\"ListItem\",\"position\":2,\"name\":\"Federal: Despidieron del Hospital a un chofer por acoso sexual y violencia de g\u00e9nero\"}]},{\"@type\":\"WebSite\",\"@id\":\"https:\\\/\\\/diariodelsurdigital.com.ar\\\/#website\",\"url\":\"https:\\\/\\\/diariodelsurdigital.com.ar\\\/\",\"name\":\"Diario del Sur\",\"description\":\"Digital\",\"potentialAction\":[{\"@type\":\"SearchAction\",\"target\":{\"@type\":\"EntryPoint\",\"urlTemplate\":\"https:\\\/\\\/diariodelsurdigital.com.ar\\\/?s={search_term_string}\"},\"query-input\":{\"@type\":\"PropertyValueSpecification\",\"valueRequired\":true,\"valueName\":\"search_term_string\"}}],\"inLanguage\":\"es\"},{\"@type\":\"Person\",\"@id\":\"https:\\\/\\\/diariodelsurdigital.com.ar\\\/#\\\/schema\\\/person\\\/1a4992532ed62965c968031b49195c81\",\"name\":\"Diario del Sur Digital\",\"image\":{\"@type\":\"ImageObject\",\"inLanguage\":\"es\",\"@id\":\"https:\\\/\\\/secure.gravatar.com\\\/avatar\\\/f0c7c47fc7146d19828273b9b8eda651c9c7ab583767e6338d3d3bee825adf76?s=96&d=mm&r=g\",\"url\":\"https:\\\/\\\/secure.gravatar.com\\\/avatar\\\/f0c7c47fc7146d19828273b9b8eda651c9c7ab583767e6338d3d3bee825adf76?s=96&d=mm&r=g\",\"contentUrl\":\"https:\\\/\\\/secure.gravatar.com\\\/avatar\\\/f0c7c47fc7146d19828273b9b8eda651c9c7ab583767e6338d3d3bee825adf76?s=96&d=mm&r=g\",\"caption\":\"Diario del Sur Digital\"},\"url\":\"https:\\\/\\\/diariodelsurdigital.com.ar\\\/?author=4\"}]}<\/script>\n<!-- \/ Yoast SEO plugin. -->","yoast_head_json":{"title":"Federal: Despidieron del Hospital a un chofer por acoso sexual y violencia de g\u00e9nero - Diario del Sur","robots":{"index":"index","follow":"follow","max-snippet":"max-snippet:-1","max-image-preview":"max-image-preview:large","max-video-preview":"max-video-preview:-1"},"canonical":"https:\/\/diariodelsurdigital.com.ar\/?p=5143","og_locale":"es_ES","og_type":"article","og_title":"Federal: Despidieron del Hospital a un chofer por acoso sexual y violencia de g\u00e9nero - Diario del Sur","og_description":"El Gobierno de Entre R\u00edos finaliz\u00f3 el sumario administrativo contra N\u00e9stor Edmundo Barrios, chofer del Hospital \u00abJusto Jos\u00e9 de Urquiza\u00bb, quien fue acusado de hostigar y acosar sexualmente a enfermeras en 2019. El Gobierno de la Provincia de Entre R\u00edos dispuso la sanci\u00f3n de Cesant\u00eda al agente N\u00e9stor Edmundo BARRIOS, quien se desempe\u00f1aba como chofer [&hellip;]","og_url":"https:\/\/diariodelsurdigital.com.ar\/?p=5143","og_site_name":"Diario del Sur","article_published_time":"2025-10-15T13:07:09+00:00","article_modified_time":"2025-10-15T13:07:10+00:00","og_image":[{"width":992,"height":558,"url":"https:\/\/diariodelsurdigital.com.ar\/wp-content\/uploads\/2025\/10\/md-33.webp","type":"image\/webp"}],"author":"Diario del Sur Digital","twitter_card":"summary_large_image","twitter_misc":{"Escrito por":"Diario del Sur Digital","Tiempo de lectura":"3 minutos"},"schema":{"@context":"https:\/\/schema.org","@graph":[{"@type":"Article","@id":"https:\/\/diariodelsurdigital.com.ar\/?p=5143#article","isPartOf":{"@id":"https:\/\/diariodelsurdigital.com.ar\/?p=5143"},"author":{"name":"Diario del Sur Digital","@id":"https:\/\/diariodelsurdigital.com.ar\/#\/schema\/person\/1a4992532ed62965c968031b49195c81"},"headline":"Federal: Despidieron del Hospital a un chofer por acoso sexual y violencia de g\u00e9nero","datePublished":"2025-10-15T13:07:09+00:00","dateModified":"2025-10-15T13:07:10+00:00","mainEntityOfPage":{"@id":"https:\/\/diariodelsurdigital.com.ar\/?p=5143"},"wordCount":647,"commentCount":0,"image":{"@id":"https:\/\/diariodelsurdigital.com.ar\/?p=5143#primaryimage"},"thumbnailUrl":"https:\/\/diariodelsurdigital.com.ar\/wp-content\/uploads\/2025\/10\/md-33.webp","articleSection":["Provinciales"],"inLanguage":"es","potentialAction":[{"@type":"CommentAction","name":"Comment","target":["https:\/\/diariodelsurdigital.com.ar\/?p=5143#respond"]}]},{"@type":"WebPage","@id":"https:\/\/diariodelsurdigital.com.ar\/?p=5143","url":"https:\/\/diariodelsurdigital.com.ar\/?p=5143","name":"Federal: Despidieron del Hospital a un chofer por acoso sexual y violencia de g\u00e9nero - Diario del Sur","isPartOf":{"@id":"https:\/\/diariodelsurdigital.com.ar\/#website"},"primaryImageOfPage":{"@id":"https:\/\/diariodelsurdigital.com.ar\/?p=5143#primaryimage"},"image":{"@id":"https:\/\/diariodelsurdigital.com.ar\/?p=5143#primaryimage"},"thumbnailUrl":"https:\/\/diariodelsurdigital.com.ar\/wp-content\/uploads\/2025\/10\/md-33.webp","datePublished":"2025-10-15T13:07:09+00:00","dateModified":"2025-10-15T13:07:10+00:00","author":{"@id":"https:\/\/diariodelsurdigital.com.ar\/#\/schema\/person\/1a4992532ed62965c968031b49195c81"},"breadcrumb":{"@id":"https:\/\/diariodelsurdigital.com.ar\/?p=5143#breadcrumb"},"inLanguage":"es","potentialAction":[{"@type":"ReadAction","target":["https:\/\/diariodelsurdigital.com.ar\/?p=5143"]}]},{"@type":"ImageObject","inLanguage":"es","@id":"https:\/\/diariodelsurdigital.com.ar\/?p=5143#primaryimage","url":"https:\/\/diariodelsurdigital.com.ar\/wp-content\/uploads\/2025\/10\/md-33.webp","contentUrl":"https:\/\/diariodelsurdigital.com.ar\/wp-content\/uploads\/2025\/10\/md-33.webp","width":992,"height":558},{"@type":"BreadcrumbList","@id":"https:\/\/diariodelsurdigital.com.ar\/?p=5143#breadcrumb","itemListElement":[{"@type":"ListItem","position":1,"name":"Portada","item":"https:\/\/diariodelsurdigital.com.ar\/"},{"@type":"ListItem","position":2,"name":"Federal: Despidieron del Hospital a un chofer por acoso sexual y violencia de g\u00e9nero"}]},{"@type":"WebSite","@id":"https:\/\/diariodelsurdigital.com.ar\/#website","url":"https:\/\/diariodelsurdigital.com.ar\/","name":"Diario del Sur","description":"Digital","potentialAction":[{"@type":"SearchAction","target":{"@type":"EntryPoint","urlTemplate":"https:\/\/diariodelsurdigital.com.ar\/?s={search_term_string}"},"query-input":{"@type":"PropertyValueSpecification","valueRequired":true,"valueName":"search_term_string"}}],"inLanguage":"es"},{"@type":"Person","@id":"https:\/\/diariodelsurdigital.com.ar\/#\/schema\/person\/1a4992532ed62965c968031b49195c81","name":"Diario del Sur Digital","image":{"@type":"ImageObject","inLanguage":"es","@id":"https:\/\/secure.gravatar.com\/avatar\/f0c7c47fc7146d19828273b9b8eda651c9c7ab583767e6338d3d3bee825adf76?s=96&d=mm&r=g","url":"https:\/\/secure.gravatar.com\/avatar\/f0c7c47fc7146d19828273b9b8eda651c9c7ab583767e6338d3d3bee825adf76?s=96&d=mm&r=g","contentUrl":"https:\/\/secure.gravatar.com\/avatar\/f0c7c47fc7146d19828273b9b8eda651c9c7ab583767e6338d3d3bee825adf76?s=96&d=mm&r=g","caption":"Diario del Sur Digital"},"url":"https:\/\/diariodelsurdigital.com.ar\/?author=4"}]}},"_links":{"self":[{"href":"https:\/\/diariodelsurdigital.com.ar\/index.php?rest_route=\/wp\/v2\/posts\/5143","targetHints":{"allow":["GET"]}}],"collection":[{"href":"https:\/\/diariodelsurdigital.com.ar\/index.php?rest_route=\/wp\/v2\/posts"}],"about":[{"href":"https:\/\/diariodelsurdigital.com.ar\/index.php?rest_route=\/wp\/v2\/types\/post"}],"author":[{"embeddable":true,"href":"https:\/\/diariodelsurdigital.com.ar\/index.php?rest_route=\/wp\/v2\/users\/4"}],"replies":[{"embeddable":true,"href":"https:\/\/diariodelsurdigital.com.ar\/index.php?rest_route=%2Fwp%2Fv2%2Fcomments&post=5143"}],"version-history":[{"count":1,"href":"https:\/\/diariodelsurdigital.com.ar\/index.php?rest_route=\/wp\/v2\/posts\/5143\/revisions"}],"predecessor-version":[{"id":5145,"href":"https:\/\/diariodelsurdigital.com.ar\/index.php?rest_route=\/wp\/v2\/posts\/5143\/revisions\/5145"}],"wp:featuredmedia":[{"embeddable":true,"href":"https:\/\/diariodelsurdigital.com.ar\/index.php?rest_route=\/wp\/v2\/media\/5144"}],"wp:attachment":[{"href":"https:\/\/diariodelsurdigital.com.ar\/index.php?rest_route=%2Fwp%2Fv2%2Fmedia&parent=5143"}],"wp:term":[{"taxonomy":"category","embeddable":true,"href":"https:\/\/diariodelsurdigital.com.ar\/index.php?rest_route=%2Fwp%2Fv2%2Fcategories&post=5143"},{"taxonomy":"post_tag","embeddable":true,"href":"https:\/\/diariodelsurdigital.com.ar\/index.php?rest_route=%2Fwp%2Fv2%2Ftags&post=5143"}],"curies":[{"name":"wp","href":"https:\/\/api.w.org\/{rel}","templated":true}]}}