{"id":5153,"date":"2025-10-16T09:28:18","date_gmt":"2025-10-16T12:28:18","guid":{"rendered":"https:\/\/diariodelsurdigital.com.ar\/?p=5153"},"modified":"2025-10-16T09:28:19","modified_gmt":"2025-10-16T12:28:19","slug":"el-gobierno-presento-el-proyecto-de-ley-de-presupuesto-2026-atado-a-las-directivas-de-nacion","status":"publish","type":"post","link":"https:\/\/diariodelsurdigital.com.ar\/?p=5153","title":{"rendered":"El Gobierno present\u00f3 el proyecto de Ley de Presupuesto 2026 atado a las directivas de Naci\u00f3n"},"content":{"rendered":"\n<p>El Proyecto de Presupuesto para el ejercicio fiscal 2026 tiene \u201cen consideraci\u00f3n las variables macroecon\u00f3micas que surgen del marco macro-fiscal elaborado por el Gobierno Nacional, conforme lo establecido por el R\u00e9gimen Federal de Responsabilidad Fiscal contenido en el Proyecto de Presupuesto Nacional recientemente elevado\u201d. Ingres\u00f3 por la C\u00e1mara de Diputados.<\/p>\n\n\n\n<p><\/p>\n\n\n\n<p>El Poder Ejecutivo present\u00f3 este mi\u00e9rcoles en la C\u00e1mara de Diputados el proyecto de ley de Presupuesto General de la Administraci\u00f3n P\u00fablica Provincial, para el Ejercicio Fiscal 2026.<\/p>\n\n\n\n<p>En los fundamentos de la inciativa -que lleva la firma del gobernador, Rogelio Frigerio, y del ministro de Econom\u00eda, Fabi\u00e1n Boleas-, se indic\u00f3 que \u201cel Proyecto de Presupuesto de la Administraci\u00f3n Provincial expresa la consolidaci\u00f3n de Recursos, y la correspondiente asignaci\u00f3n de los Gastos, poniendo de manifiesto su importancia fundamental, tanto desde el punto de vista de la transparencia de la gesti\u00f3n de gobierno, as\u00ed como su empleo como herramienta de pol\u00edtica econ\u00f3mica y social, y de previsibilidad para el resto de los actores econ\u00f3micos\u201d.<\/p>\n\n\n\n<p>Asimismo se se\u00f1al\u00f3 que \u201ca trav\u00e9s de la t\u00e9cnica de presupuesto por programas se logra una ejecuci\u00f3n en funci\u00f3n de los objetivos y metas trazadas, introduciendo al an\u00e1lisis no solo la dimensi\u00f3n financiera sino tambi\u00e9n la f\u00edsica, permitiendo un control de gesti\u00f3n que eval\u00fae y garantice su cumplimiento en la forma m\u00e1s eficiente y eficaz posible\u201d.<\/p>\n\n\n\n<p>Se tomaron en cuenta las variables macro del Gobierno Nacional<\/p>\n\n\n\n<p>En el proyecto de la Ley de Leyes se precis\u00f3 que \u201cpara la formulaci\u00f3n del Proyecto de Presupuesto que se remite se han tomado en consideraci\u00f3n las variables macroecon\u00f3micas que surgen del marco macrofiscal elaborado por el Gobierno Nacional conforme lo establecido por el R\u00e9gimen Federal de Responsabilidad Fiscal, estimaciones \u00e9stas, contenidas en el Proyecto de Presupuesto Nacional para el Ejercicio 2026 recientemente elevado\u201d.<\/p>\n\n\n\n<p>Otro de los puntos se\u00f1alados demostr\u00f3 que \u201cla documentaci\u00f3n que se remite, en formato digital, se integra con el Proyecto de Ley de Presupuesto General de la Administraci\u00f3n P\u00fablica Provincial Ejercicio 2026, y las correspondientes planillas anexas a su articulado e informaci\u00f3n complementaria\u201d y agreg\u00f3 que \u201cel presente Mensaje de remisi\u00f3n, contiene en sus anexos una rese\u00f1a del contexto econ\u00f3mico global en el que se inserta el Proyecto de Presupuesto, un an\u00e1lisis de aspectos de las finanzas provinciales y de las pol\u00edticas presupuestarias, y las caracter\u00edsticas de los distintos componentes de la estructura presupuestaria tanto a nivel de Recursos como de Erogaciones\u201d.<\/p>\n\n\n\n<p>El Poder Ejecutivo adjunt\u00f3 adem\u00e1s \u201cun Informe sobre la estimaci\u00f3n del Gasto Tributario, en cumplimiento a lo determinado por provincia de Entre Rios \u2013 Poder Ejecutivo el Art\u00edculo 18\u00ba de la Ley N\u00ba 25.917 de Responsabilidad Fiscal, a la cual la Provincia ha adherido por Ley N\u00ba 9.592\u201d y consign\u00f3 que \u201cel Proyecto de Presupuesto que se eleva no contempla una previsi\u00f3n para Garant\u00edas y\/o Avales, en consideraci\u00f3n a lo establecido en el Art\u00edculo 23\u00ba de la Ley de Responsabilidad Fiscal, por cuanto no se ha previsto su otorgamiento para el ejercicio 2026\u201d.<\/p>\n\n\n\n<p>Tambi\u00e9n se mencion\u00f3 que \u201ccomo documento complementario y con car\u00e1cter informativo, se remitir\u00e1 a esa Honorable Legislatura antes del 30 de Noviembre del actual a\u00f1o el Presupuesto Plurianual para los a\u00f1os 2026 \u2013 2028, que contendr\u00e1 los objetivos de mediano plazo en materia de finanzas p\u00fablicas, y que se confecciona en virtud de lo establecido por la Ley N\u00ba 25.917 de Responsabilidad Fiscal\u201d.<\/p>\n\n\n\n<p>Finalmente, se sostuvo que \u00ablas proyecciones presupuestarias de mediano plazo, aportan a la fijaci\u00f3n de un horizonte fiscal y resultan una herramienta de importancia para la toma de decisiones. Por todo esto, es que solicita tratamiento y sanci\u00f3n del proyecto de ley que se presenta\u00bb.<\/p>\n","protected":false},"excerpt":{"rendered":"<p>El Proyecto de Presupuesto para el ejercicio fiscal 2026 tiene \u201cen consideraci\u00f3n las variables macroecon\u00f3micas que surgen del marco macro-fiscal elaborado por el Gobierno Nacional, conforme lo establecido por el R\u00e9gimen Federal de Responsabilidad Fiscal contenido en el Proyecto de Presupuesto Nacional recientemente elevado\u201d. Ingres\u00f3 por la C\u00e1mara de Diputados. El Poder Ejecutivo present\u00f3 este [&hellip;]<\/p>\n","protected":false},"author":4,"featured_media":5154,"comment_status":"open","ping_status":"open","sticky":false,"template":"","format":"standard","meta":{"footnotes":""},"categories":[22,17],"tags":[],"class_list":{"0":"post-5153","1":"post","2":"type-post","3":"status-publish","4":"format-standard","5":"has-post-thumbnail","7":"category-politica","8":"category-provinciales"},"yoast_head":"<!-- This site is optimized with the Yoast SEO plugin v27.4 - https:\/\/yoast.com\/product\/yoast-seo-wordpress\/ -->\n<title>El Gobierno present\u00f3 el proyecto de Ley de Presupuesto 2026 atado a las directivas de Naci\u00f3n - Diario del Sur<\/title>\n<meta name=\"robots\" content=\"index, follow, max-snippet:-1, max-image-preview:large, max-video-preview:-1\" \/>\n<link rel=\"canonical\" href=\"https:\/\/diariodelsurdigital.com.ar\/?p=5153\" \/>\n<meta property=\"og:locale\" content=\"es_ES\" \/>\n<meta property=\"og:type\" content=\"article\" \/>\n<meta property=\"og:title\" content=\"El Gobierno present\u00f3 el proyecto de Ley de Presupuesto 2026 atado a las directivas de Naci\u00f3n - Diario del Sur\" \/>\n<meta property=\"og:description\" content=\"El Proyecto de Presupuesto para el ejercicio fiscal 2026 tiene \u201cen consideraci\u00f3n las variables macroecon\u00f3micas que surgen del marco macro-fiscal elaborado por el Gobierno Nacional, conforme lo establecido por el R\u00e9gimen Federal de Responsabilidad Fiscal contenido en el Proyecto de Presupuesto Nacional recientemente elevado\u201d. Ingres\u00f3 por la C\u00e1mara de Diputados. El Poder Ejecutivo present\u00f3 este [&hellip;]\" \/>\n<meta property=\"og:url\" content=\"https:\/\/diariodelsurdigital.com.ar\/?p=5153\" \/>\n<meta property=\"og:site_name\" content=\"Diario del Sur\" \/>\n<meta property=\"article:published_time\" content=\"2025-10-16T12:28:18+00:00\" \/>\n<meta property=\"article:modified_time\" content=\"2025-10-16T12:28:19+00:00\" \/>\n<meta property=\"og:image\" content=\"https:\/\/diariodelsurdigital.com.ar\/wp-content\/uploads\/2025\/10\/md-35.webp\" \/>\n\t<meta property=\"og:image:width\" content=\"992\" \/>\n\t<meta property=\"og:image:height\" content=\"661\" \/>\n\t<meta property=\"og:image:type\" content=\"image\/webp\" \/>\n<meta name=\"author\" content=\"Diario del Sur Digital\" \/>\n<meta name=\"twitter:card\" content=\"summary_large_image\" \/>\n<meta name=\"twitter:label1\" content=\"Escrito por\" \/>\n\t<meta name=\"twitter:data1\" content=\"Diario del Sur Digital\" \/>\n\t<meta name=\"twitter:label2\" content=\"Tiempo de lectura\" \/>\n\t<meta name=\"twitter:data2\" content=\"3 minutos\" \/>\n<script type=\"application\/ld+json\" class=\"yoast-schema-graph\">{\"@context\":\"https:\\\/\\\/schema.org\",\"@graph\":[{\"@type\":\"Article\",\"@id\":\"https:\\\/\\\/diariodelsurdigital.com.ar\\\/?p=5153#article\",\"isPartOf\":{\"@id\":\"https:\\\/\\\/diariodelsurdigital.com.ar\\\/?p=5153\"},\"author\":{\"name\":\"Diario del Sur Digital\",\"@id\":\"https:\\\/\\\/diariodelsurdigital.com.ar\\\/#\\\/schema\\\/person\\\/1a4992532ed62965c968031b49195c81\"},\"headline\":\"El Gobierno present\u00f3 el proyecto de Ley de Presupuesto 2026 atado a las directivas de Naci\u00f3n\",\"datePublished\":\"2025-10-16T12:28:18+00:00\",\"dateModified\":\"2025-10-16T12:28:19+00:00\",\"mainEntityOfPage\":{\"@id\":\"https:\\\/\\\/diariodelsurdigital.com.ar\\\/?p=5153\"},\"wordCount\":656,\"commentCount\":0,\"image\":{\"@id\":\"https:\\\/\\\/diariodelsurdigital.com.ar\\\/?p=5153#primaryimage\"},\"thumbnailUrl\":\"https:\\\/\\\/diariodelsurdigital.com.ar\\\/wp-content\\\/uploads\\\/2025\\\/10\\\/md-35.webp\",\"articleSection\":[\"Pol\u00edtica\",\"Provinciales\"],\"inLanguage\":\"es\",\"potentialAction\":[{\"@type\":\"CommentAction\",\"name\":\"Comment\",\"target\":[\"https:\\\/\\\/diariodelsurdigital.com.ar\\\/?p=5153#respond\"]}]},{\"@type\":\"WebPage\",\"@id\":\"https:\\\/\\\/diariodelsurdigital.com.ar\\\/?p=5153\",\"url\":\"https:\\\/\\\/diariodelsurdigital.com.ar\\\/?p=5153\",\"name\":\"El Gobierno present\u00f3 el proyecto de Ley de Presupuesto 2026 atado a las directivas de Naci\u00f3n - Diario del Sur\",\"isPartOf\":{\"@id\":\"https:\\\/\\\/diariodelsurdigital.com.ar\\\/#website\"},\"primaryImageOfPage\":{\"@id\":\"https:\\\/\\\/diariodelsurdigital.com.ar\\\/?p=5153#primaryimage\"},\"image\":{\"@id\":\"https:\\\/\\\/diariodelsurdigital.com.ar\\\/?p=5153#primaryimage\"},\"thumbnailUrl\":\"https:\\\/\\\/diariodelsurdigital.com.ar\\\/wp-content\\\/uploads\\\/2025\\\/10\\\/md-35.webp\",\"datePublished\":\"2025-10-16T12:28:18+00:00\",\"dateModified\":\"2025-10-16T12:28:19+00:00\",\"author\":{\"@id\":\"https:\\\/\\\/diariodelsurdigital.com.ar\\\/#\\\/schema\\\/person\\\/1a4992532ed62965c968031b49195c81\"},\"breadcrumb\":{\"@id\":\"https:\\\/\\\/diariodelsurdigital.com.ar\\\/?p=5153#breadcrumb\"},\"inLanguage\":\"es\",\"potentialAction\":[{\"@type\":\"ReadAction\",\"target\":[\"https:\\\/\\\/diariodelsurdigital.com.ar\\\/?p=5153\"]}]},{\"@type\":\"ImageObject\",\"inLanguage\":\"es\",\"@id\":\"https:\\\/\\\/diariodelsurdigital.com.ar\\\/?p=5153#primaryimage\",\"url\":\"https:\\\/\\\/diariodelsurdigital.com.ar\\\/wp-content\\\/uploads\\\/2025\\\/10\\\/md-35.webp\",\"contentUrl\":\"https:\\\/\\\/diariodelsurdigital.com.ar\\\/wp-content\\\/uploads\\\/2025\\\/10\\\/md-35.webp\",\"width\":992,\"height\":661},{\"@type\":\"BreadcrumbList\",\"@id\":\"https:\\\/\\\/diariodelsurdigital.com.ar\\\/?p=5153#breadcrumb\",\"itemListElement\":[{\"@type\":\"ListItem\",\"position\":1,\"name\":\"Portada\",\"item\":\"https:\\\/\\\/diariodelsurdigital.com.ar\\\/\"},{\"@type\":\"ListItem\",\"position\":2,\"name\":\"El Gobierno present\u00f3 el proyecto de Ley de Presupuesto 2026 atado a las directivas de Naci\u00f3n\"}]},{\"@type\":\"WebSite\",\"@id\":\"https:\\\/\\\/diariodelsurdigital.com.ar\\\/#website\",\"url\":\"https:\\\/\\\/diariodelsurdigital.com.ar\\\/\",\"name\":\"Diario del Sur\",\"description\":\"Digital\",\"potentialAction\":[{\"@type\":\"SearchAction\",\"target\":{\"@type\":\"EntryPoint\",\"urlTemplate\":\"https:\\\/\\\/diariodelsurdigital.com.ar\\\/?s={search_term_string}\"},\"query-input\":{\"@type\":\"PropertyValueSpecification\",\"valueRequired\":true,\"valueName\":\"search_term_string\"}}],\"inLanguage\":\"es\"},{\"@type\":\"Person\",\"@id\":\"https:\\\/\\\/diariodelsurdigital.com.ar\\\/#\\\/schema\\\/person\\\/1a4992532ed62965c968031b49195c81\",\"name\":\"Diario del Sur Digital\",\"image\":{\"@type\":\"ImageObject\",\"inLanguage\":\"es\",\"@id\":\"https:\\\/\\\/secure.gravatar.com\\\/avatar\\\/f0c7c47fc7146d19828273b9b8eda651c9c7ab583767e6338d3d3bee825adf76?s=96&d=mm&r=g\",\"url\":\"https:\\\/\\\/secure.gravatar.com\\\/avatar\\\/f0c7c47fc7146d19828273b9b8eda651c9c7ab583767e6338d3d3bee825adf76?s=96&d=mm&r=g\",\"contentUrl\":\"https:\\\/\\\/secure.gravatar.com\\\/avatar\\\/f0c7c47fc7146d19828273b9b8eda651c9c7ab583767e6338d3d3bee825adf76?s=96&d=mm&r=g\",\"caption\":\"Diario del Sur Digital\"},\"url\":\"https:\\\/\\\/diariodelsurdigital.com.ar\\\/?author=4\"}]}<\/script>\n<!-- \/ Yoast SEO plugin. -->","yoast_head_json":{"title":"El Gobierno present\u00f3 el proyecto de Ley de Presupuesto 2026 atado a las directivas de Naci\u00f3n - Diario del Sur","robots":{"index":"index","follow":"follow","max-snippet":"max-snippet:-1","max-image-preview":"max-image-preview:large","max-video-preview":"max-video-preview:-1"},"canonical":"https:\/\/diariodelsurdigital.com.ar\/?p=5153","og_locale":"es_ES","og_type":"article","og_title":"El Gobierno present\u00f3 el proyecto de Ley de Presupuesto 2026 atado a las directivas de Naci\u00f3n - Diario del Sur","og_description":"El Proyecto de Presupuesto para el ejercicio fiscal 2026 tiene \u201cen consideraci\u00f3n las variables macroecon\u00f3micas que surgen del marco macro-fiscal elaborado por el Gobierno Nacional, conforme lo establecido por el R\u00e9gimen Federal de Responsabilidad Fiscal contenido en el Proyecto de Presupuesto Nacional recientemente elevado\u201d. Ingres\u00f3 por la C\u00e1mara de Diputados. El Poder Ejecutivo present\u00f3 este [&hellip;]","og_url":"https:\/\/diariodelsurdigital.com.ar\/?p=5153","og_site_name":"Diario del Sur","article_published_time":"2025-10-16T12:28:18+00:00","article_modified_time":"2025-10-16T12:28:19+00:00","og_image":[{"width":992,"height":661,"url":"https:\/\/diariodelsurdigital.com.ar\/wp-content\/uploads\/2025\/10\/md-35.webp","type":"image\/webp"}],"author":"Diario del Sur Digital","twitter_card":"summary_large_image","twitter_misc":{"Escrito por":"Diario del Sur Digital","Tiempo de lectura":"3 minutos"},"schema":{"@context":"https:\/\/schema.org","@graph":[{"@type":"Article","@id":"https:\/\/diariodelsurdigital.com.ar\/?p=5153#article","isPartOf":{"@id":"https:\/\/diariodelsurdigital.com.ar\/?p=5153"},"author":{"name":"Diario del Sur Digital","@id":"https:\/\/diariodelsurdigital.com.ar\/#\/schema\/person\/1a4992532ed62965c968031b49195c81"},"headline":"El Gobierno present\u00f3 el proyecto de Ley de Presupuesto 2026 atado a las directivas de Naci\u00f3n","datePublished":"2025-10-16T12:28:18+00:00","dateModified":"2025-10-16T12:28:19+00:00","mainEntityOfPage":{"@id":"https:\/\/diariodelsurdigital.com.ar\/?p=5153"},"wordCount":656,"commentCount":0,"image":{"@id":"https:\/\/diariodelsurdigital.com.ar\/?p=5153#primaryimage"},"thumbnailUrl":"https:\/\/diariodelsurdigital.com.ar\/wp-content\/uploads\/2025\/10\/md-35.webp","articleSection":["Pol\u00edtica","Provinciales"],"inLanguage":"es","potentialAction":[{"@type":"CommentAction","name":"Comment","target":["https:\/\/diariodelsurdigital.com.ar\/?p=5153#respond"]}]},{"@type":"WebPage","@id":"https:\/\/diariodelsurdigital.com.ar\/?p=5153","url":"https:\/\/diariodelsurdigital.com.ar\/?p=5153","name":"El Gobierno present\u00f3 el proyecto de Ley de Presupuesto 2026 atado a las directivas de Naci\u00f3n - Diario del Sur","isPartOf":{"@id":"https:\/\/diariodelsurdigital.com.ar\/#website"},"primaryImageOfPage":{"@id":"https:\/\/diariodelsurdigital.com.ar\/?p=5153#primaryimage"},"image":{"@id":"https:\/\/diariodelsurdigital.com.ar\/?p=5153#primaryimage"},"thumbnailUrl":"https:\/\/diariodelsurdigital.com.ar\/wp-content\/uploads\/2025\/10\/md-35.webp","datePublished":"2025-10-16T12:28:18+00:00","dateModified":"2025-10-16T12:28:19+00:00","author":{"@id":"https:\/\/diariodelsurdigital.com.ar\/#\/schema\/person\/1a4992532ed62965c968031b49195c81"},"breadcrumb":{"@id":"https:\/\/diariodelsurdigital.com.ar\/?p=5153#breadcrumb"},"inLanguage":"es","potentialAction":[{"@type":"ReadAction","target":["https:\/\/diariodelsurdigital.com.ar\/?p=5153"]}]},{"@type":"ImageObject","inLanguage":"es","@id":"https:\/\/diariodelsurdigital.com.ar\/?p=5153#primaryimage","url":"https:\/\/diariodelsurdigital.com.ar\/wp-content\/uploads\/2025\/10\/md-35.webp","contentUrl":"https:\/\/diariodelsurdigital.com.ar\/wp-content\/uploads\/2025\/10\/md-35.webp","width":992,"height":661},{"@type":"BreadcrumbList","@id":"https:\/\/diariodelsurdigital.com.ar\/?p=5153#breadcrumb","itemListElement":[{"@type":"ListItem","position":1,"name":"Portada","item":"https:\/\/diariodelsurdigital.com.ar\/"},{"@type":"ListItem","position":2,"name":"El Gobierno present\u00f3 el proyecto de Ley de Presupuesto 2026 atado a las directivas de Naci\u00f3n"}]},{"@type":"WebSite","@id":"https:\/\/diariodelsurdigital.com.ar\/#website","url":"https:\/\/diariodelsurdigital.com.ar\/","name":"Diario del Sur","description":"Digital","potentialAction":[{"@type":"SearchAction","target":{"@type":"EntryPoint","urlTemplate":"https:\/\/diariodelsurdigital.com.ar\/?s={search_term_string}"},"query-input":{"@type":"PropertyValueSpecification","valueRequired":true,"valueName":"search_term_string"}}],"inLanguage":"es"},{"@type":"Person","@id":"https:\/\/diariodelsurdigital.com.ar\/#\/schema\/person\/1a4992532ed62965c968031b49195c81","name":"Diario del Sur Digital","image":{"@type":"ImageObject","inLanguage":"es","@id":"https:\/\/secure.gravatar.com\/avatar\/f0c7c47fc7146d19828273b9b8eda651c9c7ab583767e6338d3d3bee825adf76?s=96&d=mm&r=g","url":"https:\/\/secure.gravatar.com\/avatar\/f0c7c47fc7146d19828273b9b8eda651c9c7ab583767e6338d3d3bee825adf76?s=96&d=mm&r=g","contentUrl":"https:\/\/secure.gravatar.com\/avatar\/f0c7c47fc7146d19828273b9b8eda651c9c7ab583767e6338d3d3bee825adf76?s=96&d=mm&r=g","caption":"Diario del Sur Digital"},"url":"https:\/\/diariodelsurdigital.com.ar\/?author=4"}]}},"_links":{"self":[{"href":"https:\/\/diariodelsurdigital.com.ar\/index.php?rest_route=\/wp\/v2\/posts\/5153","targetHints":{"allow":["GET"]}}],"collection":[{"href":"https:\/\/diariodelsurdigital.com.ar\/index.php?rest_route=\/wp\/v2\/posts"}],"about":[{"href":"https:\/\/diariodelsurdigital.com.ar\/index.php?rest_route=\/wp\/v2\/types\/post"}],"author":[{"embeddable":true,"href":"https:\/\/diariodelsurdigital.com.ar\/index.php?rest_route=\/wp\/v2\/users\/4"}],"replies":[{"embeddable":true,"href":"https:\/\/diariodelsurdigital.com.ar\/index.php?rest_route=%2Fwp%2Fv2%2Fcomments&post=5153"}],"version-history":[{"count":1,"href":"https:\/\/diariodelsurdigital.com.ar\/index.php?rest_route=\/wp\/v2\/posts\/5153\/revisions"}],"predecessor-version":[{"id":5155,"href":"https:\/\/diariodelsurdigital.com.ar\/index.php?rest_route=\/wp\/v2\/posts\/5153\/revisions\/5155"}],"wp:featuredmedia":[{"embeddable":true,"href":"https:\/\/diariodelsurdigital.com.ar\/index.php?rest_route=\/wp\/v2\/media\/5154"}],"wp:attachment":[{"href":"https:\/\/diariodelsurdigital.com.ar\/index.php?rest_route=%2Fwp%2Fv2%2Fmedia&parent=5153"}],"wp:term":[{"taxonomy":"category","embeddable":true,"href":"https:\/\/diariodelsurdigital.com.ar\/index.php?rest_route=%2Fwp%2Fv2%2Fcategories&post=5153"},{"taxonomy":"post_tag","embeddable":true,"href":"https:\/\/diariodelsurdigital.com.ar\/index.php?rest_route=%2Fwp%2Fv2%2Ftags&post=5153"}],"curies":[{"name":"wp","href":"https:\/\/api.w.org\/{rel}","templated":true}]}}