{"id":5156,"date":"2025-10-16T09:30:13","date_gmt":"2025-10-16T12:30:13","guid":{"rendered":"https:\/\/diariodelsurdigital.com.ar\/?p=5156"},"modified":"2025-10-16T09:30:14","modified_gmt":"2025-10-16T12:30:14","slug":"grabois-recibio-a-gaillard-y-rubattino-y-reafirmo-su-respaldo-politico","status":"publish","type":"post","link":"https:\/\/diariodelsurdigital.com.ar\/?p=5156","title":{"rendered":"Grabois recibi\u00f3 a Gaillard y Rubattino y reafirm\u00f3 su respaldo pol\u00edtico"},"content":{"rendered":"\n<p>A d\u00edas de la elecci\u00f3n legislativa, el referente de Patria Grande, Juan Grabois, mantuvo un encuentro con las candidatas entrerrianas de la lista Ahora 503, Carolina Gaillard, Paola Rubattino y Evelina Kloster, donde ratific\u00f3 su apoyo al proyecto pol\u00edtico que representan.<\/p>\n\n\n\n<p>Durante la reuni\u00f3n, compartieron una mirada com\u00fan sobre la situaci\u00f3n social de la provincia y la necesidad de fortalecer una representaci\u00f3n comprometida con el campo nacional y popular. \u201cHubiese sido bueno que se lograra la unidad, pero lo importante hoy es ofrecer al pueblo entrerriano una opci\u00f3n con identidad y convicciones\u201d, expres\u00f3 Kloster.<\/p>\n\n\n\n<p>Las referentes entrerrianas de Patria Grande, Evelina Kloster y Ludmila Fern\u00e1ndez, junto a quienes encabezan la lista, acercaron al dirigente un diagn\u00f3stico sobre las problem\u00e1ticas sociales que atraviesan sus territorios. Coincidieron en la necesidad de ponerle un freno a las pol\u00edticas de ajuste de Milei y Frigerio y de construir una agenda que priorice una Argentina humana, con Techo, Tierra y Trabajo para todos, basada en la producci\u00f3n y la ampliaci\u00f3n de derechos sociales.<\/p>\n\n\n\n<p>Tras el encuentro, Paola Rubattino valor\u00f3 el acompa\u00f1amiento de Grabois y destac\u00f3 la decisi\u00f3n de ofrecer al electorado entrerriano una opci\u00f3n verdadera que represente al campo nacional y popular y no est\u00e9 atada a los acuerdos de poder\u201d. Por ese motivo el esp\u00edritu de la lista Ahora 503 es marcar \u201cla importancia de llevar al Congreso representantes sin condicionamientos, con el coraje y la coherencia necesaria para defender los intereses del pueblo entrerriano\u201d.<\/p>\n\n\n\n<p>En la misma l\u00ednea, las candidatas remarcaron la necesidad de conformar un espacio pol\u00edtico comprometido con los desaf\u00edos de esta etapa. \u201cNos une una mirada com\u00fan sobre lo que est\u00e1 pasando en la Argentina y la convicci\u00f3n de que otro camino es posible\u201d, concluy\u00f3 Carolina Gaillard.<\/p>\n","protected":false},"excerpt":{"rendered":"<p>A d\u00edas de la elecci\u00f3n legislativa, el referente de Patria Grande, Juan Grabois, mantuvo un encuentro con las candidatas entrerrianas de la lista Ahora 503, Carolina Gaillard, Paola Rubattino y Evelina Kloster, donde ratific\u00f3 su apoyo al proyecto pol\u00edtico que representan. Durante la reuni\u00f3n, compartieron una mirada com\u00fan sobre la situaci\u00f3n social de la provincia [&hellip;]<\/p>\n","protected":false},"author":4,"featured_media":5157,"comment_status":"open","ping_status":"open","sticky":false,"template":"","format":"standard","meta":{"footnotes":""},"categories":[22,17],"tags":[],"class_list":{"0":"post-5156","1":"post","2":"type-post","3":"status-publish","4":"format-standard","5":"has-post-thumbnail","7":"category-politica","8":"category-provinciales"},"yoast_head":"<!-- This site is optimized with the Yoast SEO plugin v27.4 - https:\/\/yoast.com\/product\/yoast-seo-wordpress\/ -->\n<title>Grabois recibi\u00f3 a Gaillard y Rubattino y reafirm\u00f3 su respaldo pol\u00edtico - Diario del Sur<\/title>\n<meta name=\"robots\" content=\"index, follow, max-snippet:-1, max-image-preview:large, max-video-preview:-1\" \/>\n<link rel=\"canonical\" href=\"https:\/\/diariodelsurdigital.com.ar\/?p=5156\" \/>\n<meta property=\"og:locale\" content=\"es_ES\" \/>\n<meta property=\"og:type\" content=\"article\" \/>\n<meta property=\"og:title\" content=\"Grabois recibi\u00f3 a Gaillard y Rubattino y reafirm\u00f3 su respaldo pol\u00edtico - Diario del Sur\" \/>\n<meta property=\"og:description\" content=\"A d\u00edas de la elecci\u00f3n legislativa, el referente de Patria Grande, Juan Grabois, mantuvo un encuentro con las candidatas entrerrianas de la lista Ahora 503, Carolina Gaillard, Paola Rubattino y Evelina Kloster, donde ratific\u00f3 su apoyo al proyecto pol\u00edtico que representan. Durante la reuni\u00f3n, compartieron una mirada com\u00fan sobre la situaci\u00f3n social de la provincia [&hellip;]\" \/>\n<meta property=\"og:url\" content=\"https:\/\/diariodelsurdigital.com.ar\/?p=5156\" \/>\n<meta property=\"og:site_name\" content=\"Diario del Sur\" \/>\n<meta property=\"article:published_time\" content=\"2025-10-16T12:30:13+00:00\" \/>\n<meta property=\"article:modified_time\" content=\"2025-10-16T12:30:14+00:00\" \/>\n<meta property=\"og:image\" content=\"https:\/\/diariodelsurdigital.com.ar\/wp-content\/uploads\/2025\/10\/md-36.webp\" \/>\n\t<meta property=\"og:image:width\" content=\"912\" \/>\n\t<meta property=\"og:image:height\" content=\"992\" \/>\n\t<meta property=\"og:image:type\" content=\"image\/webp\" \/>\n<meta name=\"author\" content=\"Diario del Sur Digital\" \/>\n<meta name=\"twitter:card\" content=\"summary_large_image\" \/>\n<meta name=\"twitter:label1\" content=\"Escrito por\" \/>\n\t<meta name=\"twitter:data1\" content=\"Diario del Sur Digital\" \/>\n\t<meta name=\"twitter:label2\" content=\"Tiempo de lectura\" \/>\n\t<meta name=\"twitter:data2\" content=\"2 minutos\" \/>\n<script type=\"application\/ld+json\" class=\"yoast-schema-graph\">{\"@context\":\"https:\\\/\\\/schema.org\",\"@graph\":[{\"@type\":\"Article\",\"@id\":\"https:\\\/\\\/diariodelsurdigital.com.ar\\\/?p=5156#article\",\"isPartOf\":{\"@id\":\"https:\\\/\\\/diariodelsurdigital.com.ar\\\/?p=5156\"},\"author\":{\"name\":\"Diario del Sur Digital\",\"@id\":\"https:\\\/\\\/diariodelsurdigital.com.ar\\\/#\\\/schema\\\/person\\\/1a4992532ed62965c968031b49195c81\"},\"headline\":\"Grabois recibi\u00f3 a Gaillard y Rubattino y reafirm\u00f3 su respaldo pol\u00edtico\",\"datePublished\":\"2025-10-16T12:30:13+00:00\",\"dateModified\":\"2025-10-16T12:30:14+00:00\",\"mainEntityOfPage\":{\"@id\":\"https:\\\/\\\/diariodelsurdigital.com.ar\\\/?p=5156\"},\"wordCount\":320,\"commentCount\":0,\"image\":{\"@id\":\"https:\\\/\\\/diariodelsurdigital.com.ar\\\/?p=5156#primaryimage\"},\"thumbnailUrl\":\"https:\\\/\\\/diariodelsurdigital.com.ar\\\/wp-content\\\/uploads\\\/2025\\\/10\\\/md-36.webp\",\"articleSection\":[\"Pol\u00edtica\",\"Provinciales\"],\"inLanguage\":\"es\",\"potentialAction\":[{\"@type\":\"CommentAction\",\"name\":\"Comment\",\"target\":[\"https:\\\/\\\/diariodelsurdigital.com.ar\\\/?p=5156#respond\"]}]},{\"@type\":\"WebPage\",\"@id\":\"https:\\\/\\\/diariodelsurdigital.com.ar\\\/?p=5156\",\"url\":\"https:\\\/\\\/diariodelsurdigital.com.ar\\\/?p=5156\",\"name\":\"Grabois recibi\u00f3 a Gaillard y Rubattino y reafirm\u00f3 su respaldo pol\u00edtico - Diario del Sur\",\"isPartOf\":{\"@id\":\"https:\\\/\\\/diariodelsurdigital.com.ar\\\/#website\"},\"primaryImageOfPage\":{\"@id\":\"https:\\\/\\\/diariodelsurdigital.com.ar\\\/?p=5156#primaryimage\"},\"image\":{\"@id\":\"https:\\\/\\\/diariodelsurdigital.com.ar\\\/?p=5156#primaryimage\"},\"thumbnailUrl\":\"https:\\\/\\\/diariodelsurdigital.com.ar\\\/wp-content\\\/uploads\\\/2025\\\/10\\\/md-36.webp\",\"datePublished\":\"2025-10-16T12:30:13+00:00\",\"dateModified\":\"2025-10-16T12:30:14+00:00\",\"author\":{\"@id\":\"https:\\\/\\\/diariodelsurdigital.com.ar\\\/#\\\/schema\\\/person\\\/1a4992532ed62965c968031b49195c81\"},\"breadcrumb\":{\"@id\":\"https:\\\/\\\/diariodelsurdigital.com.ar\\\/?p=5156#breadcrumb\"},\"inLanguage\":\"es\",\"potentialAction\":[{\"@type\":\"ReadAction\",\"target\":[\"https:\\\/\\\/diariodelsurdigital.com.ar\\\/?p=5156\"]}]},{\"@type\":\"ImageObject\",\"inLanguage\":\"es\",\"@id\":\"https:\\\/\\\/diariodelsurdigital.com.ar\\\/?p=5156#primaryimage\",\"url\":\"https:\\\/\\\/diariodelsurdigital.com.ar\\\/wp-content\\\/uploads\\\/2025\\\/10\\\/md-36.webp\",\"contentUrl\":\"https:\\\/\\\/diariodelsurdigital.com.ar\\\/wp-content\\\/uploads\\\/2025\\\/10\\\/md-36.webp\",\"width\":912,\"height\":992},{\"@type\":\"BreadcrumbList\",\"@id\":\"https:\\\/\\\/diariodelsurdigital.com.ar\\\/?p=5156#breadcrumb\",\"itemListElement\":[{\"@type\":\"ListItem\",\"position\":1,\"name\":\"Portada\",\"item\":\"https:\\\/\\\/diariodelsurdigital.com.ar\\\/\"},{\"@type\":\"ListItem\",\"position\":2,\"name\":\"Grabois recibi\u00f3 a Gaillard y Rubattino y reafirm\u00f3 su respaldo pol\u00edtico\"}]},{\"@type\":\"WebSite\",\"@id\":\"https:\\\/\\\/diariodelsurdigital.com.ar\\\/#website\",\"url\":\"https:\\\/\\\/diariodelsurdigital.com.ar\\\/\",\"name\":\"Diario del Sur\",\"description\":\"Digital\",\"potentialAction\":[{\"@type\":\"SearchAction\",\"target\":{\"@type\":\"EntryPoint\",\"urlTemplate\":\"https:\\\/\\\/diariodelsurdigital.com.ar\\\/?s={search_term_string}\"},\"query-input\":{\"@type\":\"PropertyValueSpecification\",\"valueRequired\":true,\"valueName\":\"search_term_string\"}}],\"inLanguage\":\"es\"},{\"@type\":\"Person\",\"@id\":\"https:\\\/\\\/diariodelsurdigital.com.ar\\\/#\\\/schema\\\/person\\\/1a4992532ed62965c968031b49195c81\",\"name\":\"Diario del Sur Digital\",\"image\":{\"@type\":\"ImageObject\",\"inLanguage\":\"es\",\"@id\":\"https:\\\/\\\/secure.gravatar.com\\\/avatar\\\/f0c7c47fc7146d19828273b9b8eda651c9c7ab583767e6338d3d3bee825adf76?s=96&d=mm&r=g\",\"url\":\"https:\\\/\\\/secure.gravatar.com\\\/avatar\\\/f0c7c47fc7146d19828273b9b8eda651c9c7ab583767e6338d3d3bee825adf76?s=96&d=mm&r=g\",\"contentUrl\":\"https:\\\/\\\/secure.gravatar.com\\\/avatar\\\/f0c7c47fc7146d19828273b9b8eda651c9c7ab583767e6338d3d3bee825adf76?s=96&d=mm&r=g\",\"caption\":\"Diario del Sur Digital\"},\"url\":\"https:\\\/\\\/diariodelsurdigital.com.ar\\\/?author=4\"}]}<\/script>\n<!-- \/ Yoast SEO plugin. -->","yoast_head_json":{"title":"Grabois recibi\u00f3 a Gaillard y Rubattino y reafirm\u00f3 su respaldo pol\u00edtico - Diario del Sur","robots":{"index":"index","follow":"follow","max-snippet":"max-snippet:-1","max-image-preview":"max-image-preview:large","max-video-preview":"max-video-preview:-1"},"canonical":"https:\/\/diariodelsurdigital.com.ar\/?p=5156","og_locale":"es_ES","og_type":"article","og_title":"Grabois recibi\u00f3 a Gaillard y Rubattino y reafirm\u00f3 su respaldo pol\u00edtico - Diario del Sur","og_description":"A d\u00edas de la elecci\u00f3n legislativa, el referente de Patria Grande, Juan Grabois, mantuvo un encuentro con las candidatas entrerrianas de la lista Ahora 503, Carolina Gaillard, Paola Rubattino y Evelina Kloster, donde ratific\u00f3 su apoyo al proyecto pol\u00edtico que representan. Durante la reuni\u00f3n, compartieron una mirada com\u00fan sobre la situaci\u00f3n social de la provincia [&hellip;]","og_url":"https:\/\/diariodelsurdigital.com.ar\/?p=5156","og_site_name":"Diario del Sur","article_published_time":"2025-10-16T12:30:13+00:00","article_modified_time":"2025-10-16T12:30:14+00:00","og_image":[{"width":912,"height":992,"url":"https:\/\/diariodelsurdigital.com.ar\/wp-content\/uploads\/2025\/10\/md-36.webp","type":"image\/webp"}],"author":"Diario del Sur Digital","twitter_card":"summary_large_image","twitter_misc":{"Escrito por":"Diario del Sur Digital","Tiempo de lectura":"2 minutos"},"schema":{"@context":"https:\/\/schema.org","@graph":[{"@type":"Article","@id":"https:\/\/diariodelsurdigital.com.ar\/?p=5156#article","isPartOf":{"@id":"https:\/\/diariodelsurdigital.com.ar\/?p=5156"},"author":{"name":"Diario del Sur Digital","@id":"https:\/\/diariodelsurdigital.com.ar\/#\/schema\/person\/1a4992532ed62965c968031b49195c81"},"headline":"Grabois recibi\u00f3 a Gaillard y Rubattino y reafirm\u00f3 su respaldo pol\u00edtico","datePublished":"2025-10-16T12:30:13+00:00","dateModified":"2025-10-16T12:30:14+00:00","mainEntityOfPage":{"@id":"https:\/\/diariodelsurdigital.com.ar\/?p=5156"},"wordCount":320,"commentCount":0,"image":{"@id":"https:\/\/diariodelsurdigital.com.ar\/?p=5156#primaryimage"},"thumbnailUrl":"https:\/\/diariodelsurdigital.com.ar\/wp-content\/uploads\/2025\/10\/md-36.webp","articleSection":["Pol\u00edtica","Provinciales"],"inLanguage":"es","potentialAction":[{"@type":"CommentAction","name":"Comment","target":["https:\/\/diariodelsurdigital.com.ar\/?p=5156#respond"]}]},{"@type":"WebPage","@id":"https:\/\/diariodelsurdigital.com.ar\/?p=5156","url":"https:\/\/diariodelsurdigital.com.ar\/?p=5156","name":"Grabois recibi\u00f3 a Gaillard y Rubattino y reafirm\u00f3 su respaldo pol\u00edtico - Diario del Sur","isPartOf":{"@id":"https:\/\/diariodelsurdigital.com.ar\/#website"},"primaryImageOfPage":{"@id":"https:\/\/diariodelsurdigital.com.ar\/?p=5156#primaryimage"},"image":{"@id":"https:\/\/diariodelsurdigital.com.ar\/?p=5156#primaryimage"},"thumbnailUrl":"https:\/\/diariodelsurdigital.com.ar\/wp-content\/uploads\/2025\/10\/md-36.webp","datePublished":"2025-10-16T12:30:13+00:00","dateModified":"2025-10-16T12:30:14+00:00","author":{"@id":"https:\/\/diariodelsurdigital.com.ar\/#\/schema\/person\/1a4992532ed62965c968031b49195c81"},"breadcrumb":{"@id":"https:\/\/diariodelsurdigital.com.ar\/?p=5156#breadcrumb"},"inLanguage":"es","potentialAction":[{"@type":"ReadAction","target":["https:\/\/diariodelsurdigital.com.ar\/?p=5156"]}]},{"@type":"ImageObject","inLanguage":"es","@id":"https:\/\/diariodelsurdigital.com.ar\/?p=5156#primaryimage","url":"https:\/\/diariodelsurdigital.com.ar\/wp-content\/uploads\/2025\/10\/md-36.webp","contentUrl":"https:\/\/diariodelsurdigital.com.ar\/wp-content\/uploads\/2025\/10\/md-36.webp","width":912,"height":992},{"@type":"BreadcrumbList","@id":"https:\/\/diariodelsurdigital.com.ar\/?p=5156#breadcrumb","itemListElement":[{"@type":"ListItem","position":1,"name":"Portada","item":"https:\/\/diariodelsurdigital.com.ar\/"},{"@type":"ListItem","position":2,"name":"Grabois recibi\u00f3 a Gaillard y Rubattino y reafirm\u00f3 su respaldo pol\u00edtico"}]},{"@type":"WebSite","@id":"https:\/\/diariodelsurdigital.com.ar\/#website","url":"https:\/\/diariodelsurdigital.com.ar\/","name":"Diario del Sur","description":"Digital","potentialAction":[{"@type":"SearchAction","target":{"@type":"EntryPoint","urlTemplate":"https:\/\/diariodelsurdigital.com.ar\/?s={search_term_string}"},"query-input":{"@type":"PropertyValueSpecification","valueRequired":true,"valueName":"search_term_string"}}],"inLanguage":"es"},{"@type":"Person","@id":"https:\/\/diariodelsurdigital.com.ar\/#\/schema\/person\/1a4992532ed62965c968031b49195c81","name":"Diario del Sur Digital","image":{"@type":"ImageObject","inLanguage":"es","@id":"https:\/\/secure.gravatar.com\/avatar\/f0c7c47fc7146d19828273b9b8eda651c9c7ab583767e6338d3d3bee825adf76?s=96&d=mm&r=g","url":"https:\/\/secure.gravatar.com\/avatar\/f0c7c47fc7146d19828273b9b8eda651c9c7ab583767e6338d3d3bee825adf76?s=96&d=mm&r=g","contentUrl":"https:\/\/secure.gravatar.com\/avatar\/f0c7c47fc7146d19828273b9b8eda651c9c7ab583767e6338d3d3bee825adf76?s=96&d=mm&r=g","caption":"Diario del Sur Digital"},"url":"https:\/\/diariodelsurdigital.com.ar\/?author=4"}]}},"_links":{"self":[{"href":"https:\/\/diariodelsurdigital.com.ar\/index.php?rest_route=\/wp\/v2\/posts\/5156","targetHints":{"allow":["GET"]}}],"collection":[{"href":"https:\/\/diariodelsurdigital.com.ar\/index.php?rest_route=\/wp\/v2\/posts"}],"about":[{"href":"https:\/\/diariodelsurdigital.com.ar\/index.php?rest_route=\/wp\/v2\/types\/post"}],"author":[{"embeddable":true,"href":"https:\/\/diariodelsurdigital.com.ar\/index.php?rest_route=\/wp\/v2\/users\/4"}],"replies":[{"embeddable":true,"href":"https:\/\/diariodelsurdigital.com.ar\/index.php?rest_route=%2Fwp%2Fv2%2Fcomments&post=5156"}],"version-history":[{"count":1,"href":"https:\/\/diariodelsurdigital.com.ar\/index.php?rest_route=\/wp\/v2\/posts\/5156\/revisions"}],"predecessor-version":[{"id":5158,"href":"https:\/\/diariodelsurdigital.com.ar\/index.php?rest_route=\/wp\/v2\/posts\/5156\/revisions\/5158"}],"wp:featuredmedia":[{"embeddable":true,"href":"https:\/\/diariodelsurdigital.com.ar\/index.php?rest_route=\/wp\/v2\/media\/5157"}],"wp:attachment":[{"href":"https:\/\/diariodelsurdigital.com.ar\/index.php?rest_route=%2Fwp%2Fv2%2Fmedia&parent=5156"}],"wp:term":[{"taxonomy":"category","embeddable":true,"href":"https:\/\/diariodelsurdigital.com.ar\/index.php?rest_route=%2Fwp%2Fv2%2Fcategories&post=5156"},{"taxonomy":"post_tag","embeddable":true,"href":"https:\/\/diariodelsurdigital.com.ar\/index.php?rest_route=%2Fwp%2Fv2%2Ftags&post=5156"}],"curies":[{"name":"wp","href":"https:\/\/api.w.org\/{rel}","templated":true}]}}