{"id":5159,"date":"2025-10-16T09:33:56","date_gmt":"2025-10-16T12:33:56","guid":{"rendered":"https:\/\/diariodelsurdigital.com.ar\/?p=5159"},"modified":"2025-10-16T09:33:57","modified_gmt":"2025-10-16T12:33:57","slug":"a-un-mes-de-su-promulgacion-prestadores-entrerrianos-exigen-la-aplicacion-la-ley-de-emergencia-en-discapacidad","status":"publish","type":"post","link":"https:\/\/diariodelsurdigital.com.ar\/?p=5159","title":{"rendered":"A un mes de su promulgaci\u00f3n, prestadores entrerrianos exigen la aplicaci\u00f3n la Ley de Emergencia en Discapacidad"},"content":{"rendered":"\n<p>\u201cEsto ya no es una demora administrativa: es una emergencia real que afecta a miles de personas y familias en todo el pa\u00eds\u201d, advierte la Red de Prestadores de la provincia luego de que el Gobierno indicar\u00e1 que pondr\u00e1 en funciones la norma cuando el Congreso determine las fuentes de financiamiento.<\/p>\n\n\n\n<p>El pasado 4 de septiembre la C\u00e1mara de Senadores rechaz\u00f3 el veto presidencial y la Ley de Emergencia en Discapacidad fue promulgada el pasado 22 de septiembre. Sin embargo, el Gobierno nacional suspendi\u00f3 la ejecuci\u00f3n de la ley hasta que el Congreso de la Naci\u00f3n determine las fuentes de financiamiento e incluya las partidas correspondientes en el presupuesto nacional.<\/p>\n\n\n\n<p><br>Un mes despu\u00e9s y sin soluci\u00f3n alguna, la Red de Prestadores de Servicios para la Discapacidad en Entre R\u00edos emiti\u00f3 un comunicado en sus redes exigiendo su implementaci\u00f3n: \u201cEsto ya no es una demora administrativa: es una emergencia real que afecta a miles de personas y familias en todo el pa\u00eds\u201d.<\/p>\n\n\n\n<p><br>La Red advierte que la situaci\u00f3n est\u00e1 ocasionando, adem\u00e1s de la falta de cobro, el cierre de centros no saben si podr\u00e1n volver a abrir el a\u00f1o que viene. \u201cLa discapacidad no puede esperar tr\u00e1mites ni excusas\u201d, exclam\u00f3.<\/p>\n\n\n\n<p>De qu\u00e9 se trata la Ley de Emergencia en Discapacidad<br>El proyecto que declara la emergencia en discapacidad en todo el territorio nacional hasta el 31 de diciembre de 2026, inclusive, hab\u00eda sido aprobado por unanimidad en el Senado y con 149 votos a favor, 71 en contra y 3 abstenciones el 4 de junio en la C\u00e1mara baja.<\/p>\n\n\n\n<p>Entre sus principales puntos prev\u00e9 el financiamiento adecuado y sostenible de las pensiones no contributivas por discapacidad; el fortalecimiento de los prestadores de la Ley 24.901, asegurando en forma expeditiva y simplificada el acceso a un r\u00e9gimen de emergencia de regularizaci\u00f3n de deudas tributarias, condonaci\u00f3n de intereses, multas y dem\u00e1s sanciones, refinanciaci\u00f3n de planes de pago vigentes y de las deudas emergentes de planes caducos.<\/p>\n\n\n\n<p>Tambi\u00e9n, la compensaci\u00f3n arancelaria y la actualizaci\u00f3n del valor de los aranceles del Sistema de Prestaciones B\u00e1sicas de Atenci\u00f3n Integral; el financiamiento adecuado y sostenible del funcionamiento de la Agencia Nacional de Discapacidad; la actualizaci\u00f3n de la asignaci\u00f3n mensual est\u00edmulo de acuerdo al equivalente del porcentaje del salario m\u00ednimo, vital y m\u00f3vil vigente y la apertura de nuevos ingresos al R\u00e9gimen Federal de Empleo Protegido para Personas con Discapacidad (Ley 26.816).<\/p>\n\n\n\n<p>Finalmente, disponer mecanismos institucionales de di\u00e1logo y consultas estrechas con las personas con discapacidad, a trav\u00e9s de las organizaciones que los representan y \u201cotras medidas que acuerde el Poder Ejecutivo Nacional con el Consejo Federal de Discapacidad\u201d.<\/p>\n","protected":false},"excerpt":{"rendered":"<p>\u201cEsto ya no es una demora administrativa: es una emergencia real que afecta a miles de personas y familias en todo el pa\u00eds\u201d, advierte la Red de Prestadores de la provincia luego de que el Gobierno indicar\u00e1 que pondr\u00e1 en funciones la norma cuando el Congreso determine las fuentes de financiamiento. El pasado 4 de [&hellip;]<\/p>\n","protected":false},"author":4,"featured_media":5161,"comment_status":"open","ping_status":"open","sticky":false,"template":"","format":"standard","meta":{"footnotes":""},"categories":[19,18],"tags":[],"class_list":{"0":"post-5159","1":"post","2":"type-post","3":"status-publish","4":"format-standard","5":"has-post-thumbnail","7":"category-interes-general","8":"category-nacionales"},"yoast_head":"<!-- This site is optimized with the Yoast SEO plugin v27.4 - https:\/\/yoast.com\/product\/yoast-seo-wordpress\/ -->\n<title>A un mes de su promulgaci\u00f3n, prestadores entrerrianos exigen la aplicaci\u00f3n la Ley de Emergencia en Discapacidad - Diario del Sur<\/title>\n<meta name=\"robots\" content=\"index, follow, max-snippet:-1, max-image-preview:large, max-video-preview:-1\" \/>\n<link rel=\"canonical\" href=\"https:\/\/diariodelsurdigital.com.ar\/?p=5159\" \/>\n<meta property=\"og:locale\" content=\"es_ES\" \/>\n<meta property=\"og:type\" content=\"article\" \/>\n<meta property=\"og:title\" content=\"A un mes de su promulgaci\u00f3n, prestadores entrerrianos exigen la aplicaci\u00f3n la Ley de Emergencia en Discapacidad - Diario del Sur\" \/>\n<meta property=\"og:description\" content=\"\u201cEsto ya no es una demora administrativa: es una emergencia real que afecta a miles de personas y familias en todo el pa\u00eds\u201d, advierte la Red de Prestadores de la provincia luego de que el Gobierno indicar\u00e1 que pondr\u00e1 en funciones la norma cuando el Congreso determine las fuentes de financiamiento. El pasado 4 de [&hellip;]\" \/>\n<meta property=\"og:url\" content=\"https:\/\/diariodelsurdigital.com.ar\/?p=5159\" \/>\n<meta property=\"og:site_name\" content=\"Diario del Sur\" \/>\n<meta property=\"article:published_time\" content=\"2025-10-16T12:33:56+00:00\" \/>\n<meta property=\"article:modified_time\" content=\"2025-10-16T12:33:57+00:00\" \/>\n<meta property=\"og:image\" content=\"https:\/\/diariodelsurdigital.com.ar\/wp-content\/uploads\/2025\/10\/md-37.webp\" \/>\n\t<meta property=\"og:image:width\" content=\"992\" \/>\n\t<meta property=\"og:image:height\" content=\"637\" \/>\n\t<meta property=\"og:image:type\" content=\"image\/webp\" \/>\n<meta name=\"author\" content=\"Diario del Sur Digital\" \/>\n<meta name=\"twitter:card\" content=\"summary_large_image\" \/>\n<meta name=\"twitter:label1\" content=\"Escrito por\" \/>\n\t<meta name=\"twitter:data1\" content=\"Diario del Sur Digital\" \/>\n\t<meta name=\"twitter:label2\" content=\"Tiempo de lectura\" \/>\n\t<meta name=\"twitter:data2\" content=\"3 minutos\" \/>\n<script type=\"application\/ld+json\" class=\"yoast-schema-graph\">{\"@context\":\"https:\\\/\\\/schema.org\",\"@graph\":[{\"@type\":\"Article\",\"@id\":\"https:\\\/\\\/diariodelsurdigital.com.ar\\\/?p=5159#article\",\"isPartOf\":{\"@id\":\"https:\\\/\\\/diariodelsurdigital.com.ar\\\/?p=5159\"},\"author\":{\"name\":\"Diario del Sur Digital\",\"@id\":\"https:\\\/\\\/diariodelsurdigital.com.ar\\\/#\\\/schema\\\/person\\\/1a4992532ed62965c968031b49195c81\"},\"headline\":\"A un mes de su promulgaci\u00f3n, prestadores entrerrianos exigen la aplicaci\u00f3n la Ley de Emergencia en Discapacidad\",\"datePublished\":\"2025-10-16T12:33:56+00:00\",\"dateModified\":\"2025-10-16T12:33:57+00:00\",\"mainEntityOfPage\":{\"@id\":\"https:\\\/\\\/diariodelsurdigital.com.ar\\\/?p=5159\"},\"wordCount\":473,\"commentCount\":0,\"image\":{\"@id\":\"https:\\\/\\\/diariodelsurdigital.com.ar\\\/?p=5159#primaryimage\"},\"thumbnailUrl\":\"https:\\\/\\\/diariodelsurdigital.com.ar\\\/wp-content\\\/uploads\\\/2025\\\/10\\\/md-37.webp\",\"articleSection\":[\"Inter\u00e9s General\",\"Nacionales\"],\"inLanguage\":\"es\",\"potentialAction\":[{\"@type\":\"CommentAction\",\"name\":\"Comment\",\"target\":[\"https:\\\/\\\/diariodelsurdigital.com.ar\\\/?p=5159#respond\"]}]},{\"@type\":\"WebPage\",\"@id\":\"https:\\\/\\\/diariodelsurdigital.com.ar\\\/?p=5159\",\"url\":\"https:\\\/\\\/diariodelsurdigital.com.ar\\\/?p=5159\",\"name\":\"A un mes de su promulgaci\u00f3n, prestadores entrerrianos exigen la aplicaci\u00f3n la Ley de Emergencia en Discapacidad - Diario del Sur\",\"isPartOf\":{\"@id\":\"https:\\\/\\\/diariodelsurdigital.com.ar\\\/#website\"},\"primaryImageOfPage\":{\"@id\":\"https:\\\/\\\/diariodelsurdigital.com.ar\\\/?p=5159#primaryimage\"},\"image\":{\"@id\":\"https:\\\/\\\/diariodelsurdigital.com.ar\\\/?p=5159#primaryimage\"},\"thumbnailUrl\":\"https:\\\/\\\/diariodelsurdigital.com.ar\\\/wp-content\\\/uploads\\\/2025\\\/10\\\/md-37.webp\",\"datePublished\":\"2025-10-16T12:33:56+00:00\",\"dateModified\":\"2025-10-16T12:33:57+00:00\",\"author\":{\"@id\":\"https:\\\/\\\/diariodelsurdigital.com.ar\\\/#\\\/schema\\\/person\\\/1a4992532ed62965c968031b49195c81\"},\"breadcrumb\":{\"@id\":\"https:\\\/\\\/diariodelsurdigital.com.ar\\\/?p=5159#breadcrumb\"},\"inLanguage\":\"es\",\"potentialAction\":[{\"@type\":\"ReadAction\",\"target\":[\"https:\\\/\\\/diariodelsurdigital.com.ar\\\/?p=5159\"]}]},{\"@type\":\"ImageObject\",\"inLanguage\":\"es\",\"@id\":\"https:\\\/\\\/diariodelsurdigital.com.ar\\\/?p=5159#primaryimage\",\"url\":\"https:\\\/\\\/diariodelsurdigital.com.ar\\\/wp-content\\\/uploads\\\/2025\\\/10\\\/md-37.webp\",\"contentUrl\":\"https:\\\/\\\/diariodelsurdigital.com.ar\\\/wp-content\\\/uploads\\\/2025\\\/10\\\/md-37.webp\",\"width\":992,\"height\":637},{\"@type\":\"BreadcrumbList\",\"@id\":\"https:\\\/\\\/diariodelsurdigital.com.ar\\\/?p=5159#breadcrumb\",\"itemListElement\":[{\"@type\":\"ListItem\",\"position\":1,\"name\":\"Portada\",\"item\":\"https:\\\/\\\/diariodelsurdigital.com.ar\\\/\"},{\"@type\":\"ListItem\",\"position\":2,\"name\":\"A un mes de su promulgaci\u00f3n, prestadores entrerrianos exigen la aplicaci\u00f3n la Ley de Emergencia en Discapacidad\"}]},{\"@type\":\"WebSite\",\"@id\":\"https:\\\/\\\/diariodelsurdigital.com.ar\\\/#website\",\"url\":\"https:\\\/\\\/diariodelsurdigital.com.ar\\\/\",\"name\":\"Diario del Sur\",\"description\":\"Digital\",\"potentialAction\":[{\"@type\":\"SearchAction\",\"target\":{\"@type\":\"EntryPoint\",\"urlTemplate\":\"https:\\\/\\\/diariodelsurdigital.com.ar\\\/?s={search_term_string}\"},\"query-input\":{\"@type\":\"PropertyValueSpecification\",\"valueRequired\":true,\"valueName\":\"search_term_string\"}}],\"inLanguage\":\"es\"},{\"@type\":\"Person\",\"@id\":\"https:\\\/\\\/diariodelsurdigital.com.ar\\\/#\\\/schema\\\/person\\\/1a4992532ed62965c968031b49195c81\",\"name\":\"Diario del Sur Digital\",\"image\":{\"@type\":\"ImageObject\",\"inLanguage\":\"es\",\"@id\":\"https:\\\/\\\/secure.gravatar.com\\\/avatar\\\/f0c7c47fc7146d19828273b9b8eda651c9c7ab583767e6338d3d3bee825adf76?s=96&d=mm&r=g\",\"url\":\"https:\\\/\\\/secure.gravatar.com\\\/avatar\\\/f0c7c47fc7146d19828273b9b8eda651c9c7ab583767e6338d3d3bee825adf76?s=96&d=mm&r=g\",\"contentUrl\":\"https:\\\/\\\/secure.gravatar.com\\\/avatar\\\/f0c7c47fc7146d19828273b9b8eda651c9c7ab583767e6338d3d3bee825adf76?s=96&d=mm&r=g\",\"caption\":\"Diario del Sur Digital\"},\"url\":\"https:\\\/\\\/diariodelsurdigital.com.ar\\\/?author=4\"}]}<\/script>\n<!-- \/ Yoast SEO plugin. -->","yoast_head_json":{"title":"A un mes de su promulgaci\u00f3n, prestadores entrerrianos exigen la aplicaci\u00f3n la Ley de Emergencia en Discapacidad - Diario del Sur","robots":{"index":"index","follow":"follow","max-snippet":"max-snippet:-1","max-image-preview":"max-image-preview:large","max-video-preview":"max-video-preview:-1"},"canonical":"https:\/\/diariodelsurdigital.com.ar\/?p=5159","og_locale":"es_ES","og_type":"article","og_title":"A un mes de su promulgaci\u00f3n, prestadores entrerrianos exigen la aplicaci\u00f3n la Ley de Emergencia en Discapacidad - Diario del Sur","og_description":"\u201cEsto ya no es una demora administrativa: es una emergencia real que afecta a miles de personas y familias en todo el pa\u00eds\u201d, advierte la Red de Prestadores de la provincia luego de que el Gobierno indicar\u00e1 que pondr\u00e1 en funciones la norma cuando el Congreso determine las fuentes de financiamiento. El pasado 4 de [&hellip;]","og_url":"https:\/\/diariodelsurdigital.com.ar\/?p=5159","og_site_name":"Diario del Sur","article_published_time":"2025-10-16T12:33:56+00:00","article_modified_time":"2025-10-16T12:33:57+00:00","og_image":[{"width":992,"height":637,"url":"https:\/\/diariodelsurdigital.com.ar\/wp-content\/uploads\/2025\/10\/md-37.webp","type":"image\/webp"}],"author":"Diario del Sur Digital","twitter_card":"summary_large_image","twitter_misc":{"Escrito por":"Diario del Sur Digital","Tiempo de lectura":"3 minutos"},"schema":{"@context":"https:\/\/schema.org","@graph":[{"@type":"Article","@id":"https:\/\/diariodelsurdigital.com.ar\/?p=5159#article","isPartOf":{"@id":"https:\/\/diariodelsurdigital.com.ar\/?p=5159"},"author":{"name":"Diario del Sur Digital","@id":"https:\/\/diariodelsurdigital.com.ar\/#\/schema\/person\/1a4992532ed62965c968031b49195c81"},"headline":"A un mes de su promulgaci\u00f3n, prestadores entrerrianos exigen la aplicaci\u00f3n la Ley de Emergencia en Discapacidad","datePublished":"2025-10-16T12:33:56+00:00","dateModified":"2025-10-16T12:33:57+00:00","mainEntityOfPage":{"@id":"https:\/\/diariodelsurdigital.com.ar\/?p=5159"},"wordCount":473,"commentCount":0,"image":{"@id":"https:\/\/diariodelsurdigital.com.ar\/?p=5159#primaryimage"},"thumbnailUrl":"https:\/\/diariodelsurdigital.com.ar\/wp-content\/uploads\/2025\/10\/md-37.webp","articleSection":["Inter\u00e9s General","Nacionales"],"inLanguage":"es","potentialAction":[{"@type":"CommentAction","name":"Comment","target":["https:\/\/diariodelsurdigital.com.ar\/?p=5159#respond"]}]},{"@type":"WebPage","@id":"https:\/\/diariodelsurdigital.com.ar\/?p=5159","url":"https:\/\/diariodelsurdigital.com.ar\/?p=5159","name":"A un mes de su promulgaci\u00f3n, prestadores entrerrianos exigen la aplicaci\u00f3n la Ley de Emergencia en Discapacidad - Diario del Sur","isPartOf":{"@id":"https:\/\/diariodelsurdigital.com.ar\/#website"},"primaryImageOfPage":{"@id":"https:\/\/diariodelsurdigital.com.ar\/?p=5159#primaryimage"},"image":{"@id":"https:\/\/diariodelsurdigital.com.ar\/?p=5159#primaryimage"},"thumbnailUrl":"https:\/\/diariodelsurdigital.com.ar\/wp-content\/uploads\/2025\/10\/md-37.webp","datePublished":"2025-10-16T12:33:56+00:00","dateModified":"2025-10-16T12:33:57+00:00","author":{"@id":"https:\/\/diariodelsurdigital.com.ar\/#\/schema\/person\/1a4992532ed62965c968031b49195c81"},"breadcrumb":{"@id":"https:\/\/diariodelsurdigital.com.ar\/?p=5159#breadcrumb"},"inLanguage":"es","potentialAction":[{"@type":"ReadAction","target":["https:\/\/diariodelsurdigital.com.ar\/?p=5159"]}]},{"@type":"ImageObject","inLanguage":"es","@id":"https:\/\/diariodelsurdigital.com.ar\/?p=5159#primaryimage","url":"https:\/\/diariodelsurdigital.com.ar\/wp-content\/uploads\/2025\/10\/md-37.webp","contentUrl":"https:\/\/diariodelsurdigital.com.ar\/wp-content\/uploads\/2025\/10\/md-37.webp","width":992,"height":637},{"@type":"BreadcrumbList","@id":"https:\/\/diariodelsurdigital.com.ar\/?p=5159#breadcrumb","itemListElement":[{"@type":"ListItem","position":1,"name":"Portada","item":"https:\/\/diariodelsurdigital.com.ar\/"},{"@type":"ListItem","position":2,"name":"A un mes de su promulgaci\u00f3n, prestadores entrerrianos exigen la aplicaci\u00f3n la Ley de Emergencia en Discapacidad"}]},{"@type":"WebSite","@id":"https:\/\/diariodelsurdigital.com.ar\/#website","url":"https:\/\/diariodelsurdigital.com.ar\/","name":"Diario del Sur","description":"Digital","potentialAction":[{"@type":"SearchAction","target":{"@type":"EntryPoint","urlTemplate":"https:\/\/diariodelsurdigital.com.ar\/?s={search_term_string}"},"query-input":{"@type":"PropertyValueSpecification","valueRequired":true,"valueName":"search_term_string"}}],"inLanguage":"es"},{"@type":"Person","@id":"https:\/\/diariodelsurdigital.com.ar\/#\/schema\/person\/1a4992532ed62965c968031b49195c81","name":"Diario del Sur Digital","image":{"@type":"ImageObject","inLanguage":"es","@id":"https:\/\/secure.gravatar.com\/avatar\/f0c7c47fc7146d19828273b9b8eda651c9c7ab583767e6338d3d3bee825adf76?s=96&d=mm&r=g","url":"https:\/\/secure.gravatar.com\/avatar\/f0c7c47fc7146d19828273b9b8eda651c9c7ab583767e6338d3d3bee825adf76?s=96&d=mm&r=g","contentUrl":"https:\/\/secure.gravatar.com\/avatar\/f0c7c47fc7146d19828273b9b8eda651c9c7ab583767e6338d3d3bee825adf76?s=96&d=mm&r=g","caption":"Diario del Sur Digital"},"url":"https:\/\/diariodelsurdigital.com.ar\/?author=4"}]}},"_links":{"self":[{"href":"https:\/\/diariodelsurdigital.com.ar\/index.php?rest_route=\/wp\/v2\/posts\/5159","targetHints":{"allow":["GET"]}}],"collection":[{"href":"https:\/\/diariodelsurdigital.com.ar\/index.php?rest_route=\/wp\/v2\/posts"}],"about":[{"href":"https:\/\/diariodelsurdigital.com.ar\/index.php?rest_route=\/wp\/v2\/types\/post"}],"author":[{"embeddable":true,"href":"https:\/\/diariodelsurdigital.com.ar\/index.php?rest_route=\/wp\/v2\/users\/4"}],"replies":[{"embeddable":true,"href":"https:\/\/diariodelsurdigital.com.ar\/index.php?rest_route=%2Fwp%2Fv2%2Fcomments&post=5159"}],"version-history":[{"count":1,"href":"https:\/\/diariodelsurdigital.com.ar\/index.php?rest_route=\/wp\/v2\/posts\/5159\/revisions"}],"predecessor-version":[{"id":5160,"href":"https:\/\/diariodelsurdigital.com.ar\/index.php?rest_route=\/wp\/v2\/posts\/5159\/revisions\/5160"}],"wp:featuredmedia":[{"embeddable":true,"href":"https:\/\/diariodelsurdigital.com.ar\/index.php?rest_route=\/wp\/v2\/media\/5161"}],"wp:attachment":[{"href":"https:\/\/diariodelsurdigital.com.ar\/index.php?rest_route=%2Fwp%2Fv2%2Fmedia&parent=5159"}],"wp:term":[{"taxonomy":"category","embeddable":true,"href":"https:\/\/diariodelsurdigital.com.ar\/index.php?rest_route=%2Fwp%2Fv2%2Fcategories&post=5159"},{"taxonomy":"post_tag","embeddable":true,"href":"https:\/\/diariodelsurdigital.com.ar\/index.php?rest_route=%2Fwp%2Fv2%2Ftags&post=5159"}],"curies":[{"name":"wp","href":"https:\/\/api.w.org\/{rel}","templated":true}]}}