{"id":5162,"date":"2025-10-16T13:21:26","date_gmt":"2025-10-16T16:21:26","guid":{"rendered":"https:\/\/diariodelsurdigital.com.ar\/?p=5162"},"modified":"2025-10-16T13:41:21","modified_gmt":"2025-10-16T16:41:21","slug":"aplausos-que-callan-la-captura-de-un-asesino-y-la-injusticia-silente-que-viven-miles-de-mujeres-en-argentina","status":"publish","type":"post","link":"https:\/\/diariodelsurdigital.com.ar\/?p=5162","title":{"rendered":"Aplausos que callan: \u00abla captura de un asesino y la injusticia silente que viven miles de mujeres en Argentina\u201d"},"content":{"rendered":"\n<p><strong>Por Julieta Ferrer (*)<\/strong> <\/p>\n\n\n\n<figure class=\"wp-block-image size-full is-resized\"><img loading=\"lazy\" decoding=\"async\" width=\"347\" height=\"407\" src=\"https:\/\/diariodelsurdigital.com.ar\/wp-content\/uploads\/2025\/10\/Imagen-de-WhatsApp-2025-10-16-a-las-12.36.02_4309af00.jpg\" alt=\"\" class=\"wp-image-5167\" style=\"width:166px;height:auto\" srcset=\"https:\/\/diariodelsurdigital.com.ar\/wp-content\/uploads\/2025\/10\/Imagen-de-WhatsApp-2025-10-16-a-las-12.36.02_4309af00.jpg 347w, https:\/\/diariodelsurdigital.com.ar\/wp-content\/uploads\/2025\/10\/Imagen-de-WhatsApp-2025-10-16-a-las-12.36.02_4309af00-256x300.jpg 256w\" sizes=\"auto, (max-width: 347px) 100vw, 347px\" \/><\/figure>\n\n\n\n<p><br>En el tejido social de la Argentina contempor\u00e1nea el eco de los aplausos suele resonar cuando la justicia logra detener a un agresor visible: la captura de Pablo\u202fLaurta, el uruguayo que asesin\u00f3 a su ex esposa, a su suegra y a un remisero, se convirti\u00f3 en un espect\u00e1culo medi\u00e1tico que moviliz\u00f3 a miles de personas. Sin embargo, detr\u00e1s de esa ovaci\u00f3n se esconde una realidad mucho m\u00e1s profunda y silenciosa. Cada d\u00eda miles de mujeres siguen atrapadas en una espiral de violencia que no termina en sangre, sino en amenazas, acoso digital y psicol\u00f3gicamente devastador.<\/p>\n\n\n\n<p><br>El caso de Agustina\u202fPe\u00f1alva ilustra esa sombra persistente. A pesar de haber denunciado, en tres oportunidades, formalmente el acoso que la persigue, su expediente permanece \u201cen investigaci\u00f3n\u201d mientras la indignaci\u00f3n popular se disipa r\u00e1pidamente. La brecha entre la rapidez con que el Estado act\u00faa ante un homicidio y la dilaci\u00f3n que enfrenta una denuncia de violencia psicol\u00f3gica revela una paradoja estructural: la sociedad celebra la captura del asesino, pero rara vez exige una respuesta eficaz para las agresiones cotidianas que mantienen a tantas mujeres en estado de vulnerabilidad.<\/p>\n\n\n\n<p><br>Este informe recopila datos recientes sobre denuncias de violencia de g\u00e9nero, el uso del bot\u00f3n antip\u00e1nico y los femicidios registrados en el pa\u00eds; analiza los hechos que rodean a Laurta y a Pe\u00f1alva; y plantea una reflexi\u00f3n cr\u00edtica sobre la necesidad de transformar los aplausos moment\u00e1neos en un compromiso permanente con la justicia integral para todas las mujeres argentinas.<\/p>\n\n\n\n<figure class=\"wp-block-image size-full\"><img loading=\"lazy\" decoding=\"async\" width=\"523\" height=\"439\" src=\"https:\/\/diariodelsurdigital.com.ar\/wp-content\/uploads\/2025\/10\/Imagen-de-WhatsApp-2025-10-16-a-las-12.42.04_016a7b4b.jpg\" alt=\"\" class=\"wp-image-5163\" srcset=\"https:\/\/diariodelsurdigital.com.ar\/wp-content\/uploads\/2025\/10\/Imagen-de-WhatsApp-2025-10-16-a-las-12.42.04_016a7b4b.jpg 523w, https:\/\/diariodelsurdigital.com.ar\/wp-content\/uploads\/2025\/10\/Imagen-de-WhatsApp-2025-10-16-a-las-12.42.04_016a7b4b-300x252.jpg 300w, https:\/\/diariodelsurdigital.com.ar\/wp-content\/uploads\/2025\/10\/Imagen-de-WhatsApp-2025-10-16-a-las-12.42.04_016a7b4b-500x420.jpg 500w\" sizes=\"auto, (max-width: 523px) 100vw, 523px\" \/><\/figure>\n\n\n\n<p><br>A pesar de una ligera mejora en la captura de agresores gracias a tecnolog\u00edas como los botones antip\u00e1nico, la brecha entre la denuncia y la respuesta judicial sigue siendo enorme. Cada vez que una mujer activa el bot\u00f3n, el Estado reacciona; cuando la violencia se vuelve \u201csilenciosa\u201d (acoso prolongado, amenazas), la respuesta es mucho m\u00e1s lenta o inexistente.<\/p>\n\n\n\n<p><strong>Caso Pablo Laurta \u201cEl uruguayo que despert\u00f3 aplausos y revel\u00f3 la doble cara de la justicia\u201d<\/strong><\/p>\n\n\n\n<p><br>Pablo Laurta, nacionalidad uruguaya, ten\u00eda un historial violento: Su ex esposa hab\u00eda presentado varias denuncias por violencia de g\u00e9nero contra \u00e9l en los \u00faltimos a\u00f1os. A pesar de las \u00f3rdenes de restricci\u00f3n, Laurta continu\u00f3 acos\u00e1ndola.<br>Contrat\u00f3 a un remisero para que lo trasladara desde Concordia a la provincia de C\u00f3rdoba, con el pretexto de un viaje familiar.<br>Nunca realiz\u00f3 el viaje con el remisero; ya que antes de partir, lo asesin\u00f3.<\/p>\n\n\n\n<p><br>Al llegar a Cordoba, incendia el auto para ocultar huellas, luego asesina a su ex esposa y a su suegra en su domicilio, tras el femicidio, secuestr\u00f3 a su propio hijo de 5 a\u00f1os, llev\u00e1ndolo consigo, en otro rem\u00eds contratado hacia la provincia de Entre R\u00edos nuevamente.<br>Fue capturado en la ciudad de Gualeguaych\u00fa, Entre R\u00edos, despu\u00e9s de una intensa b\u00fasqueda policial.<\/p>\n\n\n\n<p><br><strong>Repercusiones medi\u00e1ticas y sociales<\/strong><\/p>\n\n\n\n<p><br>Aplausos p\u00fablicos: Desde la captura los medios, en las redes se pod\u00eda leer \u201c\u00a1Justicia para las v\u00edctimas\u201d \u201cNi una menos!\u201d; y cientos compartieron videos aplaudiendo cada avance policial.<\/p>\n\n\n\n<p><br>Cobertura continua: El caso fue protagonista en noticieros nacionales durante el avance de la causa, medios gr\u00e1ficos, redes sociales, y radiales cubrieron el minuto a minuto del caso.<\/p>\n\n\n\n<p><br>Desigualdad estructural: Mientras la captura genera aplausos inmediatos, los procesos que involucran violencia psicol\u00f3gica o acoso \u2014como los que vivi\u00f3 su ex esposa antes del asesinato\u2014 siguen atrapados en burocracias que favorecen la impunidad.<br><\/p>\n\n\n\n<p><strong>Agustina Pe\u00f1alva \u2013 \u201cEl eco que no cesa<\/strong><\/p>\n\n\n\n<p><strong>VIDEO:<\/strong> <a href=\"https:\/\/www.youtube.com\/watch?v=PaVdsIRLdBs\">https:\/\/www.youtube.com\/watch?v=PaVdsIRLdBs<\/a><\/p>\n\n\n\n<p>Agustina Pe\u00f1alva, periodista, conductora del Programa \u201cAndate a dormir vos\u201d, que se transmite por C5N, donde rompi\u00f3 el silencio sobre la situaci\u00f3n desesperante que estaba atravesando, y relat\u00f3 haber sido acosada durante meses por un hombre que no conoc\u00eda ni conoce. En pleno aire del programa describi\u00f3 c\u00f3mo recib\u00eda mensajes, seguimientos en redes y hasta se presentaba en lugares habituales que ella frecuentaba.<br>Si bien la confesi\u00f3n gener\u00f3 una ola de solidaridad en redes, pero tambi\u00e9n revel\u00f3 la cruda realidad del sistema:<br>Denuncia formal: Pe\u00f1alva present\u00f3 tres denuncias, donde hasta la fecha, el expediente sigue \u201cen investigaci\u00f3n\u201d sin orden de detenci\u00f3n ni citaci\u00f3n al imputado.<br>Comparaci\u00f3n con Laurta: Mientras que el caso del uruguayo recibi\u00f3 recursos policiales inmediatos y cobertura constante, el acoso que vive Pe\u00f1alva, y el de cientos de mujeres que pasan por esa misma situaci\u00f3n \u2014un delito tipificado como \u201cacoso\u201d \u2014 se mantiene en un limbo burocr\u00e1tico.<br>Seg\u00fan la ENVM 2024 25, m\u00e1s del 60\u202f% de las mujeres que denuncian acoso experimentan demoras superiores a seis meses antes de recibir respuesta oficial.<\/p>\n\n\n\n<figure class=\"wp-block-image size-full\"><img loading=\"lazy\" decoding=\"async\" width=\"496\" height=\"228\" src=\"https:\/\/diariodelsurdigital.com.ar\/wp-content\/uploads\/2025\/10\/Imagen-de-WhatsApp-2025-10-16-a-las-12.42.13_3b6cbb7e-1.jpg\" alt=\"\" class=\"wp-image-5165\" srcset=\"https:\/\/diariodelsurdigital.com.ar\/wp-content\/uploads\/2025\/10\/Imagen-de-WhatsApp-2025-10-16-a-las-12.42.13_3b6cbb7e-1.jpg 496w, https:\/\/diariodelsurdigital.com.ar\/wp-content\/uploads\/2025\/10\/Imagen-de-WhatsApp-2025-10-16-a-las-12.42.13_3b6cbb7e-1-300x138.jpg 300w\" sizes=\"auto, (max-width: 496px) 100vw, 496px\" \/><\/figure>\n\n\n\n<p><strong>Reflexi\u00f3n final<\/strong><\/p>\n\n\n\n<p><br>En Argentina se celebra cada captura como si fuera un triunfo definitivo contra la violencia; sin embargo, ese aplauso se desvanece cuando el proceso judicial se alarga o cuando la agresi\u00f3n no es \u201cvisible\u201d. Las estad\u00edsticas demuestran que los botones antip\u00e1nico pueden salvar vidas al activar una respuesta inmediata, pero esa misma urgencia rara vez llega a los casos cotidianos de acoso, violencia f\u00edsica y psicol\u00f3gica que viven millones de mujeres.<\/p>\n\n\n\n<p><br>El caso de Pablo Laurta muestra lo que ocurre cuando el Estado act\u00faa con rapidez: el pa\u00eds vibra con la idea de justicia servida. En contraste, Agustina Pe\u00f1alva encarna la realidad silenciosa de miles que gritan desde dentro del sistema sin ser escuchadas. La verdadera medida del progreso no ser\u00e1 cu\u00e1ntos asesinos capturamos en los titulares, sino cu\u00e1ntas v\u00edctimas reciben protecci\u00f3n real y una respuesta judicial eficaz antes de que su sufrimiento se convierta en otro n\u00famero m\u00e1s del registro criminal.<\/p>\n\n\n\n<p><br>Es hora de transformar los aplausos moment\u00e1neos en un compromiso permanente: invertir en recursos judiciales especializados, garantizar protocolos r\u00e1pidos para denuncias de acoso y reforzar la educaci\u00f3n social que no solo castigue al agresor visible sino que erradique la cultura del silencio que protege al agresor invisible. Solo entonces podremos decir que la justicia no es solo un espect\u00e1culo puntual, sino una constante presencia para todas las mujeres argentinas.<\/p>\n\n\n\n<p><strong>(*) Columnista de Diario del SUR Digital<\/strong><\/p>\n","protected":false},"excerpt":{"rendered":"<p>Por Julieta Ferrer (*) En el tejido social de la Argentina contempor\u00e1nea el eco de los aplausos suele resonar cuando la justicia logra detener a un agresor visible: la captura de Pablo\u202fLaurta, el uruguayo que asesin\u00f3 a su ex esposa, a su suegra y a un remisero, se convirti\u00f3 en un espect\u00e1culo medi\u00e1tico que moviliz\u00f3 [&hellip;]<\/p>\n","protected":false},"author":2,"featured_media":5166,"comment_status":"open","ping_status":"open","sticky":false,"template":"","format":"standard","meta":{"footnotes":""},"categories":[19],"tags":[],"class_list":{"0":"post-5162","1":"post","2":"type-post","3":"status-publish","4":"format-standard","5":"has-post-thumbnail","7":"category-interes-general"},"yoast_head":"<!-- This site is optimized with the Yoast SEO plugin v27.4 - https:\/\/yoast.com\/product\/yoast-seo-wordpress\/ -->\n<title>Aplausos que callan: &quot;la captura de un asesino y la injusticia silente que viven miles de mujeres en Argentina\u201d - Diario del Sur<\/title>\n<meta name=\"robots\" content=\"index, follow, max-snippet:-1, max-image-preview:large, max-video-preview:-1\" \/>\n<link rel=\"canonical\" href=\"https:\/\/diariodelsurdigital.com.ar\/?p=5162\" \/>\n<meta property=\"og:locale\" content=\"es_ES\" \/>\n<meta property=\"og:type\" content=\"article\" \/>\n<meta property=\"og:title\" content=\"Aplausos que callan: &quot;la captura de un asesino y la injusticia silente que viven miles de mujeres en Argentina\u201d - Diario del Sur\" \/>\n<meta property=\"og:description\" content=\"Por Julieta Ferrer (*) En el tejido social de la Argentina contempor\u00e1nea el eco de los aplausos suele resonar cuando la justicia logra detener a un agresor visible: la captura de Pablo\u202fLaurta, el uruguayo que asesin\u00f3 a su ex esposa, a su suegra y a un remisero, se convirti\u00f3 en un espect\u00e1culo medi\u00e1tico que moviliz\u00f3 [&hellip;]\" \/>\n<meta property=\"og:url\" content=\"https:\/\/diariodelsurdigital.com.ar\/?p=5162\" \/>\n<meta property=\"og:site_name\" content=\"Diario del Sur\" \/>\n<meta property=\"article:published_time\" content=\"2025-10-16T16:21:26+00:00\" \/>\n<meta property=\"article:modified_time\" content=\"2025-10-16T16:41:21+00:00\" \/>\n<meta property=\"og:image\" content=\"https:\/\/diariodelsurdigital.com.ar\/wp-content\/uploads\/2025\/10\/Imagen-de-WhatsApp-2025-10-16-a-las-12.39.23_65db072b.jpg\" \/>\n\t<meta property=\"og:image:width\" content=\"501\" \/>\n\t<meta property=\"og:image:height\" content=\"288\" \/>\n\t<meta property=\"og:image:type\" content=\"image\/jpeg\" \/>\n<meta name=\"author\" content=\"Diario del Sur Digital\" \/>\n<meta name=\"twitter:card\" content=\"summary_large_image\" \/>\n<meta name=\"twitter:label1\" content=\"Escrito por\" \/>\n\t<meta name=\"twitter:data1\" content=\"Diario del Sur Digital\" \/>\n\t<meta name=\"twitter:label2\" content=\"Tiempo de lectura\" \/>\n\t<meta name=\"twitter:data2\" content=\"6 minutos\" \/>\n<script type=\"application\/ld+json\" class=\"yoast-schema-graph\">{\"@context\":\"https:\\\/\\\/schema.org\",\"@graph\":[{\"@type\":\"Article\",\"@id\":\"https:\\\/\\\/diariodelsurdigital.com.ar\\\/?p=5162#article\",\"isPartOf\":{\"@id\":\"https:\\\/\\\/diariodelsurdigital.com.ar\\\/?p=5162\"},\"author\":{\"name\":\"Diario del Sur Digital\",\"@id\":\"https:\\\/\\\/diariodelsurdigital.com.ar\\\/#\\\/schema\\\/person\\\/6136a32571657f7dba980b88b04c5465\"},\"headline\":\"Aplausos que callan: \u00abla captura de un asesino y la injusticia silente que viven miles de mujeres en Argentina\u201d\",\"datePublished\":\"2025-10-16T16:21:26+00:00\",\"dateModified\":\"2025-10-16T16:41:21+00:00\",\"mainEntityOfPage\":{\"@id\":\"https:\\\/\\\/diariodelsurdigital.com.ar\\\/?p=5162\"},\"wordCount\":1066,\"commentCount\":0,\"image\":{\"@id\":\"https:\\\/\\\/diariodelsurdigital.com.ar\\\/?p=5162#primaryimage\"},\"thumbnailUrl\":\"https:\\\/\\\/diariodelsurdigital.com.ar\\\/wp-content\\\/uploads\\\/2025\\\/10\\\/Imagen-de-WhatsApp-2025-10-16-a-las-12.39.23_65db072b.jpg\",\"articleSection\":[\"Inter\u00e9s General\"],\"inLanguage\":\"es\",\"potentialAction\":[{\"@type\":\"CommentAction\",\"name\":\"Comment\",\"target\":[\"https:\\\/\\\/diariodelsurdigital.com.ar\\\/?p=5162#respond\"]}]},{\"@type\":\"WebPage\",\"@id\":\"https:\\\/\\\/diariodelsurdigital.com.ar\\\/?p=5162\",\"url\":\"https:\\\/\\\/diariodelsurdigital.com.ar\\\/?p=5162\",\"name\":\"Aplausos que callan: \\\"la captura de un asesino y la injusticia silente que viven miles de mujeres en Argentina\u201d - Diario del Sur\",\"isPartOf\":{\"@id\":\"https:\\\/\\\/diariodelsurdigital.com.ar\\\/#website\"},\"primaryImageOfPage\":{\"@id\":\"https:\\\/\\\/diariodelsurdigital.com.ar\\\/?p=5162#primaryimage\"},\"image\":{\"@id\":\"https:\\\/\\\/diariodelsurdigital.com.ar\\\/?p=5162#primaryimage\"},\"thumbnailUrl\":\"https:\\\/\\\/diariodelsurdigital.com.ar\\\/wp-content\\\/uploads\\\/2025\\\/10\\\/Imagen-de-WhatsApp-2025-10-16-a-las-12.39.23_65db072b.jpg\",\"datePublished\":\"2025-10-16T16:21:26+00:00\",\"dateModified\":\"2025-10-16T16:41:21+00:00\",\"author\":{\"@id\":\"https:\\\/\\\/diariodelsurdigital.com.ar\\\/#\\\/schema\\\/person\\\/6136a32571657f7dba980b88b04c5465\"},\"breadcrumb\":{\"@id\":\"https:\\\/\\\/diariodelsurdigital.com.ar\\\/?p=5162#breadcrumb\"},\"inLanguage\":\"es\",\"potentialAction\":[{\"@type\":\"ReadAction\",\"target\":[\"https:\\\/\\\/diariodelsurdigital.com.ar\\\/?p=5162\"]}]},{\"@type\":\"ImageObject\",\"inLanguage\":\"es\",\"@id\":\"https:\\\/\\\/diariodelsurdigital.com.ar\\\/?p=5162#primaryimage\",\"url\":\"https:\\\/\\\/diariodelsurdigital.com.ar\\\/wp-content\\\/uploads\\\/2025\\\/10\\\/Imagen-de-WhatsApp-2025-10-16-a-las-12.39.23_65db072b.jpg\",\"contentUrl\":\"https:\\\/\\\/diariodelsurdigital.com.ar\\\/wp-content\\\/uploads\\\/2025\\\/10\\\/Imagen-de-WhatsApp-2025-10-16-a-las-12.39.23_65db072b.jpg\",\"width\":501,\"height\":288},{\"@type\":\"BreadcrumbList\",\"@id\":\"https:\\\/\\\/diariodelsurdigital.com.ar\\\/?p=5162#breadcrumb\",\"itemListElement\":[{\"@type\":\"ListItem\",\"position\":1,\"name\":\"Portada\",\"item\":\"https:\\\/\\\/diariodelsurdigital.com.ar\\\/\"},{\"@type\":\"ListItem\",\"position\":2,\"name\":\"Aplausos que callan: \u00abla captura de un asesino y la injusticia silente que viven miles de mujeres en Argentina\u201d\"}]},{\"@type\":\"WebSite\",\"@id\":\"https:\\\/\\\/diariodelsurdigital.com.ar\\\/#website\",\"url\":\"https:\\\/\\\/diariodelsurdigital.com.ar\\\/\",\"name\":\"Diario del Sur\",\"description\":\"Digital\",\"potentialAction\":[{\"@type\":\"SearchAction\",\"target\":{\"@type\":\"EntryPoint\",\"urlTemplate\":\"https:\\\/\\\/diariodelsurdigital.com.ar\\\/?s={search_term_string}\"},\"query-input\":{\"@type\":\"PropertyValueSpecification\",\"valueRequired\":true,\"valueName\":\"search_term_string\"}}],\"inLanguage\":\"es\"},{\"@type\":\"Person\",\"@id\":\"https:\\\/\\\/diariodelsurdigital.com.ar\\\/#\\\/schema\\\/person\\\/6136a32571657f7dba980b88b04c5465\",\"name\":\"Diario del Sur Digital\",\"image\":{\"@type\":\"ImageObject\",\"inLanguage\":\"es\",\"@id\":\"https:\\\/\\\/secure.gravatar.com\\\/avatar\\\/4c29ceac98541dd42460b2474aaa5dd37594d6ce6cb3cf2c101d09b48ee287ba?s=96&d=mm&r=g\",\"url\":\"https:\\\/\\\/secure.gravatar.com\\\/avatar\\\/4c29ceac98541dd42460b2474aaa5dd37594d6ce6cb3cf2c101d09b48ee287ba?s=96&d=mm&r=g\",\"contentUrl\":\"https:\\\/\\\/secure.gravatar.com\\\/avatar\\\/4c29ceac98541dd42460b2474aaa5dd37594d6ce6cb3cf2c101d09b48ee287ba?s=96&d=mm&r=g\",\"caption\":\"Diario del Sur Digital\"},\"url\":\"https:\\\/\\\/diariodelsurdigital.com.ar\\\/?author=2\"}]}<\/script>\n<!-- \/ Yoast SEO plugin. -->","yoast_head_json":{"title":"Aplausos que callan: \"la captura de un asesino y la injusticia silente que viven miles de mujeres en Argentina\u201d - Diario del Sur","robots":{"index":"index","follow":"follow","max-snippet":"max-snippet:-1","max-image-preview":"max-image-preview:large","max-video-preview":"max-video-preview:-1"},"canonical":"https:\/\/diariodelsurdigital.com.ar\/?p=5162","og_locale":"es_ES","og_type":"article","og_title":"Aplausos que callan: \"la captura de un asesino y la injusticia silente que viven miles de mujeres en Argentina\u201d - Diario del Sur","og_description":"Por Julieta Ferrer (*) En el tejido social de la Argentina contempor\u00e1nea el eco de los aplausos suele resonar cuando la justicia logra detener a un agresor visible: la captura de Pablo\u202fLaurta, el uruguayo que asesin\u00f3 a su ex esposa, a su suegra y a un remisero, se convirti\u00f3 en un espect\u00e1culo medi\u00e1tico que moviliz\u00f3 [&hellip;]","og_url":"https:\/\/diariodelsurdigital.com.ar\/?p=5162","og_site_name":"Diario del Sur","article_published_time":"2025-10-16T16:21:26+00:00","article_modified_time":"2025-10-16T16:41:21+00:00","og_image":[{"width":501,"height":288,"url":"https:\/\/diariodelsurdigital.com.ar\/wp-content\/uploads\/2025\/10\/Imagen-de-WhatsApp-2025-10-16-a-las-12.39.23_65db072b.jpg","type":"image\/jpeg"}],"author":"Diario del Sur Digital","twitter_card":"summary_large_image","twitter_misc":{"Escrito por":"Diario del Sur Digital","Tiempo de lectura":"6 minutos"},"schema":{"@context":"https:\/\/schema.org","@graph":[{"@type":"Article","@id":"https:\/\/diariodelsurdigital.com.ar\/?p=5162#article","isPartOf":{"@id":"https:\/\/diariodelsurdigital.com.ar\/?p=5162"},"author":{"name":"Diario del Sur Digital","@id":"https:\/\/diariodelsurdigital.com.ar\/#\/schema\/person\/6136a32571657f7dba980b88b04c5465"},"headline":"Aplausos que callan: \u00abla captura de un asesino y la injusticia silente que viven miles de mujeres en Argentina\u201d","datePublished":"2025-10-16T16:21:26+00:00","dateModified":"2025-10-16T16:41:21+00:00","mainEntityOfPage":{"@id":"https:\/\/diariodelsurdigital.com.ar\/?p=5162"},"wordCount":1066,"commentCount":0,"image":{"@id":"https:\/\/diariodelsurdigital.com.ar\/?p=5162#primaryimage"},"thumbnailUrl":"https:\/\/diariodelsurdigital.com.ar\/wp-content\/uploads\/2025\/10\/Imagen-de-WhatsApp-2025-10-16-a-las-12.39.23_65db072b.jpg","articleSection":["Inter\u00e9s General"],"inLanguage":"es","potentialAction":[{"@type":"CommentAction","name":"Comment","target":["https:\/\/diariodelsurdigital.com.ar\/?p=5162#respond"]}]},{"@type":"WebPage","@id":"https:\/\/diariodelsurdigital.com.ar\/?p=5162","url":"https:\/\/diariodelsurdigital.com.ar\/?p=5162","name":"Aplausos que callan: \"la captura de un asesino y la injusticia silente que viven miles de mujeres en Argentina\u201d - Diario del Sur","isPartOf":{"@id":"https:\/\/diariodelsurdigital.com.ar\/#website"},"primaryImageOfPage":{"@id":"https:\/\/diariodelsurdigital.com.ar\/?p=5162#primaryimage"},"image":{"@id":"https:\/\/diariodelsurdigital.com.ar\/?p=5162#primaryimage"},"thumbnailUrl":"https:\/\/diariodelsurdigital.com.ar\/wp-content\/uploads\/2025\/10\/Imagen-de-WhatsApp-2025-10-16-a-las-12.39.23_65db072b.jpg","datePublished":"2025-10-16T16:21:26+00:00","dateModified":"2025-10-16T16:41:21+00:00","author":{"@id":"https:\/\/diariodelsurdigital.com.ar\/#\/schema\/person\/6136a32571657f7dba980b88b04c5465"},"breadcrumb":{"@id":"https:\/\/diariodelsurdigital.com.ar\/?p=5162#breadcrumb"},"inLanguage":"es","potentialAction":[{"@type":"ReadAction","target":["https:\/\/diariodelsurdigital.com.ar\/?p=5162"]}]},{"@type":"ImageObject","inLanguage":"es","@id":"https:\/\/diariodelsurdigital.com.ar\/?p=5162#primaryimage","url":"https:\/\/diariodelsurdigital.com.ar\/wp-content\/uploads\/2025\/10\/Imagen-de-WhatsApp-2025-10-16-a-las-12.39.23_65db072b.jpg","contentUrl":"https:\/\/diariodelsurdigital.com.ar\/wp-content\/uploads\/2025\/10\/Imagen-de-WhatsApp-2025-10-16-a-las-12.39.23_65db072b.jpg","width":501,"height":288},{"@type":"BreadcrumbList","@id":"https:\/\/diariodelsurdigital.com.ar\/?p=5162#breadcrumb","itemListElement":[{"@type":"ListItem","position":1,"name":"Portada","item":"https:\/\/diariodelsurdigital.com.ar\/"},{"@type":"ListItem","position":2,"name":"Aplausos que callan: \u00abla captura de un asesino y la injusticia silente que viven miles de mujeres en Argentina\u201d"}]},{"@type":"WebSite","@id":"https:\/\/diariodelsurdigital.com.ar\/#website","url":"https:\/\/diariodelsurdigital.com.ar\/","name":"Diario del Sur","description":"Digital","potentialAction":[{"@type":"SearchAction","target":{"@type":"EntryPoint","urlTemplate":"https:\/\/diariodelsurdigital.com.ar\/?s={search_term_string}"},"query-input":{"@type":"PropertyValueSpecification","valueRequired":true,"valueName":"search_term_string"}}],"inLanguage":"es"},{"@type":"Person","@id":"https:\/\/diariodelsurdigital.com.ar\/#\/schema\/person\/6136a32571657f7dba980b88b04c5465","name":"Diario del Sur Digital","image":{"@type":"ImageObject","inLanguage":"es","@id":"https:\/\/secure.gravatar.com\/avatar\/4c29ceac98541dd42460b2474aaa5dd37594d6ce6cb3cf2c101d09b48ee287ba?s=96&d=mm&r=g","url":"https:\/\/secure.gravatar.com\/avatar\/4c29ceac98541dd42460b2474aaa5dd37594d6ce6cb3cf2c101d09b48ee287ba?s=96&d=mm&r=g","contentUrl":"https:\/\/secure.gravatar.com\/avatar\/4c29ceac98541dd42460b2474aaa5dd37594d6ce6cb3cf2c101d09b48ee287ba?s=96&d=mm&r=g","caption":"Diario del Sur Digital"},"url":"https:\/\/diariodelsurdigital.com.ar\/?author=2"}]}},"_links":{"self":[{"href":"https:\/\/diariodelsurdigital.com.ar\/index.php?rest_route=\/wp\/v2\/posts\/5162","targetHints":{"allow":["GET"]}}],"collection":[{"href":"https:\/\/diariodelsurdigital.com.ar\/index.php?rest_route=\/wp\/v2\/posts"}],"about":[{"href":"https:\/\/diariodelsurdigital.com.ar\/index.php?rest_route=\/wp\/v2\/types\/post"}],"author":[{"embeddable":true,"href":"https:\/\/diariodelsurdigital.com.ar\/index.php?rest_route=\/wp\/v2\/users\/2"}],"replies":[{"embeddable":true,"href":"https:\/\/diariodelsurdigital.com.ar\/index.php?rest_route=%2Fwp%2Fv2%2Fcomments&post=5162"}],"version-history":[{"count":2,"href":"https:\/\/diariodelsurdigital.com.ar\/index.php?rest_route=\/wp\/v2\/posts\/5162\/revisions"}],"predecessor-version":[{"id":5170,"href":"https:\/\/diariodelsurdigital.com.ar\/index.php?rest_route=\/wp\/v2\/posts\/5162\/revisions\/5170"}],"wp:featuredmedia":[{"embeddable":true,"href":"https:\/\/diariodelsurdigital.com.ar\/index.php?rest_route=\/wp\/v2\/media\/5166"}],"wp:attachment":[{"href":"https:\/\/diariodelsurdigital.com.ar\/index.php?rest_route=%2Fwp%2Fv2%2Fmedia&parent=5162"}],"wp:term":[{"taxonomy":"category","embeddable":true,"href":"https:\/\/diariodelsurdigital.com.ar\/index.php?rest_route=%2Fwp%2Fv2%2Fcategories&post=5162"},{"taxonomy":"post_tag","embeddable":true,"href":"https:\/\/diariodelsurdigital.com.ar\/index.php?rest_route=%2Fwp%2Fv2%2Ftags&post=5162"}],"curies":[{"name":"wp","href":"https:\/\/api.w.org\/{rel}","templated":true}]}}