{"id":5171,"date":"2025-10-16T21:45:19","date_gmt":"2025-10-17T00:45:19","guid":{"rendered":"https:\/\/diariodelsurdigital.com.ar\/?p=5171"},"modified":"2025-10-17T10:29:19","modified_gmt":"2025-10-17T13:29:19","slug":"ex-presos-politicos-se-solidarizan-con-gaillard-y-rubatino","status":"publish","type":"post","link":"https:\/\/diariodelsurdigital.com.ar\/?p=5171","title":{"rendered":"Ex presos pol\u00edticos se solidarizan con Gaillard y Rubatino"},"content":{"rendered":"\n<figure class=\"wp-block-image size-full\"><img loading=\"lazy\" decoding=\"async\" width=\"480\" height=\"269\" src=\"https:\/\/diariodelsurdigital.com.ar\/wp-content\/uploads\/2025\/10\/etoKn9OxXiZ2kxbP.jpg\" alt=\"\" class=\"wp-image-5173\" srcset=\"https:\/\/diariodelsurdigital.com.ar\/wp-content\/uploads\/2025\/10\/etoKn9OxXiZ2kxbP.jpg 480w, https:\/\/diariodelsurdigital.com.ar\/wp-content\/uploads\/2025\/10\/etoKn9OxXiZ2kxbP-300x168.jpg 300w\" sizes=\"auto, (max-width: 480px) 100vw, 480px\" \/><\/figure>\n\n\n\n<p>Mediante un escrito que lleva el t\u00edtulo, <strong>\u00abSolidaridad con las compa\u00f1eras y compa\u00f1eros de la lista AHORA 503\u00bb<\/strong>, militantes de la d\u00e9cada del 70 se manifiestan en contra de las operaciones pol\u00edticas de lo que ellos denominan el <strong>\u00abpejotismo liberal\u00bb<\/strong>. Texto enviado a <strong>Diario del SUR Digital<\/strong>:<\/p>\n\n\n\n<p><em>\u201cLos enemigos de la Patria son los enemigos del Pueblo. La Argentina actual es un sat\u00e9lite del imperialismo yanqui y su gobierno est\u00e1 al servicio de la oligarqu\u00eda y de la burgues\u00eda. Su pueblo, l\u00f3gicamente, est\u00e1 tan en contra del imperialismo como de la oligarqu\u00eda y de la burgues\u00eda. Pero especialmente opuesto al gobierno que les sirve, y a las fuerzas de ocupaci\u00f3n, que lo hacen posible\u201d<\/em> <strong>J. D. Per\u00f3n\u201d Actualizaci\u00f3n pol\u00edtica y doctrinaria para la toma del poder.<\/strong><\/p>\n\n\n\n<p>Ante la grave denuncia de la compa\u00f1era diputada nacional Carolina Gaillard (UxP-Entre R\u00edos), candidata a senadora por la lista <strong>Ahora 503<\/strong> sobre operaciones, denuncias falsas y aprietes por parte de integrantes de la lista del frente electoral <strong>Fuerza Entre R\u00edos<\/strong>, militantes que venimos del peronismo de la resistencia, que luchamos en todo momento y en cada lugar por la causa del Pueblo y los enemigos de la Patria en primer lugar, algunos durante las dictaduras de Ongan\u00eda, Levingston y Lanusse y luego contra la entrega al neoliberalismo y la represi\u00f3n interna del lopezrreguismo, y finalmente enfrentando el Terrorismo de Estado de los infames traidores a la Patria responsables del genocidio del 76 al 82, manifestamos nuestro m\u00e1s firme rechazo a estas pr\u00e1cticas mafiosas de quienes son hijos del menemismo de los 90 como Adan Bahl o el actual operador del massismo en la provincia de Entre R\u00edos, Guillermo Michel. enriquecidos il\u00edcitamente.<\/p>\n\n\n\n<p>Formados en los 70, gracias al arte cinematogr\u00e1fico y el compromiso de Octavio Getino y Pino Solanas mediante la entrevista filmada en Puerta de Hierro Madrid \u201cActualizaci\u00f3n pol\u00edtica y doctrinaria para la toma del poder\u00bb,  escuchando aprendiendo con el general Per\u00f3n explicitando la doctrina y la pr\u00e1ctica del movimiento justicialista, en reuniones clandestinas de militantes sindicales, barriales, agrupaciones estudiantiles secundarias y terciarias, sin dejar de actuar en todos los frentes y de todas las formas contempladas en la Constituci\u00f3n Nacional como derecho a la resistencia, dejamos en claro que hacemos responsable a la herramienta electoral pejotista (Partido Justicialista), de estas pr\u00e1cticas antidemocr\u00e1ticas, denunciadas por la compa\u00f1era Gaillard y Rubatino. El resto de los integrantes de ese frente para nosotros son de palo, no \u201cdel palo\u201d y cualquier injerencia es considerada inadmisible.<\/p>\n\n\n\n<p>Nosotros \/as aprendimos de muy gurises tanto en la UES como en la JP, lo esencial de la doctrina. Un ejemplo; \u201cUn hombre de nuestro Movimiento podr\u00e1 tener alg\u00fan que otro defecto, pero el m\u00e1s grave de todos, ser\u00e1 no ser un hombre del pueblo. <strong>El Movimiento Peronista es de todos <\/strong>los que lo formamos y dependemos. Y all\u00ed radica el derecho que cada peronista tiene de sentir y de pensar para el beneficio com\u00fan, como lo establece este viejo apotegma peronista:<strong> \u201cQue todos sean art\u00edfices del destino com\u00fan, pero ninguno instrumento de la ambici\u00f3n de nadie\u201d.<\/strong> Un hombre que aprieta, maltrata, coacciona, denuncia falsamente o amenaza a los compa\u00f1eros o peor si son mujeres, es de poco hombre y bien definido por Cristina como un \u201cmachirulo\u201d. Y estos guapos medi\u00e1ticos ya se ha visto como terminan. Al mejor estilo de Espert y lloriqueando en la TV.<\/p>\n\n\n\n<p>Tambi\u00e9n nos aclaraba el general, \u201cPeronista, para m\u00ed, como conductor del Movimiento, es todo aquel que cumple la ideolog\u00eda y la doctrina peronista.(\u2026) nosotros esto lo hemos aclarado bien en el Movimiento: hay un dec\u00e1logo peronista, donde dice cu\u00e1les son las diez condiciones b\u00e1sicas que debe llenar un hombre para ser, sentir y poderse decir peronista. En ese sentido, con todo lo que ha pasado en el pa\u00eds, pensamos que habr\u00e1 un sector malintencionado, pero m\u00e1s que nada ha sido un sector desaprensivo e ignorante. Y el bruto es siempre peor que el malo, porque el malo suele tener remedio, el bruto no. He visto malos que se han vuelto buenos, jam\u00e1s un bruto que se haya vuelto inteligente\u201d.<\/p>\n\n\n\n<p><br>No es casualidad que a la derecha y bien a la derecha, aparezcan los amigos y socios de Espert, Milei y del gobierno del absolutismo porte\u00f1o (malos argentinos y en este caso peores entrerrianos9 recordando a Jos\u00e9 Artigas.<br>Para el cierre, tambi\u00e9n dice Per\u00f3n \u201cen pocas palabras, y en s\u00edntesis: El Movimiento tiene enemigos de afuera y enemigos de adentro: quien no lucha contra el enemigo ni por la causa del pueblo es un traidor. Quien lucha contra el enemigo y por la causa del pueblo es un compa\u00f1ero. Y quien lucha contra un compa\u00f1ero es un enemigo o un traidor\u201d.<\/p>\n\n\n\n<p><br>Las compa\u00f1eras de la<strong> lista Ahora 503, Carolina Gaillard y Paola Rubatino<\/strong>, han pedido paciencia y esperar los resultados de la elecci\u00f3n del 26\/10, pero se deber\u00e1 exigir a la justicia electoral una <strong>investigaci\u00f3n exhaustiva sobre el origen de los fondos que financian a la lista pejotista, calculada ya en miles de millones de pesos en las propias narices de los compa\u00f1eros que justamente padecen unas de las peores hambrunas de los \u00faltimos tiempos.<\/strong><\/p>\n\n\n\n<p><br>\u201cCuando la realidad demanda militancia y di\u00e1logo, lo que el <strong>pejotismo oficialista<\/strong> de Bahl y Michel ofrece, son estas pr\u00e1cticas nefastas y gastos millonarios en marketing. Esto se tiene que terminar porque le hace mucho da\u00f1o a un movimiento pol\u00edtico que viene de una derrota hist\u00f3rica en el 2023 &#8211;<strong>en la que Bahl y Michel fueron responsables<\/strong>&#8211; y necesita reconstruirse sin autoritarismos, sectarismos, ni miedo\u201d.<\/p>\n\n\n\n<p><strong>Firman:<\/strong> Alejandro Richardet (ex preso pol\u00edtico- Diamante &#8211; JP Regional II) &#8211; Miguel Angel Ermolli (ex preso pol\u00edtico- Villaguay) &#8211; Jos\u00e9 Bignotti (ex preso pol\u00edtico &#8211; Concordia- JP Regional II) &#8211; Jos\u00e9 Luis Uranga (ex preso pol\u00edtico &#8211; Concordia) &#8211; Jos\u00e9 Godoy (ex preso pol\u00edtico &#8211; Concordia) &#8211; Graciela Mc Lean (ex presa pol\u00edtica &#8211; Concordia) &#8211; Jorge Domingo Villarreal (ex preso pol\u00edtico Concordia &#8211; Regional II) &#8211; Amalia Ayala (ex presa pol\u00edtica &#8211; Concordia) &#8211; Miguel Yoya (ex preso pol\u00edtico &#8211; Concordia) &#8211; Hugo Alejandro Galvani (ex preso pol\u00edtico &#8211; Concordia) &#8211; Rub\u00e9n Bonelli (ex preso pol\u00edtico &#8211; Movimiento Peronista Aut\u00e9ntico)<\/p>\n","protected":false},"excerpt":{"rendered":"<p>Mediante un escrito que lleva el t\u00edtulo, \u00abSolidaridad con las compa\u00f1eras y compa\u00f1eros de la lista AHORA 503\u00bb, militantes de la d\u00e9cada del 70 se manifiestan en contra de las operaciones pol\u00edticas de lo que ellos denominan el \u00abpejotismo liberal\u00bb. Texto enviado a Diario del SUR Digital: \u201cLos enemigos de la Patria son los enemigos [&hellip;]<\/p>\n","protected":false},"author":2,"featured_media":5172,"comment_status":"open","ping_status":"open","sticky":false,"template":"","format":"standard","meta":{"footnotes":""},"categories":[22],"tags":[],"class_list":{"0":"post-5171","1":"post","2":"type-post","3":"status-publish","4":"format-standard","5":"has-post-thumbnail","7":"category-politica"},"yoast_head":"<!-- This site is optimized with the Yoast SEO plugin v27.4 - https:\/\/yoast.com\/product\/yoast-seo-wordpress\/ -->\n<title>Ex presos pol\u00edticos se solidarizan con Gaillard y Rubatino - Diario del Sur<\/title>\n<meta name=\"robots\" content=\"index, follow, max-snippet:-1, max-image-preview:large, max-video-preview:-1\" \/>\n<link rel=\"canonical\" href=\"https:\/\/diariodelsurdigital.com.ar\/?p=5171\" \/>\n<meta property=\"og:locale\" content=\"es_ES\" \/>\n<meta property=\"og:type\" content=\"article\" \/>\n<meta property=\"og:title\" content=\"Ex presos pol\u00edticos se solidarizan con Gaillard y Rubatino - Diario del Sur\" \/>\n<meta property=\"og:description\" content=\"Mediante un escrito que lleva el t\u00edtulo, \u00abSolidaridad con las compa\u00f1eras y compa\u00f1eros de la lista AHORA 503\u00bb, militantes de la d\u00e9cada del 70 se manifiestan en contra de las operaciones pol\u00edticas de lo que ellos denominan el \u00abpejotismo liberal\u00bb. Texto enviado a Diario del SUR Digital: \u201cLos enemigos de la Patria son los enemigos [&hellip;]\" \/>\n<meta property=\"og:url\" content=\"https:\/\/diariodelsurdigital.com.ar\/?p=5171\" \/>\n<meta property=\"og:site_name\" content=\"Diario del Sur\" \/>\n<meta property=\"article:published_time\" content=\"2025-10-17T00:45:19+00:00\" \/>\n<meta property=\"article:modified_time\" content=\"2025-10-17T13:29:19+00:00\" \/>\n<meta property=\"og:image\" content=\"https:\/\/diariodelsurdigital.com.ar\/wp-content\/uploads\/2025\/10\/ex_presos_3.jpg\" \/>\n\t<meta property=\"og:image:width\" content=\"656\" \/>\n\t<meta property=\"og:image:height\" content=\"296\" \/>\n\t<meta property=\"og:image:type\" content=\"image\/jpeg\" \/>\n<meta name=\"author\" content=\"Diario del Sur Digital\" \/>\n<meta name=\"twitter:card\" content=\"summary_large_image\" \/>\n<meta name=\"twitter:label1\" content=\"Escrito por\" \/>\n\t<meta name=\"twitter:data1\" content=\"Diario del Sur Digital\" \/>\n\t<meta name=\"twitter:label2\" content=\"Tiempo de lectura\" \/>\n\t<meta name=\"twitter:data2\" content=\"5 minutos\" \/>\n<script type=\"application\/ld+json\" class=\"yoast-schema-graph\">{\"@context\":\"https:\\\/\\\/schema.org\",\"@graph\":[{\"@type\":\"Article\",\"@id\":\"https:\\\/\\\/diariodelsurdigital.com.ar\\\/?p=5171#article\",\"isPartOf\":{\"@id\":\"https:\\\/\\\/diariodelsurdigital.com.ar\\\/?p=5171\"},\"author\":{\"name\":\"Diario del Sur Digital\",\"@id\":\"https:\\\/\\\/diariodelsurdigital.com.ar\\\/#\\\/schema\\\/person\\\/6136a32571657f7dba980b88b04c5465\"},\"headline\":\"Ex presos pol\u00edticos se solidarizan con Gaillard y Rubatino\",\"datePublished\":\"2025-10-17T00:45:19+00:00\",\"dateModified\":\"2025-10-17T13:29:19+00:00\",\"mainEntityOfPage\":{\"@id\":\"https:\\\/\\\/diariodelsurdigital.com.ar\\\/?p=5171\"},\"wordCount\":1093,\"commentCount\":0,\"image\":{\"@id\":\"https:\\\/\\\/diariodelsurdigital.com.ar\\\/?p=5171#primaryimage\"},\"thumbnailUrl\":\"https:\\\/\\\/diariodelsurdigital.com.ar\\\/wp-content\\\/uploads\\\/2025\\\/10\\\/ex_presos_3.jpg\",\"articleSection\":[\"Pol\u00edtica\"],\"inLanguage\":\"es\",\"potentialAction\":[{\"@type\":\"CommentAction\",\"name\":\"Comment\",\"target\":[\"https:\\\/\\\/diariodelsurdigital.com.ar\\\/?p=5171#respond\"]}]},{\"@type\":\"WebPage\",\"@id\":\"https:\\\/\\\/diariodelsurdigital.com.ar\\\/?p=5171\",\"url\":\"https:\\\/\\\/diariodelsurdigital.com.ar\\\/?p=5171\",\"name\":\"Ex presos pol\u00edticos se solidarizan con Gaillard y Rubatino - Diario del Sur\",\"isPartOf\":{\"@id\":\"https:\\\/\\\/diariodelsurdigital.com.ar\\\/#website\"},\"primaryImageOfPage\":{\"@id\":\"https:\\\/\\\/diariodelsurdigital.com.ar\\\/?p=5171#primaryimage\"},\"image\":{\"@id\":\"https:\\\/\\\/diariodelsurdigital.com.ar\\\/?p=5171#primaryimage\"},\"thumbnailUrl\":\"https:\\\/\\\/diariodelsurdigital.com.ar\\\/wp-content\\\/uploads\\\/2025\\\/10\\\/ex_presos_3.jpg\",\"datePublished\":\"2025-10-17T00:45:19+00:00\",\"dateModified\":\"2025-10-17T13:29:19+00:00\",\"author\":{\"@id\":\"https:\\\/\\\/diariodelsurdigital.com.ar\\\/#\\\/schema\\\/person\\\/6136a32571657f7dba980b88b04c5465\"},\"breadcrumb\":{\"@id\":\"https:\\\/\\\/diariodelsurdigital.com.ar\\\/?p=5171#breadcrumb\"},\"inLanguage\":\"es\",\"potentialAction\":[{\"@type\":\"ReadAction\",\"target\":[\"https:\\\/\\\/diariodelsurdigital.com.ar\\\/?p=5171\"]}]},{\"@type\":\"ImageObject\",\"inLanguage\":\"es\",\"@id\":\"https:\\\/\\\/diariodelsurdigital.com.ar\\\/?p=5171#primaryimage\",\"url\":\"https:\\\/\\\/diariodelsurdigital.com.ar\\\/wp-content\\\/uploads\\\/2025\\\/10\\\/ex_presos_3.jpg\",\"contentUrl\":\"https:\\\/\\\/diariodelsurdigital.com.ar\\\/wp-content\\\/uploads\\\/2025\\\/10\\\/ex_presos_3.jpg\",\"width\":656,\"height\":296},{\"@type\":\"BreadcrumbList\",\"@id\":\"https:\\\/\\\/diariodelsurdigital.com.ar\\\/?p=5171#breadcrumb\",\"itemListElement\":[{\"@type\":\"ListItem\",\"position\":1,\"name\":\"Portada\",\"item\":\"https:\\\/\\\/diariodelsurdigital.com.ar\\\/\"},{\"@type\":\"ListItem\",\"position\":2,\"name\":\"Ex presos pol\u00edticos se solidarizan con Gaillard y Rubatino\"}]},{\"@type\":\"WebSite\",\"@id\":\"https:\\\/\\\/diariodelsurdigital.com.ar\\\/#website\",\"url\":\"https:\\\/\\\/diariodelsurdigital.com.ar\\\/\",\"name\":\"Diario del Sur\",\"description\":\"Digital\",\"potentialAction\":[{\"@type\":\"SearchAction\",\"target\":{\"@type\":\"EntryPoint\",\"urlTemplate\":\"https:\\\/\\\/diariodelsurdigital.com.ar\\\/?s={search_term_string}\"},\"query-input\":{\"@type\":\"PropertyValueSpecification\",\"valueRequired\":true,\"valueName\":\"search_term_string\"}}],\"inLanguage\":\"es\"},{\"@type\":\"Person\",\"@id\":\"https:\\\/\\\/diariodelsurdigital.com.ar\\\/#\\\/schema\\\/person\\\/6136a32571657f7dba980b88b04c5465\",\"name\":\"Diario del Sur Digital\",\"image\":{\"@type\":\"ImageObject\",\"inLanguage\":\"es\",\"@id\":\"https:\\\/\\\/secure.gravatar.com\\\/avatar\\\/4c29ceac98541dd42460b2474aaa5dd37594d6ce6cb3cf2c101d09b48ee287ba?s=96&d=mm&r=g\",\"url\":\"https:\\\/\\\/secure.gravatar.com\\\/avatar\\\/4c29ceac98541dd42460b2474aaa5dd37594d6ce6cb3cf2c101d09b48ee287ba?s=96&d=mm&r=g\",\"contentUrl\":\"https:\\\/\\\/secure.gravatar.com\\\/avatar\\\/4c29ceac98541dd42460b2474aaa5dd37594d6ce6cb3cf2c101d09b48ee287ba?s=96&d=mm&r=g\",\"caption\":\"Diario del Sur Digital\"},\"url\":\"https:\\\/\\\/diariodelsurdigital.com.ar\\\/?author=2\"}]}<\/script>\n<!-- \/ Yoast SEO plugin. -->","yoast_head_json":{"title":"Ex presos pol\u00edticos se solidarizan con Gaillard y Rubatino - Diario del Sur","robots":{"index":"index","follow":"follow","max-snippet":"max-snippet:-1","max-image-preview":"max-image-preview:large","max-video-preview":"max-video-preview:-1"},"canonical":"https:\/\/diariodelsurdigital.com.ar\/?p=5171","og_locale":"es_ES","og_type":"article","og_title":"Ex presos pol\u00edticos se solidarizan con Gaillard y Rubatino - Diario del Sur","og_description":"Mediante un escrito que lleva el t\u00edtulo, \u00abSolidaridad con las compa\u00f1eras y compa\u00f1eros de la lista AHORA 503\u00bb, militantes de la d\u00e9cada del 70 se manifiestan en contra de las operaciones pol\u00edticas de lo que ellos denominan el \u00abpejotismo liberal\u00bb. Texto enviado a Diario del SUR Digital: \u201cLos enemigos de la Patria son los enemigos [&hellip;]","og_url":"https:\/\/diariodelsurdigital.com.ar\/?p=5171","og_site_name":"Diario del Sur","article_published_time":"2025-10-17T00:45:19+00:00","article_modified_time":"2025-10-17T13:29:19+00:00","og_image":[{"width":656,"height":296,"url":"https:\/\/diariodelsurdigital.com.ar\/wp-content\/uploads\/2025\/10\/ex_presos_3.jpg","type":"image\/jpeg"}],"author":"Diario del Sur Digital","twitter_card":"summary_large_image","twitter_misc":{"Escrito por":"Diario del Sur Digital","Tiempo de lectura":"5 minutos"},"schema":{"@context":"https:\/\/schema.org","@graph":[{"@type":"Article","@id":"https:\/\/diariodelsurdigital.com.ar\/?p=5171#article","isPartOf":{"@id":"https:\/\/diariodelsurdigital.com.ar\/?p=5171"},"author":{"name":"Diario del Sur Digital","@id":"https:\/\/diariodelsurdigital.com.ar\/#\/schema\/person\/6136a32571657f7dba980b88b04c5465"},"headline":"Ex presos pol\u00edticos se solidarizan con Gaillard y Rubatino","datePublished":"2025-10-17T00:45:19+00:00","dateModified":"2025-10-17T13:29:19+00:00","mainEntityOfPage":{"@id":"https:\/\/diariodelsurdigital.com.ar\/?p=5171"},"wordCount":1093,"commentCount":0,"image":{"@id":"https:\/\/diariodelsurdigital.com.ar\/?p=5171#primaryimage"},"thumbnailUrl":"https:\/\/diariodelsurdigital.com.ar\/wp-content\/uploads\/2025\/10\/ex_presos_3.jpg","articleSection":["Pol\u00edtica"],"inLanguage":"es","potentialAction":[{"@type":"CommentAction","name":"Comment","target":["https:\/\/diariodelsurdigital.com.ar\/?p=5171#respond"]}]},{"@type":"WebPage","@id":"https:\/\/diariodelsurdigital.com.ar\/?p=5171","url":"https:\/\/diariodelsurdigital.com.ar\/?p=5171","name":"Ex presos pol\u00edticos se solidarizan con Gaillard y Rubatino - Diario del Sur","isPartOf":{"@id":"https:\/\/diariodelsurdigital.com.ar\/#website"},"primaryImageOfPage":{"@id":"https:\/\/diariodelsurdigital.com.ar\/?p=5171#primaryimage"},"image":{"@id":"https:\/\/diariodelsurdigital.com.ar\/?p=5171#primaryimage"},"thumbnailUrl":"https:\/\/diariodelsurdigital.com.ar\/wp-content\/uploads\/2025\/10\/ex_presos_3.jpg","datePublished":"2025-10-17T00:45:19+00:00","dateModified":"2025-10-17T13:29:19+00:00","author":{"@id":"https:\/\/diariodelsurdigital.com.ar\/#\/schema\/person\/6136a32571657f7dba980b88b04c5465"},"breadcrumb":{"@id":"https:\/\/diariodelsurdigital.com.ar\/?p=5171#breadcrumb"},"inLanguage":"es","potentialAction":[{"@type":"ReadAction","target":["https:\/\/diariodelsurdigital.com.ar\/?p=5171"]}]},{"@type":"ImageObject","inLanguage":"es","@id":"https:\/\/diariodelsurdigital.com.ar\/?p=5171#primaryimage","url":"https:\/\/diariodelsurdigital.com.ar\/wp-content\/uploads\/2025\/10\/ex_presos_3.jpg","contentUrl":"https:\/\/diariodelsurdigital.com.ar\/wp-content\/uploads\/2025\/10\/ex_presos_3.jpg","width":656,"height":296},{"@type":"BreadcrumbList","@id":"https:\/\/diariodelsurdigital.com.ar\/?p=5171#breadcrumb","itemListElement":[{"@type":"ListItem","position":1,"name":"Portada","item":"https:\/\/diariodelsurdigital.com.ar\/"},{"@type":"ListItem","position":2,"name":"Ex presos pol\u00edticos se solidarizan con Gaillard y Rubatino"}]},{"@type":"WebSite","@id":"https:\/\/diariodelsurdigital.com.ar\/#website","url":"https:\/\/diariodelsurdigital.com.ar\/","name":"Diario del Sur","description":"Digital","potentialAction":[{"@type":"SearchAction","target":{"@type":"EntryPoint","urlTemplate":"https:\/\/diariodelsurdigital.com.ar\/?s={search_term_string}"},"query-input":{"@type":"PropertyValueSpecification","valueRequired":true,"valueName":"search_term_string"}}],"inLanguage":"es"},{"@type":"Person","@id":"https:\/\/diariodelsurdigital.com.ar\/#\/schema\/person\/6136a32571657f7dba980b88b04c5465","name":"Diario del Sur Digital","image":{"@type":"ImageObject","inLanguage":"es","@id":"https:\/\/secure.gravatar.com\/avatar\/4c29ceac98541dd42460b2474aaa5dd37594d6ce6cb3cf2c101d09b48ee287ba?s=96&d=mm&r=g","url":"https:\/\/secure.gravatar.com\/avatar\/4c29ceac98541dd42460b2474aaa5dd37594d6ce6cb3cf2c101d09b48ee287ba?s=96&d=mm&r=g","contentUrl":"https:\/\/secure.gravatar.com\/avatar\/4c29ceac98541dd42460b2474aaa5dd37594d6ce6cb3cf2c101d09b48ee287ba?s=96&d=mm&r=g","caption":"Diario del Sur Digital"},"url":"https:\/\/diariodelsurdigital.com.ar\/?author=2"}]}},"_links":{"self":[{"href":"https:\/\/diariodelsurdigital.com.ar\/index.php?rest_route=\/wp\/v2\/posts\/5171","targetHints":{"allow":["GET"]}}],"collection":[{"href":"https:\/\/diariodelsurdigital.com.ar\/index.php?rest_route=\/wp\/v2\/posts"}],"about":[{"href":"https:\/\/diariodelsurdigital.com.ar\/index.php?rest_route=\/wp\/v2\/types\/post"}],"author":[{"embeddable":true,"href":"https:\/\/diariodelsurdigital.com.ar\/index.php?rest_route=\/wp\/v2\/users\/2"}],"replies":[{"embeddable":true,"href":"https:\/\/diariodelsurdigital.com.ar\/index.php?rest_route=%2Fwp%2Fv2%2Fcomments&post=5171"}],"version-history":[{"count":6,"href":"https:\/\/diariodelsurdigital.com.ar\/index.php?rest_route=\/wp\/v2\/posts\/5171\/revisions"}],"predecessor-version":[{"id":5192,"href":"https:\/\/diariodelsurdigital.com.ar\/index.php?rest_route=\/wp\/v2\/posts\/5171\/revisions\/5192"}],"wp:featuredmedia":[{"embeddable":true,"href":"https:\/\/diariodelsurdigital.com.ar\/index.php?rest_route=\/wp\/v2\/media\/5172"}],"wp:attachment":[{"href":"https:\/\/diariodelsurdigital.com.ar\/index.php?rest_route=%2Fwp%2Fv2%2Fmedia&parent=5171"}],"wp:term":[{"taxonomy":"category","embeddable":true,"href":"https:\/\/diariodelsurdigital.com.ar\/index.php?rest_route=%2Fwp%2Fv2%2Fcategories&post=5171"},{"taxonomy":"post_tag","embeddable":true,"href":"https:\/\/diariodelsurdigital.com.ar\/index.php?rest_route=%2Fwp%2Fv2%2Ftags&post=5171"}],"curies":[{"name":"wp","href":"https:\/\/api.w.org\/{rel}","templated":true}]}}