{"id":5181,"date":"2025-10-17T10:24:13","date_gmt":"2025-10-17T13:24:13","guid":{"rendered":"https:\/\/diariodelsurdigital.com.ar\/?p=5181"},"modified":"2025-10-17T10:24:14","modified_gmt":"2025-10-17T13:24:14","slug":"maxima-tension-en-peru-murio-un-joven-en-una-protesta-y-tambalea-el-nuevo-gobierno-de-jose-jeri","status":"publish","type":"post","link":"https:\/\/diariodelsurdigital.com.ar\/?p=5181","title":{"rendered":"M\u00e1xima tensi\u00f3n en Per\u00fa: muri\u00f3 un joven en una protesta y tambalea el nuevo gobierno de Jos\u00e9 Jer\u00ed"},"content":{"rendered":"\n<p>La oposici\u00f3n present\u00f3 una moci\u00f3n de censura a una semana de la destituci\u00f3n de Dina Boluarte.<\/p>\n\n\n\n<p><\/p>\n\n\n\n<p>La tensi\u00f3n sigue dominando la pol\u00edtica peruana a pesar de la destituci\u00f3n de Dina Boluarte. La muerte de un manifestante en una masiva protesta en Lima golpe\u00f3 al nuevo presidente interino, el derechista Jos\u00e9 Jer\u00ed, que enfrent\u00f3 su primera moci\u00f3n de censura en apenas una semana de gesti\u00f3n.<\/p>\n\n\n\n<p>La moci\u00f3n fue presentada por el congresista de izquierda Pasi\u00f3n D\u00e1vila despu\u00e9s de que Jer\u00ed llegara a la sede del Parlamento peruano acompa\u00f1ado de su primer ministro, Ernesto \u00c1lvarez, para anticipar que no se plantea renunciar.<\/p>\n\n\n\n<p>El pedido fue elevado tras la muerte del manifestante Eduardo Mauricio Ru\u00edz S\u00e1nz, de 32 a\u00f1os, baleado durante una movilizaci\u00f3n de protesta contra el nuevo gobierno y el Congreso el pasado mi\u00e9rcoles por la noche en Lima.<\/p>\n\n\n\n<p>\u00bfPuede caer el gobierno de Jos\u00e9 Jer\u00ed?<\/p>\n\n\n\n<p>La censura contra Jer\u00ed requer\u00eda \u00fanicamente 66 votos de los 130 congresistas que componen el hemiciclo peruano, a diferencia de los al menos 87 votos, equivalentes a dos tercios de la c\u00e1mara, que hac\u00edan falta para destituir a Boluarte, expulsada del poder de manera casi un\u00e1nime, con 123 votos, el viernes pasado a la madrugada.<\/p>\n\n\n\n<p>Esto se debe a que Jer\u00ed ascendi\u00f3 al sill\u00f3n presidencial en su calidad de presidente de la mesa directiva del Congreso. En su caso, puede ser censurado con la mitad m\u00e1s uno de los votos de la c\u00e1mara.<\/p>\n","protected":false},"excerpt":{"rendered":"<p>La oposici\u00f3n present\u00f3 una moci\u00f3n de censura a una semana de la destituci\u00f3n de Dina Boluarte. La tensi\u00f3n sigue dominando la pol\u00edtica peruana a pesar de la destituci\u00f3n de Dina Boluarte. La muerte de un manifestante en una masiva protesta en Lima golpe\u00f3 al nuevo presidente interino, el derechista Jos\u00e9 Jer\u00ed, que enfrent\u00f3 su primera [&hellip;]<\/p>\n","protected":false},"author":4,"featured_media":5182,"comment_status":"open","ping_status":"open","sticky":false,"template":"","format":"standard","meta":{"footnotes":""},"categories":[20],"tags":[],"class_list":{"0":"post-5181","1":"post","2":"type-post","3":"status-publish","4":"format-standard","5":"has-post-thumbnail","7":"category-internacionales"},"yoast_head":"<!-- This site is optimized with the Yoast SEO plugin v27.4 - https:\/\/yoast.com\/product\/yoast-seo-wordpress\/ -->\n<title>M\u00e1xima tensi\u00f3n en Per\u00fa: muri\u00f3 un joven en una protesta y tambalea el nuevo gobierno de Jos\u00e9 Jer\u00ed - Diario del Sur<\/title>\n<meta name=\"robots\" content=\"index, follow, max-snippet:-1, max-image-preview:large, max-video-preview:-1\" \/>\n<link rel=\"canonical\" href=\"https:\/\/diariodelsurdigital.com.ar\/?p=5181\" \/>\n<meta property=\"og:locale\" content=\"es_ES\" \/>\n<meta property=\"og:type\" content=\"article\" \/>\n<meta property=\"og:title\" content=\"M\u00e1xima tensi\u00f3n en Per\u00fa: muri\u00f3 un joven en una protesta y tambalea el nuevo gobierno de Jos\u00e9 Jer\u00ed - Diario del Sur\" \/>\n<meta property=\"og:description\" content=\"La oposici\u00f3n present\u00f3 una moci\u00f3n de censura a una semana de la destituci\u00f3n de Dina Boluarte. La tensi\u00f3n sigue dominando la pol\u00edtica peruana a pesar de la destituci\u00f3n de Dina Boluarte. La muerte de un manifestante en una masiva protesta en Lima golpe\u00f3 al nuevo presidente interino, el derechista Jos\u00e9 Jer\u00ed, que enfrent\u00f3 su primera [&hellip;]\" \/>\n<meta property=\"og:url\" content=\"https:\/\/diariodelsurdigital.com.ar\/?p=5181\" \/>\n<meta property=\"og:site_name\" content=\"Diario del Sur\" \/>\n<meta property=\"article:published_time\" content=\"2025-10-17T13:24:13+00:00\" \/>\n<meta property=\"article:modified_time\" content=\"2025-10-17T13:24:14+00:00\" \/>\n<meta property=\"og:image\" content=\"https:\/\/diariodelsurdigital.com.ar\/wp-content\/uploads\/2025\/10\/md-38.webp\" \/>\n\t<meta property=\"og:image:width\" content=\"992\" \/>\n\t<meta property=\"og:image:height\" content=\"558\" \/>\n\t<meta property=\"og:image:type\" content=\"image\/webp\" \/>\n<meta name=\"author\" content=\"Diario del Sur Digital\" \/>\n<meta name=\"twitter:card\" content=\"summary_large_image\" \/>\n<meta name=\"twitter:label1\" content=\"Escrito por\" \/>\n\t<meta name=\"twitter:data1\" content=\"Diario del Sur Digital\" \/>\n\t<meta name=\"twitter:label2\" content=\"Tiempo de lectura\" \/>\n\t<meta name=\"twitter:data2\" content=\"2 minutos\" \/>\n<script type=\"application\/ld+json\" class=\"yoast-schema-graph\">{\"@context\":\"https:\\\/\\\/schema.org\",\"@graph\":[{\"@type\":\"Article\",\"@id\":\"https:\\\/\\\/diariodelsurdigital.com.ar\\\/?p=5181#article\",\"isPartOf\":{\"@id\":\"https:\\\/\\\/diariodelsurdigital.com.ar\\\/?p=5181\"},\"author\":{\"name\":\"Diario del Sur Digital\",\"@id\":\"https:\\\/\\\/diariodelsurdigital.com.ar\\\/#\\\/schema\\\/person\\\/1a4992532ed62965c968031b49195c81\"},\"headline\":\"M\u00e1xima tensi\u00f3n en Per\u00fa: muri\u00f3 un joven en una protesta y tambalea el nuevo gobierno de Jos\u00e9 Jer\u00ed\",\"datePublished\":\"2025-10-17T13:24:13+00:00\",\"dateModified\":\"2025-10-17T13:24:14+00:00\",\"mainEntityOfPage\":{\"@id\":\"https:\\\/\\\/diariodelsurdigital.com.ar\\\/?p=5181\"},\"wordCount\":277,\"commentCount\":0,\"image\":{\"@id\":\"https:\\\/\\\/diariodelsurdigital.com.ar\\\/?p=5181#primaryimage\"},\"thumbnailUrl\":\"https:\\\/\\\/diariodelsurdigital.com.ar\\\/wp-content\\\/uploads\\\/2025\\\/10\\\/md-38.webp\",\"articleSection\":[\"Internacionales\"],\"inLanguage\":\"es\",\"potentialAction\":[{\"@type\":\"CommentAction\",\"name\":\"Comment\",\"target\":[\"https:\\\/\\\/diariodelsurdigital.com.ar\\\/?p=5181#respond\"]}]},{\"@type\":\"WebPage\",\"@id\":\"https:\\\/\\\/diariodelsurdigital.com.ar\\\/?p=5181\",\"url\":\"https:\\\/\\\/diariodelsurdigital.com.ar\\\/?p=5181\",\"name\":\"M\u00e1xima tensi\u00f3n en Per\u00fa: muri\u00f3 un joven en una protesta y tambalea el nuevo gobierno de Jos\u00e9 Jer\u00ed - Diario del Sur\",\"isPartOf\":{\"@id\":\"https:\\\/\\\/diariodelsurdigital.com.ar\\\/#website\"},\"primaryImageOfPage\":{\"@id\":\"https:\\\/\\\/diariodelsurdigital.com.ar\\\/?p=5181#primaryimage\"},\"image\":{\"@id\":\"https:\\\/\\\/diariodelsurdigital.com.ar\\\/?p=5181#primaryimage\"},\"thumbnailUrl\":\"https:\\\/\\\/diariodelsurdigital.com.ar\\\/wp-content\\\/uploads\\\/2025\\\/10\\\/md-38.webp\",\"datePublished\":\"2025-10-17T13:24:13+00:00\",\"dateModified\":\"2025-10-17T13:24:14+00:00\",\"author\":{\"@id\":\"https:\\\/\\\/diariodelsurdigital.com.ar\\\/#\\\/schema\\\/person\\\/1a4992532ed62965c968031b49195c81\"},\"breadcrumb\":{\"@id\":\"https:\\\/\\\/diariodelsurdigital.com.ar\\\/?p=5181#breadcrumb\"},\"inLanguage\":\"es\",\"potentialAction\":[{\"@type\":\"ReadAction\",\"target\":[\"https:\\\/\\\/diariodelsurdigital.com.ar\\\/?p=5181\"]}]},{\"@type\":\"ImageObject\",\"inLanguage\":\"es\",\"@id\":\"https:\\\/\\\/diariodelsurdigital.com.ar\\\/?p=5181#primaryimage\",\"url\":\"https:\\\/\\\/diariodelsurdigital.com.ar\\\/wp-content\\\/uploads\\\/2025\\\/10\\\/md-38.webp\",\"contentUrl\":\"https:\\\/\\\/diariodelsurdigital.com.ar\\\/wp-content\\\/uploads\\\/2025\\\/10\\\/md-38.webp\",\"width\":992,\"height\":558},{\"@type\":\"BreadcrumbList\",\"@id\":\"https:\\\/\\\/diariodelsurdigital.com.ar\\\/?p=5181#breadcrumb\",\"itemListElement\":[{\"@type\":\"ListItem\",\"position\":1,\"name\":\"Portada\",\"item\":\"https:\\\/\\\/diariodelsurdigital.com.ar\\\/\"},{\"@type\":\"ListItem\",\"position\":2,\"name\":\"M\u00e1xima tensi\u00f3n en Per\u00fa: muri\u00f3 un joven en una protesta y tambalea el nuevo gobierno de Jos\u00e9 Jer\u00ed\"}]},{\"@type\":\"WebSite\",\"@id\":\"https:\\\/\\\/diariodelsurdigital.com.ar\\\/#website\",\"url\":\"https:\\\/\\\/diariodelsurdigital.com.ar\\\/\",\"name\":\"Diario del Sur\",\"description\":\"Digital\",\"potentialAction\":[{\"@type\":\"SearchAction\",\"target\":{\"@type\":\"EntryPoint\",\"urlTemplate\":\"https:\\\/\\\/diariodelsurdigital.com.ar\\\/?s={search_term_string}\"},\"query-input\":{\"@type\":\"PropertyValueSpecification\",\"valueRequired\":true,\"valueName\":\"search_term_string\"}}],\"inLanguage\":\"es\"},{\"@type\":\"Person\",\"@id\":\"https:\\\/\\\/diariodelsurdigital.com.ar\\\/#\\\/schema\\\/person\\\/1a4992532ed62965c968031b49195c81\",\"name\":\"Diario del Sur Digital\",\"image\":{\"@type\":\"ImageObject\",\"inLanguage\":\"es\",\"@id\":\"https:\\\/\\\/secure.gravatar.com\\\/avatar\\\/f0c7c47fc7146d19828273b9b8eda651c9c7ab583767e6338d3d3bee825adf76?s=96&d=mm&r=g\",\"url\":\"https:\\\/\\\/secure.gravatar.com\\\/avatar\\\/f0c7c47fc7146d19828273b9b8eda651c9c7ab583767e6338d3d3bee825adf76?s=96&d=mm&r=g\",\"contentUrl\":\"https:\\\/\\\/secure.gravatar.com\\\/avatar\\\/f0c7c47fc7146d19828273b9b8eda651c9c7ab583767e6338d3d3bee825adf76?s=96&d=mm&r=g\",\"caption\":\"Diario del Sur Digital\"},\"url\":\"https:\\\/\\\/diariodelsurdigital.com.ar\\\/?author=4\"}]}<\/script>\n<!-- \/ Yoast SEO plugin. -->","yoast_head_json":{"title":"M\u00e1xima tensi\u00f3n en Per\u00fa: muri\u00f3 un joven en una protesta y tambalea el nuevo gobierno de Jos\u00e9 Jer\u00ed - Diario del Sur","robots":{"index":"index","follow":"follow","max-snippet":"max-snippet:-1","max-image-preview":"max-image-preview:large","max-video-preview":"max-video-preview:-1"},"canonical":"https:\/\/diariodelsurdigital.com.ar\/?p=5181","og_locale":"es_ES","og_type":"article","og_title":"M\u00e1xima tensi\u00f3n en Per\u00fa: muri\u00f3 un joven en una protesta y tambalea el nuevo gobierno de Jos\u00e9 Jer\u00ed - Diario del Sur","og_description":"La oposici\u00f3n present\u00f3 una moci\u00f3n de censura a una semana de la destituci\u00f3n de Dina Boluarte. La tensi\u00f3n sigue dominando la pol\u00edtica peruana a pesar de la destituci\u00f3n de Dina Boluarte. La muerte de un manifestante en una masiva protesta en Lima golpe\u00f3 al nuevo presidente interino, el derechista Jos\u00e9 Jer\u00ed, que enfrent\u00f3 su primera [&hellip;]","og_url":"https:\/\/diariodelsurdigital.com.ar\/?p=5181","og_site_name":"Diario del Sur","article_published_time":"2025-10-17T13:24:13+00:00","article_modified_time":"2025-10-17T13:24:14+00:00","og_image":[{"width":992,"height":558,"url":"https:\/\/diariodelsurdigital.com.ar\/wp-content\/uploads\/2025\/10\/md-38.webp","type":"image\/webp"}],"author":"Diario del Sur Digital","twitter_card":"summary_large_image","twitter_misc":{"Escrito por":"Diario del Sur Digital","Tiempo de lectura":"2 minutos"},"schema":{"@context":"https:\/\/schema.org","@graph":[{"@type":"Article","@id":"https:\/\/diariodelsurdigital.com.ar\/?p=5181#article","isPartOf":{"@id":"https:\/\/diariodelsurdigital.com.ar\/?p=5181"},"author":{"name":"Diario del Sur Digital","@id":"https:\/\/diariodelsurdigital.com.ar\/#\/schema\/person\/1a4992532ed62965c968031b49195c81"},"headline":"M\u00e1xima tensi\u00f3n en Per\u00fa: muri\u00f3 un joven en una protesta y tambalea el nuevo gobierno de Jos\u00e9 Jer\u00ed","datePublished":"2025-10-17T13:24:13+00:00","dateModified":"2025-10-17T13:24:14+00:00","mainEntityOfPage":{"@id":"https:\/\/diariodelsurdigital.com.ar\/?p=5181"},"wordCount":277,"commentCount":0,"image":{"@id":"https:\/\/diariodelsurdigital.com.ar\/?p=5181#primaryimage"},"thumbnailUrl":"https:\/\/diariodelsurdigital.com.ar\/wp-content\/uploads\/2025\/10\/md-38.webp","articleSection":["Internacionales"],"inLanguage":"es","potentialAction":[{"@type":"CommentAction","name":"Comment","target":["https:\/\/diariodelsurdigital.com.ar\/?p=5181#respond"]}]},{"@type":"WebPage","@id":"https:\/\/diariodelsurdigital.com.ar\/?p=5181","url":"https:\/\/diariodelsurdigital.com.ar\/?p=5181","name":"M\u00e1xima tensi\u00f3n en Per\u00fa: muri\u00f3 un joven en una protesta y tambalea el nuevo gobierno de Jos\u00e9 Jer\u00ed - Diario del Sur","isPartOf":{"@id":"https:\/\/diariodelsurdigital.com.ar\/#website"},"primaryImageOfPage":{"@id":"https:\/\/diariodelsurdigital.com.ar\/?p=5181#primaryimage"},"image":{"@id":"https:\/\/diariodelsurdigital.com.ar\/?p=5181#primaryimage"},"thumbnailUrl":"https:\/\/diariodelsurdigital.com.ar\/wp-content\/uploads\/2025\/10\/md-38.webp","datePublished":"2025-10-17T13:24:13+00:00","dateModified":"2025-10-17T13:24:14+00:00","author":{"@id":"https:\/\/diariodelsurdigital.com.ar\/#\/schema\/person\/1a4992532ed62965c968031b49195c81"},"breadcrumb":{"@id":"https:\/\/diariodelsurdigital.com.ar\/?p=5181#breadcrumb"},"inLanguage":"es","potentialAction":[{"@type":"ReadAction","target":["https:\/\/diariodelsurdigital.com.ar\/?p=5181"]}]},{"@type":"ImageObject","inLanguage":"es","@id":"https:\/\/diariodelsurdigital.com.ar\/?p=5181#primaryimage","url":"https:\/\/diariodelsurdigital.com.ar\/wp-content\/uploads\/2025\/10\/md-38.webp","contentUrl":"https:\/\/diariodelsurdigital.com.ar\/wp-content\/uploads\/2025\/10\/md-38.webp","width":992,"height":558},{"@type":"BreadcrumbList","@id":"https:\/\/diariodelsurdigital.com.ar\/?p=5181#breadcrumb","itemListElement":[{"@type":"ListItem","position":1,"name":"Portada","item":"https:\/\/diariodelsurdigital.com.ar\/"},{"@type":"ListItem","position":2,"name":"M\u00e1xima tensi\u00f3n en Per\u00fa: muri\u00f3 un joven en una protesta y tambalea el nuevo gobierno de Jos\u00e9 Jer\u00ed"}]},{"@type":"WebSite","@id":"https:\/\/diariodelsurdigital.com.ar\/#website","url":"https:\/\/diariodelsurdigital.com.ar\/","name":"Diario del Sur","description":"Digital","potentialAction":[{"@type":"SearchAction","target":{"@type":"EntryPoint","urlTemplate":"https:\/\/diariodelsurdigital.com.ar\/?s={search_term_string}"},"query-input":{"@type":"PropertyValueSpecification","valueRequired":true,"valueName":"search_term_string"}}],"inLanguage":"es"},{"@type":"Person","@id":"https:\/\/diariodelsurdigital.com.ar\/#\/schema\/person\/1a4992532ed62965c968031b49195c81","name":"Diario del Sur Digital","image":{"@type":"ImageObject","inLanguage":"es","@id":"https:\/\/secure.gravatar.com\/avatar\/f0c7c47fc7146d19828273b9b8eda651c9c7ab583767e6338d3d3bee825adf76?s=96&d=mm&r=g","url":"https:\/\/secure.gravatar.com\/avatar\/f0c7c47fc7146d19828273b9b8eda651c9c7ab583767e6338d3d3bee825adf76?s=96&d=mm&r=g","contentUrl":"https:\/\/secure.gravatar.com\/avatar\/f0c7c47fc7146d19828273b9b8eda651c9c7ab583767e6338d3d3bee825adf76?s=96&d=mm&r=g","caption":"Diario del Sur Digital"},"url":"https:\/\/diariodelsurdigital.com.ar\/?author=4"}]}},"_links":{"self":[{"href":"https:\/\/diariodelsurdigital.com.ar\/index.php?rest_route=\/wp\/v2\/posts\/5181","targetHints":{"allow":["GET"]}}],"collection":[{"href":"https:\/\/diariodelsurdigital.com.ar\/index.php?rest_route=\/wp\/v2\/posts"}],"about":[{"href":"https:\/\/diariodelsurdigital.com.ar\/index.php?rest_route=\/wp\/v2\/types\/post"}],"author":[{"embeddable":true,"href":"https:\/\/diariodelsurdigital.com.ar\/index.php?rest_route=\/wp\/v2\/users\/4"}],"replies":[{"embeddable":true,"href":"https:\/\/diariodelsurdigital.com.ar\/index.php?rest_route=%2Fwp%2Fv2%2Fcomments&post=5181"}],"version-history":[{"count":1,"href":"https:\/\/diariodelsurdigital.com.ar\/index.php?rest_route=\/wp\/v2\/posts\/5181\/revisions"}],"predecessor-version":[{"id":5183,"href":"https:\/\/diariodelsurdigital.com.ar\/index.php?rest_route=\/wp\/v2\/posts\/5181\/revisions\/5183"}],"wp:featuredmedia":[{"embeddable":true,"href":"https:\/\/diariodelsurdigital.com.ar\/index.php?rest_route=\/wp\/v2\/media\/5182"}],"wp:attachment":[{"href":"https:\/\/diariodelsurdigital.com.ar\/index.php?rest_route=%2Fwp%2Fv2%2Fmedia&parent=5181"}],"wp:term":[{"taxonomy":"category","embeddable":true,"href":"https:\/\/diariodelsurdigital.com.ar\/index.php?rest_route=%2Fwp%2Fv2%2Fcategories&post=5181"},{"taxonomy":"post_tag","embeddable":true,"href":"https:\/\/diariodelsurdigital.com.ar\/index.php?rest_route=%2Fwp%2Fv2%2Ftags&post=5181"}],"curies":[{"name":"wp","href":"https:\/\/api.w.org\/{rel}","templated":true}]}}