{"id":5184,"date":"2025-10-17T10:26:21","date_gmt":"2025-10-17T13:26:21","guid":{"rendered":"https:\/\/diariodelsurdigital.com.ar\/?p=5184"},"modified":"2025-10-17T10:26:22","modified_gmt":"2025-10-17T13:26:22","slug":"laurta-volvio-a-hablar-durante-su-traslado-en-concordia-yo-fui-a-rescatar-a-mi-hijo","status":"publish","type":"post","link":"https:\/\/diariodelsurdigital.com.ar\/?p=5184","title":{"rendered":"Laurta volvi\u00f3 a hablar durante su traslado en Concordia: \u00abYo fui a rescatar a mi hijo\u00bb"},"content":{"rendered":"\n<p>El uruguayo volvi\u00f3 a hablar ante los medios y sostuvo que actu\u00f3 \u201cpara rescatar\u201d a su hijo, antes de ser trasladado hacia C\u00f3rdoba. Cabe destacar que la jueza Gabriela Ser\u00f3 dict\u00f3 120 d\u00edas de prisi\u00f3n preventiva para Pablo Daniel Rodr\u00edguez Laurta, acusado del homicidio del remisero Sebasti\u00e1n Palacio.<\/p>\n\n\n\n<p>Tal como lo adelant\u00f3 esta Agencia, la jueza de Garant\u00edas de Concordia, Gabriela Ser\u00f3, resolvi\u00f3 este jueves dictar prisi\u00f3n preventiva efectiva por 120 d\u00edas a Pablo Daniel Rodr\u00edguez Laurta, acusado del homicidio de Sebasti\u00e1n Mart\u00edn Palacio, el remisero hallado muerto en Entre R\u00edos.<\/p>\n\n\n\n<p>El imputado qued\u00f3 a disposici\u00f3n del Juzgado de Garant\u00edas N\u00ba 4, y permanecer\u00e1 detenido en unidades penales cercanas a la jurisdicci\u00f3n de Concordia o de la Costa del Uruguay, conforme lo solicit\u00f3 su defensa. La Oficina General de Audiencias (OGA) fue comisionada para gestionar el cupo y eventual traslado.<\/p>\n\n\n\n<p>La resoluci\u00f3n se dict\u00f3 durante la audiencia de garant\u00edas celebrada en la ma\u00f1ana, con la participaci\u00f3n de representantes de la fiscal\u00eda, la defensa p\u00fablica y personal judicial.<\/p>\n\n\n\n<p>\u201cYo fui a rescatar a mi hijo\u201d<\/p>\n\n\n\n<p>Desde el interior de los Tribunales, Laurta habl\u00f3 ante la prensa y volvi\u00f3 a emitir declaraciones p\u00fablicas en medio del proceso judicial. \u201cYo fui a rescatar a mi hijo\u201d, afirm\u00f3 ante los micr\u00f3fonos de Tele 5 Digital, antes de ser retirado bajo custodia.<\/p>\n\n\n\n<p>El acusado ser\u00e1 trasladado este viernes a Gualeguaych\u00fa y, posteriormente, a la provincia de C\u00f3rdoba, donde tambi\u00e9n enfrenta una causa por el doble femicidio de su expareja y su exsuegra.<\/p>\n\n\n\n<p>M\u00e1s tarde, mientras era trasladado por personal policial, volvi\u00f3 a expresarse ante los reporteros: \u201cYo liber\u00e9 a mi hijo de una red de trata, investiguen\u201d, reproduce Clar\u00edn, reafirmando una l\u00ednea discursiva que los investigadores interpretan como una posible estrategia de defensa.<\/p>\n\n\n\n<p>Declaraciones y antecedentes medi\u00e1ticos<\/p>\n\n\n\n<p>Las afirmaciones de Laurta se suman a las que ya hab\u00eda realizado durante sus traslados anteriores. En su primera aparici\u00f3n p\u00fablica, el uruguayo expres\u00f3: \u201cTodo fue por justicia\u201d; y al llegar a Concordia, repiti\u00f3 otra frase llamativa: \u201cHay que venerarlo, es un m\u00e1rtir\u201d.<\/p>\n\n\n\n<p>Las autoridades judiciales analizan el comportamiento del imputado y eval\u00faan su estado psicol\u00f3gico, dado el tono y contenido de sus manifestaciones ante los medios. Seg\u00fan los investigadores, el acusado parece buscar justificar sus acciones a trav\u00e9s de un relato centrado en su rol como \u201cprotector\u201d de su hijo.<\/p>\n\n\n\n<p>Fuentes judiciales confirmaron que se solicitar\u00e1 una pericia psiqui\u00e1trica y psicol\u00f3gica para determinar si las declaraciones responden a un cuadro cl\u00ednico o a una estrategia procesal premeditada.<\/p>\n","protected":false},"excerpt":{"rendered":"<p>El uruguayo volvi\u00f3 a hablar ante los medios y sostuvo que actu\u00f3 \u201cpara rescatar\u201d a su hijo, antes de ser trasladado hacia C\u00f3rdoba. Cabe destacar que la jueza Gabriela Ser\u00f3 dict\u00f3 120 d\u00edas de prisi\u00f3n preventiva para Pablo Daniel Rodr\u00edguez Laurta, acusado del homicidio del remisero Sebasti\u00e1n Palacio. Tal como lo adelant\u00f3 esta Agencia, la [&hellip;]<\/p>\n","protected":false},"author":4,"featured_media":5185,"comment_status":"open","ping_status":"open","sticky":false,"template":"","format":"standard","meta":{"footnotes":""},"categories":[26],"tags":[],"class_list":{"0":"post-5184","1":"post","2":"type-post","3":"status-publish","4":"format-standard","5":"has-post-thumbnail","7":"category-judiciales"},"yoast_head":"<!-- This site is optimized with the Yoast SEO plugin v27.4 - https:\/\/yoast.com\/product\/yoast-seo-wordpress\/ -->\n<title>Laurta volvi\u00f3 a hablar durante su traslado en Concordia: &quot;Yo fui a rescatar a mi hijo&quot; - Diario del Sur<\/title>\n<meta name=\"robots\" content=\"index, follow, max-snippet:-1, max-image-preview:large, max-video-preview:-1\" \/>\n<link rel=\"canonical\" href=\"https:\/\/diariodelsurdigital.com.ar\/?p=5184\" \/>\n<meta property=\"og:locale\" content=\"es_ES\" \/>\n<meta property=\"og:type\" content=\"article\" \/>\n<meta property=\"og:title\" content=\"Laurta volvi\u00f3 a hablar durante su traslado en Concordia: &quot;Yo fui a rescatar a mi hijo&quot; - Diario del Sur\" \/>\n<meta property=\"og:description\" content=\"El uruguayo volvi\u00f3 a hablar ante los medios y sostuvo que actu\u00f3 \u201cpara rescatar\u201d a su hijo, antes de ser trasladado hacia C\u00f3rdoba. Cabe destacar que la jueza Gabriela Ser\u00f3 dict\u00f3 120 d\u00edas de prisi\u00f3n preventiva para Pablo Daniel Rodr\u00edguez Laurta, acusado del homicidio del remisero Sebasti\u00e1n Palacio. Tal como lo adelant\u00f3 esta Agencia, la [&hellip;]\" \/>\n<meta property=\"og:url\" content=\"https:\/\/diariodelsurdigital.com.ar\/?p=5184\" \/>\n<meta property=\"og:site_name\" content=\"Diario del Sur\" \/>\n<meta property=\"article:published_time\" content=\"2025-10-17T13:26:21+00:00\" \/>\n<meta property=\"article:modified_time\" content=\"2025-10-17T13:26:22+00:00\" \/>\n<meta property=\"og:image\" content=\"https:\/\/diariodelsurdigital.com.ar\/wp-content\/uploads\/2025\/10\/md-39.webp\" \/>\n\t<meta property=\"og:image:width\" content=\"992\" \/>\n\t<meta property=\"og:image:height\" content=\"661\" \/>\n\t<meta property=\"og:image:type\" content=\"image\/webp\" \/>\n<meta name=\"author\" content=\"Diario del Sur Digital\" \/>\n<meta name=\"twitter:card\" content=\"summary_large_image\" \/>\n<meta name=\"twitter:label1\" content=\"Escrito por\" \/>\n\t<meta name=\"twitter:data1\" content=\"Diario del Sur Digital\" \/>\n\t<meta name=\"twitter:label2\" content=\"Tiempo de lectura\" \/>\n\t<meta name=\"twitter:data2\" content=\"3 minutos\" \/>\n<script type=\"application\/ld+json\" class=\"yoast-schema-graph\">{\"@context\":\"https:\\\/\\\/schema.org\",\"@graph\":[{\"@type\":\"Article\",\"@id\":\"https:\\\/\\\/diariodelsurdigital.com.ar\\\/?p=5184#article\",\"isPartOf\":{\"@id\":\"https:\\\/\\\/diariodelsurdigital.com.ar\\\/?p=5184\"},\"author\":{\"name\":\"Diario del Sur Digital\",\"@id\":\"https:\\\/\\\/diariodelsurdigital.com.ar\\\/#\\\/schema\\\/person\\\/1a4992532ed62965c968031b49195c81\"},\"headline\":\"Laurta volvi\u00f3 a hablar durante su traslado en Concordia: \u00abYo fui a rescatar a mi hijo\u00bb\",\"datePublished\":\"2025-10-17T13:26:21+00:00\",\"dateModified\":\"2025-10-17T13:26:22+00:00\",\"mainEntityOfPage\":{\"@id\":\"https:\\\/\\\/diariodelsurdigital.com.ar\\\/?p=5184\"},\"wordCount\":462,\"commentCount\":0,\"image\":{\"@id\":\"https:\\\/\\\/diariodelsurdigital.com.ar\\\/?p=5184#primaryimage\"},\"thumbnailUrl\":\"https:\\\/\\\/diariodelsurdigital.com.ar\\\/wp-content\\\/uploads\\\/2025\\\/10\\\/md-39.webp\",\"articleSection\":[\"Judiciales\"],\"inLanguage\":\"es\",\"potentialAction\":[{\"@type\":\"CommentAction\",\"name\":\"Comment\",\"target\":[\"https:\\\/\\\/diariodelsurdigital.com.ar\\\/?p=5184#respond\"]}]},{\"@type\":\"WebPage\",\"@id\":\"https:\\\/\\\/diariodelsurdigital.com.ar\\\/?p=5184\",\"url\":\"https:\\\/\\\/diariodelsurdigital.com.ar\\\/?p=5184\",\"name\":\"Laurta volvi\u00f3 a hablar durante su traslado en Concordia: \\\"Yo fui a rescatar a mi hijo\\\" - Diario del Sur\",\"isPartOf\":{\"@id\":\"https:\\\/\\\/diariodelsurdigital.com.ar\\\/#website\"},\"primaryImageOfPage\":{\"@id\":\"https:\\\/\\\/diariodelsurdigital.com.ar\\\/?p=5184#primaryimage\"},\"image\":{\"@id\":\"https:\\\/\\\/diariodelsurdigital.com.ar\\\/?p=5184#primaryimage\"},\"thumbnailUrl\":\"https:\\\/\\\/diariodelsurdigital.com.ar\\\/wp-content\\\/uploads\\\/2025\\\/10\\\/md-39.webp\",\"datePublished\":\"2025-10-17T13:26:21+00:00\",\"dateModified\":\"2025-10-17T13:26:22+00:00\",\"author\":{\"@id\":\"https:\\\/\\\/diariodelsurdigital.com.ar\\\/#\\\/schema\\\/person\\\/1a4992532ed62965c968031b49195c81\"},\"breadcrumb\":{\"@id\":\"https:\\\/\\\/diariodelsurdigital.com.ar\\\/?p=5184#breadcrumb\"},\"inLanguage\":\"es\",\"potentialAction\":[{\"@type\":\"ReadAction\",\"target\":[\"https:\\\/\\\/diariodelsurdigital.com.ar\\\/?p=5184\"]}]},{\"@type\":\"ImageObject\",\"inLanguage\":\"es\",\"@id\":\"https:\\\/\\\/diariodelsurdigital.com.ar\\\/?p=5184#primaryimage\",\"url\":\"https:\\\/\\\/diariodelsurdigital.com.ar\\\/wp-content\\\/uploads\\\/2025\\\/10\\\/md-39.webp\",\"contentUrl\":\"https:\\\/\\\/diariodelsurdigital.com.ar\\\/wp-content\\\/uploads\\\/2025\\\/10\\\/md-39.webp\",\"width\":992,\"height\":661},{\"@type\":\"BreadcrumbList\",\"@id\":\"https:\\\/\\\/diariodelsurdigital.com.ar\\\/?p=5184#breadcrumb\",\"itemListElement\":[{\"@type\":\"ListItem\",\"position\":1,\"name\":\"Portada\",\"item\":\"https:\\\/\\\/diariodelsurdigital.com.ar\\\/\"},{\"@type\":\"ListItem\",\"position\":2,\"name\":\"Laurta volvi\u00f3 a hablar durante su traslado en Concordia: \u00abYo fui a rescatar a mi hijo\u00bb\"}]},{\"@type\":\"WebSite\",\"@id\":\"https:\\\/\\\/diariodelsurdigital.com.ar\\\/#website\",\"url\":\"https:\\\/\\\/diariodelsurdigital.com.ar\\\/\",\"name\":\"Diario del Sur\",\"description\":\"Digital\",\"potentialAction\":[{\"@type\":\"SearchAction\",\"target\":{\"@type\":\"EntryPoint\",\"urlTemplate\":\"https:\\\/\\\/diariodelsurdigital.com.ar\\\/?s={search_term_string}\"},\"query-input\":{\"@type\":\"PropertyValueSpecification\",\"valueRequired\":true,\"valueName\":\"search_term_string\"}}],\"inLanguage\":\"es\"},{\"@type\":\"Person\",\"@id\":\"https:\\\/\\\/diariodelsurdigital.com.ar\\\/#\\\/schema\\\/person\\\/1a4992532ed62965c968031b49195c81\",\"name\":\"Diario del Sur Digital\",\"image\":{\"@type\":\"ImageObject\",\"inLanguage\":\"es\",\"@id\":\"https:\\\/\\\/secure.gravatar.com\\\/avatar\\\/f0c7c47fc7146d19828273b9b8eda651c9c7ab583767e6338d3d3bee825adf76?s=96&d=mm&r=g\",\"url\":\"https:\\\/\\\/secure.gravatar.com\\\/avatar\\\/f0c7c47fc7146d19828273b9b8eda651c9c7ab583767e6338d3d3bee825adf76?s=96&d=mm&r=g\",\"contentUrl\":\"https:\\\/\\\/secure.gravatar.com\\\/avatar\\\/f0c7c47fc7146d19828273b9b8eda651c9c7ab583767e6338d3d3bee825adf76?s=96&d=mm&r=g\",\"caption\":\"Diario del Sur Digital\"},\"url\":\"https:\\\/\\\/diariodelsurdigital.com.ar\\\/?author=4\"}]}<\/script>\n<!-- \/ Yoast SEO plugin. -->","yoast_head_json":{"title":"Laurta volvi\u00f3 a hablar durante su traslado en Concordia: \"Yo fui a rescatar a mi hijo\" - Diario del Sur","robots":{"index":"index","follow":"follow","max-snippet":"max-snippet:-1","max-image-preview":"max-image-preview:large","max-video-preview":"max-video-preview:-1"},"canonical":"https:\/\/diariodelsurdigital.com.ar\/?p=5184","og_locale":"es_ES","og_type":"article","og_title":"Laurta volvi\u00f3 a hablar durante su traslado en Concordia: \"Yo fui a rescatar a mi hijo\" - Diario del Sur","og_description":"El uruguayo volvi\u00f3 a hablar ante los medios y sostuvo que actu\u00f3 \u201cpara rescatar\u201d a su hijo, antes de ser trasladado hacia C\u00f3rdoba. Cabe destacar que la jueza Gabriela Ser\u00f3 dict\u00f3 120 d\u00edas de prisi\u00f3n preventiva para Pablo Daniel Rodr\u00edguez Laurta, acusado del homicidio del remisero Sebasti\u00e1n Palacio. Tal como lo adelant\u00f3 esta Agencia, la [&hellip;]","og_url":"https:\/\/diariodelsurdigital.com.ar\/?p=5184","og_site_name":"Diario del Sur","article_published_time":"2025-10-17T13:26:21+00:00","article_modified_time":"2025-10-17T13:26:22+00:00","og_image":[{"width":992,"height":661,"url":"https:\/\/diariodelsurdigital.com.ar\/wp-content\/uploads\/2025\/10\/md-39.webp","type":"image\/webp"}],"author":"Diario del Sur Digital","twitter_card":"summary_large_image","twitter_misc":{"Escrito por":"Diario del Sur Digital","Tiempo de lectura":"3 minutos"},"schema":{"@context":"https:\/\/schema.org","@graph":[{"@type":"Article","@id":"https:\/\/diariodelsurdigital.com.ar\/?p=5184#article","isPartOf":{"@id":"https:\/\/diariodelsurdigital.com.ar\/?p=5184"},"author":{"name":"Diario del Sur Digital","@id":"https:\/\/diariodelsurdigital.com.ar\/#\/schema\/person\/1a4992532ed62965c968031b49195c81"},"headline":"Laurta volvi\u00f3 a hablar durante su traslado en Concordia: \u00abYo fui a rescatar a mi hijo\u00bb","datePublished":"2025-10-17T13:26:21+00:00","dateModified":"2025-10-17T13:26:22+00:00","mainEntityOfPage":{"@id":"https:\/\/diariodelsurdigital.com.ar\/?p=5184"},"wordCount":462,"commentCount":0,"image":{"@id":"https:\/\/diariodelsurdigital.com.ar\/?p=5184#primaryimage"},"thumbnailUrl":"https:\/\/diariodelsurdigital.com.ar\/wp-content\/uploads\/2025\/10\/md-39.webp","articleSection":["Judiciales"],"inLanguage":"es","potentialAction":[{"@type":"CommentAction","name":"Comment","target":["https:\/\/diariodelsurdigital.com.ar\/?p=5184#respond"]}]},{"@type":"WebPage","@id":"https:\/\/diariodelsurdigital.com.ar\/?p=5184","url":"https:\/\/diariodelsurdigital.com.ar\/?p=5184","name":"Laurta volvi\u00f3 a hablar durante su traslado en Concordia: \"Yo fui a rescatar a mi hijo\" - Diario del Sur","isPartOf":{"@id":"https:\/\/diariodelsurdigital.com.ar\/#website"},"primaryImageOfPage":{"@id":"https:\/\/diariodelsurdigital.com.ar\/?p=5184#primaryimage"},"image":{"@id":"https:\/\/diariodelsurdigital.com.ar\/?p=5184#primaryimage"},"thumbnailUrl":"https:\/\/diariodelsurdigital.com.ar\/wp-content\/uploads\/2025\/10\/md-39.webp","datePublished":"2025-10-17T13:26:21+00:00","dateModified":"2025-10-17T13:26:22+00:00","author":{"@id":"https:\/\/diariodelsurdigital.com.ar\/#\/schema\/person\/1a4992532ed62965c968031b49195c81"},"breadcrumb":{"@id":"https:\/\/diariodelsurdigital.com.ar\/?p=5184#breadcrumb"},"inLanguage":"es","potentialAction":[{"@type":"ReadAction","target":["https:\/\/diariodelsurdigital.com.ar\/?p=5184"]}]},{"@type":"ImageObject","inLanguage":"es","@id":"https:\/\/diariodelsurdigital.com.ar\/?p=5184#primaryimage","url":"https:\/\/diariodelsurdigital.com.ar\/wp-content\/uploads\/2025\/10\/md-39.webp","contentUrl":"https:\/\/diariodelsurdigital.com.ar\/wp-content\/uploads\/2025\/10\/md-39.webp","width":992,"height":661},{"@type":"BreadcrumbList","@id":"https:\/\/diariodelsurdigital.com.ar\/?p=5184#breadcrumb","itemListElement":[{"@type":"ListItem","position":1,"name":"Portada","item":"https:\/\/diariodelsurdigital.com.ar\/"},{"@type":"ListItem","position":2,"name":"Laurta volvi\u00f3 a hablar durante su traslado en Concordia: \u00abYo fui a rescatar a mi hijo\u00bb"}]},{"@type":"WebSite","@id":"https:\/\/diariodelsurdigital.com.ar\/#website","url":"https:\/\/diariodelsurdigital.com.ar\/","name":"Diario del Sur","description":"Digital","potentialAction":[{"@type":"SearchAction","target":{"@type":"EntryPoint","urlTemplate":"https:\/\/diariodelsurdigital.com.ar\/?s={search_term_string}"},"query-input":{"@type":"PropertyValueSpecification","valueRequired":true,"valueName":"search_term_string"}}],"inLanguage":"es"},{"@type":"Person","@id":"https:\/\/diariodelsurdigital.com.ar\/#\/schema\/person\/1a4992532ed62965c968031b49195c81","name":"Diario del Sur Digital","image":{"@type":"ImageObject","inLanguage":"es","@id":"https:\/\/secure.gravatar.com\/avatar\/f0c7c47fc7146d19828273b9b8eda651c9c7ab583767e6338d3d3bee825adf76?s=96&d=mm&r=g","url":"https:\/\/secure.gravatar.com\/avatar\/f0c7c47fc7146d19828273b9b8eda651c9c7ab583767e6338d3d3bee825adf76?s=96&d=mm&r=g","contentUrl":"https:\/\/secure.gravatar.com\/avatar\/f0c7c47fc7146d19828273b9b8eda651c9c7ab583767e6338d3d3bee825adf76?s=96&d=mm&r=g","caption":"Diario del Sur Digital"},"url":"https:\/\/diariodelsurdigital.com.ar\/?author=4"}]}},"_links":{"self":[{"href":"https:\/\/diariodelsurdigital.com.ar\/index.php?rest_route=\/wp\/v2\/posts\/5184","targetHints":{"allow":["GET"]}}],"collection":[{"href":"https:\/\/diariodelsurdigital.com.ar\/index.php?rest_route=\/wp\/v2\/posts"}],"about":[{"href":"https:\/\/diariodelsurdigital.com.ar\/index.php?rest_route=\/wp\/v2\/types\/post"}],"author":[{"embeddable":true,"href":"https:\/\/diariodelsurdigital.com.ar\/index.php?rest_route=\/wp\/v2\/users\/4"}],"replies":[{"embeddable":true,"href":"https:\/\/diariodelsurdigital.com.ar\/index.php?rest_route=%2Fwp%2Fv2%2Fcomments&post=5184"}],"version-history":[{"count":1,"href":"https:\/\/diariodelsurdigital.com.ar\/index.php?rest_route=\/wp\/v2\/posts\/5184\/revisions"}],"predecessor-version":[{"id":5186,"href":"https:\/\/diariodelsurdigital.com.ar\/index.php?rest_route=\/wp\/v2\/posts\/5184\/revisions\/5186"}],"wp:featuredmedia":[{"embeddable":true,"href":"https:\/\/diariodelsurdigital.com.ar\/index.php?rest_route=\/wp\/v2\/media\/5185"}],"wp:attachment":[{"href":"https:\/\/diariodelsurdigital.com.ar\/index.php?rest_route=%2Fwp%2Fv2%2Fmedia&parent=5184"}],"wp:term":[{"taxonomy":"category","embeddable":true,"href":"https:\/\/diariodelsurdigital.com.ar\/index.php?rest_route=%2Fwp%2Fv2%2Fcategories&post=5184"},{"taxonomy":"post_tag","embeddable":true,"href":"https:\/\/diariodelsurdigital.com.ar\/index.php?rest_route=%2Fwp%2Fv2%2Ftags&post=5184"}],"curies":[{"name":"wp","href":"https:\/\/api.w.org\/{rel}","templated":true}]}}