{"id":5187,"date":"2025-10-17T10:28:21","date_gmt":"2025-10-17T13:28:21","guid":{"rendered":"https:\/\/diariodelsurdigital.com.ar\/?p=5187"},"modified":"2025-10-17T10:32:53","modified_gmt":"2025-10-17T13:32:53","slug":"ataque-con-disparos-a-la-policia-de-entre-rios-en-el-rio-parana","status":"publish","type":"post","link":"https:\/\/diariodelsurdigital.com.ar\/?p=5187","title":{"rendered":"Ataque con disparos a la Polic\u00eda de Entre R\u00edos en el r\u00edo Paran\u00e1"},"content":{"rendered":"\n<p>Un grave episodio de violencia se registr\u00f3 este jueves en aguas del r\u00edo Pav\u00f3n y el Paran\u00e1, frente a la ciudad de Villa Constituci\u00f3n, cuando una patrulla n\u00e1utica de la Direcci\u00f3n General de Prevenci\u00f3n de Delitos Rurales de Entre R\u00edos fue atacada a balazos por al menos dos embarcaciones con ocupantes armados.<\/p>\n\n\n\n<p>Seg\u00fan informaron fuentes oficiales, el hecho ocurri\u00f3 mientras personal policial realizaba controles n\u00e1uticos de rutina en la zona. Al intentar identificar a los tripulantes de dos lanchas sospechosas, los agentes fueron repelidos con disparos de armas de fuego. Las embarcaciones agresoras se dieron a la fuga inmediatamente.<\/p>\n\n\n\n<p>El patrullero fluvial recibi\u00f3 al menos diez impactos en el casco, aunque afortunadamente no se registraron heridos entre los funcionarios de la Comisar\u00eda Tercera de Islas, quienes r\u00e1pidamente solicitaron apoyo a Prefectura Naval Argentina y a las comisar\u00edas cercanas.<\/p>\n\n\n\n<p>La gravedad del hecho motiv\u00f3 la intervenci\u00f3n del jefe de la Polic\u00eda de la Provincia, quien dispuso un amplio operativo de b\u00fasqueda y rastrillaje por aire, agua y tierra. Participaron helic\u00f3pteros de la Divisi\u00f3n COE, efectivos del Grupo Especial de la Jefatura Departamental Victoria, agentes de la Direcci\u00f3n General de Delitos Rurales, y drones de vigilancia.<\/p>\n\n\n\n<p>Sospechosos identificados<br>De acuerdo con informaci\u00f3n preliminar, los autores del ataque ser\u00edan cinco o seis individuos domiciliados en Villa Constituci\u00f3n y Rosario, quienes operan como una banda delictiva en la zona. Fuentes ligadas a la investigaci\u00f3n confirmaron que los sospechosos estar\u00edan ya identificados.<\/p>\n\n\n\n<p>La informaci\u00f3n fue compartida con la Prefectura Naval Argentina y con las \u00e1reas de investigaciones criminales de la provincia de Santa Fe, y se trabaja intensamente en su localizaci\u00f3n, con personal desplegado tanto en el agua como en territorio santafesino.<\/p>\n\n\n\n<p>Todas las diligencias judiciales se encuentran bajo las \u00f3rdenes de la Fiscal\u00eda de la ciudad de Victoria, que coordina las actuaciones en conjunto con fuerzas provinciales y federales, public\u00f3 UNO.<\/p>\n","protected":false},"excerpt":{"rendered":"<p>Un grave episodio de violencia se registr\u00f3 este jueves en aguas del r\u00edo Pav\u00f3n y el Paran\u00e1, frente a la ciudad de Villa Constituci\u00f3n, cuando una patrulla n\u00e1utica de la Direcci\u00f3n General de Prevenci\u00f3n de Delitos Rurales de Entre R\u00edos fue atacada a balazos por al menos dos embarcaciones con ocupantes armados. Seg\u00fan informaron fuentes [&hellip;]<\/p>\n","protected":false},"author":4,"featured_media":5188,"comment_status":"open","ping_status":"open","sticky":false,"template":"","format":"standard","meta":{"footnotes":""},"categories":[21,17],"tags":[],"class_list":{"0":"post-5187","1":"post","2":"type-post","3":"status-publish","4":"format-standard","5":"has-post-thumbnail","7":"category-policiales","8":"category-provinciales"},"yoast_head":"<!-- This site is optimized with the Yoast SEO plugin v27.4 - https:\/\/yoast.com\/product\/yoast-seo-wordpress\/ -->\n<title>Ataque con disparos a la Polic\u00eda de Entre R\u00edos en el r\u00edo Paran\u00e1 - Diario del Sur<\/title>\n<meta name=\"robots\" content=\"index, follow, max-snippet:-1, max-image-preview:large, max-video-preview:-1\" \/>\n<link rel=\"canonical\" href=\"https:\/\/diariodelsurdigital.com.ar\/?p=5187\" \/>\n<meta property=\"og:locale\" content=\"es_ES\" \/>\n<meta property=\"og:type\" content=\"article\" \/>\n<meta property=\"og:title\" content=\"Ataque con disparos a la Polic\u00eda de Entre R\u00edos en el r\u00edo Paran\u00e1 - Diario del Sur\" \/>\n<meta property=\"og:description\" content=\"Un grave episodio de violencia se registr\u00f3 este jueves en aguas del r\u00edo Pav\u00f3n y el Paran\u00e1, frente a la ciudad de Villa Constituci\u00f3n, cuando una patrulla n\u00e1utica de la Direcci\u00f3n General de Prevenci\u00f3n de Delitos Rurales de Entre R\u00edos fue atacada a balazos por al menos dos embarcaciones con ocupantes armados. Seg\u00fan informaron fuentes [&hellip;]\" \/>\n<meta property=\"og:url\" content=\"https:\/\/diariodelsurdigital.com.ar\/?p=5187\" \/>\n<meta property=\"og:site_name\" content=\"Diario del Sur\" \/>\n<meta property=\"article:published_time\" content=\"2025-10-17T13:28:21+00:00\" \/>\n<meta property=\"article:modified_time\" content=\"2025-10-17T13:32:53+00:00\" \/>\n<meta property=\"og:image\" content=\"https:\/\/diariodelsurdigital.com.ar\/wp-content\/uploads\/2025\/10\/md-40.webp\" \/>\n\t<meta property=\"og:image:width\" content=\"992\" \/>\n\t<meta property=\"og:image:height\" content=\"688\" \/>\n\t<meta property=\"og:image:type\" content=\"image\/webp\" \/>\n<meta name=\"author\" content=\"Diario del Sur Digital\" \/>\n<meta name=\"twitter:card\" content=\"summary_large_image\" \/>\n<meta name=\"twitter:label1\" content=\"Escrito por\" \/>\n\t<meta name=\"twitter:data1\" content=\"Diario del Sur Digital\" \/>\n\t<meta name=\"twitter:label2\" content=\"Tiempo de lectura\" \/>\n\t<meta name=\"twitter:data2\" content=\"1 minuto\" \/>\n<script type=\"application\/ld+json\" class=\"yoast-schema-graph\">{\"@context\":\"https:\\\/\\\/schema.org\",\"@graph\":[{\"@type\":\"Article\",\"@id\":\"https:\\\/\\\/diariodelsurdigital.com.ar\\\/?p=5187#article\",\"isPartOf\":{\"@id\":\"https:\\\/\\\/diariodelsurdigital.com.ar\\\/?p=5187\"},\"author\":{\"name\":\"Diario del Sur Digital\",\"@id\":\"https:\\\/\\\/diariodelsurdigital.com.ar\\\/#\\\/schema\\\/person\\\/1a4992532ed62965c968031b49195c81\"},\"headline\":\"Ataque con disparos a la Polic\u00eda de Entre R\u00edos en el r\u00edo Paran\u00e1\",\"datePublished\":\"2025-10-17T13:28:21+00:00\",\"dateModified\":\"2025-10-17T13:32:53+00:00\",\"mainEntityOfPage\":{\"@id\":\"https:\\\/\\\/diariodelsurdigital.com.ar\\\/?p=5187\"},\"wordCount\":348,\"commentCount\":0,\"image\":{\"@id\":\"https:\\\/\\\/diariodelsurdigital.com.ar\\\/?p=5187#primaryimage\"},\"thumbnailUrl\":\"https:\\\/\\\/diariodelsurdigital.com.ar\\\/wp-content\\\/uploads\\\/2025\\\/10\\\/md-40.webp\",\"articleSection\":[\"Policiales\",\"Provinciales\"],\"inLanguage\":\"es\",\"potentialAction\":[{\"@type\":\"CommentAction\",\"name\":\"Comment\",\"target\":[\"https:\\\/\\\/diariodelsurdigital.com.ar\\\/?p=5187#respond\"]}]},{\"@type\":\"WebPage\",\"@id\":\"https:\\\/\\\/diariodelsurdigital.com.ar\\\/?p=5187\",\"url\":\"https:\\\/\\\/diariodelsurdigital.com.ar\\\/?p=5187\",\"name\":\"Ataque con disparos a la Polic\u00eda de Entre R\u00edos en el r\u00edo Paran\u00e1 - Diario del Sur\",\"isPartOf\":{\"@id\":\"https:\\\/\\\/diariodelsurdigital.com.ar\\\/#website\"},\"primaryImageOfPage\":{\"@id\":\"https:\\\/\\\/diariodelsurdigital.com.ar\\\/?p=5187#primaryimage\"},\"image\":{\"@id\":\"https:\\\/\\\/diariodelsurdigital.com.ar\\\/?p=5187#primaryimage\"},\"thumbnailUrl\":\"https:\\\/\\\/diariodelsurdigital.com.ar\\\/wp-content\\\/uploads\\\/2025\\\/10\\\/md-40.webp\",\"datePublished\":\"2025-10-17T13:28:21+00:00\",\"dateModified\":\"2025-10-17T13:32:53+00:00\",\"author\":{\"@id\":\"https:\\\/\\\/diariodelsurdigital.com.ar\\\/#\\\/schema\\\/person\\\/1a4992532ed62965c968031b49195c81\"},\"breadcrumb\":{\"@id\":\"https:\\\/\\\/diariodelsurdigital.com.ar\\\/?p=5187#breadcrumb\"},\"inLanguage\":\"es\",\"potentialAction\":[{\"@type\":\"ReadAction\",\"target\":[\"https:\\\/\\\/diariodelsurdigital.com.ar\\\/?p=5187\"]}]},{\"@type\":\"ImageObject\",\"inLanguage\":\"es\",\"@id\":\"https:\\\/\\\/diariodelsurdigital.com.ar\\\/?p=5187#primaryimage\",\"url\":\"https:\\\/\\\/diariodelsurdigital.com.ar\\\/wp-content\\\/uploads\\\/2025\\\/10\\\/md-40.webp\",\"contentUrl\":\"https:\\\/\\\/diariodelsurdigital.com.ar\\\/wp-content\\\/uploads\\\/2025\\\/10\\\/md-40.webp\",\"width\":992,\"height\":688},{\"@type\":\"BreadcrumbList\",\"@id\":\"https:\\\/\\\/diariodelsurdigital.com.ar\\\/?p=5187#breadcrumb\",\"itemListElement\":[{\"@type\":\"ListItem\",\"position\":1,\"name\":\"Portada\",\"item\":\"https:\\\/\\\/diariodelsurdigital.com.ar\\\/\"},{\"@type\":\"ListItem\",\"position\":2,\"name\":\"Ataque con disparos a la Polic\u00eda de Entre R\u00edos en el r\u00edo Paran\u00e1\"}]},{\"@type\":\"WebSite\",\"@id\":\"https:\\\/\\\/diariodelsurdigital.com.ar\\\/#website\",\"url\":\"https:\\\/\\\/diariodelsurdigital.com.ar\\\/\",\"name\":\"Diario del Sur\",\"description\":\"Digital\",\"potentialAction\":[{\"@type\":\"SearchAction\",\"target\":{\"@type\":\"EntryPoint\",\"urlTemplate\":\"https:\\\/\\\/diariodelsurdigital.com.ar\\\/?s={search_term_string}\"},\"query-input\":{\"@type\":\"PropertyValueSpecification\",\"valueRequired\":true,\"valueName\":\"search_term_string\"}}],\"inLanguage\":\"es\"},{\"@type\":\"Person\",\"@id\":\"https:\\\/\\\/diariodelsurdigital.com.ar\\\/#\\\/schema\\\/person\\\/1a4992532ed62965c968031b49195c81\",\"name\":\"Diario del Sur Digital\",\"image\":{\"@type\":\"ImageObject\",\"inLanguage\":\"es\",\"@id\":\"https:\\\/\\\/secure.gravatar.com\\\/avatar\\\/f0c7c47fc7146d19828273b9b8eda651c9c7ab583767e6338d3d3bee825adf76?s=96&d=mm&r=g\",\"url\":\"https:\\\/\\\/secure.gravatar.com\\\/avatar\\\/f0c7c47fc7146d19828273b9b8eda651c9c7ab583767e6338d3d3bee825adf76?s=96&d=mm&r=g\",\"contentUrl\":\"https:\\\/\\\/secure.gravatar.com\\\/avatar\\\/f0c7c47fc7146d19828273b9b8eda651c9c7ab583767e6338d3d3bee825adf76?s=96&d=mm&r=g\",\"caption\":\"Diario del Sur Digital\"},\"url\":\"https:\\\/\\\/diariodelsurdigital.com.ar\\\/?author=4\"}]}<\/script>\n<!-- \/ Yoast SEO plugin. -->","yoast_head_json":{"title":"Ataque con disparos a la Polic\u00eda de Entre R\u00edos en el r\u00edo Paran\u00e1 - Diario del Sur","robots":{"index":"index","follow":"follow","max-snippet":"max-snippet:-1","max-image-preview":"max-image-preview:large","max-video-preview":"max-video-preview:-1"},"canonical":"https:\/\/diariodelsurdigital.com.ar\/?p=5187","og_locale":"es_ES","og_type":"article","og_title":"Ataque con disparos a la Polic\u00eda de Entre R\u00edos en el r\u00edo Paran\u00e1 - Diario del Sur","og_description":"Un grave episodio de violencia se registr\u00f3 este jueves en aguas del r\u00edo Pav\u00f3n y el Paran\u00e1, frente a la ciudad de Villa Constituci\u00f3n, cuando una patrulla n\u00e1utica de la Direcci\u00f3n General de Prevenci\u00f3n de Delitos Rurales de Entre R\u00edos fue atacada a balazos por al menos dos embarcaciones con ocupantes armados. Seg\u00fan informaron fuentes [&hellip;]","og_url":"https:\/\/diariodelsurdigital.com.ar\/?p=5187","og_site_name":"Diario del Sur","article_published_time":"2025-10-17T13:28:21+00:00","article_modified_time":"2025-10-17T13:32:53+00:00","og_image":[{"width":992,"height":688,"url":"https:\/\/diariodelsurdigital.com.ar\/wp-content\/uploads\/2025\/10\/md-40.webp","type":"image\/webp"}],"author":"Diario del Sur Digital","twitter_card":"summary_large_image","twitter_misc":{"Escrito por":"Diario del Sur Digital","Tiempo de lectura":"1 minuto"},"schema":{"@context":"https:\/\/schema.org","@graph":[{"@type":"Article","@id":"https:\/\/diariodelsurdigital.com.ar\/?p=5187#article","isPartOf":{"@id":"https:\/\/diariodelsurdigital.com.ar\/?p=5187"},"author":{"name":"Diario del Sur Digital","@id":"https:\/\/diariodelsurdigital.com.ar\/#\/schema\/person\/1a4992532ed62965c968031b49195c81"},"headline":"Ataque con disparos a la Polic\u00eda de Entre R\u00edos en el r\u00edo Paran\u00e1","datePublished":"2025-10-17T13:28:21+00:00","dateModified":"2025-10-17T13:32:53+00:00","mainEntityOfPage":{"@id":"https:\/\/diariodelsurdigital.com.ar\/?p=5187"},"wordCount":348,"commentCount":0,"image":{"@id":"https:\/\/diariodelsurdigital.com.ar\/?p=5187#primaryimage"},"thumbnailUrl":"https:\/\/diariodelsurdigital.com.ar\/wp-content\/uploads\/2025\/10\/md-40.webp","articleSection":["Policiales","Provinciales"],"inLanguage":"es","potentialAction":[{"@type":"CommentAction","name":"Comment","target":["https:\/\/diariodelsurdigital.com.ar\/?p=5187#respond"]}]},{"@type":"WebPage","@id":"https:\/\/diariodelsurdigital.com.ar\/?p=5187","url":"https:\/\/diariodelsurdigital.com.ar\/?p=5187","name":"Ataque con disparos a la Polic\u00eda de Entre R\u00edos en el r\u00edo Paran\u00e1 - Diario del Sur","isPartOf":{"@id":"https:\/\/diariodelsurdigital.com.ar\/#website"},"primaryImageOfPage":{"@id":"https:\/\/diariodelsurdigital.com.ar\/?p=5187#primaryimage"},"image":{"@id":"https:\/\/diariodelsurdigital.com.ar\/?p=5187#primaryimage"},"thumbnailUrl":"https:\/\/diariodelsurdigital.com.ar\/wp-content\/uploads\/2025\/10\/md-40.webp","datePublished":"2025-10-17T13:28:21+00:00","dateModified":"2025-10-17T13:32:53+00:00","author":{"@id":"https:\/\/diariodelsurdigital.com.ar\/#\/schema\/person\/1a4992532ed62965c968031b49195c81"},"breadcrumb":{"@id":"https:\/\/diariodelsurdigital.com.ar\/?p=5187#breadcrumb"},"inLanguage":"es","potentialAction":[{"@type":"ReadAction","target":["https:\/\/diariodelsurdigital.com.ar\/?p=5187"]}]},{"@type":"ImageObject","inLanguage":"es","@id":"https:\/\/diariodelsurdigital.com.ar\/?p=5187#primaryimage","url":"https:\/\/diariodelsurdigital.com.ar\/wp-content\/uploads\/2025\/10\/md-40.webp","contentUrl":"https:\/\/diariodelsurdigital.com.ar\/wp-content\/uploads\/2025\/10\/md-40.webp","width":992,"height":688},{"@type":"BreadcrumbList","@id":"https:\/\/diariodelsurdigital.com.ar\/?p=5187#breadcrumb","itemListElement":[{"@type":"ListItem","position":1,"name":"Portada","item":"https:\/\/diariodelsurdigital.com.ar\/"},{"@type":"ListItem","position":2,"name":"Ataque con disparos a la Polic\u00eda de Entre R\u00edos en el r\u00edo Paran\u00e1"}]},{"@type":"WebSite","@id":"https:\/\/diariodelsurdigital.com.ar\/#website","url":"https:\/\/diariodelsurdigital.com.ar\/","name":"Diario del Sur","description":"Digital","potentialAction":[{"@type":"SearchAction","target":{"@type":"EntryPoint","urlTemplate":"https:\/\/diariodelsurdigital.com.ar\/?s={search_term_string}"},"query-input":{"@type":"PropertyValueSpecification","valueRequired":true,"valueName":"search_term_string"}}],"inLanguage":"es"},{"@type":"Person","@id":"https:\/\/diariodelsurdigital.com.ar\/#\/schema\/person\/1a4992532ed62965c968031b49195c81","name":"Diario del Sur Digital","image":{"@type":"ImageObject","inLanguage":"es","@id":"https:\/\/secure.gravatar.com\/avatar\/f0c7c47fc7146d19828273b9b8eda651c9c7ab583767e6338d3d3bee825adf76?s=96&d=mm&r=g","url":"https:\/\/secure.gravatar.com\/avatar\/f0c7c47fc7146d19828273b9b8eda651c9c7ab583767e6338d3d3bee825adf76?s=96&d=mm&r=g","contentUrl":"https:\/\/secure.gravatar.com\/avatar\/f0c7c47fc7146d19828273b9b8eda651c9c7ab583767e6338d3d3bee825adf76?s=96&d=mm&r=g","caption":"Diario del Sur Digital"},"url":"https:\/\/diariodelsurdigital.com.ar\/?author=4"}]}},"_links":{"self":[{"href":"https:\/\/diariodelsurdigital.com.ar\/index.php?rest_route=\/wp\/v2\/posts\/5187","targetHints":{"allow":["GET"]}}],"collection":[{"href":"https:\/\/diariodelsurdigital.com.ar\/index.php?rest_route=\/wp\/v2\/posts"}],"about":[{"href":"https:\/\/diariodelsurdigital.com.ar\/index.php?rest_route=\/wp\/v2\/types\/post"}],"author":[{"embeddable":true,"href":"https:\/\/diariodelsurdigital.com.ar\/index.php?rest_route=\/wp\/v2\/users\/4"}],"replies":[{"embeddable":true,"href":"https:\/\/diariodelsurdigital.com.ar\/index.php?rest_route=%2Fwp%2Fv2%2Fcomments&post=5187"}],"version-history":[{"count":1,"href":"https:\/\/diariodelsurdigital.com.ar\/index.php?rest_route=\/wp\/v2\/posts\/5187\/revisions"}],"predecessor-version":[{"id":5189,"href":"https:\/\/diariodelsurdigital.com.ar\/index.php?rest_route=\/wp\/v2\/posts\/5187\/revisions\/5189"}],"wp:featuredmedia":[{"embeddable":true,"href":"https:\/\/diariodelsurdigital.com.ar\/index.php?rest_route=\/wp\/v2\/media\/5188"}],"wp:attachment":[{"href":"https:\/\/diariodelsurdigital.com.ar\/index.php?rest_route=%2Fwp%2Fv2%2Fmedia&parent=5187"}],"wp:term":[{"taxonomy":"category","embeddable":true,"href":"https:\/\/diariodelsurdigital.com.ar\/index.php?rest_route=%2Fwp%2Fv2%2Fcategories&post=5187"},{"taxonomy":"post_tag","embeddable":true,"href":"https:\/\/diariodelsurdigital.com.ar\/index.php?rest_route=%2Fwp%2Fv2%2Ftags&post=5187"}],"curies":[{"name":"wp","href":"https:\/\/api.w.org\/{rel}","templated":true}]}}