{"id":5190,"date":"2025-10-17T10:30:18","date_gmt":"2025-10-17T13:30:18","guid":{"rendered":"https:\/\/diariodelsurdigital.com.ar\/?p=5190"},"modified":"2025-10-17T10:30:19","modified_gmt":"2025-10-17T13:30:19","slug":"salud-confirmo-un-brote-de-varicela-en-entre-rios","status":"publish","type":"post","link":"https:\/\/diariodelsurdigital.com.ar\/?p=5190","title":{"rendered":"Salud confirm\u00f3 un brote de varicela en Entre R\u00edos"},"content":{"rendered":"\n<p>El director de Epidemiolog\u00eda, Diego Garcilazo, inform\u00f3 que se notificaron unos 700 casos de varicela en la provincia. \u201cLos brotes se concentran en adolescentes porque la vacuna se incorpor\u00f3 reci\u00e9n en 2015\u201d, explic\u00f3 el funcionario.<\/p>\n\n\n\n<p><\/p>\n\n\n\n<p>El Ministerio de Salud de Entre R\u00edos confirm\u00f3 un nuevo brote de varicela en la provincia. Seg\u00fan inform\u00f3 Garcilazo, \u201ceste es el momento del brote; todos los a\u00f1os se registran casos, y actualmente tenemos notificados unos 700, una cifra similar a la del a\u00f1o pasado\u201d.<\/p>\n\n\n\n<p>El funcionario precis\u00f3 que la mayor\u00eda de los contagios se concentran en grupos de adolescentes. \u201cLa varicela est\u00e1 apareciendo en estudiantes de nivel secundario, porque la vacuna se incorpor\u00f3 al calendario reci\u00e9n en 2015. Es decir, son generaciones que a\u00fan no recibieron la inmunizaci\u00f3n completa y, por eso, son m\u00e1s susceptibles\u201d, explic\u00f3 a Elonce.<\/p>\n\n\n\n<p>Sostuvo que esta situaci\u00f3n tender\u00e1 a reducirse con el paso de los a\u00f1os: \u201cA medida que las cohortes vacunadas crezcan, los brotes ser\u00e1n cada vez menores\u201d, estim\u00f3.<\/p>\n\n\n\n<p>\u201cEs una enfermedad benigna, pero molesta\u201d<br>El director de Epidemiolog\u00eda indic\u00f3 que, aunque la varicela suele presentar una evoluci\u00f3n leve, su presencia en primavera es habitual. \u201cEn l\u00edneas generales, es una enfermedad bastante benigna y que aparece en forma de brotes. Sabemos que es molesta, pero es algo esperable en esta \u00e9poca del a\u00f1o\u201d, se\u00f1al\u00f3.<\/p>\n\n\n\n<p>Adem\u00e1s, destac\u00f3 c\u00f3mo cambi\u00f3 el perfil epidemiol\u00f3gico de la enfermedad desde la introducci\u00f3n de la vacuna: \u201cAntes la varicela afectaba principalmente a los ni\u00f1os peque\u00f1os; ahora, con la protecci\u00f3n que brinda la vacunaci\u00f3n, los casos se concentran en adolescentes de 15 a\u00f1os o m\u00e1s\u201d, detall\u00f3.<\/p>\n\n\n\n<p>El Ministerio de Salud mantiene activa la vigilancia en las escuelas y centros sanitarios, y record\u00f3 la importancia de completar el esquema de vacunaci\u00f3n para evitar nuevos brotes.<\/p>\n\n\n\n<p>Qu\u00e9 es la varicela y c\u00f3mo prevenirla<br>La varicela es una enfermedad viral altamente contagiosa causada por el virus varicela-z\u00f3ster (VVZ). Aunque en la infancia suele cursar de forma leve, puede derivar en complicaciones graves en personas inmunocomprometidas, embarazadas y reci\u00e9n nacidos, como infecciones bacterianas, neumon\u00eda o encefalitis.<\/p>\n\n\n\n<p>Desde 2015, la vacuna contra la varicela forma parte del Calendario Nacional de Vacunaci\u00f3n. Se aplican dos dosis: la primera a los 15 meses y la segunda al ingreso escolar (5 a\u00f1os). Su eficacia es de entre 88% y 95% para prevenir las formas leves y alcanza el 100% frente a las formas graves.<\/p>\n","protected":false},"excerpt":{"rendered":"<p>El director de Epidemiolog\u00eda, Diego Garcilazo, inform\u00f3 que se notificaron unos 700 casos de varicela en la provincia. \u201cLos brotes se concentran en adolescentes porque la vacuna se incorpor\u00f3 reci\u00e9n en 2015\u201d, explic\u00f3 el funcionario. El Ministerio de Salud de Entre R\u00edos confirm\u00f3 un nuevo brote de varicela en la provincia. Seg\u00fan inform\u00f3 Garcilazo, \u201ceste [&hellip;]<\/p>\n","protected":false},"author":4,"featured_media":5193,"comment_status":"open","ping_status":"open","sticky":false,"template":"","format":"standard","meta":{"footnotes":""},"categories":[17],"tags":[],"class_list":{"0":"post-5190","1":"post","2":"type-post","3":"status-publish","4":"format-standard","5":"has-post-thumbnail","7":"category-provinciales"},"yoast_head":"<!-- This site is optimized with the Yoast SEO plugin v27.4 - https:\/\/yoast.com\/product\/yoast-seo-wordpress\/ -->\n<title>Salud confirm\u00f3 un brote de varicela en Entre R\u00edos - Diario del Sur<\/title>\n<meta name=\"robots\" content=\"index, follow, max-snippet:-1, max-image-preview:large, max-video-preview:-1\" \/>\n<link rel=\"canonical\" href=\"https:\/\/diariodelsurdigital.com.ar\/?p=5190\" \/>\n<meta property=\"og:locale\" content=\"es_ES\" \/>\n<meta property=\"og:type\" content=\"article\" \/>\n<meta property=\"og:title\" content=\"Salud confirm\u00f3 un brote de varicela en Entre R\u00edos - Diario del Sur\" \/>\n<meta property=\"og:description\" content=\"El director de Epidemiolog\u00eda, Diego Garcilazo, inform\u00f3 que se notificaron unos 700 casos de varicela en la provincia. \u201cLos brotes se concentran en adolescentes porque la vacuna se incorpor\u00f3 reci\u00e9n en 2015\u201d, explic\u00f3 el funcionario. El Ministerio de Salud de Entre R\u00edos confirm\u00f3 un nuevo brote de varicela en la provincia. Seg\u00fan inform\u00f3 Garcilazo, \u201ceste [&hellip;]\" \/>\n<meta property=\"og:url\" content=\"https:\/\/diariodelsurdigital.com.ar\/?p=5190\" \/>\n<meta property=\"og:site_name\" content=\"Diario del Sur\" \/>\n<meta property=\"article:published_time\" content=\"2025-10-17T13:30:18+00:00\" \/>\n<meta property=\"article:modified_time\" content=\"2025-10-17T13:30:19+00:00\" \/>\n<meta property=\"og:image\" content=\"https:\/\/diariodelsurdigital.com.ar\/wp-content\/uploads\/2025\/10\/md-41.webp\" \/>\n\t<meta property=\"og:image:width\" content=\"992\" \/>\n\t<meta property=\"og:image:height\" content=\"653\" \/>\n\t<meta property=\"og:image:type\" content=\"image\/webp\" \/>\n<meta name=\"author\" content=\"Diario del Sur Digital\" \/>\n<meta name=\"twitter:card\" content=\"summary_large_image\" \/>\n<meta name=\"twitter:label1\" content=\"Escrito por\" \/>\n\t<meta name=\"twitter:data1\" content=\"Diario del Sur Digital\" \/>\n\t<meta name=\"twitter:label2\" content=\"Tiempo de lectura\" \/>\n\t<meta name=\"twitter:data2\" content=\"2 minutos\" \/>\n<script type=\"application\/ld+json\" class=\"yoast-schema-graph\">{\"@context\":\"https:\\\/\\\/schema.org\",\"@graph\":[{\"@type\":\"Article\",\"@id\":\"https:\\\/\\\/diariodelsurdigital.com.ar\\\/?p=5190#article\",\"isPartOf\":{\"@id\":\"https:\\\/\\\/diariodelsurdigital.com.ar\\\/?p=5190\"},\"author\":{\"name\":\"Diario del Sur Digital\",\"@id\":\"https:\\\/\\\/diariodelsurdigital.com.ar\\\/#\\\/schema\\\/person\\\/1a4992532ed62965c968031b49195c81\"},\"headline\":\"Salud confirm\u00f3 un brote de varicela en Entre R\u00edos\",\"datePublished\":\"2025-10-17T13:30:18+00:00\",\"dateModified\":\"2025-10-17T13:30:19+00:00\",\"mainEntityOfPage\":{\"@id\":\"https:\\\/\\\/diariodelsurdigital.com.ar\\\/?p=5190\"},\"wordCount\":425,\"commentCount\":0,\"image\":{\"@id\":\"https:\\\/\\\/diariodelsurdigital.com.ar\\\/?p=5190#primaryimage\"},\"thumbnailUrl\":\"https:\\\/\\\/diariodelsurdigital.com.ar\\\/wp-content\\\/uploads\\\/2025\\\/10\\\/md-41.webp\",\"articleSection\":[\"Provinciales\"],\"inLanguage\":\"es\",\"potentialAction\":[{\"@type\":\"CommentAction\",\"name\":\"Comment\",\"target\":[\"https:\\\/\\\/diariodelsurdigital.com.ar\\\/?p=5190#respond\"]}]},{\"@type\":\"WebPage\",\"@id\":\"https:\\\/\\\/diariodelsurdigital.com.ar\\\/?p=5190\",\"url\":\"https:\\\/\\\/diariodelsurdigital.com.ar\\\/?p=5190\",\"name\":\"Salud confirm\u00f3 un brote de varicela en Entre R\u00edos - Diario del Sur\",\"isPartOf\":{\"@id\":\"https:\\\/\\\/diariodelsurdigital.com.ar\\\/#website\"},\"primaryImageOfPage\":{\"@id\":\"https:\\\/\\\/diariodelsurdigital.com.ar\\\/?p=5190#primaryimage\"},\"image\":{\"@id\":\"https:\\\/\\\/diariodelsurdigital.com.ar\\\/?p=5190#primaryimage\"},\"thumbnailUrl\":\"https:\\\/\\\/diariodelsurdigital.com.ar\\\/wp-content\\\/uploads\\\/2025\\\/10\\\/md-41.webp\",\"datePublished\":\"2025-10-17T13:30:18+00:00\",\"dateModified\":\"2025-10-17T13:30:19+00:00\",\"author\":{\"@id\":\"https:\\\/\\\/diariodelsurdigital.com.ar\\\/#\\\/schema\\\/person\\\/1a4992532ed62965c968031b49195c81\"},\"breadcrumb\":{\"@id\":\"https:\\\/\\\/diariodelsurdigital.com.ar\\\/?p=5190#breadcrumb\"},\"inLanguage\":\"es\",\"potentialAction\":[{\"@type\":\"ReadAction\",\"target\":[\"https:\\\/\\\/diariodelsurdigital.com.ar\\\/?p=5190\"]}]},{\"@type\":\"ImageObject\",\"inLanguage\":\"es\",\"@id\":\"https:\\\/\\\/diariodelsurdigital.com.ar\\\/?p=5190#primaryimage\",\"url\":\"https:\\\/\\\/diariodelsurdigital.com.ar\\\/wp-content\\\/uploads\\\/2025\\\/10\\\/md-41.webp\",\"contentUrl\":\"https:\\\/\\\/diariodelsurdigital.com.ar\\\/wp-content\\\/uploads\\\/2025\\\/10\\\/md-41.webp\",\"width\":992,\"height\":653},{\"@type\":\"BreadcrumbList\",\"@id\":\"https:\\\/\\\/diariodelsurdigital.com.ar\\\/?p=5190#breadcrumb\",\"itemListElement\":[{\"@type\":\"ListItem\",\"position\":1,\"name\":\"Portada\",\"item\":\"https:\\\/\\\/diariodelsurdigital.com.ar\\\/\"},{\"@type\":\"ListItem\",\"position\":2,\"name\":\"Salud confirm\u00f3 un brote de varicela en Entre R\u00edos\"}]},{\"@type\":\"WebSite\",\"@id\":\"https:\\\/\\\/diariodelsurdigital.com.ar\\\/#website\",\"url\":\"https:\\\/\\\/diariodelsurdigital.com.ar\\\/\",\"name\":\"Diario del Sur\",\"description\":\"Digital\",\"potentialAction\":[{\"@type\":\"SearchAction\",\"target\":{\"@type\":\"EntryPoint\",\"urlTemplate\":\"https:\\\/\\\/diariodelsurdigital.com.ar\\\/?s={search_term_string}\"},\"query-input\":{\"@type\":\"PropertyValueSpecification\",\"valueRequired\":true,\"valueName\":\"search_term_string\"}}],\"inLanguage\":\"es\"},{\"@type\":\"Person\",\"@id\":\"https:\\\/\\\/diariodelsurdigital.com.ar\\\/#\\\/schema\\\/person\\\/1a4992532ed62965c968031b49195c81\",\"name\":\"Diario del Sur Digital\",\"image\":{\"@type\":\"ImageObject\",\"inLanguage\":\"es\",\"@id\":\"https:\\\/\\\/secure.gravatar.com\\\/avatar\\\/f0c7c47fc7146d19828273b9b8eda651c9c7ab583767e6338d3d3bee825adf76?s=96&d=mm&r=g\",\"url\":\"https:\\\/\\\/secure.gravatar.com\\\/avatar\\\/f0c7c47fc7146d19828273b9b8eda651c9c7ab583767e6338d3d3bee825adf76?s=96&d=mm&r=g\",\"contentUrl\":\"https:\\\/\\\/secure.gravatar.com\\\/avatar\\\/f0c7c47fc7146d19828273b9b8eda651c9c7ab583767e6338d3d3bee825adf76?s=96&d=mm&r=g\",\"caption\":\"Diario del Sur Digital\"},\"url\":\"https:\\\/\\\/diariodelsurdigital.com.ar\\\/?author=4\"}]}<\/script>\n<!-- \/ Yoast SEO plugin. -->","yoast_head_json":{"title":"Salud confirm\u00f3 un brote de varicela en Entre R\u00edos - Diario del Sur","robots":{"index":"index","follow":"follow","max-snippet":"max-snippet:-1","max-image-preview":"max-image-preview:large","max-video-preview":"max-video-preview:-1"},"canonical":"https:\/\/diariodelsurdigital.com.ar\/?p=5190","og_locale":"es_ES","og_type":"article","og_title":"Salud confirm\u00f3 un brote de varicela en Entre R\u00edos - Diario del Sur","og_description":"El director de Epidemiolog\u00eda, Diego Garcilazo, inform\u00f3 que se notificaron unos 700 casos de varicela en la provincia. \u201cLos brotes se concentran en adolescentes porque la vacuna se incorpor\u00f3 reci\u00e9n en 2015\u201d, explic\u00f3 el funcionario. El Ministerio de Salud de Entre R\u00edos confirm\u00f3 un nuevo brote de varicela en la provincia. Seg\u00fan inform\u00f3 Garcilazo, \u201ceste [&hellip;]","og_url":"https:\/\/diariodelsurdigital.com.ar\/?p=5190","og_site_name":"Diario del Sur","article_published_time":"2025-10-17T13:30:18+00:00","article_modified_time":"2025-10-17T13:30:19+00:00","og_image":[{"width":992,"height":653,"url":"https:\/\/diariodelsurdigital.com.ar\/wp-content\/uploads\/2025\/10\/md-41.webp","type":"image\/webp"}],"author":"Diario del Sur Digital","twitter_card":"summary_large_image","twitter_misc":{"Escrito por":"Diario del Sur Digital","Tiempo de lectura":"2 minutos"},"schema":{"@context":"https:\/\/schema.org","@graph":[{"@type":"Article","@id":"https:\/\/diariodelsurdigital.com.ar\/?p=5190#article","isPartOf":{"@id":"https:\/\/diariodelsurdigital.com.ar\/?p=5190"},"author":{"name":"Diario del Sur Digital","@id":"https:\/\/diariodelsurdigital.com.ar\/#\/schema\/person\/1a4992532ed62965c968031b49195c81"},"headline":"Salud confirm\u00f3 un brote de varicela en Entre R\u00edos","datePublished":"2025-10-17T13:30:18+00:00","dateModified":"2025-10-17T13:30:19+00:00","mainEntityOfPage":{"@id":"https:\/\/diariodelsurdigital.com.ar\/?p=5190"},"wordCount":425,"commentCount":0,"image":{"@id":"https:\/\/diariodelsurdigital.com.ar\/?p=5190#primaryimage"},"thumbnailUrl":"https:\/\/diariodelsurdigital.com.ar\/wp-content\/uploads\/2025\/10\/md-41.webp","articleSection":["Provinciales"],"inLanguage":"es","potentialAction":[{"@type":"CommentAction","name":"Comment","target":["https:\/\/diariodelsurdigital.com.ar\/?p=5190#respond"]}]},{"@type":"WebPage","@id":"https:\/\/diariodelsurdigital.com.ar\/?p=5190","url":"https:\/\/diariodelsurdigital.com.ar\/?p=5190","name":"Salud confirm\u00f3 un brote de varicela en Entre R\u00edos - Diario del Sur","isPartOf":{"@id":"https:\/\/diariodelsurdigital.com.ar\/#website"},"primaryImageOfPage":{"@id":"https:\/\/diariodelsurdigital.com.ar\/?p=5190#primaryimage"},"image":{"@id":"https:\/\/diariodelsurdigital.com.ar\/?p=5190#primaryimage"},"thumbnailUrl":"https:\/\/diariodelsurdigital.com.ar\/wp-content\/uploads\/2025\/10\/md-41.webp","datePublished":"2025-10-17T13:30:18+00:00","dateModified":"2025-10-17T13:30:19+00:00","author":{"@id":"https:\/\/diariodelsurdigital.com.ar\/#\/schema\/person\/1a4992532ed62965c968031b49195c81"},"breadcrumb":{"@id":"https:\/\/diariodelsurdigital.com.ar\/?p=5190#breadcrumb"},"inLanguage":"es","potentialAction":[{"@type":"ReadAction","target":["https:\/\/diariodelsurdigital.com.ar\/?p=5190"]}]},{"@type":"ImageObject","inLanguage":"es","@id":"https:\/\/diariodelsurdigital.com.ar\/?p=5190#primaryimage","url":"https:\/\/diariodelsurdigital.com.ar\/wp-content\/uploads\/2025\/10\/md-41.webp","contentUrl":"https:\/\/diariodelsurdigital.com.ar\/wp-content\/uploads\/2025\/10\/md-41.webp","width":992,"height":653},{"@type":"BreadcrumbList","@id":"https:\/\/diariodelsurdigital.com.ar\/?p=5190#breadcrumb","itemListElement":[{"@type":"ListItem","position":1,"name":"Portada","item":"https:\/\/diariodelsurdigital.com.ar\/"},{"@type":"ListItem","position":2,"name":"Salud confirm\u00f3 un brote de varicela en Entre R\u00edos"}]},{"@type":"WebSite","@id":"https:\/\/diariodelsurdigital.com.ar\/#website","url":"https:\/\/diariodelsurdigital.com.ar\/","name":"Diario del Sur","description":"Digital","potentialAction":[{"@type":"SearchAction","target":{"@type":"EntryPoint","urlTemplate":"https:\/\/diariodelsurdigital.com.ar\/?s={search_term_string}"},"query-input":{"@type":"PropertyValueSpecification","valueRequired":true,"valueName":"search_term_string"}}],"inLanguage":"es"},{"@type":"Person","@id":"https:\/\/diariodelsurdigital.com.ar\/#\/schema\/person\/1a4992532ed62965c968031b49195c81","name":"Diario del Sur Digital","image":{"@type":"ImageObject","inLanguage":"es","@id":"https:\/\/secure.gravatar.com\/avatar\/f0c7c47fc7146d19828273b9b8eda651c9c7ab583767e6338d3d3bee825adf76?s=96&d=mm&r=g","url":"https:\/\/secure.gravatar.com\/avatar\/f0c7c47fc7146d19828273b9b8eda651c9c7ab583767e6338d3d3bee825adf76?s=96&d=mm&r=g","contentUrl":"https:\/\/secure.gravatar.com\/avatar\/f0c7c47fc7146d19828273b9b8eda651c9c7ab583767e6338d3d3bee825adf76?s=96&d=mm&r=g","caption":"Diario del Sur Digital"},"url":"https:\/\/diariodelsurdigital.com.ar\/?author=4"}]}},"_links":{"self":[{"href":"https:\/\/diariodelsurdigital.com.ar\/index.php?rest_route=\/wp\/v2\/posts\/5190","targetHints":{"allow":["GET"]}}],"collection":[{"href":"https:\/\/diariodelsurdigital.com.ar\/index.php?rest_route=\/wp\/v2\/posts"}],"about":[{"href":"https:\/\/diariodelsurdigital.com.ar\/index.php?rest_route=\/wp\/v2\/types\/post"}],"author":[{"embeddable":true,"href":"https:\/\/diariodelsurdigital.com.ar\/index.php?rest_route=\/wp\/v2\/users\/4"}],"replies":[{"embeddable":true,"href":"https:\/\/diariodelsurdigital.com.ar\/index.php?rest_route=%2Fwp%2Fv2%2Fcomments&post=5190"}],"version-history":[{"count":1,"href":"https:\/\/diariodelsurdigital.com.ar\/index.php?rest_route=\/wp\/v2\/posts\/5190\/revisions"}],"predecessor-version":[{"id":5194,"href":"https:\/\/diariodelsurdigital.com.ar\/index.php?rest_route=\/wp\/v2\/posts\/5190\/revisions\/5194"}],"wp:featuredmedia":[{"embeddable":true,"href":"https:\/\/diariodelsurdigital.com.ar\/index.php?rest_route=\/wp\/v2\/media\/5193"}],"wp:attachment":[{"href":"https:\/\/diariodelsurdigital.com.ar\/index.php?rest_route=%2Fwp%2Fv2%2Fmedia&parent=5190"}],"wp:term":[{"taxonomy":"category","embeddable":true,"href":"https:\/\/diariodelsurdigital.com.ar\/index.php?rest_route=%2Fwp%2Fv2%2Fcategories&post=5190"},{"taxonomy":"post_tag","embeddable":true,"href":"https:\/\/diariodelsurdigital.com.ar\/index.php?rest_route=%2Fwp%2Fv2%2Ftags&post=5190"}],"curies":[{"name":"wp","href":"https:\/\/api.w.org\/{rel}","templated":true}]}}