{"id":5207,"date":"2025-10-18T15:07:51","date_gmt":"2025-10-18T18:07:51","guid":{"rendered":"https:\/\/diariodelsurdigital.com.ar\/?p=5207"},"modified":"2025-10-18T15:07:52","modified_gmt":"2025-10-18T18:07:52","slug":"caso-laurta-desde-bomberos-voluntarios-detallaron-las-tareas-que-se-realizaron-durante-el-rastrillaje","status":"publish","type":"post","link":"https:\/\/diariodelsurdigital.com.ar\/?p=5207","title":{"rendered":"CASO LAURTA: Desde Bomberos Voluntarios detallaron las tareas que se realizaron durante el rastrillaje"},"content":{"rendered":"\n<h4 class=\"wp-block-heading\">Juan Medina desde el cuartel general de Bomberos Voluntarios de Concordia, se refiri\u00f3 a los trabajos que se debieron realizar durante la jornada de rastrillaje.<\/h4>\n\n\n\n<p><a target=\"_blank\" href=\"https:\/\/api.whatsapp.com\/send?text=CASO%20LAURTA:%20Desde%20Bomberos%20Voluntarios%20detallaron%20qu%C3%A9%20tareas%20se%20realizaron%20durante%20el%20rastrillaje%20-%20https:\/\/diarioriouruguay.com\/policiales\/\/caso-laurta-desde-bomberos-voluntarios-detallaron-que-tareas-se-realizaron-durante-el-rastrillaje.htm\" rel=\"noreferrer noopener\"><\/a><a href=\"https:\/\/diarioriouruguay.com\/policiales\/caso-laurta-desde-bomberos-voluntarios-detallaron-que-tareas-se-realizaron-durante-el-rastrillaje.htm#\"><\/a><a href=\"javascript:copyLink('aviso', 'URL Copiada');\"><\/a><a href=\"https:\/\/diarioriouruguay.com\/policiales\/caso-laurta-desde-bomberos-voluntarios-detallaron-que-tareas-se-realizaron-durante-el-rastrillaje.htm#\"><\/a><a target=\"_blank\" href=\"tg:\/\/msg?text=CASO%20LAURTA:%20Desde%20Bomberos%20Voluntarios%20detallaron%20qu%C3%A9%20tareas%20se%20realizaron%20durante%20el%20rastrillaje-https:\/\/diarioriouruguay.com\/policiales\/\/caso-laurta-desde-bomberos-voluntarios-detallaron-que-tareas-se-realizaron-durante-el-rastrillaje.htm\" rel=\"noreferrer noopener\"><\/a><a href=\"https:\/\/diarioriouruguay.com\/policiales\/caso-laurta-desde-bomberos-voluntarios-detallaron-que-tareas-se-realizaron-durante-el-rastrillaje.htm#comentarios\"><\/a><\/p>\n\n\n\n<figure class=\"wp-block-image\"><img decoding=\"async\" src=\"https:\/\/diarioriouruguay.com\/galeria\/fotos\/2025\/10\/18\/l_1760758736_28631.webp\" alt=\"El detalle del rastrillaje del jueves.\" title=\"El detalle del rastrillaje del jueves.\"\/><\/figure>\n\n\n\n<p><em>Caso Laurta<\/em><\/p>\n\n\n\n<p>Durante la jornada del pasado jueves, se llev\u00f3 a cabo un amplio operativo de rastrillaje, con la participaci\u00f3n de diversas fuerzas y unidades especializadas, con el objetivo de esclarecer el homicidio.<\/p>\n\n\n\n<p>Como se informara oportunamente, el procedimiento cont\u00f3 con la colaboraci\u00f3n de 50 aspirantes a Agentes de Polic\u00eda, quienes trabajaron de forma coordinada con la Divisi\u00f3n Canes de la Polic\u00eda Concordia, personal de la Jefatura Departamental Concordia y la Departamental San Salvador y unidades caninas especializadas pertenecientes a cuerpos de bomberos voluntarios de Crespo y Personal de Bomberos Voluntarios de Concordia.<\/p>\n\n\n\n<p>En el contexto del caso Laurta, seg\u00fan se report\u00f3, el operativo \u00abse desarroll\u00f3 sin inconvenientes y con un alto grado de coordinaci\u00f3n entre las distintas fuerzas intervinientes, en un esfuerzo conjunto por avanzar en la causa y contribuir al esclarecimiento del hecho investigado\u00bb.<\/p>\n\n\n\n<h3 class=\"wp-block-heading\">Rastrillaje<\/h3>\n\n\n\n<p>Juan Medina desde el cuartel general de Bomberos Voluntarios de Concordia, se refiri\u00f3 a los trabajos que se debieron realizar. \u00abTodo fue a solicitud de la Jefatura de polic\u00eda, fueron tres binomios de perros que buscaron restos humanos, en la zona comprendida entre el punto donde se hab\u00eda localizado parte del cuerpo y General Campos\u00bb, detall\u00f3<\/p>\n\n\n\n<p>En ese contexto, inform\u00f3 \u00a0que \u00abse hizo todo un rastrillaje a la vera del camino vecinal\u00bb y subray\u00f3 que \u00abah\u00ed est\u00e1 el arroyo Yeru\u00e1, hay un balneario tambi\u00e9n, Los Pinos, despu\u00e9s hay diversas vegetaciones, hay lugares que son bastantes densos y otros en donde se puede trabajar\u00bb.<\/p>\n\n\n\n<p>Seg\u00fan Medina, \u00abb\u00e1sicamente se hizo todo lo que es a la vera del camino, unos 10-15 metros a los laterales\u00bb.<\/p>\n\n\n\n<figure class=\"wp-block-image\"><img decoding=\"async\" src=\"https:\/\/diarioriouruguay.com\/galeria\/fotos\/2025\/10\/18\/e_1760758736_99802.webp\" alt=\"\"\/><\/figure>\n\n\n\n<p>Los trabajos no dieron resultados en materia de hallazgos. De todas maneras, \u00abno se descarta nada, porque tambi\u00e9n est\u00e1 el trayecto entre Concordia y C\u00f3rdoba, o sea que tambi\u00e9n est\u00e1 esa posibilidad, de que hayan sido descartado en otras partes tambi\u00e9n; por eso se est\u00e1 trabajando con las distintas jurisdicciones\u00bb, remat\u00f3 Medina.<\/p>\n\n\n\n<p>Fuente: Diario R\u00edo Uruguay<\/p>\n","protected":false},"excerpt":{"rendered":"<p>Juan Medina desde el cuartel general de Bomberos Voluntarios de Concordia, se refiri\u00f3 a los trabajos que se debieron realizar durante la jornada de rastrillaje. Caso Laurta Durante la jornada del pasado jueves, se llev\u00f3 a cabo un amplio operativo de rastrillaje, con la participaci\u00f3n de diversas fuerzas y unidades especializadas, con el objetivo de [&hellip;]<\/p>\n","protected":false},"author":2,"featured_media":5208,"comment_status":"open","ping_status":"open","sticky":false,"template":"","format":"standard","meta":{"footnotes":""},"categories":[16],"tags":[],"class_list":{"0":"post-5207","1":"post","2":"type-post","3":"status-publish","4":"format-standard","5":"has-post-thumbnail","7":"category-locales"},"yoast_head":"<!-- This site is optimized with the Yoast SEO plugin v27.4 - https:\/\/yoast.com\/product\/yoast-seo-wordpress\/ -->\n<title>CASO LAURTA: Desde Bomberos Voluntarios detallaron las tareas que se realizaron durante el rastrillaje - Diario del Sur<\/title>\n<meta name=\"robots\" content=\"index, follow, max-snippet:-1, max-image-preview:large, max-video-preview:-1\" \/>\n<link rel=\"canonical\" href=\"https:\/\/diariodelsurdigital.com.ar\/?p=5207\" \/>\n<meta property=\"og:locale\" content=\"es_ES\" \/>\n<meta property=\"og:type\" content=\"article\" \/>\n<meta property=\"og:title\" content=\"CASO LAURTA: Desde Bomberos Voluntarios detallaron las tareas que se realizaron durante el rastrillaje - Diario del Sur\" \/>\n<meta property=\"og:description\" content=\"Juan Medina desde el cuartel general de Bomberos Voluntarios de Concordia, se refiri\u00f3 a los trabajos que se debieron realizar durante la jornada de rastrillaje. Caso Laurta Durante la jornada del pasado jueves, se llev\u00f3 a cabo un amplio operativo de rastrillaje, con la participaci\u00f3n de diversas fuerzas y unidades especializadas, con el objetivo de [&hellip;]\" \/>\n<meta property=\"og:url\" content=\"https:\/\/diariodelsurdigital.com.ar\/?p=5207\" \/>\n<meta property=\"og:site_name\" content=\"Diario del Sur\" \/>\n<meta property=\"article:published_time\" content=\"2025-10-18T18:07:51+00:00\" \/>\n<meta property=\"article:modified_time\" content=\"2025-10-18T18:07:52+00:00\" \/>\n<meta property=\"og:image\" content=\"https:\/\/diariodelsurdigital.com.ar\/wp-content\/uploads\/2025\/10\/l_1760758736_28631.png\" \/>\n\t<meta property=\"og:image:width\" content=\"480\" \/>\n\t<meta property=\"og:image:height\" content=\"320\" \/>\n\t<meta property=\"og:image:type\" content=\"image\/png\" \/>\n<meta name=\"author\" content=\"Diario del Sur Digital\" \/>\n<meta name=\"twitter:card\" content=\"summary_large_image\" \/>\n<meta name=\"twitter:label1\" content=\"Escrito por\" \/>\n\t<meta name=\"twitter:data1\" content=\"Diario del Sur Digital\" \/>\n\t<meta name=\"twitter:label2\" content=\"Tiempo de lectura\" \/>\n\t<meta name=\"twitter:data2\" content=\"3 minutos\" \/>\n<script type=\"application\/ld+json\" class=\"yoast-schema-graph\">{\"@context\":\"https:\\\/\\\/schema.org\",\"@graph\":[{\"@type\":\"Article\",\"@id\":\"https:\\\/\\\/diariodelsurdigital.com.ar\\\/?p=5207#article\",\"isPartOf\":{\"@id\":\"https:\\\/\\\/diariodelsurdigital.com.ar\\\/?p=5207\"},\"author\":{\"name\":\"Diario del Sur Digital\",\"@id\":\"https:\\\/\\\/diariodelsurdigital.com.ar\\\/#\\\/schema\\\/person\\\/6136a32571657f7dba980b88b04c5465\"},\"headline\":\"CASO LAURTA: Desde Bomberos Voluntarios detallaron las tareas que se realizaron durante el rastrillaje\",\"datePublished\":\"2025-10-18T18:07:51+00:00\",\"dateModified\":\"2025-10-18T18:07:52+00:00\",\"mainEntityOfPage\":{\"@id\":\"https:\\\/\\\/diariodelsurdigital.com.ar\\\/?p=5207\"},\"wordCount\":372,\"commentCount\":0,\"image\":{\"@id\":\"https:\\\/\\\/diariodelsurdigital.com.ar\\\/?p=5207#primaryimage\"},\"thumbnailUrl\":\"https:\\\/\\\/diariodelsurdigital.com.ar\\\/wp-content\\\/uploads\\\/2025\\\/10\\\/l_1760758736_28631.png\",\"articleSection\":[\"Locales\"],\"inLanguage\":\"es\",\"potentialAction\":[{\"@type\":\"CommentAction\",\"name\":\"Comment\",\"target\":[\"https:\\\/\\\/diariodelsurdigital.com.ar\\\/?p=5207#respond\"]}]},{\"@type\":\"WebPage\",\"@id\":\"https:\\\/\\\/diariodelsurdigital.com.ar\\\/?p=5207\",\"url\":\"https:\\\/\\\/diariodelsurdigital.com.ar\\\/?p=5207\",\"name\":\"CASO LAURTA: Desde Bomberos Voluntarios detallaron las tareas que se realizaron durante el rastrillaje - Diario del Sur\",\"isPartOf\":{\"@id\":\"https:\\\/\\\/diariodelsurdigital.com.ar\\\/#website\"},\"primaryImageOfPage\":{\"@id\":\"https:\\\/\\\/diariodelsurdigital.com.ar\\\/?p=5207#primaryimage\"},\"image\":{\"@id\":\"https:\\\/\\\/diariodelsurdigital.com.ar\\\/?p=5207#primaryimage\"},\"thumbnailUrl\":\"https:\\\/\\\/diariodelsurdigital.com.ar\\\/wp-content\\\/uploads\\\/2025\\\/10\\\/l_1760758736_28631.png\",\"datePublished\":\"2025-10-18T18:07:51+00:00\",\"dateModified\":\"2025-10-18T18:07:52+00:00\",\"author\":{\"@id\":\"https:\\\/\\\/diariodelsurdigital.com.ar\\\/#\\\/schema\\\/person\\\/6136a32571657f7dba980b88b04c5465\"},\"breadcrumb\":{\"@id\":\"https:\\\/\\\/diariodelsurdigital.com.ar\\\/?p=5207#breadcrumb\"},\"inLanguage\":\"es\",\"potentialAction\":[{\"@type\":\"ReadAction\",\"target\":[\"https:\\\/\\\/diariodelsurdigital.com.ar\\\/?p=5207\"]}]},{\"@type\":\"ImageObject\",\"inLanguage\":\"es\",\"@id\":\"https:\\\/\\\/diariodelsurdigital.com.ar\\\/?p=5207#primaryimage\",\"url\":\"https:\\\/\\\/diariodelsurdigital.com.ar\\\/wp-content\\\/uploads\\\/2025\\\/10\\\/l_1760758736_28631.png\",\"contentUrl\":\"https:\\\/\\\/diariodelsurdigital.com.ar\\\/wp-content\\\/uploads\\\/2025\\\/10\\\/l_1760758736_28631.png\",\"width\":480,\"height\":320},{\"@type\":\"BreadcrumbList\",\"@id\":\"https:\\\/\\\/diariodelsurdigital.com.ar\\\/?p=5207#breadcrumb\",\"itemListElement\":[{\"@type\":\"ListItem\",\"position\":1,\"name\":\"Portada\",\"item\":\"https:\\\/\\\/diariodelsurdigital.com.ar\\\/\"},{\"@type\":\"ListItem\",\"position\":2,\"name\":\"CASO LAURTA: Desde Bomberos Voluntarios detallaron las tareas que se realizaron durante el rastrillaje\"}]},{\"@type\":\"WebSite\",\"@id\":\"https:\\\/\\\/diariodelsurdigital.com.ar\\\/#website\",\"url\":\"https:\\\/\\\/diariodelsurdigital.com.ar\\\/\",\"name\":\"Diario del Sur\",\"description\":\"Digital\",\"potentialAction\":[{\"@type\":\"SearchAction\",\"target\":{\"@type\":\"EntryPoint\",\"urlTemplate\":\"https:\\\/\\\/diariodelsurdigital.com.ar\\\/?s={search_term_string}\"},\"query-input\":{\"@type\":\"PropertyValueSpecification\",\"valueRequired\":true,\"valueName\":\"search_term_string\"}}],\"inLanguage\":\"es\"},{\"@type\":\"Person\",\"@id\":\"https:\\\/\\\/diariodelsurdigital.com.ar\\\/#\\\/schema\\\/person\\\/6136a32571657f7dba980b88b04c5465\",\"name\":\"Diario del Sur Digital\",\"image\":{\"@type\":\"ImageObject\",\"inLanguage\":\"es\",\"@id\":\"https:\\\/\\\/secure.gravatar.com\\\/avatar\\\/4c29ceac98541dd42460b2474aaa5dd37594d6ce6cb3cf2c101d09b48ee287ba?s=96&d=mm&r=g\",\"url\":\"https:\\\/\\\/secure.gravatar.com\\\/avatar\\\/4c29ceac98541dd42460b2474aaa5dd37594d6ce6cb3cf2c101d09b48ee287ba?s=96&d=mm&r=g\",\"contentUrl\":\"https:\\\/\\\/secure.gravatar.com\\\/avatar\\\/4c29ceac98541dd42460b2474aaa5dd37594d6ce6cb3cf2c101d09b48ee287ba?s=96&d=mm&r=g\",\"caption\":\"Diario del Sur Digital\"},\"url\":\"https:\\\/\\\/diariodelsurdigital.com.ar\\\/?author=2\"}]}<\/script>\n<!-- \/ Yoast SEO plugin. -->","yoast_head_json":{"title":"CASO LAURTA: Desde Bomberos Voluntarios detallaron las tareas que se realizaron durante el rastrillaje - Diario del Sur","robots":{"index":"index","follow":"follow","max-snippet":"max-snippet:-1","max-image-preview":"max-image-preview:large","max-video-preview":"max-video-preview:-1"},"canonical":"https:\/\/diariodelsurdigital.com.ar\/?p=5207","og_locale":"es_ES","og_type":"article","og_title":"CASO LAURTA: Desde Bomberos Voluntarios detallaron las tareas que se realizaron durante el rastrillaje - Diario del Sur","og_description":"Juan Medina desde el cuartel general de Bomberos Voluntarios de Concordia, se refiri\u00f3 a los trabajos que se debieron realizar durante la jornada de rastrillaje. Caso Laurta Durante la jornada del pasado jueves, se llev\u00f3 a cabo un amplio operativo de rastrillaje, con la participaci\u00f3n de diversas fuerzas y unidades especializadas, con el objetivo de [&hellip;]","og_url":"https:\/\/diariodelsurdigital.com.ar\/?p=5207","og_site_name":"Diario del Sur","article_published_time":"2025-10-18T18:07:51+00:00","article_modified_time":"2025-10-18T18:07:52+00:00","og_image":[{"width":480,"height":320,"url":"https:\/\/diariodelsurdigital.com.ar\/wp-content\/uploads\/2025\/10\/l_1760758736_28631.png","type":"image\/png"}],"author":"Diario del Sur Digital","twitter_card":"summary_large_image","twitter_misc":{"Escrito por":"Diario del Sur Digital","Tiempo de lectura":"3 minutos"},"schema":{"@context":"https:\/\/schema.org","@graph":[{"@type":"Article","@id":"https:\/\/diariodelsurdigital.com.ar\/?p=5207#article","isPartOf":{"@id":"https:\/\/diariodelsurdigital.com.ar\/?p=5207"},"author":{"name":"Diario del Sur Digital","@id":"https:\/\/diariodelsurdigital.com.ar\/#\/schema\/person\/6136a32571657f7dba980b88b04c5465"},"headline":"CASO LAURTA: Desde Bomberos Voluntarios detallaron las tareas que se realizaron durante el rastrillaje","datePublished":"2025-10-18T18:07:51+00:00","dateModified":"2025-10-18T18:07:52+00:00","mainEntityOfPage":{"@id":"https:\/\/diariodelsurdigital.com.ar\/?p=5207"},"wordCount":372,"commentCount":0,"image":{"@id":"https:\/\/diariodelsurdigital.com.ar\/?p=5207#primaryimage"},"thumbnailUrl":"https:\/\/diariodelsurdigital.com.ar\/wp-content\/uploads\/2025\/10\/l_1760758736_28631.png","articleSection":["Locales"],"inLanguage":"es","potentialAction":[{"@type":"CommentAction","name":"Comment","target":["https:\/\/diariodelsurdigital.com.ar\/?p=5207#respond"]}]},{"@type":"WebPage","@id":"https:\/\/diariodelsurdigital.com.ar\/?p=5207","url":"https:\/\/diariodelsurdigital.com.ar\/?p=5207","name":"CASO LAURTA: Desde Bomberos Voluntarios detallaron las tareas que se realizaron durante el rastrillaje - Diario del Sur","isPartOf":{"@id":"https:\/\/diariodelsurdigital.com.ar\/#website"},"primaryImageOfPage":{"@id":"https:\/\/diariodelsurdigital.com.ar\/?p=5207#primaryimage"},"image":{"@id":"https:\/\/diariodelsurdigital.com.ar\/?p=5207#primaryimage"},"thumbnailUrl":"https:\/\/diariodelsurdigital.com.ar\/wp-content\/uploads\/2025\/10\/l_1760758736_28631.png","datePublished":"2025-10-18T18:07:51+00:00","dateModified":"2025-10-18T18:07:52+00:00","author":{"@id":"https:\/\/diariodelsurdigital.com.ar\/#\/schema\/person\/6136a32571657f7dba980b88b04c5465"},"breadcrumb":{"@id":"https:\/\/diariodelsurdigital.com.ar\/?p=5207#breadcrumb"},"inLanguage":"es","potentialAction":[{"@type":"ReadAction","target":["https:\/\/diariodelsurdigital.com.ar\/?p=5207"]}]},{"@type":"ImageObject","inLanguage":"es","@id":"https:\/\/diariodelsurdigital.com.ar\/?p=5207#primaryimage","url":"https:\/\/diariodelsurdigital.com.ar\/wp-content\/uploads\/2025\/10\/l_1760758736_28631.png","contentUrl":"https:\/\/diariodelsurdigital.com.ar\/wp-content\/uploads\/2025\/10\/l_1760758736_28631.png","width":480,"height":320},{"@type":"BreadcrumbList","@id":"https:\/\/diariodelsurdigital.com.ar\/?p=5207#breadcrumb","itemListElement":[{"@type":"ListItem","position":1,"name":"Portada","item":"https:\/\/diariodelsurdigital.com.ar\/"},{"@type":"ListItem","position":2,"name":"CASO LAURTA: Desde Bomberos Voluntarios detallaron las tareas que se realizaron durante el rastrillaje"}]},{"@type":"WebSite","@id":"https:\/\/diariodelsurdigital.com.ar\/#website","url":"https:\/\/diariodelsurdigital.com.ar\/","name":"Diario del Sur","description":"Digital","potentialAction":[{"@type":"SearchAction","target":{"@type":"EntryPoint","urlTemplate":"https:\/\/diariodelsurdigital.com.ar\/?s={search_term_string}"},"query-input":{"@type":"PropertyValueSpecification","valueRequired":true,"valueName":"search_term_string"}}],"inLanguage":"es"},{"@type":"Person","@id":"https:\/\/diariodelsurdigital.com.ar\/#\/schema\/person\/6136a32571657f7dba980b88b04c5465","name":"Diario del Sur Digital","image":{"@type":"ImageObject","inLanguage":"es","@id":"https:\/\/secure.gravatar.com\/avatar\/4c29ceac98541dd42460b2474aaa5dd37594d6ce6cb3cf2c101d09b48ee287ba?s=96&d=mm&r=g","url":"https:\/\/secure.gravatar.com\/avatar\/4c29ceac98541dd42460b2474aaa5dd37594d6ce6cb3cf2c101d09b48ee287ba?s=96&d=mm&r=g","contentUrl":"https:\/\/secure.gravatar.com\/avatar\/4c29ceac98541dd42460b2474aaa5dd37594d6ce6cb3cf2c101d09b48ee287ba?s=96&d=mm&r=g","caption":"Diario del Sur Digital"},"url":"https:\/\/diariodelsurdigital.com.ar\/?author=2"}]}},"_links":{"self":[{"href":"https:\/\/diariodelsurdigital.com.ar\/index.php?rest_route=\/wp\/v2\/posts\/5207","targetHints":{"allow":["GET"]}}],"collection":[{"href":"https:\/\/diariodelsurdigital.com.ar\/index.php?rest_route=\/wp\/v2\/posts"}],"about":[{"href":"https:\/\/diariodelsurdigital.com.ar\/index.php?rest_route=\/wp\/v2\/types\/post"}],"author":[{"embeddable":true,"href":"https:\/\/diariodelsurdigital.com.ar\/index.php?rest_route=\/wp\/v2\/users\/2"}],"replies":[{"embeddable":true,"href":"https:\/\/diariodelsurdigital.com.ar\/index.php?rest_route=%2Fwp%2Fv2%2Fcomments&post=5207"}],"version-history":[{"count":1,"href":"https:\/\/diariodelsurdigital.com.ar\/index.php?rest_route=\/wp\/v2\/posts\/5207\/revisions"}],"predecessor-version":[{"id":5209,"href":"https:\/\/diariodelsurdigital.com.ar\/index.php?rest_route=\/wp\/v2\/posts\/5207\/revisions\/5209"}],"wp:featuredmedia":[{"embeddable":true,"href":"https:\/\/diariodelsurdigital.com.ar\/index.php?rest_route=\/wp\/v2\/media\/5208"}],"wp:attachment":[{"href":"https:\/\/diariodelsurdigital.com.ar\/index.php?rest_route=%2Fwp%2Fv2%2Fmedia&parent=5207"}],"wp:term":[{"taxonomy":"category","embeddable":true,"href":"https:\/\/diariodelsurdigital.com.ar\/index.php?rest_route=%2Fwp%2Fv2%2Fcategories&post=5207"},{"taxonomy":"post_tag","embeddable":true,"href":"https:\/\/diariodelsurdigital.com.ar\/index.php?rest_route=%2Fwp%2Fv2%2Ftags&post=5207"}],"curies":[{"name":"wp","href":"https:\/\/api.w.org\/{rel}","templated":true}]}}