{"id":521,"date":"2025-01-09T15:17:57","date_gmt":"2025-01-09T18:17:57","guid":{"rendered":"https:\/\/diariodelsurdigital.com.ar\/?p=521"},"modified":"2025-01-09T15:17:58","modified_gmt":"2025-01-09T18:17:58","slug":"pepe-mujica-conto-que-el-cancer-se-expandio-por-su-cuerpo-hasta-aca-llegue","status":"publish","type":"post","link":"https:\/\/diariodelsurdigital.com.ar\/?p=521","title":{"rendered":"Pepe Mujica cont\u00f3 que el c\u00e1ncer se expandi\u00f3 por su cuerpo: \u00abHasta ac\u00e1 llegu\u00e9\u00bb"},"content":{"rendered":"\n<p>El ex presidente uruguayo&nbsp;<strong>Jos\u00e9 \u00abPepe\u00bb Mujica&nbsp;<\/strong>afirm\u00f3 que se est\u00e1 \u00ab<strong>muriendo<\/strong>\u00bb debido al c\u00e1ncer que padece, se despidi\u00f3 de sus compatriotas y de sus compa\u00f1eros del Frente Amplio, y manifest\u00f3:<strong>&nbsp;\u00abEstoy condenado, hermano. Hasta ac\u00e1 llegu\u00e9\u00bb<\/strong>.<\/p>\n\n\n\n<p>En una emotiva entrevista publicada por el semanario uruguayo \u00abB\u00fasqueda\u00bb, en su chacra de Rinc\u00f3n del Cerro,&nbsp;<strong>el ex presidente, de 89 a\u00f1os<\/strong>, dijo: \u00abel c\u00e1ncer en el es\u00f3fago me est\u00e1 colonizando el h\u00edgado. No lo paro con nada\u00bb.<\/p>\n\n\n\n<p>En ese sentido explic\u00f3:<strong>&nbsp;\u00abNo me cabe ni un tratamiento bioqu\u00edmico ni la cirug\u00eda porque mi cuerpo no lo aguanta. Me estoy muriendo\u00bb.<\/strong><\/p>\n\n\n\n<p>\u00ab<strong>Lo que pido es que me dejen tranquilo<\/strong>. Que no me pidan m\u00e1s entrevistas ni nada m\u00e1s. Ya termin\u00f3 mi ciclo. Sinceramente, me estoy muriendo. Y el guerrero tiene derecho a su descanso\u00bb,&nbsp; asever\u00f3.<\/p>\n\n\n\n<p>Mujica, que en su juventud integr\u00f3 la organizaci\u00f3n guerrillera \u00abTupamaros\u00bb elogi\u00f3 en la entrevista lo logrado por sus compa\u00f1eros del Frente Amplio, cuyo candidato<strong>&nbsp;Yamand\u00fa Orsi&nbsp;<\/strong>se impuso en las elecciones de octubre pasado y asumir\u00e1 como presidente el 1 de marzo pr\u00f3ximo.<\/p>\n\n\n\n<p>En ese sentido dijo que se va<strong>&nbsp;\u00abtotalmente tranquilo y agradecid<\/strong>o. Mis compa\u00f1eros lograron lo que mi generaci\u00f3n no logr\u00f3. \u00a1Mir\u00e1 la votaci\u00f3n que tuvieron! Y ahora van a tener nueve senadores y 36 diputados. Realmente impresionante. Eso lo lograron ellos\u00bb, destac\u00f3.<\/p>\n","protected":false},"excerpt":{"rendered":"<p>El ex presidente uruguayo&nbsp;Jos\u00e9 \u00abPepe\u00bb Mujica&nbsp;afirm\u00f3 que se est\u00e1 \u00abmuriendo\u00bb debido al c\u00e1ncer que padece, se despidi\u00f3 de sus compatriotas y de sus compa\u00f1eros del Frente Amplio, y manifest\u00f3:&nbsp;\u00abEstoy condenado, hermano. Hasta ac\u00e1 llegu\u00e9\u00bb. En una emotiva entrevista publicada por el semanario uruguayo \u00abB\u00fasqueda\u00bb, en su chacra de Rinc\u00f3n del Cerro,&nbsp;el ex presidente, de 89 [&hellip;]<\/p>\n","protected":false},"author":4,"featured_media":522,"comment_status":"open","ping_status":"open","sticky":false,"template":"","format":"standard","meta":{"footnotes":""},"categories":[20],"tags":[],"class_list":{"0":"post-521","1":"post","2":"type-post","3":"status-publish","4":"format-standard","5":"has-post-thumbnail","7":"category-internacionales"},"yoast_head":"<!-- This site is optimized with the Yoast SEO plugin v27.4 - https:\/\/yoast.com\/product\/yoast-seo-wordpress\/ -->\n<title>Pepe Mujica cont\u00f3 que el c\u00e1ncer se expandi\u00f3 por su cuerpo: \u00abHasta ac\u00e1 llegu\u00e9\u00bb - Diario del Sur<\/title>\n<meta name=\"robots\" content=\"index, follow, max-snippet:-1, max-image-preview:large, max-video-preview:-1\" \/>\n<link rel=\"canonical\" href=\"https:\/\/diariodelsurdigital.com.ar\/?p=521\" \/>\n<meta property=\"og:locale\" content=\"es_ES\" \/>\n<meta property=\"og:type\" content=\"article\" \/>\n<meta property=\"og:title\" content=\"Pepe Mujica cont\u00f3 que el c\u00e1ncer se expandi\u00f3 por su cuerpo: \u00abHasta ac\u00e1 llegu\u00e9\u00bb - Diario del Sur\" \/>\n<meta property=\"og:description\" content=\"El ex presidente uruguayo&nbsp;Jos\u00e9 \u00abPepe\u00bb Mujica&nbsp;afirm\u00f3 que se est\u00e1 \u00abmuriendo\u00bb debido al c\u00e1ncer que padece, se despidi\u00f3 de sus compatriotas y de sus compa\u00f1eros del Frente Amplio, y manifest\u00f3:&nbsp;\u00abEstoy condenado, hermano. Hasta ac\u00e1 llegu\u00e9\u00bb. En una emotiva entrevista publicada por el semanario uruguayo \u00abB\u00fasqueda\u00bb, en su chacra de Rinc\u00f3n del Cerro,&nbsp;el ex presidente, de 89 [&hellip;]\" \/>\n<meta property=\"og:url\" content=\"https:\/\/diariodelsurdigital.com.ar\/?p=521\" \/>\n<meta property=\"og:site_name\" content=\"Diario del Sur\" \/>\n<meta property=\"article:published_time\" content=\"2025-01-09T18:17:57+00:00\" \/>\n<meta property=\"article:modified_time\" content=\"2025-01-09T18:17:58+00:00\" \/>\n<meta property=\"og:image\" content=\"https:\/\/diariodelsurdigital.com.ar\/wp-content\/uploads\/2025\/01\/pepe-mujica-anuncia-q-tiene-un-tumor-captura-video-1-1.jpg\" \/>\n\t<meta property=\"og:image:width\" content=\"1200\" \/>\n\t<meta property=\"og:image:height\" content=\"800\" \/>\n\t<meta property=\"og:image:type\" content=\"image\/jpeg\" \/>\n<meta name=\"author\" content=\"Diario del Sur Digital\" \/>\n<meta name=\"twitter:card\" content=\"summary_large_image\" \/>\n<meta name=\"twitter:label1\" content=\"Escrito por\" \/>\n\t<meta name=\"twitter:data1\" content=\"Diario del Sur Digital\" \/>\n\t<meta name=\"twitter:label2\" content=\"Tiempo de lectura\" \/>\n\t<meta name=\"twitter:data2\" content=\"2 minutos\" \/>\n<script type=\"application\/ld+json\" class=\"yoast-schema-graph\">{\"@context\":\"https:\\\/\\\/schema.org\",\"@graph\":[{\"@type\":\"Article\",\"@id\":\"https:\\\/\\\/diariodelsurdigital.com.ar\\\/?p=521#article\",\"isPartOf\":{\"@id\":\"https:\\\/\\\/diariodelsurdigital.com.ar\\\/?p=521\"},\"author\":{\"name\":\"Diario del Sur Digital\",\"@id\":\"https:\\\/\\\/diariodelsurdigital.com.ar\\\/#\\\/schema\\\/person\\\/1a4992532ed62965c968031b49195c81\"},\"headline\":\"Pepe Mujica cont\u00f3 que el c\u00e1ncer se expandi\u00f3 por su cuerpo: \u00abHasta ac\u00e1 llegu\u00e9\u00bb\",\"datePublished\":\"2025-01-09T18:17:57+00:00\",\"dateModified\":\"2025-01-09T18:17:58+00:00\",\"mainEntityOfPage\":{\"@id\":\"https:\\\/\\\/diariodelsurdigital.com.ar\\\/?p=521\"},\"wordCount\":257,\"commentCount\":0,\"image\":{\"@id\":\"https:\\\/\\\/diariodelsurdigital.com.ar\\\/?p=521#primaryimage\"},\"thumbnailUrl\":\"https:\\\/\\\/diariodelsurdigital.com.ar\\\/wp-content\\\/uploads\\\/2025\\\/01\\\/pepe-mujica-anuncia-q-tiene-un-tumor-captura-video-1-1.jpg\",\"articleSection\":[\"Internacionales\"],\"inLanguage\":\"es\",\"potentialAction\":[{\"@type\":\"CommentAction\",\"name\":\"Comment\",\"target\":[\"https:\\\/\\\/diariodelsurdigital.com.ar\\\/?p=521#respond\"]}]},{\"@type\":\"WebPage\",\"@id\":\"https:\\\/\\\/diariodelsurdigital.com.ar\\\/?p=521\",\"url\":\"https:\\\/\\\/diariodelsurdigital.com.ar\\\/?p=521\",\"name\":\"Pepe Mujica cont\u00f3 que el c\u00e1ncer se expandi\u00f3 por su cuerpo: \u00abHasta ac\u00e1 llegu\u00e9\u00bb - Diario del Sur\",\"isPartOf\":{\"@id\":\"https:\\\/\\\/diariodelsurdigital.com.ar\\\/#website\"},\"primaryImageOfPage\":{\"@id\":\"https:\\\/\\\/diariodelsurdigital.com.ar\\\/?p=521#primaryimage\"},\"image\":{\"@id\":\"https:\\\/\\\/diariodelsurdigital.com.ar\\\/?p=521#primaryimage\"},\"thumbnailUrl\":\"https:\\\/\\\/diariodelsurdigital.com.ar\\\/wp-content\\\/uploads\\\/2025\\\/01\\\/pepe-mujica-anuncia-q-tiene-un-tumor-captura-video-1-1.jpg\",\"datePublished\":\"2025-01-09T18:17:57+00:00\",\"dateModified\":\"2025-01-09T18:17:58+00:00\",\"author\":{\"@id\":\"https:\\\/\\\/diariodelsurdigital.com.ar\\\/#\\\/schema\\\/person\\\/1a4992532ed62965c968031b49195c81\"},\"breadcrumb\":{\"@id\":\"https:\\\/\\\/diariodelsurdigital.com.ar\\\/?p=521#breadcrumb\"},\"inLanguage\":\"es\",\"potentialAction\":[{\"@type\":\"ReadAction\",\"target\":[\"https:\\\/\\\/diariodelsurdigital.com.ar\\\/?p=521\"]}]},{\"@type\":\"ImageObject\",\"inLanguage\":\"es\",\"@id\":\"https:\\\/\\\/diariodelsurdigital.com.ar\\\/?p=521#primaryimage\",\"url\":\"https:\\\/\\\/diariodelsurdigital.com.ar\\\/wp-content\\\/uploads\\\/2025\\\/01\\\/pepe-mujica-anuncia-q-tiene-un-tumor-captura-video-1-1.jpg\",\"contentUrl\":\"https:\\\/\\\/diariodelsurdigital.com.ar\\\/wp-content\\\/uploads\\\/2025\\\/01\\\/pepe-mujica-anuncia-q-tiene-un-tumor-captura-video-1-1.jpg\",\"width\":1200,\"height\":800},{\"@type\":\"BreadcrumbList\",\"@id\":\"https:\\\/\\\/diariodelsurdigital.com.ar\\\/?p=521#breadcrumb\",\"itemListElement\":[{\"@type\":\"ListItem\",\"position\":1,\"name\":\"Portada\",\"item\":\"https:\\\/\\\/diariodelsurdigital.com.ar\\\/\"},{\"@type\":\"ListItem\",\"position\":2,\"name\":\"Pepe Mujica cont\u00f3 que el c\u00e1ncer se expandi\u00f3 por su cuerpo: \u00abHasta ac\u00e1 llegu\u00e9\u00bb\"}]},{\"@type\":\"WebSite\",\"@id\":\"https:\\\/\\\/diariodelsurdigital.com.ar\\\/#website\",\"url\":\"https:\\\/\\\/diariodelsurdigital.com.ar\\\/\",\"name\":\"Diario del Sur\",\"description\":\"Digital\",\"potentialAction\":[{\"@type\":\"SearchAction\",\"target\":{\"@type\":\"EntryPoint\",\"urlTemplate\":\"https:\\\/\\\/diariodelsurdigital.com.ar\\\/?s={search_term_string}\"},\"query-input\":{\"@type\":\"PropertyValueSpecification\",\"valueRequired\":true,\"valueName\":\"search_term_string\"}}],\"inLanguage\":\"es\"},{\"@type\":\"Person\",\"@id\":\"https:\\\/\\\/diariodelsurdigital.com.ar\\\/#\\\/schema\\\/person\\\/1a4992532ed62965c968031b49195c81\",\"name\":\"Diario del Sur Digital\",\"image\":{\"@type\":\"ImageObject\",\"inLanguage\":\"es\",\"@id\":\"https:\\\/\\\/secure.gravatar.com\\\/avatar\\\/f0c7c47fc7146d19828273b9b8eda651c9c7ab583767e6338d3d3bee825adf76?s=96&d=mm&r=g\",\"url\":\"https:\\\/\\\/secure.gravatar.com\\\/avatar\\\/f0c7c47fc7146d19828273b9b8eda651c9c7ab583767e6338d3d3bee825adf76?s=96&d=mm&r=g\",\"contentUrl\":\"https:\\\/\\\/secure.gravatar.com\\\/avatar\\\/f0c7c47fc7146d19828273b9b8eda651c9c7ab583767e6338d3d3bee825adf76?s=96&d=mm&r=g\",\"caption\":\"Diario del Sur Digital\"},\"url\":\"https:\\\/\\\/diariodelsurdigital.com.ar\\\/?author=4\"}]}<\/script>\n<!-- \/ Yoast SEO plugin. -->","yoast_head_json":{"title":"Pepe Mujica cont\u00f3 que el c\u00e1ncer se expandi\u00f3 por su cuerpo: \u00abHasta ac\u00e1 llegu\u00e9\u00bb - Diario del Sur","robots":{"index":"index","follow":"follow","max-snippet":"max-snippet:-1","max-image-preview":"max-image-preview:large","max-video-preview":"max-video-preview:-1"},"canonical":"https:\/\/diariodelsurdigital.com.ar\/?p=521","og_locale":"es_ES","og_type":"article","og_title":"Pepe Mujica cont\u00f3 que el c\u00e1ncer se expandi\u00f3 por su cuerpo: \u00abHasta ac\u00e1 llegu\u00e9\u00bb - Diario del Sur","og_description":"El ex presidente uruguayo&nbsp;Jos\u00e9 \u00abPepe\u00bb Mujica&nbsp;afirm\u00f3 que se est\u00e1 \u00abmuriendo\u00bb debido al c\u00e1ncer que padece, se despidi\u00f3 de sus compatriotas y de sus compa\u00f1eros del Frente Amplio, y manifest\u00f3:&nbsp;\u00abEstoy condenado, hermano. Hasta ac\u00e1 llegu\u00e9\u00bb. En una emotiva entrevista publicada por el semanario uruguayo \u00abB\u00fasqueda\u00bb, en su chacra de Rinc\u00f3n del Cerro,&nbsp;el ex presidente, de 89 [&hellip;]","og_url":"https:\/\/diariodelsurdigital.com.ar\/?p=521","og_site_name":"Diario del Sur","article_published_time":"2025-01-09T18:17:57+00:00","article_modified_time":"2025-01-09T18:17:58+00:00","og_image":[{"width":1200,"height":800,"url":"https:\/\/diariodelsurdigital.com.ar\/wp-content\/uploads\/2025\/01\/pepe-mujica-anuncia-q-tiene-un-tumor-captura-video-1-1.jpg","type":"image\/jpeg"}],"author":"Diario del Sur Digital","twitter_card":"summary_large_image","twitter_misc":{"Escrito por":"Diario del Sur Digital","Tiempo de lectura":"2 minutos"},"schema":{"@context":"https:\/\/schema.org","@graph":[{"@type":"Article","@id":"https:\/\/diariodelsurdigital.com.ar\/?p=521#article","isPartOf":{"@id":"https:\/\/diariodelsurdigital.com.ar\/?p=521"},"author":{"name":"Diario del Sur Digital","@id":"https:\/\/diariodelsurdigital.com.ar\/#\/schema\/person\/1a4992532ed62965c968031b49195c81"},"headline":"Pepe Mujica cont\u00f3 que el c\u00e1ncer se expandi\u00f3 por su cuerpo: \u00abHasta ac\u00e1 llegu\u00e9\u00bb","datePublished":"2025-01-09T18:17:57+00:00","dateModified":"2025-01-09T18:17:58+00:00","mainEntityOfPage":{"@id":"https:\/\/diariodelsurdigital.com.ar\/?p=521"},"wordCount":257,"commentCount":0,"image":{"@id":"https:\/\/diariodelsurdigital.com.ar\/?p=521#primaryimage"},"thumbnailUrl":"https:\/\/diariodelsurdigital.com.ar\/wp-content\/uploads\/2025\/01\/pepe-mujica-anuncia-q-tiene-un-tumor-captura-video-1-1.jpg","articleSection":["Internacionales"],"inLanguage":"es","potentialAction":[{"@type":"CommentAction","name":"Comment","target":["https:\/\/diariodelsurdigital.com.ar\/?p=521#respond"]}]},{"@type":"WebPage","@id":"https:\/\/diariodelsurdigital.com.ar\/?p=521","url":"https:\/\/diariodelsurdigital.com.ar\/?p=521","name":"Pepe Mujica cont\u00f3 que el c\u00e1ncer se expandi\u00f3 por su cuerpo: \u00abHasta ac\u00e1 llegu\u00e9\u00bb - Diario del Sur","isPartOf":{"@id":"https:\/\/diariodelsurdigital.com.ar\/#website"},"primaryImageOfPage":{"@id":"https:\/\/diariodelsurdigital.com.ar\/?p=521#primaryimage"},"image":{"@id":"https:\/\/diariodelsurdigital.com.ar\/?p=521#primaryimage"},"thumbnailUrl":"https:\/\/diariodelsurdigital.com.ar\/wp-content\/uploads\/2025\/01\/pepe-mujica-anuncia-q-tiene-un-tumor-captura-video-1-1.jpg","datePublished":"2025-01-09T18:17:57+00:00","dateModified":"2025-01-09T18:17:58+00:00","author":{"@id":"https:\/\/diariodelsurdigital.com.ar\/#\/schema\/person\/1a4992532ed62965c968031b49195c81"},"breadcrumb":{"@id":"https:\/\/diariodelsurdigital.com.ar\/?p=521#breadcrumb"},"inLanguage":"es","potentialAction":[{"@type":"ReadAction","target":["https:\/\/diariodelsurdigital.com.ar\/?p=521"]}]},{"@type":"ImageObject","inLanguage":"es","@id":"https:\/\/diariodelsurdigital.com.ar\/?p=521#primaryimage","url":"https:\/\/diariodelsurdigital.com.ar\/wp-content\/uploads\/2025\/01\/pepe-mujica-anuncia-q-tiene-un-tumor-captura-video-1-1.jpg","contentUrl":"https:\/\/diariodelsurdigital.com.ar\/wp-content\/uploads\/2025\/01\/pepe-mujica-anuncia-q-tiene-un-tumor-captura-video-1-1.jpg","width":1200,"height":800},{"@type":"BreadcrumbList","@id":"https:\/\/diariodelsurdigital.com.ar\/?p=521#breadcrumb","itemListElement":[{"@type":"ListItem","position":1,"name":"Portada","item":"https:\/\/diariodelsurdigital.com.ar\/"},{"@type":"ListItem","position":2,"name":"Pepe Mujica cont\u00f3 que el c\u00e1ncer se expandi\u00f3 por su cuerpo: \u00abHasta ac\u00e1 llegu\u00e9\u00bb"}]},{"@type":"WebSite","@id":"https:\/\/diariodelsurdigital.com.ar\/#website","url":"https:\/\/diariodelsurdigital.com.ar\/","name":"Diario del Sur","description":"Digital","potentialAction":[{"@type":"SearchAction","target":{"@type":"EntryPoint","urlTemplate":"https:\/\/diariodelsurdigital.com.ar\/?s={search_term_string}"},"query-input":{"@type":"PropertyValueSpecification","valueRequired":true,"valueName":"search_term_string"}}],"inLanguage":"es"},{"@type":"Person","@id":"https:\/\/diariodelsurdigital.com.ar\/#\/schema\/person\/1a4992532ed62965c968031b49195c81","name":"Diario del Sur Digital","image":{"@type":"ImageObject","inLanguage":"es","@id":"https:\/\/secure.gravatar.com\/avatar\/f0c7c47fc7146d19828273b9b8eda651c9c7ab583767e6338d3d3bee825adf76?s=96&d=mm&r=g","url":"https:\/\/secure.gravatar.com\/avatar\/f0c7c47fc7146d19828273b9b8eda651c9c7ab583767e6338d3d3bee825adf76?s=96&d=mm&r=g","contentUrl":"https:\/\/secure.gravatar.com\/avatar\/f0c7c47fc7146d19828273b9b8eda651c9c7ab583767e6338d3d3bee825adf76?s=96&d=mm&r=g","caption":"Diario del Sur Digital"},"url":"https:\/\/diariodelsurdigital.com.ar\/?author=4"}]}},"_links":{"self":[{"href":"https:\/\/diariodelsurdigital.com.ar\/index.php?rest_route=\/wp\/v2\/posts\/521","targetHints":{"allow":["GET"]}}],"collection":[{"href":"https:\/\/diariodelsurdigital.com.ar\/index.php?rest_route=\/wp\/v2\/posts"}],"about":[{"href":"https:\/\/diariodelsurdigital.com.ar\/index.php?rest_route=\/wp\/v2\/types\/post"}],"author":[{"embeddable":true,"href":"https:\/\/diariodelsurdigital.com.ar\/index.php?rest_route=\/wp\/v2\/users\/4"}],"replies":[{"embeddable":true,"href":"https:\/\/diariodelsurdigital.com.ar\/index.php?rest_route=%2Fwp%2Fv2%2Fcomments&post=521"}],"version-history":[{"count":1,"href":"https:\/\/diariodelsurdigital.com.ar\/index.php?rest_route=\/wp\/v2\/posts\/521\/revisions"}],"predecessor-version":[{"id":523,"href":"https:\/\/diariodelsurdigital.com.ar\/index.php?rest_route=\/wp\/v2\/posts\/521\/revisions\/523"}],"wp:featuredmedia":[{"embeddable":true,"href":"https:\/\/diariodelsurdigital.com.ar\/index.php?rest_route=\/wp\/v2\/media\/522"}],"wp:attachment":[{"href":"https:\/\/diariodelsurdigital.com.ar\/index.php?rest_route=%2Fwp%2Fv2%2Fmedia&parent=521"}],"wp:term":[{"taxonomy":"category","embeddable":true,"href":"https:\/\/diariodelsurdigital.com.ar\/index.php?rest_route=%2Fwp%2Fv2%2Fcategories&post=521"},{"taxonomy":"post_tag","embeddable":true,"href":"https:\/\/diariodelsurdigital.com.ar\/index.php?rest_route=%2Fwp%2Fv2%2Ftags&post=521"}],"curies":[{"name":"wp","href":"https:\/\/api.w.org\/{rel}","templated":true}]}}