{"id":5210,"date":"2025-10-18T17:39:48","date_gmt":"2025-10-18T20:39:48","guid":{"rendered":"https:\/\/diariodelsurdigital.com.ar\/?p=5210"},"modified":"2025-10-18T20:25:55","modified_gmt":"2025-10-18T23:25:55","slug":"jorge-kinoto-vazquez-critico-a-los-que-se-fueron-de-las-estructuras-partidarias","status":"publish","type":"post","link":"https:\/\/diariodelsurdigital.com.ar\/?p=5210","title":{"rendered":"Jorge \u00abKinoto\u00bb V\u00e1zquez critic\u00f3 \u00aba los que se fueron de las estructuras partidarias\u00bb"},"content":{"rendered":"\n<p>Sacando pecho y a los gritos con bombos de por medio, el presidente del Partido Justicialista de Paran\u00e1, Jorge Kinoto V\u00e1zquez, secundado por la intendente, Rosario Romero y la siempre vigente Blanca Osuna, se refiri\u00f3 a la fecha hist\u00f3rica del movimiento. V\u00e1zquez se\u00f1al\u00f3 que \u00abEl 17 de octubre de 1945 es una fecha bisagra en la historia del peronismo y de la patria. Se recuerda la lucha de los sectores discriminados, explotados y sublevados. El general Per\u00f3n y el pueblo se encontraron para definir un destino com\u00fan. Los peronistas tenemos que reivindicar esta fecha y nunca olvidar de d\u00f3nde venimos.\u00bb<\/p>\n\n\n\n<p><strong>Cr\u00edticas a los peronistas que compiten por fuera del Pejotismo<\/strong><\/p>\n\n\n\n<p>\u00abHoy estamos ac\u00e1 porque tenemos un partido que cre\u00f3 Juan Domingo Per\u00f3n. No por nada, algunos de los que se fueron por afuera de las estructuras partidarias hoy no est\u00e1n haciendo actos, no est\u00e1n conmemorando nada. Est\u00e1 la militancia de Paran\u00e1, la militancia que defiende el voto. Cuando algunos nos preguntaban si \u00edbamos a hacer algo, porque nuestros candidatos (Michel y Bahl) est\u00e1n en otro punto de la provincia haciendo campa\u00f1a. C\u00f3mo no vamos a conmemorar si lo importante es el proyecto y aparte tenemos que sacar a patadas a los oligarcas que est\u00e1n vendiendo la Patria\u00bb, apunt\u00f3.<\/p>\n\n\n\n<p>Jorge V\u00e1zquez afirm\u00f3 que \u00abAc\u00e1 no hay d\u00e1diva, no hay aparato, ac\u00e1 hay convicci\u00f3n, ganas de defender al peronismo\u00bb, aunque la realidad demuestre que el Partido Justicialista provincial ha gastado miles de millones de pesos en esta campa\u00f1a, justamente en las narices de un pueblo que pelea d\u00eda a d\u00eda para poder llegar a fin de mes o llevar un plato de comida a su casa.<\/p>\n\n\n\n<p><\/p>\n","protected":false},"excerpt":{"rendered":"<p>Sacando pecho y a los gritos con bombos de por medio, el presidente del Partido Justicialista de Paran\u00e1, Jorge Kinoto V\u00e1zquez, secundado por la intendente, Rosario Romero y la siempre vigente Blanca Osuna, se refiri\u00f3 a la fecha hist\u00f3rica del movimiento. V\u00e1zquez se\u00f1al\u00f3 que \u00abEl 17 de octubre de 1945 es una fecha bisagra en [&hellip;]<\/p>\n","protected":false},"author":2,"featured_media":5211,"comment_status":"open","ping_status":"open","sticky":false,"template":"","format":"standard","meta":{"footnotes":""},"categories":[22],"tags":[],"class_list":{"0":"post-5210","1":"post","2":"type-post","3":"status-publish","4":"format-standard","5":"has-post-thumbnail","7":"category-politica"},"yoast_head":"<!-- This site is optimized with the Yoast SEO plugin v27.4 - https:\/\/yoast.com\/product\/yoast-seo-wordpress\/ -->\n<title>Jorge &quot;Kinoto&quot; V\u00e1zquez critic\u00f3 &quot;a los que se fueron de las estructuras partidarias&quot; - Diario del Sur<\/title>\n<meta name=\"robots\" content=\"index, follow, max-snippet:-1, max-image-preview:large, max-video-preview:-1\" \/>\n<link rel=\"canonical\" href=\"https:\/\/diariodelsurdigital.com.ar\/?p=5210\" \/>\n<meta property=\"og:locale\" content=\"es_ES\" \/>\n<meta property=\"og:type\" content=\"article\" \/>\n<meta property=\"og:title\" content=\"Jorge &quot;Kinoto&quot; V\u00e1zquez critic\u00f3 &quot;a los que se fueron de las estructuras partidarias&quot; - Diario del Sur\" \/>\n<meta property=\"og:description\" content=\"Sacando pecho y a los gritos con bombos de por medio, el presidente del Partido Justicialista de Paran\u00e1, Jorge Kinoto V\u00e1zquez, secundado por la intendente, Rosario Romero y la siempre vigente Blanca Osuna, se refiri\u00f3 a la fecha hist\u00f3rica del movimiento. V\u00e1zquez se\u00f1al\u00f3 que \u00abEl 17 de octubre de 1945 es una fecha bisagra en [&hellip;]\" \/>\n<meta property=\"og:url\" content=\"https:\/\/diariodelsurdigital.com.ar\/?p=5210\" \/>\n<meta property=\"og:site_name\" content=\"Diario del Sur\" \/>\n<meta property=\"article:published_time\" content=\"2025-10-18T20:39:48+00:00\" \/>\n<meta property=\"article:modified_time\" content=\"2025-10-18T23:25:55+00:00\" \/>\n<meta property=\"og:image\" content=\"https:\/\/diariodelsurdigital.com.ar\/wp-content\/uploads\/2025\/10\/Imagen-de-WhatsApp-2025-10-18-a-las-17.33.23_a243d8d8.jpg\" \/>\n\t<meta property=\"og:image:width\" content=\"531\" \/>\n\t<meta property=\"og:image:height\" content=\"402\" \/>\n\t<meta property=\"og:image:type\" content=\"image\/jpeg\" \/>\n<meta name=\"author\" content=\"Diario del Sur Digital\" \/>\n<meta name=\"twitter:card\" content=\"summary_large_image\" \/>\n<meta name=\"twitter:label1\" content=\"Escrito por\" \/>\n\t<meta name=\"twitter:data1\" content=\"Diario del Sur Digital\" \/>\n\t<meta name=\"twitter:label2\" content=\"Tiempo de lectura\" \/>\n\t<meta name=\"twitter:data2\" content=\"2 minutos\" \/>\n<script type=\"application\/ld+json\" class=\"yoast-schema-graph\">{\"@context\":\"https:\\\/\\\/schema.org\",\"@graph\":[{\"@type\":\"Article\",\"@id\":\"https:\\\/\\\/diariodelsurdigital.com.ar\\\/?p=5210#article\",\"isPartOf\":{\"@id\":\"https:\\\/\\\/diariodelsurdigital.com.ar\\\/?p=5210\"},\"author\":{\"name\":\"Diario del Sur Digital\",\"@id\":\"https:\\\/\\\/diariodelsurdigital.com.ar\\\/#\\\/schema\\\/person\\\/6136a32571657f7dba980b88b04c5465\"},\"headline\":\"Jorge \u00abKinoto\u00bb V\u00e1zquez critic\u00f3 \u00aba los que se fueron de las estructuras partidarias\u00bb\",\"datePublished\":\"2025-10-18T20:39:48+00:00\",\"dateModified\":\"2025-10-18T23:25:55+00:00\",\"mainEntityOfPage\":{\"@id\":\"https:\\\/\\\/diariodelsurdigital.com.ar\\\/?p=5210\"},\"wordCount\":307,\"commentCount\":0,\"image\":{\"@id\":\"https:\\\/\\\/diariodelsurdigital.com.ar\\\/?p=5210#primaryimage\"},\"thumbnailUrl\":\"https:\\\/\\\/diariodelsurdigital.com.ar\\\/wp-content\\\/uploads\\\/2025\\\/10\\\/Imagen-de-WhatsApp-2025-10-18-a-las-17.33.23_a243d8d8.jpg\",\"articleSection\":[\"Pol\u00edtica\"],\"inLanguage\":\"es\",\"potentialAction\":[{\"@type\":\"CommentAction\",\"name\":\"Comment\",\"target\":[\"https:\\\/\\\/diariodelsurdigital.com.ar\\\/?p=5210#respond\"]}]},{\"@type\":\"WebPage\",\"@id\":\"https:\\\/\\\/diariodelsurdigital.com.ar\\\/?p=5210\",\"url\":\"https:\\\/\\\/diariodelsurdigital.com.ar\\\/?p=5210\",\"name\":\"Jorge \\\"Kinoto\\\" V\u00e1zquez critic\u00f3 \\\"a los que se fueron de las estructuras partidarias\\\" - Diario del Sur\",\"isPartOf\":{\"@id\":\"https:\\\/\\\/diariodelsurdigital.com.ar\\\/#website\"},\"primaryImageOfPage\":{\"@id\":\"https:\\\/\\\/diariodelsurdigital.com.ar\\\/?p=5210#primaryimage\"},\"image\":{\"@id\":\"https:\\\/\\\/diariodelsurdigital.com.ar\\\/?p=5210#primaryimage\"},\"thumbnailUrl\":\"https:\\\/\\\/diariodelsurdigital.com.ar\\\/wp-content\\\/uploads\\\/2025\\\/10\\\/Imagen-de-WhatsApp-2025-10-18-a-las-17.33.23_a243d8d8.jpg\",\"datePublished\":\"2025-10-18T20:39:48+00:00\",\"dateModified\":\"2025-10-18T23:25:55+00:00\",\"author\":{\"@id\":\"https:\\\/\\\/diariodelsurdigital.com.ar\\\/#\\\/schema\\\/person\\\/6136a32571657f7dba980b88b04c5465\"},\"breadcrumb\":{\"@id\":\"https:\\\/\\\/diariodelsurdigital.com.ar\\\/?p=5210#breadcrumb\"},\"inLanguage\":\"es\",\"potentialAction\":[{\"@type\":\"ReadAction\",\"target\":[\"https:\\\/\\\/diariodelsurdigital.com.ar\\\/?p=5210\"]}]},{\"@type\":\"ImageObject\",\"inLanguage\":\"es\",\"@id\":\"https:\\\/\\\/diariodelsurdigital.com.ar\\\/?p=5210#primaryimage\",\"url\":\"https:\\\/\\\/diariodelsurdigital.com.ar\\\/wp-content\\\/uploads\\\/2025\\\/10\\\/Imagen-de-WhatsApp-2025-10-18-a-las-17.33.23_a243d8d8.jpg\",\"contentUrl\":\"https:\\\/\\\/diariodelsurdigital.com.ar\\\/wp-content\\\/uploads\\\/2025\\\/10\\\/Imagen-de-WhatsApp-2025-10-18-a-las-17.33.23_a243d8d8.jpg\",\"width\":531,\"height\":402},{\"@type\":\"BreadcrumbList\",\"@id\":\"https:\\\/\\\/diariodelsurdigital.com.ar\\\/?p=5210#breadcrumb\",\"itemListElement\":[{\"@type\":\"ListItem\",\"position\":1,\"name\":\"Portada\",\"item\":\"https:\\\/\\\/diariodelsurdigital.com.ar\\\/\"},{\"@type\":\"ListItem\",\"position\":2,\"name\":\"Jorge \u00abKinoto\u00bb V\u00e1zquez critic\u00f3 \u00aba los que se fueron de las estructuras partidarias\u00bb\"}]},{\"@type\":\"WebSite\",\"@id\":\"https:\\\/\\\/diariodelsurdigital.com.ar\\\/#website\",\"url\":\"https:\\\/\\\/diariodelsurdigital.com.ar\\\/\",\"name\":\"Diario del Sur\",\"description\":\"Digital\",\"potentialAction\":[{\"@type\":\"SearchAction\",\"target\":{\"@type\":\"EntryPoint\",\"urlTemplate\":\"https:\\\/\\\/diariodelsurdigital.com.ar\\\/?s={search_term_string}\"},\"query-input\":{\"@type\":\"PropertyValueSpecification\",\"valueRequired\":true,\"valueName\":\"search_term_string\"}}],\"inLanguage\":\"es\"},{\"@type\":\"Person\",\"@id\":\"https:\\\/\\\/diariodelsurdigital.com.ar\\\/#\\\/schema\\\/person\\\/6136a32571657f7dba980b88b04c5465\",\"name\":\"Diario del Sur Digital\",\"image\":{\"@type\":\"ImageObject\",\"inLanguage\":\"es\",\"@id\":\"https:\\\/\\\/secure.gravatar.com\\\/avatar\\\/4c29ceac98541dd42460b2474aaa5dd37594d6ce6cb3cf2c101d09b48ee287ba?s=96&d=mm&r=g\",\"url\":\"https:\\\/\\\/secure.gravatar.com\\\/avatar\\\/4c29ceac98541dd42460b2474aaa5dd37594d6ce6cb3cf2c101d09b48ee287ba?s=96&d=mm&r=g\",\"contentUrl\":\"https:\\\/\\\/secure.gravatar.com\\\/avatar\\\/4c29ceac98541dd42460b2474aaa5dd37594d6ce6cb3cf2c101d09b48ee287ba?s=96&d=mm&r=g\",\"caption\":\"Diario del Sur Digital\"},\"url\":\"https:\\\/\\\/diariodelsurdigital.com.ar\\\/?author=2\"}]}<\/script>\n<!-- \/ Yoast SEO plugin. -->","yoast_head_json":{"title":"Jorge \"Kinoto\" V\u00e1zquez critic\u00f3 \"a los que se fueron de las estructuras partidarias\" - Diario del Sur","robots":{"index":"index","follow":"follow","max-snippet":"max-snippet:-1","max-image-preview":"max-image-preview:large","max-video-preview":"max-video-preview:-1"},"canonical":"https:\/\/diariodelsurdigital.com.ar\/?p=5210","og_locale":"es_ES","og_type":"article","og_title":"Jorge \"Kinoto\" V\u00e1zquez critic\u00f3 \"a los que se fueron de las estructuras partidarias\" - Diario del Sur","og_description":"Sacando pecho y a los gritos con bombos de por medio, el presidente del Partido Justicialista de Paran\u00e1, Jorge Kinoto V\u00e1zquez, secundado por la intendente, Rosario Romero y la siempre vigente Blanca Osuna, se refiri\u00f3 a la fecha hist\u00f3rica del movimiento. V\u00e1zquez se\u00f1al\u00f3 que \u00abEl 17 de octubre de 1945 es una fecha bisagra en [&hellip;]","og_url":"https:\/\/diariodelsurdigital.com.ar\/?p=5210","og_site_name":"Diario del Sur","article_published_time":"2025-10-18T20:39:48+00:00","article_modified_time":"2025-10-18T23:25:55+00:00","og_image":[{"width":531,"height":402,"url":"https:\/\/diariodelsurdigital.com.ar\/wp-content\/uploads\/2025\/10\/Imagen-de-WhatsApp-2025-10-18-a-las-17.33.23_a243d8d8.jpg","type":"image\/jpeg"}],"author":"Diario del Sur Digital","twitter_card":"summary_large_image","twitter_misc":{"Escrito por":"Diario del Sur Digital","Tiempo de lectura":"2 minutos"},"schema":{"@context":"https:\/\/schema.org","@graph":[{"@type":"Article","@id":"https:\/\/diariodelsurdigital.com.ar\/?p=5210#article","isPartOf":{"@id":"https:\/\/diariodelsurdigital.com.ar\/?p=5210"},"author":{"name":"Diario del Sur Digital","@id":"https:\/\/diariodelsurdigital.com.ar\/#\/schema\/person\/6136a32571657f7dba980b88b04c5465"},"headline":"Jorge \u00abKinoto\u00bb V\u00e1zquez critic\u00f3 \u00aba los que se fueron de las estructuras partidarias\u00bb","datePublished":"2025-10-18T20:39:48+00:00","dateModified":"2025-10-18T23:25:55+00:00","mainEntityOfPage":{"@id":"https:\/\/diariodelsurdigital.com.ar\/?p=5210"},"wordCount":307,"commentCount":0,"image":{"@id":"https:\/\/diariodelsurdigital.com.ar\/?p=5210#primaryimage"},"thumbnailUrl":"https:\/\/diariodelsurdigital.com.ar\/wp-content\/uploads\/2025\/10\/Imagen-de-WhatsApp-2025-10-18-a-las-17.33.23_a243d8d8.jpg","articleSection":["Pol\u00edtica"],"inLanguage":"es","potentialAction":[{"@type":"CommentAction","name":"Comment","target":["https:\/\/diariodelsurdigital.com.ar\/?p=5210#respond"]}]},{"@type":"WebPage","@id":"https:\/\/diariodelsurdigital.com.ar\/?p=5210","url":"https:\/\/diariodelsurdigital.com.ar\/?p=5210","name":"Jorge \"Kinoto\" V\u00e1zquez critic\u00f3 \"a los que se fueron de las estructuras partidarias\" - Diario del Sur","isPartOf":{"@id":"https:\/\/diariodelsurdigital.com.ar\/#website"},"primaryImageOfPage":{"@id":"https:\/\/diariodelsurdigital.com.ar\/?p=5210#primaryimage"},"image":{"@id":"https:\/\/diariodelsurdigital.com.ar\/?p=5210#primaryimage"},"thumbnailUrl":"https:\/\/diariodelsurdigital.com.ar\/wp-content\/uploads\/2025\/10\/Imagen-de-WhatsApp-2025-10-18-a-las-17.33.23_a243d8d8.jpg","datePublished":"2025-10-18T20:39:48+00:00","dateModified":"2025-10-18T23:25:55+00:00","author":{"@id":"https:\/\/diariodelsurdigital.com.ar\/#\/schema\/person\/6136a32571657f7dba980b88b04c5465"},"breadcrumb":{"@id":"https:\/\/diariodelsurdigital.com.ar\/?p=5210#breadcrumb"},"inLanguage":"es","potentialAction":[{"@type":"ReadAction","target":["https:\/\/diariodelsurdigital.com.ar\/?p=5210"]}]},{"@type":"ImageObject","inLanguage":"es","@id":"https:\/\/diariodelsurdigital.com.ar\/?p=5210#primaryimage","url":"https:\/\/diariodelsurdigital.com.ar\/wp-content\/uploads\/2025\/10\/Imagen-de-WhatsApp-2025-10-18-a-las-17.33.23_a243d8d8.jpg","contentUrl":"https:\/\/diariodelsurdigital.com.ar\/wp-content\/uploads\/2025\/10\/Imagen-de-WhatsApp-2025-10-18-a-las-17.33.23_a243d8d8.jpg","width":531,"height":402},{"@type":"BreadcrumbList","@id":"https:\/\/diariodelsurdigital.com.ar\/?p=5210#breadcrumb","itemListElement":[{"@type":"ListItem","position":1,"name":"Portada","item":"https:\/\/diariodelsurdigital.com.ar\/"},{"@type":"ListItem","position":2,"name":"Jorge \u00abKinoto\u00bb V\u00e1zquez critic\u00f3 \u00aba los que se fueron de las estructuras partidarias\u00bb"}]},{"@type":"WebSite","@id":"https:\/\/diariodelsurdigital.com.ar\/#website","url":"https:\/\/diariodelsurdigital.com.ar\/","name":"Diario del Sur","description":"Digital","potentialAction":[{"@type":"SearchAction","target":{"@type":"EntryPoint","urlTemplate":"https:\/\/diariodelsurdigital.com.ar\/?s={search_term_string}"},"query-input":{"@type":"PropertyValueSpecification","valueRequired":true,"valueName":"search_term_string"}}],"inLanguage":"es"},{"@type":"Person","@id":"https:\/\/diariodelsurdigital.com.ar\/#\/schema\/person\/6136a32571657f7dba980b88b04c5465","name":"Diario del Sur Digital","image":{"@type":"ImageObject","inLanguage":"es","@id":"https:\/\/secure.gravatar.com\/avatar\/4c29ceac98541dd42460b2474aaa5dd37594d6ce6cb3cf2c101d09b48ee287ba?s=96&d=mm&r=g","url":"https:\/\/secure.gravatar.com\/avatar\/4c29ceac98541dd42460b2474aaa5dd37594d6ce6cb3cf2c101d09b48ee287ba?s=96&d=mm&r=g","contentUrl":"https:\/\/secure.gravatar.com\/avatar\/4c29ceac98541dd42460b2474aaa5dd37594d6ce6cb3cf2c101d09b48ee287ba?s=96&d=mm&r=g","caption":"Diario del Sur Digital"},"url":"https:\/\/diariodelsurdigital.com.ar\/?author=2"}]}},"_links":{"self":[{"href":"https:\/\/diariodelsurdigital.com.ar\/index.php?rest_route=\/wp\/v2\/posts\/5210","targetHints":{"allow":["GET"]}}],"collection":[{"href":"https:\/\/diariodelsurdigital.com.ar\/index.php?rest_route=\/wp\/v2\/posts"}],"about":[{"href":"https:\/\/diariodelsurdigital.com.ar\/index.php?rest_route=\/wp\/v2\/types\/post"}],"author":[{"embeddable":true,"href":"https:\/\/diariodelsurdigital.com.ar\/index.php?rest_route=\/wp\/v2\/users\/2"}],"replies":[{"embeddable":true,"href":"https:\/\/diariodelsurdigital.com.ar\/index.php?rest_route=%2Fwp%2Fv2%2Fcomments&post=5210"}],"version-history":[{"count":4,"href":"https:\/\/diariodelsurdigital.com.ar\/index.php?rest_route=\/wp\/v2\/posts\/5210\/revisions"}],"predecessor-version":[{"id":5216,"href":"https:\/\/diariodelsurdigital.com.ar\/index.php?rest_route=\/wp\/v2\/posts\/5210\/revisions\/5216"}],"wp:featuredmedia":[{"embeddable":true,"href":"https:\/\/diariodelsurdigital.com.ar\/index.php?rest_route=\/wp\/v2\/media\/5211"}],"wp:attachment":[{"href":"https:\/\/diariodelsurdigital.com.ar\/index.php?rest_route=%2Fwp%2Fv2%2Fmedia&parent=5210"}],"wp:term":[{"taxonomy":"category","embeddable":true,"href":"https:\/\/diariodelsurdigital.com.ar\/index.php?rest_route=%2Fwp%2Fv2%2Fcategories&post=5210"},{"taxonomy":"post_tag","embeddable":true,"href":"https:\/\/diariodelsurdigital.com.ar\/index.php?rest_route=%2Fwp%2Fv2%2Ftags&post=5210"}],"curies":[{"name":"wp","href":"https:\/\/api.w.org\/{rel}","templated":true}]}}