{"id":5218,"date":"2025-10-19T20:59:34","date_gmt":"2025-10-19T23:59:34","guid":{"rendered":"https:\/\/diariodelsurdigital.com.ar\/?p=5218"},"modified":"2025-10-19T20:59:34","modified_gmt":"2025-10-19T23:59:34","slug":"mataron-a-joven-de-16-anos-de-un-balazo-en-la-cabeza-en-una-pelea-entre-grupos-en-una-fiesta-el-autor-del-disparo-fue-apunalado","status":"publish","type":"post","link":"https:\/\/diariodelsurdigital.com.ar\/?p=5218","title":{"rendered":"Mataron a joven de 16 a\u00f1os de un balazo en la cabeza en una pelea entre grupos en una fiesta. El autor del disparo fue apu\u00f1alado"},"content":{"rendered":"\n<figure class=\"wp-block-image\"><img decoding=\"async\" src=\"https:\/\/media.elentrerios.com\/fotos-v2\/2025\/10\/19\/l_1760886866.jpg\" alt=\"Foto: Gentileza Reporte 100.7\" title=\"Foto: Gentileza Reporte 100.7\"\/><\/figure>\n\n\n\n<p>Una adolescente de 16 a\u00f1os falleci\u00f3 este domingo a la madrugada en Paran\u00e1, tras recibir un balazo en la cabeza, en el marco de una pelea entre dos grupos que participaban de una fiesta en la zona de Bajada Grande. Luego, el autor de este disparo fue apu\u00f1alado, lo dejaron tirado en una zanja de la zona en grave estado y se encuentra internado en el hospital San Mart\u00edn.<\/p>\n\n\n\n<p>Seg\u00fan se inform\u00f3 a AN\u00c1LISIS, el hecho de violencia se registr\u00f3 alrededor de las 5 de este domingo en inmediaciones de calle Croacia. Al parecer, all\u00ed se desarrollaba una fiesta y, en un momento, hubo un entredicho y comenz\u00f3 una pelea entre dos grupos. El integrante de uno de estos bandos sac\u00f3 un arma de fuego y comenz\u00f3 a disparar contra los rivales. Un proyectil impact\u00f3 en la cabeza de la menor de edad que se encontraba en el lugar.<\/p>\n\n\n\n<p>Se trataba de Jazmin Ayesha Gonz\u00e1lez, de 16 a\u00f1os, quien fue asistida y trasladada en una ambulancia al hospital. Prestaba una herida de arma de fuego en la sien, la sedaron e intubaron, pero no pudieron hacer nada m\u00e1s. La chica falleci\u00f3 unos minutos despu\u00e9s.<\/p>\n\n\n\n<p>El autor del disparo fue identificado por los allegados a la v\u00edctima quienes decidieron ir a ajusticiarlo. Lo atacaron con armas blancas y recibi\u00f3 dos pu\u00f1aladas en la zona abdominal y otra que le produjo un corte en el cr\u00e1neo.<\/p>\n\n\n\n<p>Se llama Yamil Alexander Jos\u00e9 Cabrera, tiene 20 a\u00f1os y fue trasladado inconsciente al nosocomio, donde se encontraba en observaci\u00f3n.<\/p>\n\n\n\n<p>El personal policial de la Divisi\u00f3n Homicidios se encuentra investigando el suceso, y la Polic\u00eda Cient\u00edfica relev\u00f3 indicios en el lugar, bajo indicaciones de la Fiscal\u00eda.<\/p>\n\n\n\n<p>Fuente: El Entre Rios<\/p>\n","protected":false},"excerpt":{"rendered":"<p>Una adolescente de 16 a\u00f1os falleci\u00f3 este domingo a la madrugada en Paran\u00e1, tras recibir un balazo en la cabeza, en el marco de una pelea entre dos grupos que participaban de una fiesta en la zona de Bajada Grande. Luego, el autor de este disparo fue apu\u00f1alado, lo dejaron tirado en una zanja de [&hellip;]<\/p>\n","protected":false},"author":3,"featured_media":5220,"comment_status":"open","ping_status":"open","sticky":false,"template":"","format":"standard","meta":{"footnotes":""},"categories":[21],"tags":[],"class_list":{"0":"post-5218","1":"post","2":"type-post","3":"status-publish","4":"format-standard","5":"has-post-thumbnail","7":"category-policiales"},"yoast_head":"<!-- This site is optimized with the Yoast SEO plugin v27.4 - https:\/\/yoast.com\/product\/yoast-seo-wordpress\/ -->\n<title>Mataron a joven de 16 a\u00f1os de un balazo en la cabeza en una pelea entre grupos en una fiesta. El autor del disparo fue apu\u00f1alado - Diario del Sur<\/title>\n<meta name=\"robots\" content=\"index, follow, max-snippet:-1, max-image-preview:large, max-video-preview:-1\" \/>\n<link rel=\"canonical\" href=\"https:\/\/diariodelsurdigital.com.ar\/?p=5218\" \/>\n<meta property=\"og:locale\" content=\"es_ES\" \/>\n<meta property=\"og:type\" content=\"article\" \/>\n<meta property=\"og:title\" content=\"Mataron a joven de 16 a\u00f1os de un balazo en la cabeza en una pelea entre grupos en una fiesta. El autor del disparo fue apu\u00f1alado - Diario del Sur\" \/>\n<meta property=\"og:description\" content=\"Una adolescente de 16 a\u00f1os falleci\u00f3 este domingo a la madrugada en Paran\u00e1, tras recibir un balazo en la cabeza, en el marco de una pelea entre dos grupos que participaban de una fiesta en la zona de Bajada Grande. Luego, el autor de este disparo fue apu\u00f1alado, lo dejaron tirado en una zanja de [&hellip;]\" \/>\n<meta property=\"og:url\" content=\"https:\/\/diariodelsurdigital.com.ar\/?p=5218\" \/>\n<meta property=\"og:site_name\" content=\"Diario del Sur\" \/>\n<meta property=\"article:published_time\" content=\"2025-10-19T23:59:34+00:00\" \/>\n<meta property=\"og:image\" content=\"https:\/\/diariodelsurdigital.com.ar\/wp-content\/uploads\/2025\/10\/l_1760886866.jpg\" \/>\n\t<meta property=\"og:image:width\" content=\"870\" \/>\n\t<meta property=\"og:image:height\" content=\"580\" \/>\n\t<meta property=\"og:image:type\" content=\"image\/jpeg\" \/>\n<meta name=\"author\" content=\"Diario del Sur Digital\" \/>\n<meta name=\"twitter:card\" content=\"summary_large_image\" \/>\n<meta name=\"twitter:label1\" content=\"Escrito por\" \/>\n\t<meta name=\"twitter:data1\" content=\"Diario del Sur Digital\" \/>\n\t<meta name=\"twitter:label2\" content=\"Tiempo de lectura\" \/>\n\t<meta name=\"twitter:data2\" content=\"2 minutos\" \/>\n<script type=\"application\/ld+json\" class=\"yoast-schema-graph\">{\"@context\":\"https:\\\/\\\/schema.org\",\"@graph\":[{\"@type\":\"Article\",\"@id\":\"https:\\\/\\\/diariodelsurdigital.com.ar\\\/?p=5218#article\",\"isPartOf\":{\"@id\":\"https:\\\/\\\/diariodelsurdigital.com.ar\\\/?p=5218\"},\"author\":{\"name\":\"Diario del Sur Digital\",\"@id\":\"https:\\\/\\\/diariodelsurdigital.com.ar\\\/#\\\/schema\\\/person\\\/d794acb23337e88c6e4004a39c32be62\"},\"headline\":\"Mataron a joven de 16 a\u00f1os de un balazo en la cabeza en una pelea entre grupos en una fiesta. El autor del disparo fue apu\u00f1alado\",\"datePublished\":\"2025-10-19T23:59:34+00:00\",\"mainEntityOfPage\":{\"@id\":\"https:\\\/\\\/diariodelsurdigital.com.ar\\\/?p=5218\"},\"wordCount\":325,\"commentCount\":0,\"image\":{\"@id\":\"https:\\\/\\\/diariodelsurdigital.com.ar\\\/?p=5218#primaryimage\"},\"thumbnailUrl\":\"https:\\\/\\\/diariodelsurdigital.com.ar\\\/wp-content\\\/uploads\\\/2025\\\/10\\\/l_1760886866.jpg\",\"articleSection\":[\"Policiales\"],\"inLanguage\":\"es\",\"potentialAction\":[{\"@type\":\"CommentAction\",\"name\":\"Comment\",\"target\":[\"https:\\\/\\\/diariodelsurdigital.com.ar\\\/?p=5218#respond\"]}]},{\"@type\":\"WebPage\",\"@id\":\"https:\\\/\\\/diariodelsurdigital.com.ar\\\/?p=5218\",\"url\":\"https:\\\/\\\/diariodelsurdigital.com.ar\\\/?p=5218\",\"name\":\"Mataron a joven de 16 a\u00f1os de un balazo en la cabeza en una pelea entre grupos en una fiesta. El autor del disparo fue apu\u00f1alado - Diario del Sur\",\"isPartOf\":{\"@id\":\"https:\\\/\\\/diariodelsurdigital.com.ar\\\/#website\"},\"primaryImageOfPage\":{\"@id\":\"https:\\\/\\\/diariodelsurdigital.com.ar\\\/?p=5218#primaryimage\"},\"image\":{\"@id\":\"https:\\\/\\\/diariodelsurdigital.com.ar\\\/?p=5218#primaryimage\"},\"thumbnailUrl\":\"https:\\\/\\\/diariodelsurdigital.com.ar\\\/wp-content\\\/uploads\\\/2025\\\/10\\\/l_1760886866.jpg\",\"datePublished\":\"2025-10-19T23:59:34+00:00\",\"author\":{\"@id\":\"https:\\\/\\\/diariodelsurdigital.com.ar\\\/#\\\/schema\\\/person\\\/d794acb23337e88c6e4004a39c32be62\"},\"breadcrumb\":{\"@id\":\"https:\\\/\\\/diariodelsurdigital.com.ar\\\/?p=5218#breadcrumb\"},\"inLanguage\":\"es\",\"potentialAction\":[{\"@type\":\"ReadAction\",\"target\":[\"https:\\\/\\\/diariodelsurdigital.com.ar\\\/?p=5218\"]}]},{\"@type\":\"ImageObject\",\"inLanguage\":\"es\",\"@id\":\"https:\\\/\\\/diariodelsurdigital.com.ar\\\/?p=5218#primaryimage\",\"url\":\"https:\\\/\\\/diariodelsurdigital.com.ar\\\/wp-content\\\/uploads\\\/2025\\\/10\\\/l_1760886866.jpg\",\"contentUrl\":\"https:\\\/\\\/diariodelsurdigital.com.ar\\\/wp-content\\\/uploads\\\/2025\\\/10\\\/l_1760886866.jpg\",\"width\":870,\"height\":580},{\"@type\":\"BreadcrumbList\",\"@id\":\"https:\\\/\\\/diariodelsurdigital.com.ar\\\/?p=5218#breadcrumb\",\"itemListElement\":[{\"@type\":\"ListItem\",\"position\":1,\"name\":\"Portada\",\"item\":\"https:\\\/\\\/diariodelsurdigital.com.ar\\\/\"},{\"@type\":\"ListItem\",\"position\":2,\"name\":\"Mataron a joven de 16 a\u00f1os de un balazo en la cabeza en una pelea entre grupos en una fiesta. El autor del disparo fue apu\u00f1alado\"}]},{\"@type\":\"WebSite\",\"@id\":\"https:\\\/\\\/diariodelsurdigital.com.ar\\\/#website\",\"url\":\"https:\\\/\\\/diariodelsurdigital.com.ar\\\/\",\"name\":\"Diario del Sur\",\"description\":\"Digital\",\"potentialAction\":[{\"@type\":\"SearchAction\",\"target\":{\"@type\":\"EntryPoint\",\"urlTemplate\":\"https:\\\/\\\/diariodelsurdigital.com.ar\\\/?s={search_term_string}\"},\"query-input\":{\"@type\":\"PropertyValueSpecification\",\"valueRequired\":true,\"valueName\":\"search_term_string\"}}],\"inLanguage\":\"es\"},{\"@type\":\"Person\",\"@id\":\"https:\\\/\\\/diariodelsurdigital.com.ar\\\/#\\\/schema\\\/person\\\/d794acb23337e88c6e4004a39c32be62\",\"name\":\"Diario del Sur Digital\",\"image\":{\"@type\":\"ImageObject\",\"inLanguage\":\"es\",\"@id\":\"https:\\\/\\\/secure.gravatar.com\\\/avatar\\\/47679bcfa15734cfdefc176b6ad58adeeccac22b2e03e095ada6c622af2b463a?s=96&d=mm&r=g\",\"url\":\"https:\\\/\\\/secure.gravatar.com\\\/avatar\\\/47679bcfa15734cfdefc176b6ad58adeeccac22b2e03e095ada6c622af2b463a?s=96&d=mm&r=g\",\"contentUrl\":\"https:\\\/\\\/secure.gravatar.com\\\/avatar\\\/47679bcfa15734cfdefc176b6ad58adeeccac22b2e03e095ada6c622af2b463a?s=96&d=mm&r=g\",\"caption\":\"Diario del Sur Digital\"},\"url\":\"https:\\\/\\\/diariodelsurdigital.com.ar\\\/?author=3\"}]}<\/script>\n<!-- \/ Yoast SEO plugin. -->","yoast_head_json":{"title":"Mataron a joven de 16 a\u00f1os de un balazo en la cabeza en una pelea entre grupos en una fiesta. El autor del disparo fue apu\u00f1alado - Diario del Sur","robots":{"index":"index","follow":"follow","max-snippet":"max-snippet:-1","max-image-preview":"max-image-preview:large","max-video-preview":"max-video-preview:-1"},"canonical":"https:\/\/diariodelsurdigital.com.ar\/?p=5218","og_locale":"es_ES","og_type":"article","og_title":"Mataron a joven de 16 a\u00f1os de un balazo en la cabeza en una pelea entre grupos en una fiesta. El autor del disparo fue apu\u00f1alado - Diario del Sur","og_description":"Una adolescente de 16 a\u00f1os falleci\u00f3 este domingo a la madrugada en Paran\u00e1, tras recibir un balazo en la cabeza, en el marco de una pelea entre dos grupos que participaban de una fiesta en la zona de Bajada Grande. Luego, el autor de este disparo fue apu\u00f1alado, lo dejaron tirado en una zanja de [&hellip;]","og_url":"https:\/\/diariodelsurdigital.com.ar\/?p=5218","og_site_name":"Diario del Sur","article_published_time":"2025-10-19T23:59:34+00:00","og_image":[{"width":870,"height":580,"url":"https:\/\/diariodelsurdigital.com.ar\/wp-content\/uploads\/2025\/10\/l_1760886866.jpg","type":"image\/jpeg"}],"author":"Diario del Sur Digital","twitter_card":"summary_large_image","twitter_misc":{"Escrito por":"Diario del Sur Digital","Tiempo de lectura":"2 minutos"},"schema":{"@context":"https:\/\/schema.org","@graph":[{"@type":"Article","@id":"https:\/\/diariodelsurdigital.com.ar\/?p=5218#article","isPartOf":{"@id":"https:\/\/diariodelsurdigital.com.ar\/?p=5218"},"author":{"name":"Diario del Sur Digital","@id":"https:\/\/diariodelsurdigital.com.ar\/#\/schema\/person\/d794acb23337e88c6e4004a39c32be62"},"headline":"Mataron a joven de 16 a\u00f1os de un balazo en la cabeza en una pelea entre grupos en una fiesta. El autor del disparo fue apu\u00f1alado","datePublished":"2025-10-19T23:59:34+00:00","mainEntityOfPage":{"@id":"https:\/\/diariodelsurdigital.com.ar\/?p=5218"},"wordCount":325,"commentCount":0,"image":{"@id":"https:\/\/diariodelsurdigital.com.ar\/?p=5218#primaryimage"},"thumbnailUrl":"https:\/\/diariodelsurdigital.com.ar\/wp-content\/uploads\/2025\/10\/l_1760886866.jpg","articleSection":["Policiales"],"inLanguage":"es","potentialAction":[{"@type":"CommentAction","name":"Comment","target":["https:\/\/diariodelsurdigital.com.ar\/?p=5218#respond"]}]},{"@type":"WebPage","@id":"https:\/\/diariodelsurdigital.com.ar\/?p=5218","url":"https:\/\/diariodelsurdigital.com.ar\/?p=5218","name":"Mataron a joven de 16 a\u00f1os de un balazo en la cabeza en una pelea entre grupos en una fiesta. El autor del disparo fue apu\u00f1alado - Diario del Sur","isPartOf":{"@id":"https:\/\/diariodelsurdigital.com.ar\/#website"},"primaryImageOfPage":{"@id":"https:\/\/diariodelsurdigital.com.ar\/?p=5218#primaryimage"},"image":{"@id":"https:\/\/diariodelsurdigital.com.ar\/?p=5218#primaryimage"},"thumbnailUrl":"https:\/\/diariodelsurdigital.com.ar\/wp-content\/uploads\/2025\/10\/l_1760886866.jpg","datePublished":"2025-10-19T23:59:34+00:00","author":{"@id":"https:\/\/diariodelsurdigital.com.ar\/#\/schema\/person\/d794acb23337e88c6e4004a39c32be62"},"breadcrumb":{"@id":"https:\/\/diariodelsurdigital.com.ar\/?p=5218#breadcrumb"},"inLanguage":"es","potentialAction":[{"@type":"ReadAction","target":["https:\/\/diariodelsurdigital.com.ar\/?p=5218"]}]},{"@type":"ImageObject","inLanguage":"es","@id":"https:\/\/diariodelsurdigital.com.ar\/?p=5218#primaryimage","url":"https:\/\/diariodelsurdigital.com.ar\/wp-content\/uploads\/2025\/10\/l_1760886866.jpg","contentUrl":"https:\/\/diariodelsurdigital.com.ar\/wp-content\/uploads\/2025\/10\/l_1760886866.jpg","width":870,"height":580},{"@type":"BreadcrumbList","@id":"https:\/\/diariodelsurdigital.com.ar\/?p=5218#breadcrumb","itemListElement":[{"@type":"ListItem","position":1,"name":"Portada","item":"https:\/\/diariodelsurdigital.com.ar\/"},{"@type":"ListItem","position":2,"name":"Mataron a joven de 16 a\u00f1os de un balazo en la cabeza en una pelea entre grupos en una fiesta. El autor del disparo fue apu\u00f1alado"}]},{"@type":"WebSite","@id":"https:\/\/diariodelsurdigital.com.ar\/#website","url":"https:\/\/diariodelsurdigital.com.ar\/","name":"Diario del Sur","description":"Digital","potentialAction":[{"@type":"SearchAction","target":{"@type":"EntryPoint","urlTemplate":"https:\/\/diariodelsurdigital.com.ar\/?s={search_term_string}"},"query-input":{"@type":"PropertyValueSpecification","valueRequired":true,"valueName":"search_term_string"}}],"inLanguage":"es"},{"@type":"Person","@id":"https:\/\/diariodelsurdigital.com.ar\/#\/schema\/person\/d794acb23337e88c6e4004a39c32be62","name":"Diario del Sur Digital","image":{"@type":"ImageObject","inLanguage":"es","@id":"https:\/\/secure.gravatar.com\/avatar\/47679bcfa15734cfdefc176b6ad58adeeccac22b2e03e095ada6c622af2b463a?s=96&d=mm&r=g","url":"https:\/\/secure.gravatar.com\/avatar\/47679bcfa15734cfdefc176b6ad58adeeccac22b2e03e095ada6c622af2b463a?s=96&d=mm&r=g","contentUrl":"https:\/\/secure.gravatar.com\/avatar\/47679bcfa15734cfdefc176b6ad58adeeccac22b2e03e095ada6c622af2b463a?s=96&d=mm&r=g","caption":"Diario del Sur Digital"},"url":"https:\/\/diariodelsurdigital.com.ar\/?author=3"}]}},"_links":{"self":[{"href":"https:\/\/diariodelsurdigital.com.ar\/index.php?rest_route=\/wp\/v2\/posts\/5218","targetHints":{"allow":["GET"]}}],"collection":[{"href":"https:\/\/diariodelsurdigital.com.ar\/index.php?rest_route=\/wp\/v2\/posts"}],"about":[{"href":"https:\/\/diariodelsurdigital.com.ar\/index.php?rest_route=\/wp\/v2\/types\/post"}],"author":[{"embeddable":true,"href":"https:\/\/diariodelsurdigital.com.ar\/index.php?rest_route=\/wp\/v2\/users\/3"}],"replies":[{"embeddable":true,"href":"https:\/\/diariodelsurdigital.com.ar\/index.php?rest_route=%2Fwp%2Fv2%2Fcomments&post=5218"}],"version-history":[{"count":1,"href":"https:\/\/diariodelsurdigital.com.ar\/index.php?rest_route=\/wp\/v2\/posts\/5218\/revisions"}],"predecessor-version":[{"id":5221,"href":"https:\/\/diariodelsurdigital.com.ar\/index.php?rest_route=\/wp\/v2\/posts\/5218\/revisions\/5221"}],"wp:featuredmedia":[{"embeddable":true,"href":"https:\/\/diariodelsurdigital.com.ar\/index.php?rest_route=\/wp\/v2\/media\/5220"}],"wp:attachment":[{"href":"https:\/\/diariodelsurdigital.com.ar\/index.php?rest_route=%2Fwp%2Fv2%2Fmedia&parent=5218"}],"wp:term":[{"taxonomy":"category","embeddable":true,"href":"https:\/\/diariodelsurdigital.com.ar\/index.php?rest_route=%2Fwp%2Fv2%2Fcategories&post=5218"},{"taxonomy":"post_tag","embeddable":true,"href":"https:\/\/diariodelsurdigital.com.ar\/index.php?rest_route=%2Fwp%2Fv2%2Ftags&post=5218"}],"curies":[{"name":"wp","href":"https:\/\/api.w.org\/{rel}","templated":true}]}}