{"id":5219,"date":"2025-10-19T21:04:30","date_gmt":"2025-10-20T00:04:30","guid":{"rendered":"https:\/\/diariodelsurdigital.com.ar\/?p=5219"},"modified":"2025-10-19T21:04:31","modified_gmt":"2025-10-20T00:04:31","slug":"cuando-comienza-la-veda-electoral-y-algunas-restricciones","status":"publish","type":"post","link":"https:\/\/diariodelsurdigital.com.ar\/?p=5219","title":{"rendered":"Cuando comienza la veda electoral y algunas restricciones"},"content":{"rendered":"\n<h4 class=\"wp-block-heading\">La cuenta regresiva hacia las elecciones generales comenz\u00f3. El viernes 24 de octubre inicia la veda electoral, que pone fin a la campa\u00f1a y establece una serie de restricciones. Repasa las fechas y plazos clave del cronograma oficial.<a href=\"https:\/\/api.whatsapp.com\/send?text=Cu%C3%A1ndo%20empieza%20la%20veda%20y%20qu%C3%A9%20est%C3%A1%20prohibido%20hacer%20de%20cara%20a%20las%20elecciones%20del%20pr%C3%B3ximo%20domingo%20-%20https:\/\/diarioriouruguay.com\/politica\/\/cuando-empieza-la-veda-y-que-esta-prohibido-hacer-de-cara-a-las-elecciones-del-proximo-domingo.htm\" target=\"_blank\" rel=\"noreferrer noopener\"><\/a><a href=\"https:\/\/diarioriouruguay.com\/politica\/cuando-empieza-la-veda-y-que-esta-prohibido-hacer-de-cara-a-las-elecciones-del-proximo-domingo.htm#\"><\/a><a href=\"javascript:copyLink('aviso', 'URL Copiada');\"><\/a><a href=\"https:\/\/diarioriouruguay.com\/politica\/cuando-empieza-la-veda-y-que-esta-prohibido-hacer-de-cara-a-las-elecciones-del-proximo-domingo.htm#\"><\/a><a href=\"tg:\/\/msg?text=Cu%C3%A1ndo%20empieza%20la%20veda%20y%20qu%C3%A9%20est%C3%A1%20prohibido%20hacer%20de%20cara%20a%20las%20elecciones%20del%20pr%C3%B3ximo%20domingo-https:\/\/diarioriouruguay.com\/politica\/\/cuando-empieza-la-veda-y-que-esta-prohibido-hacer-de-cara-a-las-elecciones-del-proximo-domingo.htm\" target=\"_blank\" rel=\"noreferrer noopener\"><\/a><a href=\"https:\/\/diarioriouruguay.com\/politica\/cuando-empieza-la-veda-y-que-esta-prohibido-hacer-de-cara-a-las-elecciones-del-proximo-domingo.htm#comentarios\"><\/a><\/h4>\n\n\n\n<p>Elecciones del pr\u00f3ximo domingo. A partir de este domingo 19, los ciudadanos ingresan en la \u00faltima semana antes de la veda, que marcar\u00e1 el fin de las campa\u00f1as y el inicio de la reflexi\u00f3n previa a la votaci\u00f3n.<\/p>\n\n\n\n<p>Seg\u00fan el cronograma oficial de la C\u00e1mara Nacional Electoral, estos son los eventos y prohibiciones clave que regir\u00e1n en los pr\u00f3ximos d\u00edas y las semanas posteriores a los comicios.<\/p>\n\n\n\n<h3 class=\"wp-block-heading\">Viernes 24 de octubre: Fin de la campa\u00f1a y comienzo de la veda<\/h3>\n\n\n\n<p>A las 8:00 de la ma\u00f1ana del viernes 24 finaliza oficialmente la campa\u00f1a electoral. A partir de ese momento y hasta el cierre de la elecci\u00f3n, comienza a regir la veda electoral.<\/p>\n\n\n\n<p>Durante este per\u00edodo, que dura 48 horas antes de la apertura de las urnas, queda prohibido realizar actos p\u00fablicos de proselitismo, publicar y difundir encuestas y sondeos de opini\u00f3n, y vender bebidas alcoh\u00f3licas.<\/p>\n\n\n\n<h3 class=\"wp-block-heading\">Domingo 26 de octubre: D\u00eda de las Elecciones Generales<\/h3>\n\n\n\n<p>El domingo 26 de octubre se celebrar\u00e1n las Elecciones Generales en todo el pa\u00eds. Las mesas de votaci\u00f3n abrir\u00e1n a las 8:00 y cerrar\u00e1n a las 18:00.<\/p>\n\n\n\n<p>Durante toda la jornada electoral y hasta tres horas despu\u00e9s del cierre de los comicios (21:00), estar\u00e1 prohibido publicar o difundir encuestas, proyecciones y sondeos de opini\u00f3n sobre los resultados.<\/p>\n\n\n\n<h3 class=\"wp-block-heading\">Martes 28 de octubre: Inicio del escrutinio definitivo<\/h3>\n\n\n\n<p>Dos d\u00edas despu\u00e9s de la votaci\u00f3n, el martes 28 de octubre a las 18:00, comenzar\u00e1 el escrutinio definitivo. Este es el conteo que tiene validez legal y es realizado por la Justicia Nacional Electoral con las actas de cada mesa.<\/p>\n\n\n\n<p>Ese mismo d\u00eda vence el plazo para que los partidos pol\u00edticos presenten reclamos o protestas sobre posibles irregularidades en la constituci\u00f3n y funcionamiento de las mesas de votaci\u00f3n.<\/p>\n\n\n\n<h3 class=\"wp-block-heading\">Plazos posteriores a la elecci\u00f3n<\/h3>\n\n\n\n<p>El 25 de diciembre vence el plazo de 60 d\u00edas para justificar la no emisi\u00f3n del voto. Tambi\u00e9n es la fecha l\u00edmite para que las agrupaciones que retiraron candidatos restituyan los fondos de campa\u00f1a recibidos.<\/p>\n\n\n\n<p>El 19 de febrero finaliza el per\u00edodo de 90 d\u00edas para que los partidos pol\u00edticos presenten el informe final de campa\u00f1a, detallando todos los gastos e ingresos del proceso electoral.<\/p>\n\n\n\n<p>Fuente: El Once Digital.<\/p>\n","protected":false},"excerpt":{"rendered":"<p>La cuenta regresiva hacia las elecciones generales comenz\u00f3. El viernes 24 de octubre inicia la veda electoral, que pone fin a la campa\u00f1a y establece una serie de restricciones. Repasa las fechas y plazos clave del cronograma oficial. Elecciones del pr\u00f3ximo domingo. A partir de este domingo 19, los ciudadanos ingresan en la \u00faltima semana [&hellip;]<\/p>\n","protected":false},"author":2,"featured_media":5226,"comment_status":"open","ping_status":"open","sticky":false,"template":"","format":"standard","meta":{"footnotes":""},"categories":[22],"tags":[],"class_list":{"0":"post-5219","1":"post","2":"type-post","3":"status-publish","4":"format-standard","5":"has-post-thumbnail","7":"category-politica"},"yoast_head":"<!-- This site is optimized with the Yoast SEO plugin v27.4 - https:\/\/yoast.com\/product\/yoast-seo-wordpress\/ -->\n<title>Cuando comienza la veda electoral y algunas restricciones - Diario del Sur<\/title>\n<meta name=\"robots\" content=\"index, follow, max-snippet:-1, max-image-preview:large, max-video-preview:-1\" \/>\n<link rel=\"canonical\" href=\"https:\/\/diariodelsurdigital.com.ar\/?p=5219\" \/>\n<meta property=\"og:locale\" content=\"es_ES\" \/>\n<meta property=\"og:type\" content=\"article\" \/>\n<meta property=\"og:title\" content=\"Cuando comienza la veda electoral y algunas restricciones - Diario del Sur\" \/>\n<meta property=\"og:description\" content=\"La cuenta regresiva hacia las elecciones generales comenz\u00f3. El viernes 24 de octubre inicia la veda electoral, que pone fin a la campa\u00f1a y establece una serie de restricciones. Repasa las fechas y plazos clave del cronograma oficial. Elecciones del pr\u00f3ximo domingo. A partir de este domingo 19, los ciudadanos ingresan en la \u00faltima semana [&hellip;]\" \/>\n<meta property=\"og:url\" content=\"https:\/\/diariodelsurdigital.com.ar\/?p=5219\" \/>\n<meta property=\"og:site_name\" content=\"Diario del Sur\" \/>\n<meta property=\"article:published_time\" content=\"2025-10-20T00:04:30+00:00\" \/>\n<meta property=\"article:modified_time\" content=\"2025-10-20T00:04:31+00:00\" \/>\n<meta property=\"og:image\" content=\"https:\/\/diariodelsurdigital.com.ar\/wp-content\/uploads\/2025\/10\/Verdadero-2025-10-17T172139.047-1.png\" \/>\n\t<meta property=\"og:image:width\" content=\"512\" \/>\n\t<meta property=\"og:image:height\" content=\"288\" \/>\n\t<meta property=\"og:image:type\" content=\"image\/png\" \/>\n<meta name=\"author\" content=\"Diario del Sur Digital\" \/>\n<meta name=\"twitter:card\" content=\"summary_large_image\" \/>\n<meta name=\"twitter:label1\" content=\"Escrito por\" \/>\n\t<meta name=\"twitter:data1\" content=\"Diario del Sur Digital\" \/>\n\t<meta name=\"twitter:label2\" content=\"Tiempo de lectura\" \/>\n\t<meta name=\"twitter:data2\" content=\"3 minutos\" \/>\n<script type=\"application\/ld+json\" class=\"yoast-schema-graph\">{\"@context\":\"https:\\\/\\\/schema.org\",\"@graph\":[{\"@type\":\"Article\",\"@id\":\"https:\\\/\\\/diariodelsurdigital.com.ar\\\/?p=5219#article\",\"isPartOf\":{\"@id\":\"https:\\\/\\\/diariodelsurdigital.com.ar\\\/?p=5219\"},\"author\":{\"name\":\"Diario del Sur Digital\",\"@id\":\"https:\\\/\\\/diariodelsurdigital.com.ar\\\/#\\\/schema\\\/person\\\/6136a32571657f7dba980b88b04c5465\"},\"headline\":\"Cuando comienza la veda electoral y algunas restricciones\",\"datePublished\":\"2025-10-20T00:04:30+00:00\",\"dateModified\":\"2025-10-20T00:04:31+00:00\",\"mainEntityOfPage\":{\"@id\":\"https:\\\/\\\/diariodelsurdigital.com.ar\\\/?p=5219\"},\"wordCount\":432,\"commentCount\":0,\"image\":{\"@id\":\"https:\\\/\\\/diariodelsurdigital.com.ar\\\/?p=5219#primaryimage\"},\"thumbnailUrl\":\"https:\\\/\\\/diariodelsurdigital.com.ar\\\/wp-content\\\/uploads\\\/2025\\\/10\\\/Verdadero-2025-10-17T172139.047-1.png\",\"articleSection\":[\"Pol\u00edtica\"],\"inLanguage\":\"es\",\"potentialAction\":[{\"@type\":\"CommentAction\",\"name\":\"Comment\",\"target\":[\"https:\\\/\\\/diariodelsurdigital.com.ar\\\/?p=5219#respond\"]}]},{\"@type\":\"WebPage\",\"@id\":\"https:\\\/\\\/diariodelsurdigital.com.ar\\\/?p=5219\",\"url\":\"https:\\\/\\\/diariodelsurdigital.com.ar\\\/?p=5219\",\"name\":\"Cuando comienza la veda electoral y algunas restricciones - Diario del Sur\",\"isPartOf\":{\"@id\":\"https:\\\/\\\/diariodelsurdigital.com.ar\\\/#website\"},\"primaryImageOfPage\":{\"@id\":\"https:\\\/\\\/diariodelsurdigital.com.ar\\\/?p=5219#primaryimage\"},\"image\":{\"@id\":\"https:\\\/\\\/diariodelsurdigital.com.ar\\\/?p=5219#primaryimage\"},\"thumbnailUrl\":\"https:\\\/\\\/diariodelsurdigital.com.ar\\\/wp-content\\\/uploads\\\/2025\\\/10\\\/Verdadero-2025-10-17T172139.047-1.png\",\"datePublished\":\"2025-10-20T00:04:30+00:00\",\"dateModified\":\"2025-10-20T00:04:31+00:00\",\"author\":{\"@id\":\"https:\\\/\\\/diariodelsurdigital.com.ar\\\/#\\\/schema\\\/person\\\/6136a32571657f7dba980b88b04c5465\"},\"breadcrumb\":{\"@id\":\"https:\\\/\\\/diariodelsurdigital.com.ar\\\/?p=5219#breadcrumb\"},\"inLanguage\":\"es\",\"potentialAction\":[{\"@type\":\"ReadAction\",\"target\":[\"https:\\\/\\\/diariodelsurdigital.com.ar\\\/?p=5219\"]}]},{\"@type\":\"ImageObject\",\"inLanguage\":\"es\",\"@id\":\"https:\\\/\\\/diariodelsurdigital.com.ar\\\/?p=5219#primaryimage\",\"url\":\"https:\\\/\\\/diariodelsurdigital.com.ar\\\/wp-content\\\/uploads\\\/2025\\\/10\\\/Verdadero-2025-10-17T172139.047-1.png\",\"contentUrl\":\"https:\\\/\\\/diariodelsurdigital.com.ar\\\/wp-content\\\/uploads\\\/2025\\\/10\\\/Verdadero-2025-10-17T172139.047-1.png\",\"width\":512,\"height\":288},{\"@type\":\"BreadcrumbList\",\"@id\":\"https:\\\/\\\/diariodelsurdigital.com.ar\\\/?p=5219#breadcrumb\",\"itemListElement\":[{\"@type\":\"ListItem\",\"position\":1,\"name\":\"Portada\",\"item\":\"https:\\\/\\\/diariodelsurdigital.com.ar\\\/\"},{\"@type\":\"ListItem\",\"position\":2,\"name\":\"Cuando comienza la veda electoral y algunas restricciones\"}]},{\"@type\":\"WebSite\",\"@id\":\"https:\\\/\\\/diariodelsurdigital.com.ar\\\/#website\",\"url\":\"https:\\\/\\\/diariodelsurdigital.com.ar\\\/\",\"name\":\"Diario del Sur\",\"description\":\"Digital\",\"potentialAction\":[{\"@type\":\"SearchAction\",\"target\":{\"@type\":\"EntryPoint\",\"urlTemplate\":\"https:\\\/\\\/diariodelsurdigital.com.ar\\\/?s={search_term_string}\"},\"query-input\":{\"@type\":\"PropertyValueSpecification\",\"valueRequired\":true,\"valueName\":\"search_term_string\"}}],\"inLanguage\":\"es\"},{\"@type\":\"Person\",\"@id\":\"https:\\\/\\\/diariodelsurdigital.com.ar\\\/#\\\/schema\\\/person\\\/6136a32571657f7dba980b88b04c5465\",\"name\":\"Diario del Sur Digital\",\"image\":{\"@type\":\"ImageObject\",\"inLanguage\":\"es\",\"@id\":\"https:\\\/\\\/secure.gravatar.com\\\/avatar\\\/4c29ceac98541dd42460b2474aaa5dd37594d6ce6cb3cf2c101d09b48ee287ba?s=96&d=mm&r=g\",\"url\":\"https:\\\/\\\/secure.gravatar.com\\\/avatar\\\/4c29ceac98541dd42460b2474aaa5dd37594d6ce6cb3cf2c101d09b48ee287ba?s=96&d=mm&r=g\",\"contentUrl\":\"https:\\\/\\\/secure.gravatar.com\\\/avatar\\\/4c29ceac98541dd42460b2474aaa5dd37594d6ce6cb3cf2c101d09b48ee287ba?s=96&d=mm&r=g\",\"caption\":\"Diario del Sur Digital\"},\"url\":\"https:\\\/\\\/diariodelsurdigital.com.ar\\\/?author=2\"}]}<\/script>\n<!-- \/ Yoast SEO plugin. -->","yoast_head_json":{"title":"Cuando comienza la veda electoral y algunas restricciones - Diario del Sur","robots":{"index":"index","follow":"follow","max-snippet":"max-snippet:-1","max-image-preview":"max-image-preview:large","max-video-preview":"max-video-preview:-1"},"canonical":"https:\/\/diariodelsurdigital.com.ar\/?p=5219","og_locale":"es_ES","og_type":"article","og_title":"Cuando comienza la veda electoral y algunas restricciones - Diario del Sur","og_description":"La cuenta regresiva hacia las elecciones generales comenz\u00f3. El viernes 24 de octubre inicia la veda electoral, que pone fin a la campa\u00f1a y establece una serie de restricciones. Repasa las fechas y plazos clave del cronograma oficial. Elecciones del pr\u00f3ximo domingo. A partir de este domingo 19, los ciudadanos ingresan en la \u00faltima semana [&hellip;]","og_url":"https:\/\/diariodelsurdigital.com.ar\/?p=5219","og_site_name":"Diario del Sur","article_published_time":"2025-10-20T00:04:30+00:00","article_modified_time":"2025-10-20T00:04:31+00:00","og_image":[{"width":512,"height":288,"url":"https:\/\/diariodelsurdigital.com.ar\/wp-content\/uploads\/2025\/10\/Verdadero-2025-10-17T172139.047-1.png","type":"image\/png"}],"author":"Diario del Sur Digital","twitter_card":"summary_large_image","twitter_misc":{"Escrito por":"Diario del Sur Digital","Tiempo de lectura":"3 minutos"},"schema":{"@context":"https:\/\/schema.org","@graph":[{"@type":"Article","@id":"https:\/\/diariodelsurdigital.com.ar\/?p=5219#article","isPartOf":{"@id":"https:\/\/diariodelsurdigital.com.ar\/?p=5219"},"author":{"name":"Diario del Sur Digital","@id":"https:\/\/diariodelsurdigital.com.ar\/#\/schema\/person\/6136a32571657f7dba980b88b04c5465"},"headline":"Cuando comienza la veda electoral y algunas restricciones","datePublished":"2025-10-20T00:04:30+00:00","dateModified":"2025-10-20T00:04:31+00:00","mainEntityOfPage":{"@id":"https:\/\/diariodelsurdigital.com.ar\/?p=5219"},"wordCount":432,"commentCount":0,"image":{"@id":"https:\/\/diariodelsurdigital.com.ar\/?p=5219#primaryimage"},"thumbnailUrl":"https:\/\/diariodelsurdigital.com.ar\/wp-content\/uploads\/2025\/10\/Verdadero-2025-10-17T172139.047-1.png","articleSection":["Pol\u00edtica"],"inLanguage":"es","potentialAction":[{"@type":"CommentAction","name":"Comment","target":["https:\/\/diariodelsurdigital.com.ar\/?p=5219#respond"]}]},{"@type":"WebPage","@id":"https:\/\/diariodelsurdigital.com.ar\/?p=5219","url":"https:\/\/diariodelsurdigital.com.ar\/?p=5219","name":"Cuando comienza la veda electoral y algunas restricciones - Diario del Sur","isPartOf":{"@id":"https:\/\/diariodelsurdigital.com.ar\/#website"},"primaryImageOfPage":{"@id":"https:\/\/diariodelsurdigital.com.ar\/?p=5219#primaryimage"},"image":{"@id":"https:\/\/diariodelsurdigital.com.ar\/?p=5219#primaryimage"},"thumbnailUrl":"https:\/\/diariodelsurdigital.com.ar\/wp-content\/uploads\/2025\/10\/Verdadero-2025-10-17T172139.047-1.png","datePublished":"2025-10-20T00:04:30+00:00","dateModified":"2025-10-20T00:04:31+00:00","author":{"@id":"https:\/\/diariodelsurdigital.com.ar\/#\/schema\/person\/6136a32571657f7dba980b88b04c5465"},"breadcrumb":{"@id":"https:\/\/diariodelsurdigital.com.ar\/?p=5219#breadcrumb"},"inLanguage":"es","potentialAction":[{"@type":"ReadAction","target":["https:\/\/diariodelsurdigital.com.ar\/?p=5219"]}]},{"@type":"ImageObject","inLanguage":"es","@id":"https:\/\/diariodelsurdigital.com.ar\/?p=5219#primaryimage","url":"https:\/\/diariodelsurdigital.com.ar\/wp-content\/uploads\/2025\/10\/Verdadero-2025-10-17T172139.047-1.png","contentUrl":"https:\/\/diariodelsurdigital.com.ar\/wp-content\/uploads\/2025\/10\/Verdadero-2025-10-17T172139.047-1.png","width":512,"height":288},{"@type":"BreadcrumbList","@id":"https:\/\/diariodelsurdigital.com.ar\/?p=5219#breadcrumb","itemListElement":[{"@type":"ListItem","position":1,"name":"Portada","item":"https:\/\/diariodelsurdigital.com.ar\/"},{"@type":"ListItem","position":2,"name":"Cuando comienza la veda electoral y algunas restricciones"}]},{"@type":"WebSite","@id":"https:\/\/diariodelsurdigital.com.ar\/#website","url":"https:\/\/diariodelsurdigital.com.ar\/","name":"Diario del Sur","description":"Digital","potentialAction":[{"@type":"SearchAction","target":{"@type":"EntryPoint","urlTemplate":"https:\/\/diariodelsurdigital.com.ar\/?s={search_term_string}"},"query-input":{"@type":"PropertyValueSpecification","valueRequired":true,"valueName":"search_term_string"}}],"inLanguage":"es"},{"@type":"Person","@id":"https:\/\/diariodelsurdigital.com.ar\/#\/schema\/person\/6136a32571657f7dba980b88b04c5465","name":"Diario del Sur Digital","image":{"@type":"ImageObject","inLanguage":"es","@id":"https:\/\/secure.gravatar.com\/avatar\/4c29ceac98541dd42460b2474aaa5dd37594d6ce6cb3cf2c101d09b48ee287ba?s=96&d=mm&r=g","url":"https:\/\/secure.gravatar.com\/avatar\/4c29ceac98541dd42460b2474aaa5dd37594d6ce6cb3cf2c101d09b48ee287ba?s=96&d=mm&r=g","contentUrl":"https:\/\/secure.gravatar.com\/avatar\/4c29ceac98541dd42460b2474aaa5dd37594d6ce6cb3cf2c101d09b48ee287ba?s=96&d=mm&r=g","caption":"Diario del Sur Digital"},"url":"https:\/\/diariodelsurdigital.com.ar\/?author=2"}]}},"_links":{"self":[{"href":"https:\/\/diariodelsurdigital.com.ar\/index.php?rest_route=\/wp\/v2\/posts\/5219","targetHints":{"allow":["GET"]}}],"collection":[{"href":"https:\/\/diariodelsurdigital.com.ar\/index.php?rest_route=\/wp\/v2\/posts"}],"about":[{"href":"https:\/\/diariodelsurdigital.com.ar\/index.php?rest_route=\/wp\/v2\/types\/post"}],"author":[{"embeddable":true,"href":"https:\/\/diariodelsurdigital.com.ar\/index.php?rest_route=\/wp\/v2\/users\/2"}],"replies":[{"embeddable":true,"href":"https:\/\/diariodelsurdigital.com.ar\/index.php?rest_route=%2Fwp%2Fv2%2Fcomments&post=5219"}],"version-history":[{"count":1,"href":"https:\/\/diariodelsurdigital.com.ar\/index.php?rest_route=\/wp\/v2\/posts\/5219\/revisions"}],"predecessor-version":[{"id":5227,"href":"https:\/\/diariodelsurdigital.com.ar\/index.php?rest_route=\/wp\/v2\/posts\/5219\/revisions\/5227"}],"wp:featuredmedia":[{"embeddable":true,"href":"https:\/\/diariodelsurdigital.com.ar\/index.php?rest_route=\/wp\/v2\/media\/5226"}],"wp:attachment":[{"href":"https:\/\/diariodelsurdigital.com.ar\/index.php?rest_route=%2Fwp%2Fv2%2Fmedia&parent=5219"}],"wp:term":[{"taxonomy":"category","embeddable":true,"href":"https:\/\/diariodelsurdigital.com.ar\/index.php?rest_route=%2Fwp%2Fv2%2Fcategories&post=5219"},{"taxonomy":"post_tag","embeddable":true,"href":"https:\/\/diariodelsurdigital.com.ar\/index.php?rest_route=%2Fwp%2Fv2%2Ftags&post=5219"}],"curies":[{"name":"wp","href":"https:\/\/api.w.org\/{rel}","templated":true}]}}