{"id":5236,"date":"2025-10-20T09:28:29","date_gmt":"2025-10-20T12:28:29","guid":{"rendered":"https:\/\/diariodelsurdigital.com.ar\/?p=5236"},"modified":"2025-10-20T09:28:30","modified_gmt":"2025-10-20T12:28:30","slug":"el-sector-lacteo-entrerriano-advierte-estar-en-rojo-financiero-y-sin-respaldo-estructural","status":"publish","type":"post","link":"https:\/\/diariodelsurdigital.com.ar\/?p=5236","title":{"rendered":"El sector l\u00e1cteo entrerriano advierte estar en rojo financiero y sin respaldo estructural"},"content":{"rendered":"\n<p>A pocos d\u00edas de la realizaci\u00f3n de la Primera Jornada de la Cadena L\u00e1ctea de Entre R\u00edos, el presidente de la C\u00e1mara de Productores L\u00e1cteos de Entre R\u00edos (Caproler), Sergio Borr\u00e9, traz\u00f3 un panorama cr\u00edtico desde lo financiero sobre la situaci\u00f3n del sector tambero en la provincia.<\/p>\n\n\n\n<p><\/p>\n\n\n\n<p>Los d\u00edas 28 y 29 de octubre, Caproler organiza la Primera Jornada de la Cadena L\u00e1ctea de Entre R\u00edos con el objetivo de debatir el futuro del sector desde una mirada territorial.<\/p>\n\n\n\n<p>\u201cLa iniciativa arranc\u00f3 desde la C\u00e1mara, con la idea de hacer una jornada de capacitaci\u00f3n. Hablamos con periodistas agropecuarios como Mart\u00edn Bustamante que tiene conocimiento de lo agropecuario, nos juntamos y se fue armando\u201d, explic\u00f3 el presidente de Caproler se\u00f1alando que es la primera de estas caracter\u00edsticas.<\/p>\n\n\n\n<p>Borr\u00e9 destac\u00f3 avances tecnol\u00f3gicos y productivos, pero alert\u00f3 sobre la falta de infraestructura, el estancamiento del precio de la leche y la ausencia de pol\u00edticas p\u00fablicas que acompa\u00f1en el desarrollo de la cadena l\u00e1ctea.<\/p>\n\n\n\n<p>Sem\u00e1foro productivo<br>Borr\u00e9 sintetiz\u00f3 la situaci\u00f3n actual con una imagen clara: \u201cEstamos como un sem\u00e1foro: verde en producci\u00f3n y reserva de forraje, amarillo en la parte econ\u00f3mica y rojo en la parte financiera\u201d.<\/p>\n\n\n\n<p>Seg\u00fan explic\u00f3, el clima ha favorecido la implantaci\u00f3n de ma\u00edces y la generaci\u00f3n de reservas para el a\u00f1o pr\u00f3ximo.<\/p>\n\n\n\n<p>Sin embargo, el precio de la leche est\u00e1 estancado y ha sufrido dos bajas importantes en lo que va del a\u00f1o. \u201cUna fue cuando el d\u00f3lar se fue de 1.200 a 1.500, todos nuestros insumos subieron y la leche se mantuvo en el valor. La segunda es ahora, que nos est\u00e1n bajando el litro de leche sin justificaci\u00f3n\u201d, explic\u00f3.<\/p>\n\n\n\n<p>Industrias desiguales y precios en ca\u00edda<\/p>\n\n\n\n<p>En Entre R\u00edos, la diversidad industrial l\u00e1ctea tambi\u00e9n genera tensiones. \u201cTenemos industrias de punta y otras m\u00e1s peque\u00f1as, sobre todo las queseras, que son las que m\u00e1s est\u00e1n bajando el precio, algunas excesivamente\u201d, se\u00f1al\u00f3 Borr\u00e9.<\/p>\n\n\n\n<p>Incluso las industrias polveras, que no tienen problemas para exportar, est\u00e1n reduciendo el precio al productor. \u201cHay industrias que bajan el precio sin necesidad. En g\u00f3ndola no baja, y en algunos casos sube\u201d.<\/p>\n\n\n\n<p>Sergio Borr\u00e9, presidente de Caproler, revel\u00f3 una cr\u00edtica profunda al funcionamiento actual de la cadena l\u00e1ctea: \u201cEntiendo que el mercado interno est\u00e1 medio flojo. En este sentido, el trabajo que hay que hacer es en la cadena, como estamos planteando desde la C\u00e1mara, ya que todo ese problema econ\u00f3mico repercute enseguida sobre el campo, porque lo primero que se hace es bajar el precio por litro al productor\u201d.<\/p>\n\n\n\n<p>Jornada clave: repensar la cadena l\u00e1ctea desde Entre R\u00edos<\/p>\n\n\n\n<p>Los d\u00edas 28 y 29 de octubre Caproler organiza la Primera Jornada de la Cadena L\u00e1ctea de Entre R\u00edos en la ciudad de Crespo. El evento contar\u00e1 con la participaci\u00f3n de Gustavo Lazzari, licenciado en Econom\u00eda por la UCA, titular del frigor\u00edfico C\u00e1rdenas, quien brindar\u00e1 un panorama post-electoral sobre la econom\u00eda nacional y global.<\/p>\n\n\n\n<p>\u201cHay diversas capacitaciones: se abordar\u00e1n temas como roles familiares en el tambo, tecnolog\u00edas aplicadas, planificaci\u00f3n productiva y articulaci\u00f3n p\u00fablico-privada. Tenemos todo lo que es gen\u00f3mico, es decir la parte gen\u00e9tica de la hacienda, orde\u00f1os rob\u00f3ticos y tecnolog\u00edas\u201d, coment\u00f3 Borr\u00e9, al destacar que estos son los pilares que sostienen el desarrollo de los tambos en la provincia.<\/p>\n\n\n\n<p>Para el dirigente, los avances tecnol\u00f3gicos y gen\u00e9ticos son \u201cfundamentales para el desarrollo del tambo y de la lecher\u00eda\u201d, y permiten mejorar la producci\u00f3n individual gracias al mejoramiento gen\u00e9tico y nutricional, especialmente en \u00e9pocas como la primavera, cuando \u201chay m\u00e1s parte y m\u00e1s cantidad de leche\u201d.<\/p>\n\n\n\n<p>\u201cEsta jornada es extremadamente importante para la producci\u00f3n l\u00e1ctea entrerriana, porque siempre las tenemos en Santa Fe o C\u00f3rdoba, &#8211; explic\u00f3 Borr\u00e9 &#8211; que son los pueblos m\u00e1s lecheros. Nosotros estamos en tercer puesto, pero con ganas de sumarnos a un segundo lugar\u201d.<\/p>\n\n\n\n<p>A su vez, el empresario manifest\u00f3 lo necesario que es el sector para las econom\u00edas regionales de la provincia: \u201cEntre R\u00edos tiene todas las caracter\u00edsticas para el desarrollo de una buena lecher\u00eda, que casualmente lo charlando en un encuentro con el gobernador Rogelio Frigerio, pero nos falta infraestructura y nos falta un poco m\u00e1s de financiamiento, eso que ten\u00edamos a principio de a\u00f1o en el primer semestre\u201d.<\/p>\n\n\n\n<p>\u201cNecesitamos el apoyo para lograr desarrollar la lecher\u00eda en cadena, me refiero a fortalecer al sector primario, nosotros como productores y, a la vez que la industria tambi\u00e9n tenga ese est\u00edmulo. Que en un futuro podamos juntarnos, productores, industrias y gobierno\u201d, coment\u00f3 el presidente de Caproler a El Argentino.<\/p>\n\n\n\n<p>Empresarios tamberos: planificaci\u00f3n y honestidad en la cadena<\/p>\n\n\n\n<p>Borr\u00e9 reivindic\u00f3 el rol del productor: \u201cSomos unos verdaderos empresarios tamberos, porque nosotros tenemos que trabajar en muchos aspectos en el tambo y planificar a largo plazo\u201d.<\/p>\n\n\n\n<p>Trabajar en cadena, como lo plantea Sergio Borr\u00e9, implica que todos los actores de la cadena l\u00e1ctea, productores, industriales, comercializadores y Estado se articulen de manera coordinada, transparente y con objetivos comunes: \u201cEs muy importante que trabajemos en cadena, que la industria sepa cu\u00e1nta producci\u00f3n hay, que el proceso sea honesto y que el gobierno haga su parte\u201d, sostuvo.<\/p>\n\n\n\n<p>Entre los reclamos, mencion\u00f3 la necesidad de apoyo en temas impositivos, crediticios, caminos y tecnolog\u00edas. \u201cEl tambo brinda mano de obra inmediata y en mucha cantidad. Es un motor econ\u00f3mico y social que necesita respaldo\u201d, afirm\u00f3.<\/p>\n","protected":false},"excerpt":{"rendered":"<p>A pocos d\u00edas de la realizaci\u00f3n de la Primera Jornada de la Cadena L\u00e1ctea de Entre R\u00edos, el presidente de la C\u00e1mara de Productores L\u00e1cteos de Entre R\u00edos (Caproler), Sergio Borr\u00e9, traz\u00f3 un panorama cr\u00edtico desde lo financiero sobre la situaci\u00f3n del sector tambero en la provincia. Los d\u00edas 28 y 29 de octubre, Caproler [&hellip;]<\/p>\n","protected":false},"author":4,"featured_media":5237,"comment_status":"open","ping_status":"open","sticky":false,"template":"","format":"standard","meta":{"footnotes":""},"categories":[19,17],"tags":[],"class_list":{"0":"post-5236","1":"post","2":"type-post","3":"status-publish","4":"format-standard","5":"has-post-thumbnail","7":"category-interes-general","8":"category-provinciales"},"yoast_head":"<!-- This site is optimized with the Yoast SEO plugin v27.4 - https:\/\/yoast.com\/product\/yoast-seo-wordpress\/ -->\n<title>El sector l\u00e1cteo entrerriano advierte estar en rojo financiero y sin respaldo estructural - Diario del Sur<\/title>\n<meta name=\"robots\" content=\"index, follow, max-snippet:-1, max-image-preview:large, max-video-preview:-1\" \/>\n<link rel=\"canonical\" href=\"https:\/\/diariodelsurdigital.com.ar\/?p=5236\" \/>\n<meta property=\"og:locale\" content=\"es_ES\" \/>\n<meta property=\"og:type\" content=\"article\" \/>\n<meta property=\"og:title\" content=\"El sector l\u00e1cteo entrerriano advierte estar en rojo financiero y sin respaldo estructural - Diario del Sur\" \/>\n<meta property=\"og:description\" content=\"A pocos d\u00edas de la realizaci\u00f3n de la Primera Jornada de la Cadena L\u00e1ctea de Entre R\u00edos, el presidente de la C\u00e1mara de Productores L\u00e1cteos de Entre R\u00edos (Caproler), Sergio Borr\u00e9, traz\u00f3 un panorama cr\u00edtico desde lo financiero sobre la situaci\u00f3n del sector tambero en la provincia. Los d\u00edas 28 y 29 de octubre, Caproler [&hellip;]\" \/>\n<meta property=\"og:url\" content=\"https:\/\/diariodelsurdigital.com.ar\/?p=5236\" \/>\n<meta property=\"og:site_name\" content=\"Diario del Sur\" \/>\n<meta property=\"article:published_time\" content=\"2025-10-20T12:28:29+00:00\" \/>\n<meta property=\"article:modified_time\" content=\"2025-10-20T12:28:30+00:00\" \/>\n<meta property=\"og:image\" content=\"https:\/\/diariodelsurdigital.com.ar\/wp-content\/uploads\/2025\/10\/md-44.webp\" \/>\n\t<meta property=\"og:image:width\" content=\"992\" \/>\n\t<meta property=\"og:image:height\" content=\"661\" \/>\n\t<meta property=\"og:image:type\" content=\"image\/webp\" \/>\n<meta name=\"author\" content=\"Diario del Sur Digital\" \/>\n<meta name=\"twitter:card\" content=\"summary_large_image\" \/>\n<meta name=\"twitter:label1\" content=\"Escrito por\" \/>\n\t<meta name=\"twitter:data1\" content=\"Diario del Sur Digital\" \/>\n\t<meta name=\"twitter:label2\" content=\"Tiempo de lectura\" \/>\n\t<meta name=\"twitter:data2\" content=\"5 minutos\" \/>\n<script type=\"application\/ld+json\" class=\"yoast-schema-graph\">{\"@context\":\"https:\\\/\\\/schema.org\",\"@graph\":[{\"@type\":\"Article\",\"@id\":\"https:\\\/\\\/diariodelsurdigital.com.ar\\\/?p=5236#article\",\"isPartOf\":{\"@id\":\"https:\\\/\\\/diariodelsurdigital.com.ar\\\/?p=5236\"},\"author\":{\"name\":\"Diario del Sur Digital\",\"@id\":\"https:\\\/\\\/diariodelsurdigital.com.ar\\\/#\\\/schema\\\/person\\\/1a4992532ed62965c968031b49195c81\"},\"headline\":\"El sector l\u00e1cteo entrerriano advierte estar en rojo financiero y sin respaldo estructural\",\"datePublished\":\"2025-10-20T12:28:29+00:00\",\"dateModified\":\"2025-10-20T12:28:30+00:00\",\"mainEntityOfPage\":{\"@id\":\"https:\\\/\\\/diariodelsurdigital.com.ar\\\/?p=5236\"},\"wordCount\":973,\"commentCount\":0,\"image\":{\"@id\":\"https:\\\/\\\/diariodelsurdigital.com.ar\\\/?p=5236#primaryimage\"},\"thumbnailUrl\":\"https:\\\/\\\/diariodelsurdigital.com.ar\\\/wp-content\\\/uploads\\\/2025\\\/10\\\/md-44.webp\",\"articleSection\":[\"Inter\u00e9s General\",\"Provinciales\"],\"inLanguage\":\"es\",\"potentialAction\":[{\"@type\":\"CommentAction\",\"name\":\"Comment\",\"target\":[\"https:\\\/\\\/diariodelsurdigital.com.ar\\\/?p=5236#respond\"]}]},{\"@type\":\"WebPage\",\"@id\":\"https:\\\/\\\/diariodelsurdigital.com.ar\\\/?p=5236\",\"url\":\"https:\\\/\\\/diariodelsurdigital.com.ar\\\/?p=5236\",\"name\":\"El sector l\u00e1cteo entrerriano advierte estar en rojo financiero y sin respaldo estructural - Diario del Sur\",\"isPartOf\":{\"@id\":\"https:\\\/\\\/diariodelsurdigital.com.ar\\\/#website\"},\"primaryImageOfPage\":{\"@id\":\"https:\\\/\\\/diariodelsurdigital.com.ar\\\/?p=5236#primaryimage\"},\"image\":{\"@id\":\"https:\\\/\\\/diariodelsurdigital.com.ar\\\/?p=5236#primaryimage\"},\"thumbnailUrl\":\"https:\\\/\\\/diariodelsurdigital.com.ar\\\/wp-content\\\/uploads\\\/2025\\\/10\\\/md-44.webp\",\"datePublished\":\"2025-10-20T12:28:29+00:00\",\"dateModified\":\"2025-10-20T12:28:30+00:00\",\"author\":{\"@id\":\"https:\\\/\\\/diariodelsurdigital.com.ar\\\/#\\\/schema\\\/person\\\/1a4992532ed62965c968031b49195c81\"},\"breadcrumb\":{\"@id\":\"https:\\\/\\\/diariodelsurdigital.com.ar\\\/?p=5236#breadcrumb\"},\"inLanguage\":\"es\",\"potentialAction\":[{\"@type\":\"ReadAction\",\"target\":[\"https:\\\/\\\/diariodelsurdigital.com.ar\\\/?p=5236\"]}]},{\"@type\":\"ImageObject\",\"inLanguage\":\"es\",\"@id\":\"https:\\\/\\\/diariodelsurdigital.com.ar\\\/?p=5236#primaryimage\",\"url\":\"https:\\\/\\\/diariodelsurdigital.com.ar\\\/wp-content\\\/uploads\\\/2025\\\/10\\\/md-44.webp\",\"contentUrl\":\"https:\\\/\\\/diariodelsurdigital.com.ar\\\/wp-content\\\/uploads\\\/2025\\\/10\\\/md-44.webp\",\"width\":992,\"height\":661},{\"@type\":\"BreadcrumbList\",\"@id\":\"https:\\\/\\\/diariodelsurdigital.com.ar\\\/?p=5236#breadcrumb\",\"itemListElement\":[{\"@type\":\"ListItem\",\"position\":1,\"name\":\"Portada\",\"item\":\"https:\\\/\\\/diariodelsurdigital.com.ar\\\/\"},{\"@type\":\"ListItem\",\"position\":2,\"name\":\"El sector l\u00e1cteo entrerriano advierte estar en rojo financiero y sin respaldo estructural\"}]},{\"@type\":\"WebSite\",\"@id\":\"https:\\\/\\\/diariodelsurdigital.com.ar\\\/#website\",\"url\":\"https:\\\/\\\/diariodelsurdigital.com.ar\\\/\",\"name\":\"Diario del Sur\",\"description\":\"Digital\",\"potentialAction\":[{\"@type\":\"SearchAction\",\"target\":{\"@type\":\"EntryPoint\",\"urlTemplate\":\"https:\\\/\\\/diariodelsurdigital.com.ar\\\/?s={search_term_string}\"},\"query-input\":{\"@type\":\"PropertyValueSpecification\",\"valueRequired\":true,\"valueName\":\"search_term_string\"}}],\"inLanguage\":\"es\"},{\"@type\":\"Person\",\"@id\":\"https:\\\/\\\/diariodelsurdigital.com.ar\\\/#\\\/schema\\\/person\\\/1a4992532ed62965c968031b49195c81\",\"name\":\"Diario del Sur Digital\",\"image\":{\"@type\":\"ImageObject\",\"inLanguage\":\"es\",\"@id\":\"https:\\\/\\\/secure.gravatar.com\\\/avatar\\\/f0c7c47fc7146d19828273b9b8eda651c9c7ab583767e6338d3d3bee825adf76?s=96&d=mm&r=g\",\"url\":\"https:\\\/\\\/secure.gravatar.com\\\/avatar\\\/f0c7c47fc7146d19828273b9b8eda651c9c7ab583767e6338d3d3bee825adf76?s=96&d=mm&r=g\",\"contentUrl\":\"https:\\\/\\\/secure.gravatar.com\\\/avatar\\\/f0c7c47fc7146d19828273b9b8eda651c9c7ab583767e6338d3d3bee825adf76?s=96&d=mm&r=g\",\"caption\":\"Diario del Sur Digital\"},\"url\":\"https:\\\/\\\/diariodelsurdigital.com.ar\\\/?author=4\"}]}<\/script>\n<!-- \/ Yoast SEO plugin. -->","yoast_head_json":{"title":"El sector l\u00e1cteo entrerriano advierte estar en rojo financiero y sin respaldo estructural - Diario del Sur","robots":{"index":"index","follow":"follow","max-snippet":"max-snippet:-1","max-image-preview":"max-image-preview:large","max-video-preview":"max-video-preview:-1"},"canonical":"https:\/\/diariodelsurdigital.com.ar\/?p=5236","og_locale":"es_ES","og_type":"article","og_title":"El sector l\u00e1cteo entrerriano advierte estar en rojo financiero y sin respaldo estructural - Diario del Sur","og_description":"A pocos d\u00edas de la realizaci\u00f3n de la Primera Jornada de la Cadena L\u00e1ctea de Entre R\u00edos, el presidente de la C\u00e1mara de Productores L\u00e1cteos de Entre R\u00edos (Caproler), Sergio Borr\u00e9, traz\u00f3 un panorama cr\u00edtico desde lo financiero sobre la situaci\u00f3n del sector tambero en la provincia. Los d\u00edas 28 y 29 de octubre, Caproler [&hellip;]","og_url":"https:\/\/diariodelsurdigital.com.ar\/?p=5236","og_site_name":"Diario del Sur","article_published_time":"2025-10-20T12:28:29+00:00","article_modified_time":"2025-10-20T12:28:30+00:00","og_image":[{"width":992,"height":661,"url":"https:\/\/diariodelsurdigital.com.ar\/wp-content\/uploads\/2025\/10\/md-44.webp","type":"image\/webp"}],"author":"Diario del Sur Digital","twitter_card":"summary_large_image","twitter_misc":{"Escrito por":"Diario del Sur Digital","Tiempo de lectura":"5 minutos"},"schema":{"@context":"https:\/\/schema.org","@graph":[{"@type":"Article","@id":"https:\/\/diariodelsurdigital.com.ar\/?p=5236#article","isPartOf":{"@id":"https:\/\/diariodelsurdigital.com.ar\/?p=5236"},"author":{"name":"Diario del Sur Digital","@id":"https:\/\/diariodelsurdigital.com.ar\/#\/schema\/person\/1a4992532ed62965c968031b49195c81"},"headline":"El sector l\u00e1cteo entrerriano advierte estar en rojo financiero y sin respaldo estructural","datePublished":"2025-10-20T12:28:29+00:00","dateModified":"2025-10-20T12:28:30+00:00","mainEntityOfPage":{"@id":"https:\/\/diariodelsurdigital.com.ar\/?p=5236"},"wordCount":973,"commentCount":0,"image":{"@id":"https:\/\/diariodelsurdigital.com.ar\/?p=5236#primaryimage"},"thumbnailUrl":"https:\/\/diariodelsurdigital.com.ar\/wp-content\/uploads\/2025\/10\/md-44.webp","articleSection":["Inter\u00e9s General","Provinciales"],"inLanguage":"es","potentialAction":[{"@type":"CommentAction","name":"Comment","target":["https:\/\/diariodelsurdigital.com.ar\/?p=5236#respond"]}]},{"@type":"WebPage","@id":"https:\/\/diariodelsurdigital.com.ar\/?p=5236","url":"https:\/\/diariodelsurdigital.com.ar\/?p=5236","name":"El sector l\u00e1cteo entrerriano advierte estar en rojo financiero y sin respaldo estructural - Diario del Sur","isPartOf":{"@id":"https:\/\/diariodelsurdigital.com.ar\/#website"},"primaryImageOfPage":{"@id":"https:\/\/diariodelsurdigital.com.ar\/?p=5236#primaryimage"},"image":{"@id":"https:\/\/diariodelsurdigital.com.ar\/?p=5236#primaryimage"},"thumbnailUrl":"https:\/\/diariodelsurdigital.com.ar\/wp-content\/uploads\/2025\/10\/md-44.webp","datePublished":"2025-10-20T12:28:29+00:00","dateModified":"2025-10-20T12:28:30+00:00","author":{"@id":"https:\/\/diariodelsurdigital.com.ar\/#\/schema\/person\/1a4992532ed62965c968031b49195c81"},"breadcrumb":{"@id":"https:\/\/diariodelsurdigital.com.ar\/?p=5236#breadcrumb"},"inLanguage":"es","potentialAction":[{"@type":"ReadAction","target":["https:\/\/diariodelsurdigital.com.ar\/?p=5236"]}]},{"@type":"ImageObject","inLanguage":"es","@id":"https:\/\/diariodelsurdigital.com.ar\/?p=5236#primaryimage","url":"https:\/\/diariodelsurdigital.com.ar\/wp-content\/uploads\/2025\/10\/md-44.webp","contentUrl":"https:\/\/diariodelsurdigital.com.ar\/wp-content\/uploads\/2025\/10\/md-44.webp","width":992,"height":661},{"@type":"BreadcrumbList","@id":"https:\/\/diariodelsurdigital.com.ar\/?p=5236#breadcrumb","itemListElement":[{"@type":"ListItem","position":1,"name":"Portada","item":"https:\/\/diariodelsurdigital.com.ar\/"},{"@type":"ListItem","position":2,"name":"El sector l\u00e1cteo entrerriano advierte estar en rojo financiero y sin respaldo estructural"}]},{"@type":"WebSite","@id":"https:\/\/diariodelsurdigital.com.ar\/#website","url":"https:\/\/diariodelsurdigital.com.ar\/","name":"Diario del Sur","description":"Digital","potentialAction":[{"@type":"SearchAction","target":{"@type":"EntryPoint","urlTemplate":"https:\/\/diariodelsurdigital.com.ar\/?s={search_term_string}"},"query-input":{"@type":"PropertyValueSpecification","valueRequired":true,"valueName":"search_term_string"}}],"inLanguage":"es"},{"@type":"Person","@id":"https:\/\/diariodelsurdigital.com.ar\/#\/schema\/person\/1a4992532ed62965c968031b49195c81","name":"Diario del Sur Digital","image":{"@type":"ImageObject","inLanguage":"es","@id":"https:\/\/secure.gravatar.com\/avatar\/f0c7c47fc7146d19828273b9b8eda651c9c7ab583767e6338d3d3bee825adf76?s=96&d=mm&r=g","url":"https:\/\/secure.gravatar.com\/avatar\/f0c7c47fc7146d19828273b9b8eda651c9c7ab583767e6338d3d3bee825adf76?s=96&d=mm&r=g","contentUrl":"https:\/\/secure.gravatar.com\/avatar\/f0c7c47fc7146d19828273b9b8eda651c9c7ab583767e6338d3d3bee825adf76?s=96&d=mm&r=g","caption":"Diario del Sur Digital"},"url":"https:\/\/diariodelsurdigital.com.ar\/?author=4"}]}},"_links":{"self":[{"href":"https:\/\/diariodelsurdigital.com.ar\/index.php?rest_route=\/wp\/v2\/posts\/5236","targetHints":{"allow":["GET"]}}],"collection":[{"href":"https:\/\/diariodelsurdigital.com.ar\/index.php?rest_route=\/wp\/v2\/posts"}],"about":[{"href":"https:\/\/diariodelsurdigital.com.ar\/index.php?rest_route=\/wp\/v2\/types\/post"}],"author":[{"embeddable":true,"href":"https:\/\/diariodelsurdigital.com.ar\/index.php?rest_route=\/wp\/v2\/users\/4"}],"replies":[{"embeddable":true,"href":"https:\/\/diariodelsurdigital.com.ar\/index.php?rest_route=%2Fwp%2Fv2%2Fcomments&post=5236"}],"version-history":[{"count":1,"href":"https:\/\/diariodelsurdigital.com.ar\/index.php?rest_route=\/wp\/v2\/posts\/5236\/revisions"}],"predecessor-version":[{"id":5238,"href":"https:\/\/diariodelsurdigital.com.ar\/index.php?rest_route=\/wp\/v2\/posts\/5236\/revisions\/5238"}],"wp:featuredmedia":[{"embeddable":true,"href":"https:\/\/diariodelsurdigital.com.ar\/index.php?rest_route=\/wp\/v2\/media\/5237"}],"wp:attachment":[{"href":"https:\/\/diariodelsurdigital.com.ar\/index.php?rest_route=%2Fwp%2Fv2%2Fmedia&parent=5236"}],"wp:term":[{"taxonomy":"category","embeddable":true,"href":"https:\/\/diariodelsurdigital.com.ar\/index.php?rest_route=%2Fwp%2Fv2%2Fcategories&post=5236"},{"taxonomy":"post_tag","embeddable":true,"href":"https:\/\/diariodelsurdigital.com.ar\/index.php?rest_route=%2Fwp%2Fv2%2Ftags&post=5236"}],"curies":[{"name":"wp","href":"https:\/\/api.w.org\/{rel}","templated":true}]}}