{"id":5239,"date":"2025-10-20T09:30:59","date_gmt":"2025-10-20T12:30:59","guid":{"rendered":"https:\/\/diariodelsurdigital.com.ar\/?p=5239"},"modified":"2025-10-20T09:31:00","modified_gmt":"2025-10-20T12:31:00","slug":"un-fallo-ordeno-restituir-todas-las-pensiones-por-discapacidad","status":"publish","type":"post","link":"https:\/\/diariodelsurdigital.com.ar\/?p=5239","title":{"rendered":"Un fallo orden\u00f3 restituir todas las pensiones por discapacidad"},"content":{"rendered":"\n<p>El Juzgado Federal N.\u00ba 2 de Catamarca dict\u00f3 un fallo hist\u00f3rico al ordenar que la Agencia Nacional de Discapacidad (Andis) restablezca de inmediato todas las pensiones suspendidas y se abstenga de realizar nuevas auditor\u00edas hasta que haya una sentencia definitiva.<\/p>\n\n\n\n<p>La medida se ampl\u00eda a todo el pa\u00eds la cautelar que ese mismo tribunal hab\u00eda dispuesto en septiembre de 2025, luego de M\u00faltiples reclamos presentados por organizaciones y personas afectadas por la suspensi\u00f3n masiva de pensiones no contributivas por invalidez laboral.<\/p>\n\n\n\n<p>Entre las entidades que promovieron las acciones se encuentran la Asociaci\u00f3n Azul, el Centro de Estudios Legales y Sociales (CELS), la Asociaci\u00f3n Civil por la Igualdad y la Justicia (ACIJ) y la Cl\u00ednica Jur\u00eddica en Discapacidad y Derechos Humanos de la Universidad Nacional de La Plata, adem\u00e1s de particulares que denunciaron la p\u00e9rdida de su sustento econ\u00f3mico.<\/p>\n\n\n\n<p>Restituci\u00f3n de las pensiones<br>La resoluci\u00f3n judicial dispone que la Andis, \u201cen un plazo de 24 horas desde el dictado de la presente, restablezca la totalidad de las pensiones suspendidas o retenidas, abone los haberes adeudados y suspenda toda auditor\u00eda o revisi\u00f3n basada en la normativa cuestionada (decreto 843\/2024)\u201d.<\/p>\n\n\n\n<p>El fallo subraya que las suspensiones afectar\u00e1n de forma homog\u00e9nea a millas de beneficiarios en todo el pa\u00eds, reconociendo que se trata de un caso colectivo donde las vulnerabilidades tienen un origen com\u00fan tanto en los hechos como en la normativa aplicada.<\/p>\n\n\n\n<p>Asimismo, el tribunal design\u00f3 como representantes del colectivo a la Asociaci\u00f3n de Personas y Familiares de Discapacitados Motores (APYFa.Di.M.) y la Asociaci\u00f3n Azul, por su compromiso y trayectoria en la defensa de los derechos de las personas con discapacidad.<\/p>\n\n\n\n<p>Desde el CELS destacaron que \u201cel restablecimiento inmediato de las pensiones y la suspensi\u00f3n de nuevas auditor\u00edas son medidas urgentes que devuelven a millas de personas el acceso a ingresos indispensables para vivir con dignidad\u201d.<\/p>\n","protected":false},"excerpt":{"rendered":"<p>El Juzgado Federal N.\u00ba 2 de Catamarca dict\u00f3 un fallo hist\u00f3rico al ordenar que la Agencia Nacional de Discapacidad (Andis) restablezca de inmediato todas las pensiones suspendidas y se abstenga de realizar nuevas auditor\u00edas hasta que haya una sentencia definitiva. La medida se ampl\u00eda a todo el pa\u00eds la cautelar que ese mismo tribunal hab\u00eda [&hellip;]<\/p>\n","protected":false},"author":4,"featured_media":5240,"comment_status":"open","ping_status":"open","sticky":false,"template":"","format":"standard","meta":{"footnotes":""},"categories":[19,18],"tags":[],"class_list":{"0":"post-5239","1":"post","2":"type-post","3":"status-publish","4":"format-standard","5":"has-post-thumbnail","7":"category-interes-general","8":"category-nacionales"},"yoast_head":"<!-- This site is optimized with the Yoast SEO plugin v27.4 - https:\/\/yoast.com\/product\/yoast-seo-wordpress\/ -->\n<title>Un fallo orden\u00f3 restituir todas las pensiones por discapacidad - Diario del Sur<\/title>\n<meta name=\"robots\" content=\"index, follow, max-snippet:-1, max-image-preview:large, max-video-preview:-1\" \/>\n<link rel=\"canonical\" href=\"https:\/\/diariodelsurdigital.com.ar\/?p=5239\" \/>\n<meta property=\"og:locale\" content=\"es_ES\" \/>\n<meta property=\"og:type\" content=\"article\" \/>\n<meta property=\"og:title\" content=\"Un fallo orden\u00f3 restituir todas las pensiones por discapacidad - Diario del Sur\" \/>\n<meta property=\"og:description\" content=\"El Juzgado Federal N.\u00ba 2 de Catamarca dict\u00f3 un fallo hist\u00f3rico al ordenar que la Agencia Nacional de Discapacidad (Andis) restablezca de inmediato todas las pensiones suspendidas y se abstenga de realizar nuevas auditor\u00edas hasta que haya una sentencia definitiva. La medida se ampl\u00eda a todo el pa\u00eds la cautelar que ese mismo tribunal hab\u00eda [&hellip;]\" \/>\n<meta property=\"og:url\" content=\"https:\/\/diariodelsurdigital.com.ar\/?p=5239\" \/>\n<meta property=\"og:site_name\" content=\"Diario del Sur\" \/>\n<meta property=\"article:published_time\" content=\"2025-10-20T12:30:59+00:00\" \/>\n<meta property=\"article:modified_time\" content=\"2025-10-20T12:31:00+00:00\" \/>\n<meta property=\"og:image\" content=\"https:\/\/diariodelsurdigital.com.ar\/wp-content\/uploads\/2025\/10\/md-45.webp\" \/>\n\t<meta property=\"og:image:width\" content=\"992\" \/>\n\t<meta property=\"og:image:height\" content=\"744\" \/>\n\t<meta property=\"og:image:type\" content=\"image\/webp\" \/>\n<meta name=\"author\" content=\"Diario del Sur Digital\" \/>\n<meta name=\"twitter:card\" content=\"summary_large_image\" \/>\n<meta name=\"twitter:label1\" content=\"Escrito por\" \/>\n\t<meta name=\"twitter:data1\" content=\"Diario del Sur Digital\" \/>\n\t<meta name=\"twitter:label2\" content=\"Tiempo de lectura\" \/>\n\t<meta name=\"twitter:data2\" content=\"2 minutos\" \/>\n<script type=\"application\/ld+json\" class=\"yoast-schema-graph\">{\"@context\":\"https:\\\/\\\/schema.org\",\"@graph\":[{\"@type\":\"Article\",\"@id\":\"https:\\\/\\\/diariodelsurdigital.com.ar\\\/?p=5239#article\",\"isPartOf\":{\"@id\":\"https:\\\/\\\/diariodelsurdigital.com.ar\\\/?p=5239\"},\"author\":{\"name\":\"Diario del Sur Digital\",\"@id\":\"https:\\\/\\\/diariodelsurdigital.com.ar\\\/#\\\/schema\\\/person\\\/1a4992532ed62965c968031b49195c81\"},\"headline\":\"Un fallo orden\u00f3 restituir todas las pensiones por discapacidad\",\"datePublished\":\"2025-10-20T12:30:59+00:00\",\"dateModified\":\"2025-10-20T12:31:00+00:00\",\"mainEntityOfPage\":{\"@id\":\"https:\\\/\\\/diariodelsurdigital.com.ar\\\/?p=5239\"},\"wordCount\":335,\"commentCount\":0,\"image\":{\"@id\":\"https:\\\/\\\/diariodelsurdigital.com.ar\\\/?p=5239#primaryimage\"},\"thumbnailUrl\":\"https:\\\/\\\/diariodelsurdigital.com.ar\\\/wp-content\\\/uploads\\\/2025\\\/10\\\/md-45.webp\",\"articleSection\":[\"Inter\u00e9s General\",\"Nacionales\"],\"inLanguage\":\"es\",\"potentialAction\":[{\"@type\":\"CommentAction\",\"name\":\"Comment\",\"target\":[\"https:\\\/\\\/diariodelsurdigital.com.ar\\\/?p=5239#respond\"]}]},{\"@type\":\"WebPage\",\"@id\":\"https:\\\/\\\/diariodelsurdigital.com.ar\\\/?p=5239\",\"url\":\"https:\\\/\\\/diariodelsurdigital.com.ar\\\/?p=5239\",\"name\":\"Un fallo orden\u00f3 restituir todas las pensiones por discapacidad - Diario del Sur\",\"isPartOf\":{\"@id\":\"https:\\\/\\\/diariodelsurdigital.com.ar\\\/#website\"},\"primaryImageOfPage\":{\"@id\":\"https:\\\/\\\/diariodelsurdigital.com.ar\\\/?p=5239#primaryimage\"},\"image\":{\"@id\":\"https:\\\/\\\/diariodelsurdigital.com.ar\\\/?p=5239#primaryimage\"},\"thumbnailUrl\":\"https:\\\/\\\/diariodelsurdigital.com.ar\\\/wp-content\\\/uploads\\\/2025\\\/10\\\/md-45.webp\",\"datePublished\":\"2025-10-20T12:30:59+00:00\",\"dateModified\":\"2025-10-20T12:31:00+00:00\",\"author\":{\"@id\":\"https:\\\/\\\/diariodelsurdigital.com.ar\\\/#\\\/schema\\\/person\\\/1a4992532ed62965c968031b49195c81\"},\"breadcrumb\":{\"@id\":\"https:\\\/\\\/diariodelsurdigital.com.ar\\\/?p=5239#breadcrumb\"},\"inLanguage\":\"es\",\"potentialAction\":[{\"@type\":\"ReadAction\",\"target\":[\"https:\\\/\\\/diariodelsurdigital.com.ar\\\/?p=5239\"]}]},{\"@type\":\"ImageObject\",\"inLanguage\":\"es\",\"@id\":\"https:\\\/\\\/diariodelsurdigital.com.ar\\\/?p=5239#primaryimage\",\"url\":\"https:\\\/\\\/diariodelsurdigital.com.ar\\\/wp-content\\\/uploads\\\/2025\\\/10\\\/md-45.webp\",\"contentUrl\":\"https:\\\/\\\/diariodelsurdigital.com.ar\\\/wp-content\\\/uploads\\\/2025\\\/10\\\/md-45.webp\",\"width\":992,\"height\":744},{\"@type\":\"BreadcrumbList\",\"@id\":\"https:\\\/\\\/diariodelsurdigital.com.ar\\\/?p=5239#breadcrumb\",\"itemListElement\":[{\"@type\":\"ListItem\",\"position\":1,\"name\":\"Portada\",\"item\":\"https:\\\/\\\/diariodelsurdigital.com.ar\\\/\"},{\"@type\":\"ListItem\",\"position\":2,\"name\":\"Un fallo orden\u00f3 restituir todas las pensiones por discapacidad\"}]},{\"@type\":\"WebSite\",\"@id\":\"https:\\\/\\\/diariodelsurdigital.com.ar\\\/#website\",\"url\":\"https:\\\/\\\/diariodelsurdigital.com.ar\\\/\",\"name\":\"Diario del Sur\",\"description\":\"Digital\",\"potentialAction\":[{\"@type\":\"SearchAction\",\"target\":{\"@type\":\"EntryPoint\",\"urlTemplate\":\"https:\\\/\\\/diariodelsurdigital.com.ar\\\/?s={search_term_string}\"},\"query-input\":{\"@type\":\"PropertyValueSpecification\",\"valueRequired\":true,\"valueName\":\"search_term_string\"}}],\"inLanguage\":\"es\"},{\"@type\":\"Person\",\"@id\":\"https:\\\/\\\/diariodelsurdigital.com.ar\\\/#\\\/schema\\\/person\\\/1a4992532ed62965c968031b49195c81\",\"name\":\"Diario del Sur Digital\",\"image\":{\"@type\":\"ImageObject\",\"inLanguage\":\"es\",\"@id\":\"https:\\\/\\\/secure.gravatar.com\\\/avatar\\\/f0c7c47fc7146d19828273b9b8eda651c9c7ab583767e6338d3d3bee825adf76?s=96&d=mm&r=g\",\"url\":\"https:\\\/\\\/secure.gravatar.com\\\/avatar\\\/f0c7c47fc7146d19828273b9b8eda651c9c7ab583767e6338d3d3bee825adf76?s=96&d=mm&r=g\",\"contentUrl\":\"https:\\\/\\\/secure.gravatar.com\\\/avatar\\\/f0c7c47fc7146d19828273b9b8eda651c9c7ab583767e6338d3d3bee825adf76?s=96&d=mm&r=g\",\"caption\":\"Diario del Sur Digital\"},\"url\":\"https:\\\/\\\/diariodelsurdigital.com.ar\\\/?author=4\"}]}<\/script>\n<!-- \/ Yoast SEO plugin. -->","yoast_head_json":{"title":"Un fallo orden\u00f3 restituir todas las pensiones por discapacidad - Diario del Sur","robots":{"index":"index","follow":"follow","max-snippet":"max-snippet:-1","max-image-preview":"max-image-preview:large","max-video-preview":"max-video-preview:-1"},"canonical":"https:\/\/diariodelsurdigital.com.ar\/?p=5239","og_locale":"es_ES","og_type":"article","og_title":"Un fallo orden\u00f3 restituir todas las pensiones por discapacidad - Diario del Sur","og_description":"El Juzgado Federal N.\u00ba 2 de Catamarca dict\u00f3 un fallo hist\u00f3rico al ordenar que la Agencia Nacional de Discapacidad (Andis) restablezca de inmediato todas las pensiones suspendidas y se abstenga de realizar nuevas auditor\u00edas hasta que haya una sentencia definitiva. La medida se ampl\u00eda a todo el pa\u00eds la cautelar que ese mismo tribunal hab\u00eda [&hellip;]","og_url":"https:\/\/diariodelsurdigital.com.ar\/?p=5239","og_site_name":"Diario del Sur","article_published_time":"2025-10-20T12:30:59+00:00","article_modified_time":"2025-10-20T12:31:00+00:00","og_image":[{"width":992,"height":744,"url":"https:\/\/diariodelsurdigital.com.ar\/wp-content\/uploads\/2025\/10\/md-45.webp","type":"image\/webp"}],"author":"Diario del Sur Digital","twitter_card":"summary_large_image","twitter_misc":{"Escrito por":"Diario del Sur Digital","Tiempo de lectura":"2 minutos"},"schema":{"@context":"https:\/\/schema.org","@graph":[{"@type":"Article","@id":"https:\/\/diariodelsurdigital.com.ar\/?p=5239#article","isPartOf":{"@id":"https:\/\/diariodelsurdigital.com.ar\/?p=5239"},"author":{"name":"Diario del Sur Digital","@id":"https:\/\/diariodelsurdigital.com.ar\/#\/schema\/person\/1a4992532ed62965c968031b49195c81"},"headline":"Un fallo orden\u00f3 restituir todas las pensiones por discapacidad","datePublished":"2025-10-20T12:30:59+00:00","dateModified":"2025-10-20T12:31:00+00:00","mainEntityOfPage":{"@id":"https:\/\/diariodelsurdigital.com.ar\/?p=5239"},"wordCount":335,"commentCount":0,"image":{"@id":"https:\/\/diariodelsurdigital.com.ar\/?p=5239#primaryimage"},"thumbnailUrl":"https:\/\/diariodelsurdigital.com.ar\/wp-content\/uploads\/2025\/10\/md-45.webp","articleSection":["Inter\u00e9s General","Nacionales"],"inLanguage":"es","potentialAction":[{"@type":"CommentAction","name":"Comment","target":["https:\/\/diariodelsurdigital.com.ar\/?p=5239#respond"]}]},{"@type":"WebPage","@id":"https:\/\/diariodelsurdigital.com.ar\/?p=5239","url":"https:\/\/diariodelsurdigital.com.ar\/?p=5239","name":"Un fallo orden\u00f3 restituir todas las pensiones por discapacidad - Diario del Sur","isPartOf":{"@id":"https:\/\/diariodelsurdigital.com.ar\/#website"},"primaryImageOfPage":{"@id":"https:\/\/diariodelsurdigital.com.ar\/?p=5239#primaryimage"},"image":{"@id":"https:\/\/diariodelsurdigital.com.ar\/?p=5239#primaryimage"},"thumbnailUrl":"https:\/\/diariodelsurdigital.com.ar\/wp-content\/uploads\/2025\/10\/md-45.webp","datePublished":"2025-10-20T12:30:59+00:00","dateModified":"2025-10-20T12:31:00+00:00","author":{"@id":"https:\/\/diariodelsurdigital.com.ar\/#\/schema\/person\/1a4992532ed62965c968031b49195c81"},"breadcrumb":{"@id":"https:\/\/diariodelsurdigital.com.ar\/?p=5239#breadcrumb"},"inLanguage":"es","potentialAction":[{"@type":"ReadAction","target":["https:\/\/diariodelsurdigital.com.ar\/?p=5239"]}]},{"@type":"ImageObject","inLanguage":"es","@id":"https:\/\/diariodelsurdigital.com.ar\/?p=5239#primaryimage","url":"https:\/\/diariodelsurdigital.com.ar\/wp-content\/uploads\/2025\/10\/md-45.webp","contentUrl":"https:\/\/diariodelsurdigital.com.ar\/wp-content\/uploads\/2025\/10\/md-45.webp","width":992,"height":744},{"@type":"BreadcrumbList","@id":"https:\/\/diariodelsurdigital.com.ar\/?p=5239#breadcrumb","itemListElement":[{"@type":"ListItem","position":1,"name":"Portada","item":"https:\/\/diariodelsurdigital.com.ar\/"},{"@type":"ListItem","position":2,"name":"Un fallo orden\u00f3 restituir todas las pensiones por discapacidad"}]},{"@type":"WebSite","@id":"https:\/\/diariodelsurdigital.com.ar\/#website","url":"https:\/\/diariodelsurdigital.com.ar\/","name":"Diario del Sur","description":"Digital","potentialAction":[{"@type":"SearchAction","target":{"@type":"EntryPoint","urlTemplate":"https:\/\/diariodelsurdigital.com.ar\/?s={search_term_string}"},"query-input":{"@type":"PropertyValueSpecification","valueRequired":true,"valueName":"search_term_string"}}],"inLanguage":"es"},{"@type":"Person","@id":"https:\/\/diariodelsurdigital.com.ar\/#\/schema\/person\/1a4992532ed62965c968031b49195c81","name":"Diario del Sur Digital","image":{"@type":"ImageObject","inLanguage":"es","@id":"https:\/\/secure.gravatar.com\/avatar\/f0c7c47fc7146d19828273b9b8eda651c9c7ab583767e6338d3d3bee825adf76?s=96&d=mm&r=g","url":"https:\/\/secure.gravatar.com\/avatar\/f0c7c47fc7146d19828273b9b8eda651c9c7ab583767e6338d3d3bee825adf76?s=96&d=mm&r=g","contentUrl":"https:\/\/secure.gravatar.com\/avatar\/f0c7c47fc7146d19828273b9b8eda651c9c7ab583767e6338d3d3bee825adf76?s=96&d=mm&r=g","caption":"Diario del Sur Digital"},"url":"https:\/\/diariodelsurdigital.com.ar\/?author=4"}]}},"_links":{"self":[{"href":"https:\/\/diariodelsurdigital.com.ar\/index.php?rest_route=\/wp\/v2\/posts\/5239","targetHints":{"allow":["GET"]}}],"collection":[{"href":"https:\/\/diariodelsurdigital.com.ar\/index.php?rest_route=\/wp\/v2\/posts"}],"about":[{"href":"https:\/\/diariodelsurdigital.com.ar\/index.php?rest_route=\/wp\/v2\/types\/post"}],"author":[{"embeddable":true,"href":"https:\/\/diariodelsurdigital.com.ar\/index.php?rest_route=\/wp\/v2\/users\/4"}],"replies":[{"embeddable":true,"href":"https:\/\/diariodelsurdigital.com.ar\/index.php?rest_route=%2Fwp%2Fv2%2Fcomments&post=5239"}],"version-history":[{"count":1,"href":"https:\/\/diariodelsurdigital.com.ar\/index.php?rest_route=\/wp\/v2\/posts\/5239\/revisions"}],"predecessor-version":[{"id":5241,"href":"https:\/\/diariodelsurdigital.com.ar\/index.php?rest_route=\/wp\/v2\/posts\/5239\/revisions\/5241"}],"wp:featuredmedia":[{"embeddable":true,"href":"https:\/\/diariodelsurdigital.com.ar\/index.php?rest_route=\/wp\/v2\/media\/5240"}],"wp:attachment":[{"href":"https:\/\/diariodelsurdigital.com.ar\/index.php?rest_route=%2Fwp%2Fv2%2Fmedia&parent=5239"}],"wp:term":[{"taxonomy":"category","embeddable":true,"href":"https:\/\/diariodelsurdigital.com.ar\/index.php?rest_route=%2Fwp%2Fv2%2Fcategories&post=5239"},{"taxonomy":"post_tag","embeddable":true,"href":"https:\/\/diariodelsurdigital.com.ar\/index.php?rest_route=%2Fwp%2Fv2%2Ftags&post=5239"}],"curies":[{"name":"wp","href":"https:\/\/api.w.org\/{rel}","templated":true}]}}