{"id":524,"date":"2025-01-09T15:21:38","date_gmt":"2025-01-09T18:21:38","guid":{"rendered":"https:\/\/diariodelsurdigital.com.ar\/?p=524"},"modified":"2025-01-09T15:21:39","modified_gmt":"2025-01-09T18:21:39","slug":"mauricio-macri-entrego-el-poder-y-ofrecio-una-alianza-a-javier-milei","status":"publish","type":"post","link":"https:\/\/diariodelsurdigital.com.ar\/?p=524","title":{"rendered":"Mauricio Macri entreg\u00f3 el poder y ofreci\u00f3 una alianza a Javier Milei"},"content":{"rendered":"\n<p>El expresidente&nbsp;<strong>Mauricio Macri<\/strong>&nbsp;propuso v\u00eda redes sociales a&nbsp;<strong>Javier Milei<\/strong>&nbsp;una&nbsp;<a href=\"https:\/\/www.tiempoar.com.ar\/ta_article\/macri-y-milei-entre-la-alianza-y-el-desamor\/\" target=\"_blank\" rel=\"noreferrer noopener\">alianza electoral<\/a>&nbsp;entre el&nbsp;<strong>PRO<\/strong>&nbsp;y La Libertad Avanza (<strong>LLA<\/strong>), de cara a los comicios legislativos de 2025. En la misiva p\u00fablica, Macri no repar\u00f3 en elogios hacia el presidente y se ilusion\u00f3 con \u00abrepresentar juntos\u00bb al electorado de derechas.<\/p>\n\n\n\n<p>\u00abQuerido Javier. Desde el PRO siempre vamos a estar del lado de los que trabajan para terminar con el populismo, la demagogia y la falta de transparencia. En definitiva, para que el kirchnerismo nunca m\u00e1s vuelva a gobernar el pa\u00eds o alguna de las 24 provincias argentinas\u00bb, comenz\u00f3 el escrito de Macri.<\/p>\n\n\n\n<p>En el mismo sentido, continu\u00f3: \u00abEs por eso que estamos dispuestos a conformar un equipo de trabajo conjuntamente con qui\u00e9n vos dispongas, para defender los logros obtenidos y tambi\u00e9n avanzar en una agenda profunda de cambios y transformaciones que la Argentina a\u00fan necesita. Nuestras convicciones y coherencia la planteamos tanto en el balotage del 2023 como en el acompa\u00f1amiento legislativo a lo largo de todo el 2024\u00bb.<\/p>\n\n\n\n<p>Finalmente, se ilusion\u00f3: \u00abEstoy seguro de que este a\u00f1o que comienza podemos representar juntos las banderas del cambio, la libertad y las instituciones\u00bb.<\/p>\n\n\n\n<p>Luego, el fundador del PRO dio detalles sobre el equipo que propuso para rubricar las relaciones electorales con el oficialismo: \u00abNuestra propuesta de equipo de trabajo est\u00e1 conformada por las siguientes personas: Cristian Ritondo, Ana Clara Romero, Silvia Lospennato, Hern\u00e1n Lacunza y Soledad Mart\u00ednez. Con ellos, y los nombres que LLA proponga, podemos conformar un equipo no solo para defender los logros obtenidos, sino tambi\u00e9n para avanzar en una agenda profunda de cambios y transformaciones que Argentina necesita\u00bb.<\/p>\n","protected":false},"excerpt":{"rendered":"<p>El expresidente&nbsp;Mauricio Macri&nbsp;propuso v\u00eda redes sociales a&nbsp;Javier Milei&nbsp;una&nbsp;alianza electoral&nbsp;entre el&nbsp;PRO&nbsp;y La Libertad Avanza (LLA), de cara a los comicios legislativos de 2025. En la misiva p\u00fablica, Macri no repar\u00f3 en elogios hacia el presidente y se ilusion\u00f3 con \u00abrepresentar juntos\u00bb al electorado de derechas. \u00abQuerido Javier. Desde el PRO siempre vamos a estar del lado [&hellip;]<\/p>\n","protected":false},"author":4,"featured_media":525,"comment_status":"open","ping_status":"open","sticky":false,"template":"","format":"standard","meta":{"footnotes":""},"categories":[18,22],"tags":[],"class_list":{"0":"post-524","1":"post","2":"type-post","3":"status-publish","4":"format-standard","5":"has-post-thumbnail","7":"category-nacionales","8":"category-politica"},"yoast_head":"<!-- This site is optimized with the Yoast SEO plugin v27.4 - https:\/\/yoast.com\/product\/yoast-seo-wordpress\/ -->\n<title>Mauricio Macri entreg\u00f3 el poder y ofreci\u00f3 una alianza a Javier Milei - Diario del Sur<\/title>\n<meta name=\"robots\" content=\"index, follow, max-snippet:-1, max-image-preview:large, max-video-preview:-1\" \/>\n<link rel=\"canonical\" href=\"https:\/\/diariodelsurdigital.com.ar\/?p=524\" \/>\n<meta property=\"og:locale\" content=\"es_ES\" \/>\n<meta property=\"og:type\" content=\"article\" \/>\n<meta property=\"og:title\" content=\"Mauricio Macri entreg\u00f3 el poder y ofreci\u00f3 una alianza a Javier Milei - Diario del Sur\" \/>\n<meta property=\"og:description\" content=\"El expresidente&nbsp;Mauricio Macri&nbsp;propuso v\u00eda redes sociales a&nbsp;Javier Milei&nbsp;una&nbsp;alianza electoral&nbsp;entre el&nbsp;PRO&nbsp;y La Libertad Avanza (LLA), de cara a los comicios legislativos de 2025. En la misiva p\u00fablica, Macri no repar\u00f3 en elogios hacia el presidente y se ilusion\u00f3 con \u00abrepresentar juntos\u00bb al electorado de derechas. \u00abQuerido Javier. Desde el PRO siempre vamos a estar del lado [&hellip;]\" \/>\n<meta property=\"og:url\" content=\"https:\/\/diariodelsurdigital.com.ar\/?p=524\" \/>\n<meta property=\"og:site_name\" content=\"Diario del Sur\" \/>\n<meta property=\"article:published_time\" content=\"2025-01-09T18:21:38+00:00\" \/>\n<meta property=\"article:modified_time\" content=\"2025-01-09T18:21:39+00:00\" \/>\n<meta property=\"og:image\" content=\"https:\/\/diariodelsurdigital.com.ar\/wp-content\/uploads\/2025\/01\/Web_milei-macri.jpg\" \/>\n\t<meta property=\"og:image:width\" content=\"1200\" \/>\n\t<meta property=\"og:image:height\" content=\"800\" \/>\n\t<meta property=\"og:image:type\" content=\"image\/jpeg\" \/>\n<meta name=\"author\" content=\"Diario del Sur Digital\" \/>\n<meta name=\"twitter:card\" content=\"summary_large_image\" \/>\n<meta name=\"twitter:label1\" content=\"Escrito por\" \/>\n\t<meta name=\"twitter:data1\" content=\"Diario del Sur Digital\" \/>\n\t<meta name=\"twitter:label2\" content=\"Tiempo de lectura\" \/>\n\t<meta name=\"twitter:data2\" content=\"2 minutos\" \/>\n<script type=\"application\/ld+json\" class=\"yoast-schema-graph\">{\"@context\":\"https:\\\/\\\/schema.org\",\"@graph\":[{\"@type\":\"Article\",\"@id\":\"https:\\\/\\\/diariodelsurdigital.com.ar\\\/?p=524#article\",\"isPartOf\":{\"@id\":\"https:\\\/\\\/diariodelsurdigital.com.ar\\\/?p=524\"},\"author\":{\"name\":\"Diario del Sur Digital\",\"@id\":\"https:\\\/\\\/diariodelsurdigital.com.ar\\\/#\\\/schema\\\/person\\\/1a4992532ed62965c968031b49195c81\"},\"headline\":\"Mauricio Macri entreg\u00f3 el poder y ofreci\u00f3 una alianza a Javier Milei\",\"datePublished\":\"2025-01-09T18:21:38+00:00\",\"dateModified\":\"2025-01-09T18:21:39+00:00\",\"mainEntityOfPage\":{\"@id\":\"https:\\\/\\\/diariodelsurdigital.com.ar\\\/?p=524\"},\"wordCount\":300,\"commentCount\":0,\"image\":{\"@id\":\"https:\\\/\\\/diariodelsurdigital.com.ar\\\/?p=524#primaryimage\"},\"thumbnailUrl\":\"https:\\\/\\\/diariodelsurdigital.com.ar\\\/wp-content\\\/uploads\\\/2025\\\/01\\\/Web_milei-macri.jpg\",\"articleSection\":[\"Nacionales\",\"Pol\u00edtica\"],\"inLanguage\":\"es\",\"potentialAction\":[{\"@type\":\"CommentAction\",\"name\":\"Comment\",\"target\":[\"https:\\\/\\\/diariodelsurdigital.com.ar\\\/?p=524#respond\"]}]},{\"@type\":\"WebPage\",\"@id\":\"https:\\\/\\\/diariodelsurdigital.com.ar\\\/?p=524\",\"url\":\"https:\\\/\\\/diariodelsurdigital.com.ar\\\/?p=524\",\"name\":\"Mauricio Macri entreg\u00f3 el poder y ofreci\u00f3 una alianza a Javier Milei - Diario del Sur\",\"isPartOf\":{\"@id\":\"https:\\\/\\\/diariodelsurdigital.com.ar\\\/#website\"},\"primaryImageOfPage\":{\"@id\":\"https:\\\/\\\/diariodelsurdigital.com.ar\\\/?p=524#primaryimage\"},\"image\":{\"@id\":\"https:\\\/\\\/diariodelsurdigital.com.ar\\\/?p=524#primaryimage\"},\"thumbnailUrl\":\"https:\\\/\\\/diariodelsurdigital.com.ar\\\/wp-content\\\/uploads\\\/2025\\\/01\\\/Web_milei-macri.jpg\",\"datePublished\":\"2025-01-09T18:21:38+00:00\",\"dateModified\":\"2025-01-09T18:21:39+00:00\",\"author\":{\"@id\":\"https:\\\/\\\/diariodelsurdigital.com.ar\\\/#\\\/schema\\\/person\\\/1a4992532ed62965c968031b49195c81\"},\"breadcrumb\":{\"@id\":\"https:\\\/\\\/diariodelsurdigital.com.ar\\\/?p=524#breadcrumb\"},\"inLanguage\":\"es\",\"potentialAction\":[{\"@type\":\"ReadAction\",\"target\":[\"https:\\\/\\\/diariodelsurdigital.com.ar\\\/?p=524\"]}]},{\"@type\":\"ImageObject\",\"inLanguage\":\"es\",\"@id\":\"https:\\\/\\\/diariodelsurdigital.com.ar\\\/?p=524#primaryimage\",\"url\":\"https:\\\/\\\/diariodelsurdigital.com.ar\\\/wp-content\\\/uploads\\\/2025\\\/01\\\/Web_milei-macri.jpg\",\"contentUrl\":\"https:\\\/\\\/diariodelsurdigital.com.ar\\\/wp-content\\\/uploads\\\/2025\\\/01\\\/Web_milei-macri.jpg\",\"width\":1200,\"height\":800},{\"@type\":\"BreadcrumbList\",\"@id\":\"https:\\\/\\\/diariodelsurdigital.com.ar\\\/?p=524#breadcrumb\",\"itemListElement\":[{\"@type\":\"ListItem\",\"position\":1,\"name\":\"Portada\",\"item\":\"https:\\\/\\\/diariodelsurdigital.com.ar\\\/\"},{\"@type\":\"ListItem\",\"position\":2,\"name\":\"Mauricio Macri entreg\u00f3 el poder y ofreci\u00f3 una alianza a Javier Milei\"}]},{\"@type\":\"WebSite\",\"@id\":\"https:\\\/\\\/diariodelsurdigital.com.ar\\\/#website\",\"url\":\"https:\\\/\\\/diariodelsurdigital.com.ar\\\/\",\"name\":\"Diario del Sur\",\"description\":\"Digital\",\"potentialAction\":[{\"@type\":\"SearchAction\",\"target\":{\"@type\":\"EntryPoint\",\"urlTemplate\":\"https:\\\/\\\/diariodelsurdigital.com.ar\\\/?s={search_term_string}\"},\"query-input\":{\"@type\":\"PropertyValueSpecification\",\"valueRequired\":true,\"valueName\":\"search_term_string\"}}],\"inLanguage\":\"es\"},{\"@type\":\"Person\",\"@id\":\"https:\\\/\\\/diariodelsurdigital.com.ar\\\/#\\\/schema\\\/person\\\/1a4992532ed62965c968031b49195c81\",\"name\":\"Diario del Sur Digital\",\"image\":{\"@type\":\"ImageObject\",\"inLanguage\":\"es\",\"@id\":\"https:\\\/\\\/secure.gravatar.com\\\/avatar\\\/f0c7c47fc7146d19828273b9b8eda651c9c7ab583767e6338d3d3bee825adf76?s=96&d=mm&r=g\",\"url\":\"https:\\\/\\\/secure.gravatar.com\\\/avatar\\\/f0c7c47fc7146d19828273b9b8eda651c9c7ab583767e6338d3d3bee825adf76?s=96&d=mm&r=g\",\"contentUrl\":\"https:\\\/\\\/secure.gravatar.com\\\/avatar\\\/f0c7c47fc7146d19828273b9b8eda651c9c7ab583767e6338d3d3bee825adf76?s=96&d=mm&r=g\",\"caption\":\"Diario del Sur Digital\"},\"url\":\"https:\\\/\\\/diariodelsurdigital.com.ar\\\/?author=4\"}]}<\/script>\n<!-- \/ Yoast SEO plugin. -->","yoast_head_json":{"title":"Mauricio Macri entreg\u00f3 el poder y ofreci\u00f3 una alianza a Javier Milei - Diario del Sur","robots":{"index":"index","follow":"follow","max-snippet":"max-snippet:-1","max-image-preview":"max-image-preview:large","max-video-preview":"max-video-preview:-1"},"canonical":"https:\/\/diariodelsurdigital.com.ar\/?p=524","og_locale":"es_ES","og_type":"article","og_title":"Mauricio Macri entreg\u00f3 el poder y ofreci\u00f3 una alianza a Javier Milei - Diario del Sur","og_description":"El expresidente&nbsp;Mauricio Macri&nbsp;propuso v\u00eda redes sociales a&nbsp;Javier Milei&nbsp;una&nbsp;alianza electoral&nbsp;entre el&nbsp;PRO&nbsp;y La Libertad Avanza (LLA), de cara a los comicios legislativos de 2025. En la misiva p\u00fablica, Macri no repar\u00f3 en elogios hacia el presidente y se ilusion\u00f3 con \u00abrepresentar juntos\u00bb al electorado de derechas. \u00abQuerido Javier. Desde el PRO siempre vamos a estar del lado [&hellip;]","og_url":"https:\/\/diariodelsurdigital.com.ar\/?p=524","og_site_name":"Diario del Sur","article_published_time":"2025-01-09T18:21:38+00:00","article_modified_time":"2025-01-09T18:21:39+00:00","og_image":[{"width":1200,"height":800,"url":"https:\/\/diariodelsurdigital.com.ar\/wp-content\/uploads\/2025\/01\/Web_milei-macri.jpg","type":"image\/jpeg"}],"author":"Diario del Sur Digital","twitter_card":"summary_large_image","twitter_misc":{"Escrito por":"Diario del Sur Digital","Tiempo de lectura":"2 minutos"},"schema":{"@context":"https:\/\/schema.org","@graph":[{"@type":"Article","@id":"https:\/\/diariodelsurdigital.com.ar\/?p=524#article","isPartOf":{"@id":"https:\/\/diariodelsurdigital.com.ar\/?p=524"},"author":{"name":"Diario del Sur Digital","@id":"https:\/\/diariodelsurdigital.com.ar\/#\/schema\/person\/1a4992532ed62965c968031b49195c81"},"headline":"Mauricio Macri entreg\u00f3 el poder y ofreci\u00f3 una alianza a Javier Milei","datePublished":"2025-01-09T18:21:38+00:00","dateModified":"2025-01-09T18:21:39+00:00","mainEntityOfPage":{"@id":"https:\/\/diariodelsurdigital.com.ar\/?p=524"},"wordCount":300,"commentCount":0,"image":{"@id":"https:\/\/diariodelsurdigital.com.ar\/?p=524#primaryimage"},"thumbnailUrl":"https:\/\/diariodelsurdigital.com.ar\/wp-content\/uploads\/2025\/01\/Web_milei-macri.jpg","articleSection":["Nacionales","Pol\u00edtica"],"inLanguage":"es","potentialAction":[{"@type":"CommentAction","name":"Comment","target":["https:\/\/diariodelsurdigital.com.ar\/?p=524#respond"]}]},{"@type":"WebPage","@id":"https:\/\/diariodelsurdigital.com.ar\/?p=524","url":"https:\/\/diariodelsurdigital.com.ar\/?p=524","name":"Mauricio Macri entreg\u00f3 el poder y ofreci\u00f3 una alianza a Javier Milei - Diario del Sur","isPartOf":{"@id":"https:\/\/diariodelsurdigital.com.ar\/#website"},"primaryImageOfPage":{"@id":"https:\/\/diariodelsurdigital.com.ar\/?p=524#primaryimage"},"image":{"@id":"https:\/\/diariodelsurdigital.com.ar\/?p=524#primaryimage"},"thumbnailUrl":"https:\/\/diariodelsurdigital.com.ar\/wp-content\/uploads\/2025\/01\/Web_milei-macri.jpg","datePublished":"2025-01-09T18:21:38+00:00","dateModified":"2025-01-09T18:21:39+00:00","author":{"@id":"https:\/\/diariodelsurdigital.com.ar\/#\/schema\/person\/1a4992532ed62965c968031b49195c81"},"breadcrumb":{"@id":"https:\/\/diariodelsurdigital.com.ar\/?p=524#breadcrumb"},"inLanguage":"es","potentialAction":[{"@type":"ReadAction","target":["https:\/\/diariodelsurdigital.com.ar\/?p=524"]}]},{"@type":"ImageObject","inLanguage":"es","@id":"https:\/\/diariodelsurdigital.com.ar\/?p=524#primaryimage","url":"https:\/\/diariodelsurdigital.com.ar\/wp-content\/uploads\/2025\/01\/Web_milei-macri.jpg","contentUrl":"https:\/\/diariodelsurdigital.com.ar\/wp-content\/uploads\/2025\/01\/Web_milei-macri.jpg","width":1200,"height":800},{"@type":"BreadcrumbList","@id":"https:\/\/diariodelsurdigital.com.ar\/?p=524#breadcrumb","itemListElement":[{"@type":"ListItem","position":1,"name":"Portada","item":"https:\/\/diariodelsurdigital.com.ar\/"},{"@type":"ListItem","position":2,"name":"Mauricio Macri entreg\u00f3 el poder y ofreci\u00f3 una alianza a Javier Milei"}]},{"@type":"WebSite","@id":"https:\/\/diariodelsurdigital.com.ar\/#website","url":"https:\/\/diariodelsurdigital.com.ar\/","name":"Diario del Sur","description":"Digital","potentialAction":[{"@type":"SearchAction","target":{"@type":"EntryPoint","urlTemplate":"https:\/\/diariodelsurdigital.com.ar\/?s={search_term_string}"},"query-input":{"@type":"PropertyValueSpecification","valueRequired":true,"valueName":"search_term_string"}}],"inLanguage":"es"},{"@type":"Person","@id":"https:\/\/diariodelsurdigital.com.ar\/#\/schema\/person\/1a4992532ed62965c968031b49195c81","name":"Diario del Sur Digital","image":{"@type":"ImageObject","inLanguage":"es","@id":"https:\/\/secure.gravatar.com\/avatar\/f0c7c47fc7146d19828273b9b8eda651c9c7ab583767e6338d3d3bee825adf76?s=96&d=mm&r=g","url":"https:\/\/secure.gravatar.com\/avatar\/f0c7c47fc7146d19828273b9b8eda651c9c7ab583767e6338d3d3bee825adf76?s=96&d=mm&r=g","contentUrl":"https:\/\/secure.gravatar.com\/avatar\/f0c7c47fc7146d19828273b9b8eda651c9c7ab583767e6338d3d3bee825adf76?s=96&d=mm&r=g","caption":"Diario del Sur Digital"},"url":"https:\/\/diariodelsurdigital.com.ar\/?author=4"}]}},"_links":{"self":[{"href":"https:\/\/diariodelsurdigital.com.ar\/index.php?rest_route=\/wp\/v2\/posts\/524","targetHints":{"allow":["GET"]}}],"collection":[{"href":"https:\/\/diariodelsurdigital.com.ar\/index.php?rest_route=\/wp\/v2\/posts"}],"about":[{"href":"https:\/\/diariodelsurdigital.com.ar\/index.php?rest_route=\/wp\/v2\/types\/post"}],"author":[{"embeddable":true,"href":"https:\/\/diariodelsurdigital.com.ar\/index.php?rest_route=\/wp\/v2\/users\/4"}],"replies":[{"embeddable":true,"href":"https:\/\/diariodelsurdigital.com.ar\/index.php?rest_route=%2Fwp%2Fv2%2Fcomments&post=524"}],"version-history":[{"count":1,"href":"https:\/\/diariodelsurdigital.com.ar\/index.php?rest_route=\/wp\/v2\/posts\/524\/revisions"}],"predecessor-version":[{"id":526,"href":"https:\/\/diariodelsurdigital.com.ar\/index.php?rest_route=\/wp\/v2\/posts\/524\/revisions\/526"}],"wp:featuredmedia":[{"embeddable":true,"href":"https:\/\/diariodelsurdigital.com.ar\/index.php?rest_route=\/wp\/v2\/media\/525"}],"wp:attachment":[{"href":"https:\/\/diariodelsurdigital.com.ar\/index.php?rest_route=%2Fwp%2Fv2%2Fmedia&parent=524"}],"wp:term":[{"taxonomy":"category","embeddable":true,"href":"https:\/\/diariodelsurdigital.com.ar\/index.php?rest_route=%2Fwp%2Fv2%2Fcategories&post=524"},{"taxonomy":"post_tag","embeddable":true,"href":"https:\/\/diariodelsurdigital.com.ar\/index.php?rest_route=%2Fwp%2Fv2%2Ftags&post=524"}],"curies":[{"name":"wp","href":"https:\/\/api.w.org\/{rel}","templated":true}]}}