{"id":5249,"date":"2025-10-21T10:32:44","date_gmt":"2025-10-21T13:32:44","guid":{"rendered":"https:\/\/diariodelsurdigital.com.ar\/?p=5249"},"modified":"2025-10-21T10:32:45","modified_gmt":"2025-10-21T13:32:45","slug":"escandalo-en-el-pami-funcionarios-libertarios-cobraron-por-ir-al-acto-de-milei","status":"publish","type":"post","link":"https:\/\/diariodelsurdigital.com.ar\/?p=5249","title":{"rendered":"Esc\u00e1ndalo en el PAMI: Funcionarios libertarios cobraron por ir al acto de Milei"},"content":{"rendered":"\n<p>En Santa Fe, funcionarios de La Libertad Avanza del PAMI dejaron oficinas vac\u00edas para viajar al evento de Javier Milei en Buenos Aires, cobrando d\u00edas laborales con el \u201cC\u00f3digo 73\u201d. ATE Rosario denunci\u00f3 la falta de atenci\u00f3n a jubilados, crisis estructural y sobreprecios en insumos, exigiendo una gesti\u00f3n transparente para el organismo.<\/p>\n\n\n\n<p>Mientras miles de jubilados en Santa Fe esperan horas para conseguir un turno o una autorizaci\u00f3n, un grupo de funcionarios de La Libertad Avanza del PAMI dej\u00f3 sus oficinas vac\u00edas para viajar a Buenos Aires y asistir al show pol\u00edtico de Javier Milei en el Movistar Arena. Lo m\u00e1s grave: cobraron esos d\u00edas como si hubieran trabajado.<\/p>\n\n\n\n<p>Seg\u00fan denunci\u00f3 ATE Rosario, el organismo reconoci\u00f3 como d\u00edas laborables el 6 y 7 de octubre a Cecilia Alejandra Ledesma (PAMI Tostado), Jos\u00e9 Mat\u00edas Hubeli (PAMI Esperanza), Elisabet Mar\u00eda Micocci (PAMI Santo Tom\u00e9), Juan Da Rocha (PAMI San Carlos) y Miguel Antonio Velazco, director de la Unidad XV de Santa Fe. Durante esas jornadas, las agencias quedaron sin firma responsable, dejando a cientos de afiliados sin poder realizar tr\u00e1mites ni acceder a medicamentos o prestaciones b\u00e1sicas.<\/p>\n\n\n\n<p>Los funcionarios utilizaron el \u201cC\u00f3digo 73\u201d, una franquicia que permite justificar la ausencia cuando se realizan tareas fuera del lugar habitual de trabajo. Sin embargo, seg\u00fan las fuentes gremiales, no se trat\u00f3 de una comisi\u00f3n institucional, sino de una actividad pol\u00edtica partidaria.<\/p>\n\n\n\n<p>\u201cEl PAMI se est\u00e1 incendiando y estos tipos se van de turismo al Movistar Arena\u201d, denunci\u00f3 Guillermo Grand, secretario gremial de ATE Rosario.<\/p>\n\n\n\n<p>\u201cHablan de transparencia y de terminar con la casta, pero son m\u00e1s casta que la casta. Entraron por la ventana, sin idoneidad, cobrando sueldos que superan los dos millones de pesos, mientras el 70% del personal est\u00e1 precarizado\u201d, agreg\u00f3.<\/p>\n\n\n\n<p>Crisis en el PAMI, con plan de lucha gremial<br>Grand record\u00f3 adem\u00e1s que el PAMI atraviesa una crisis estructural, con salarios congelados desde hace un a\u00f1o, falta de personal y prestaciones recortadas. \u201cTenemos problemas con los medicamentos, con los pa\u00f1ales, con las derivaciones m\u00e9dicas, y ahora encima aparecen estos funcionarios que usan la obra social de los jubilados como trampol\u00edn pol\u00edtico\u201d, afirm\u00f3.<\/p>\n\n\n\n<p>El dirigente tambi\u00e9n cuestion\u00f3 los recientes casos de sobreprecios en la compra de insumos oftalmol\u00f3gicos, donde un producto que antes costaba 50 mil pesos pas\u00f3 a pagarse entre 250 y 300 mil. \u201cEs un saqueo cotidiano. Por eso insistimos: hay que normalizar el PAMI, ponerlo en manos de los trabajadores y los jubilados, no de punteros pol\u00edticos que viven del Estado\u201d, sostuvo.<\/p>\n\n\n\n<p>Desde ATE Rosario remarcaron que la soluci\u00f3n pasa por terminar con la intervenci\u00f3n pol\u00edtica permanente sobre el organismo y devolver la gesti\u00f3n a un directorio conformado por representantes de los afiliados y los trabajadores.<\/p>\n\n\n\n<p>\u201cLa salud es un derecho. Basta de \u00f1oquis libertarios y del vaciamiento del PAMI. Queremos trabajo digno y una obra social que realmente cuide a los jubilados\u201d, concluyeron desde el gremio, public\u00f3 Mundo Gremial. <\/p>\n","protected":false},"excerpt":{"rendered":"<p>En Santa Fe, funcionarios de La Libertad Avanza del PAMI dejaron oficinas vac\u00edas para viajar al evento de Javier Milei en Buenos Aires, cobrando d\u00edas laborales con el \u201cC\u00f3digo 73\u201d. ATE Rosario denunci\u00f3 la falta de atenci\u00f3n a jubilados, crisis estructural y sobreprecios en insumos, exigiendo una gesti\u00f3n transparente para el organismo. Mientras miles de [&hellip;]<\/p>\n","protected":false},"author":4,"featured_media":5250,"comment_status":"open","ping_status":"open","sticky":false,"template":"","format":"standard","meta":{"footnotes":""},"categories":[18],"tags":[],"class_list":{"0":"post-5249","1":"post","2":"type-post","3":"status-publish","4":"format-standard","5":"has-post-thumbnail","7":"category-nacionales"},"yoast_head":"<!-- This site is optimized with the Yoast SEO plugin v27.4 - https:\/\/yoast.com\/product\/yoast-seo-wordpress\/ -->\n<title>Esc\u00e1ndalo en el PAMI: Funcionarios libertarios cobraron por ir al acto de Milei - Diario del Sur<\/title>\n<meta name=\"robots\" content=\"index, follow, max-snippet:-1, max-image-preview:large, max-video-preview:-1\" \/>\n<link rel=\"canonical\" href=\"https:\/\/diariodelsurdigital.com.ar\/?p=5249\" \/>\n<meta property=\"og:locale\" content=\"es_ES\" \/>\n<meta property=\"og:type\" content=\"article\" \/>\n<meta property=\"og:title\" content=\"Esc\u00e1ndalo en el PAMI: Funcionarios libertarios cobraron por ir al acto de Milei - Diario del Sur\" \/>\n<meta property=\"og:description\" content=\"En Santa Fe, funcionarios de La Libertad Avanza del PAMI dejaron oficinas vac\u00edas para viajar al evento de Javier Milei en Buenos Aires, cobrando d\u00edas laborales con el \u201cC\u00f3digo 73\u201d. ATE Rosario denunci\u00f3 la falta de atenci\u00f3n a jubilados, crisis estructural y sobreprecios en insumos, exigiendo una gesti\u00f3n transparente para el organismo. Mientras miles de [&hellip;]\" \/>\n<meta property=\"og:url\" content=\"https:\/\/diariodelsurdigital.com.ar\/?p=5249\" \/>\n<meta property=\"og:site_name\" content=\"Diario del Sur\" \/>\n<meta property=\"article:published_time\" content=\"2025-10-21T13:32:44+00:00\" \/>\n<meta property=\"article:modified_time\" content=\"2025-10-21T13:32:45+00:00\" \/>\n<meta property=\"og:image\" content=\"https:\/\/diariodelsurdigital.com.ar\/wp-content\/uploads\/2025\/10\/md-36-1.webp\" \/>\n\t<meta property=\"og:image:width\" content=\"992\" \/>\n\t<meta property=\"og:image:height\" content=\"709\" \/>\n\t<meta property=\"og:image:type\" content=\"image\/webp\" \/>\n<meta name=\"author\" content=\"Diario del Sur Digital\" \/>\n<meta name=\"twitter:card\" content=\"summary_large_image\" \/>\n<meta name=\"twitter:label1\" content=\"Escrito por\" \/>\n\t<meta name=\"twitter:data1\" content=\"Diario del Sur Digital\" \/>\n\t<meta name=\"twitter:label2\" content=\"Tiempo de lectura\" \/>\n\t<meta name=\"twitter:data2\" content=\"3 minutos\" \/>\n<script type=\"application\/ld+json\" class=\"yoast-schema-graph\">{\"@context\":\"https:\\\/\\\/schema.org\",\"@graph\":[{\"@type\":\"Article\",\"@id\":\"https:\\\/\\\/diariodelsurdigital.com.ar\\\/?p=5249#article\",\"isPartOf\":{\"@id\":\"https:\\\/\\\/diariodelsurdigital.com.ar\\\/?p=5249\"},\"author\":{\"name\":\"Diario del Sur Digital\",\"@id\":\"https:\\\/\\\/diariodelsurdigital.com.ar\\\/#\\\/schema\\\/person\\\/1a4992532ed62965c968031b49195c81\"},\"headline\":\"Esc\u00e1ndalo en el PAMI: Funcionarios libertarios cobraron por ir al acto de Milei\",\"datePublished\":\"2025-10-21T13:32:44+00:00\",\"dateModified\":\"2025-10-21T13:32:45+00:00\",\"mainEntityOfPage\":{\"@id\":\"https:\\\/\\\/diariodelsurdigital.com.ar\\\/?p=5249\"},\"wordCount\":520,\"commentCount\":0,\"image\":{\"@id\":\"https:\\\/\\\/diariodelsurdigital.com.ar\\\/?p=5249#primaryimage\"},\"thumbnailUrl\":\"https:\\\/\\\/diariodelsurdigital.com.ar\\\/wp-content\\\/uploads\\\/2025\\\/10\\\/md-36-1.webp\",\"articleSection\":[\"Nacionales\"],\"inLanguage\":\"es\",\"potentialAction\":[{\"@type\":\"CommentAction\",\"name\":\"Comment\",\"target\":[\"https:\\\/\\\/diariodelsurdigital.com.ar\\\/?p=5249#respond\"]}]},{\"@type\":\"WebPage\",\"@id\":\"https:\\\/\\\/diariodelsurdigital.com.ar\\\/?p=5249\",\"url\":\"https:\\\/\\\/diariodelsurdigital.com.ar\\\/?p=5249\",\"name\":\"Esc\u00e1ndalo en el PAMI: Funcionarios libertarios cobraron por ir al acto de Milei - Diario del Sur\",\"isPartOf\":{\"@id\":\"https:\\\/\\\/diariodelsurdigital.com.ar\\\/#website\"},\"primaryImageOfPage\":{\"@id\":\"https:\\\/\\\/diariodelsurdigital.com.ar\\\/?p=5249#primaryimage\"},\"image\":{\"@id\":\"https:\\\/\\\/diariodelsurdigital.com.ar\\\/?p=5249#primaryimage\"},\"thumbnailUrl\":\"https:\\\/\\\/diariodelsurdigital.com.ar\\\/wp-content\\\/uploads\\\/2025\\\/10\\\/md-36-1.webp\",\"datePublished\":\"2025-10-21T13:32:44+00:00\",\"dateModified\":\"2025-10-21T13:32:45+00:00\",\"author\":{\"@id\":\"https:\\\/\\\/diariodelsurdigital.com.ar\\\/#\\\/schema\\\/person\\\/1a4992532ed62965c968031b49195c81\"},\"breadcrumb\":{\"@id\":\"https:\\\/\\\/diariodelsurdigital.com.ar\\\/?p=5249#breadcrumb\"},\"inLanguage\":\"es\",\"potentialAction\":[{\"@type\":\"ReadAction\",\"target\":[\"https:\\\/\\\/diariodelsurdigital.com.ar\\\/?p=5249\"]}]},{\"@type\":\"ImageObject\",\"inLanguage\":\"es\",\"@id\":\"https:\\\/\\\/diariodelsurdigital.com.ar\\\/?p=5249#primaryimage\",\"url\":\"https:\\\/\\\/diariodelsurdigital.com.ar\\\/wp-content\\\/uploads\\\/2025\\\/10\\\/md-36-1.webp\",\"contentUrl\":\"https:\\\/\\\/diariodelsurdigital.com.ar\\\/wp-content\\\/uploads\\\/2025\\\/10\\\/md-36-1.webp\",\"width\":992,\"height\":709},{\"@type\":\"BreadcrumbList\",\"@id\":\"https:\\\/\\\/diariodelsurdigital.com.ar\\\/?p=5249#breadcrumb\",\"itemListElement\":[{\"@type\":\"ListItem\",\"position\":1,\"name\":\"Portada\",\"item\":\"https:\\\/\\\/diariodelsurdigital.com.ar\\\/\"},{\"@type\":\"ListItem\",\"position\":2,\"name\":\"Esc\u00e1ndalo en el PAMI: Funcionarios libertarios cobraron por ir al acto de Milei\"}]},{\"@type\":\"WebSite\",\"@id\":\"https:\\\/\\\/diariodelsurdigital.com.ar\\\/#website\",\"url\":\"https:\\\/\\\/diariodelsurdigital.com.ar\\\/\",\"name\":\"Diario del Sur\",\"description\":\"Digital\",\"potentialAction\":[{\"@type\":\"SearchAction\",\"target\":{\"@type\":\"EntryPoint\",\"urlTemplate\":\"https:\\\/\\\/diariodelsurdigital.com.ar\\\/?s={search_term_string}\"},\"query-input\":{\"@type\":\"PropertyValueSpecification\",\"valueRequired\":true,\"valueName\":\"search_term_string\"}}],\"inLanguage\":\"es\"},{\"@type\":\"Person\",\"@id\":\"https:\\\/\\\/diariodelsurdigital.com.ar\\\/#\\\/schema\\\/person\\\/1a4992532ed62965c968031b49195c81\",\"name\":\"Diario del Sur Digital\",\"image\":{\"@type\":\"ImageObject\",\"inLanguage\":\"es\",\"@id\":\"https:\\\/\\\/secure.gravatar.com\\\/avatar\\\/f0c7c47fc7146d19828273b9b8eda651c9c7ab583767e6338d3d3bee825adf76?s=96&d=mm&r=g\",\"url\":\"https:\\\/\\\/secure.gravatar.com\\\/avatar\\\/f0c7c47fc7146d19828273b9b8eda651c9c7ab583767e6338d3d3bee825adf76?s=96&d=mm&r=g\",\"contentUrl\":\"https:\\\/\\\/secure.gravatar.com\\\/avatar\\\/f0c7c47fc7146d19828273b9b8eda651c9c7ab583767e6338d3d3bee825adf76?s=96&d=mm&r=g\",\"caption\":\"Diario del Sur Digital\"},\"url\":\"https:\\\/\\\/diariodelsurdigital.com.ar\\\/?author=4\"}]}<\/script>\n<!-- \/ Yoast SEO plugin. -->","yoast_head_json":{"title":"Esc\u00e1ndalo en el PAMI: Funcionarios libertarios cobraron por ir al acto de Milei - Diario del Sur","robots":{"index":"index","follow":"follow","max-snippet":"max-snippet:-1","max-image-preview":"max-image-preview:large","max-video-preview":"max-video-preview:-1"},"canonical":"https:\/\/diariodelsurdigital.com.ar\/?p=5249","og_locale":"es_ES","og_type":"article","og_title":"Esc\u00e1ndalo en el PAMI: Funcionarios libertarios cobraron por ir al acto de Milei - Diario del Sur","og_description":"En Santa Fe, funcionarios de La Libertad Avanza del PAMI dejaron oficinas vac\u00edas para viajar al evento de Javier Milei en Buenos Aires, cobrando d\u00edas laborales con el \u201cC\u00f3digo 73\u201d. ATE Rosario denunci\u00f3 la falta de atenci\u00f3n a jubilados, crisis estructural y sobreprecios en insumos, exigiendo una gesti\u00f3n transparente para el organismo. Mientras miles de [&hellip;]","og_url":"https:\/\/diariodelsurdigital.com.ar\/?p=5249","og_site_name":"Diario del Sur","article_published_time":"2025-10-21T13:32:44+00:00","article_modified_time":"2025-10-21T13:32:45+00:00","og_image":[{"width":992,"height":709,"url":"https:\/\/diariodelsurdigital.com.ar\/wp-content\/uploads\/2025\/10\/md-36-1.webp","type":"image\/webp"}],"author":"Diario del Sur Digital","twitter_card":"summary_large_image","twitter_misc":{"Escrito por":"Diario del Sur Digital","Tiempo de lectura":"3 minutos"},"schema":{"@context":"https:\/\/schema.org","@graph":[{"@type":"Article","@id":"https:\/\/diariodelsurdigital.com.ar\/?p=5249#article","isPartOf":{"@id":"https:\/\/diariodelsurdigital.com.ar\/?p=5249"},"author":{"name":"Diario del Sur Digital","@id":"https:\/\/diariodelsurdigital.com.ar\/#\/schema\/person\/1a4992532ed62965c968031b49195c81"},"headline":"Esc\u00e1ndalo en el PAMI: Funcionarios libertarios cobraron por ir al acto de Milei","datePublished":"2025-10-21T13:32:44+00:00","dateModified":"2025-10-21T13:32:45+00:00","mainEntityOfPage":{"@id":"https:\/\/diariodelsurdigital.com.ar\/?p=5249"},"wordCount":520,"commentCount":0,"image":{"@id":"https:\/\/diariodelsurdigital.com.ar\/?p=5249#primaryimage"},"thumbnailUrl":"https:\/\/diariodelsurdigital.com.ar\/wp-content\/uploads\/2025\/10\/md-36-1.webp","articleSection":["Nacionales"],"inLanguage":"es","potentialAction":[{"@type":"CommentAction","name":"Comment","target":["https:\/\/diariodelsurdigital.com.ar\/?p=5249#respond"]}]},{"@type":"WebPage","@id":"https:\/\/diariodelsurdigital.com.ar\/?p=5249","url":"https:\/\/diariodelsurdigital.com.ar\/?p=5249","name":"Esc\u00e1ndalo en el PAMI: Funcionarios libertarios cobraron por ir al acto de Milei - Diario del Sur","isPartOf":{"@id":"https:\/\/diariodelsurdigital.com.ar\/#website"},"primaryImageOfPage":{"@id":"https:\/\/diariodelsurdigital.com.ar\/?p=5249#primaryimage"},"image":{"@id":"https:\/\/diariodelsurdigital.com.ar\/?p=5249#primaryimage"},"thumbnailUrl":"https:\/\/diariodelsurdigital.com.ar\/wp-content\/uploads\/2025\/10\/md-36-1.webp","datePublished":"2025-10-21T13:32:44+00:00","dateModified":"2025-10-21T13:32:45+00:00","author":{"@id":"https:\/\/diariodelsurdigital.com.ar\/#\/schema\/person\/1a4992532ed62965c968031b49195c81"},"breadcrumb":{"@id":"https:\/\/diariodelsurdigital.com.ar\/?p=5249#breadcrumb"},"inLanguage":"es","potentialAction":[{"@type":"ReadAction","target":["https:\/\/diariodelsurdigital.com.ar\/?p=5249"]}]},{"@type":"ImageObject","inLanguage":"es","@id":"https:\/\/diariodelsurdigital.com.ar\/?p=5249#primaryimage","url":"https:\/\/diariodelsurdigital.com.ar\/wp-content\/uploads\/2025\/10\/md-36-1.webp","contentUrl":"https:\/\/diariodelsurdigital.com.ar\/wp-content\/uploads\/2025\/10\/md-36-1.webp","width":992,"height":709},{"@type":"BreadcrumbList","@id":"https:\/\/diariodelsurdigital.com.ar\/?p=5249#breadcrumb","itemListElement":[{"@type":"ListItem","position":1,"name":"Portada","item":"https:\/\/diariodelsurdigital.com.ar\/"},{"@type":"ListItem","position":2,"name":"Esc\u00e1ndalo en el PAMI: Funcionarios libertarios cobraron por ir al acto de Milei"}]},{"@type":"WebSite","@id":"https:\/\/diariodelsurdigital.com.ar\/#website","url":"https:\/\/diariodelsurdigital.com.ar\/","name":"Diario del Sur","description":"Digital","potentialAction":[{"@type":"SearchAction","target":{"@type":"EntryPoint","urlTemplate":"https:\/\/diariodelsurdigital.com.ar\/?s={search_term_string}"},"query-input":{"@type":"PropertyValueSpecification","valueRequired":true,"valueName":"search_term_string"}}],"inLanguage":"es"},{"@type":"Person","@id":"https:\/\/diariodelsurdigital.com.ar\/#\/schema\/person\/1a4992532ed62965c968031b49195c81","name":"Diario del Sur Digital","image":{"@type":"ImageObject","inLanguage":"es","@id":"https:\/\/secure.gravatar.com\/avatar\/f0c7c47fc7146d19828273b9b8eda651c9c7ab583767e6338d3d3bee825adf76?s=96&d=mm&r=g","url":"https:\/\/secure.gravatar.com\/avatar\/f0c7c47fc7146d19828273b9b8eda651c9c7ab583767e6338d3d3bee825adf76?s=96&d=mm&r=g","contentUrl":"https:\/\/secure.gravatar.com\/avatar\/f0c7c47fc7146d19828273b9b8eda651c9c7ab583767e6338d3d3bee825adf76?s=96&d=mm&r=g","caption":"Diario del Sur Digital"},"url":"https:\/\/diariodelsurdigital.com.ar\/?author=4"}]}},"_links":{"self":[{"href":"https:\/\/diariodelsurdigital.com.ar\/index.php?rest_route=\/wp\/v2\/posts\/5249","targetHints":{"allow":["GET"]}}],"collection":[{"href":"https:\/\/diariodelsurdigital.com.ar\/index.php?rest_route=\/wp\/v2\/posts"}],"about":[{"href":"https:\/\/diariodelsurdigital.com.ar\/index.php?rest_route=\/wp\/v2\/types\/post"}],"author":[{"embeddable":true,"href":"https:\/\/diariodelsurdigital.com.ar\/index.php?rest_route=\/wp\/v2\/users\/4"}],"replies":[{"embeddable":true,"href":"https:\/\/diariodelsurdigital.com.ar\/index.php?rest_route=%2Fwp%2Fv2%2Fcomments&post=5249"}],"version-history":[{"count":1,"href":"https:\/\/diariodelsurdigital.com.ar\/index.php?rest_route=\/wp\/v2\/posts\/5249\/revisions"}],"predecessor-version":[{"id":5251,"href":"https:\/\/diariodelsurdigital.com.ar\/index.php?rest_route=\/wp\/v2\/posts\/5249\/revisions\/5251"}],"wp:featuredmedia":[{"embeddable":true,"href":"https:\/\/diariodelsurdigital.com.ar\/index.php?rest_route=\/wp\/v2\/media\/5250"}],"wp:attachment":[{"href":"https:\/\/diariodelsurdigital.com.ar\/index.php?rest_route=%2Fwp%2Fv2%2Fmedia&parent=5249"}],"wp:term":[{"taxonomy":"category","embeddable":true,"href":"https:\/\/diariodelsurdigital.com.ar\/index.php?rest_route=%2Fwp%2Fv2%2Fcategories&post=5249"},{"taxonomy":"post_tag","embeddable":true,"href":"https:\/\/diariodelsurdigital.com.ar\/index.php?rest_route=%2Fwp%2Fv2%2Ftags&post=5249"}],"curies":[{"name":"wp","href":"https:\/\/api.w.org\/{rel}","templated":true}]}}