{"id":5252,"date":"2025-10-21T10:36:05","date_gmt":"2025-10-21T13:36:05","guid":{"rendered":"https:\/\/diariodelsurdigital.com.ar\/?p=5252"},"modified":"2025-10-21T10:36:06","modified_gmt":"2025-10-21T13:36:06","slug":"la-ucr-insta-a-votar-a-alianza-la-libertad-avanza-y-advirtio-que-votar-en-blanco-no-es-una-opcion","status":"publish","type":"post","link":"https:\/\/diariodelsurdigital.com.ar\/?p=5252","title":{"rendered":"La UCR insta a votar a Alianza La Libertad Avanza y advirti\u00f3 que \u201cvotar en blanco no es una opci\u00f3n\u00bb"},"content":{"rendered":"\n<p>Desde el Comit\u00e9 Provincial de la Uni\u00f3n C\u00edvica Radical (UCR) de Entre R\u00edos emitieron un comunicado en el que reafirmaron su apoyo total a la gesti\u00f3n del gobernador Rogelio Frigerio e instaron a sus afiliados y simpatizantes a ejercer un voto \u00abfirme y consciente\u00bb a sus candidatos, advirtiendo que la abstenci\u00f3n o el voto en blanco \u00abdebilita el proceso de transformaci\u00f3n\u00bb en curso. Es en respuesta al sector interno UCR Activa que llam\u00f3 a votar en blanco.<\/p>\n\n\n\n<p><br>\u201cLa Uni\u00f3n C\u00edvica Radical de Entre R\u00edos culmina esta etapa electoral reafirmando, sin reservas, su compromiso con el cambio profundo que la provincia eligi\u00f3 y que el gobernador Rogelio Frigerio lidera desde que asumi\u00f3 en diciembre de 2023\u201d, se\u00f1alaron desde la UCR en un comunicado de prensa.<\/p>\n\n\n\n<p><br>\u201c\u00e2\u20ac\u2039Desde entonces, el Radicalismo ha acompa\u00f1ado con responsabilidad una gesti\u00f3n que ha marcado un rumbo distinto: orden en las cuentas, transparencia, reactivaci\u00f3n de la obra p\u00fablica y una defensa firme de los intereses de Entre R\u00edos. El Gobernador ha demostrado que se puede gobernar con austeridad y di\u00e1logo y nuestro partido es parte activa de esta transformaci\u00f3n, aportando dirigentes, cuadros t\u00e9cnicos y legisladores\u201d, afirmaron luego.<\/p>\n\n\n\n<p>\u00e2\u20ac\u2039\u201cDe cara a la elecci\u00f3n, el Comit\u00e9 Provincial de la UCR hace un llamado urgente a toda la ciudadan\u00eda entrerriana a ejercer un voto firme y consciente. Los invitamos a acompa\u00f1ar con su voto a nuestros candidatos\u201d, enfatizaron.<\/p>\n\n\n\n<p>\u201cA nuestros afiliados y simpatizantes, les decimos con claridad: el radicalismo es el motor del cambio y de la acci\u00f3n. En esta instancia decisiva, donde se define la continuidad del progreso, votar en blanco NO es una OPCI\u00d3N que los radicales debamos considerar\u201d, advirtieron.<\/p>\n\n\n\n<p>\u201cEl Voto en Blanco debilita el proceso de transformaci\u00f3n en curso, favoreciendo el retorno a un pasado que no queremos que se repita\u201d, sostuvieron en otro p\u00e1rrafo.<\/p>\n\n\n\n<p>\u201cPor lo tanto, la \u00fanica postura coherente y constructiva es apoyar categ\u00f3ricamente con el voto a aquellos candidatos que aseguran la firmeza y la profundizaci\u00f3n de la gesti\u00f3n provincial\u201d.<\/p>\n\n\n\n<p>\u201cEl Radicalismo seguir\u00e1 siendo garante de este rumbo: un socio cr\u00edtico cuando sea necesario, pero siempre constructivo, para asegurar una provincia que mira hacia adelante, con desarrollo, justicia y libertad\u201d, finalizaron.<\/p>\n","protected":false},"excerpt":{"rendered":"<p>Desde el Comit\u00e9 Provincial de la Uni\u00f3n C\u00edvica Radical (UCR) de Entre R\u00edos emitieron un comunicado en el que reafirmaron su apoyo total a la gesti\u00f3n del gobernador Rogelio Frigerio e instaron a sus afiliados y simpatizantes a ejercer un voto \u00abfirme y consciente\u00bb a sus candidatos, advirtiendo que la abstenci\u00f3n o el voto en [&hellip;]<\/p>\n","protected":false},"author":4,"featured_media":5253,"comment_status":"open","ping_status":"open","sticky":false,"template":"","format":"standard","meta":{"footnotes":""},"categories":[17],"tags":[],"class_list":{"0":"post-5252","1":"post","2":"type-post","3":"status-publish","4":"format-standard","5":"has-post-thumbnail","7":"category-provinciales"},"yoast_head":"<!-- This site is optimized with the Yoast SEO plugin v27.4 - https:\/\/yoast.com\/product\/yoast-seo-wordpress\/ -->\n<title>La UCR insta a votar a Alianza La Libertad Avanza y advirti\u00f3 que \u201cvotar en blanco no es una opci\u00f3n&quot; - Diario del Sur<\/title>\n<meta name=\"robots\" content=\"index, follow, max-snippet:-1, max-image-preview:large, max-video-preview:-1\" \/>\n<link rel=\"canonical\" href=\"https:\/\/diariodelsurdigital.com.ar\/?p=5252\" \/>\n<meta property=\"og:locale\" content=\"es_ES\" \/>\n<meta property=\"og:type\" content=\"article\" \/>\n<meta property=\"og:title\" content=\"La UCR insta a votar a Alianza La Libertad Avanza y advirti\u00f3 que \u201cvotar en blanco no es una opci\u00f3n&quot; - Diario del Sur\" \/>\n<meta property=\"og:description\" content=\"Desde el Comit\u00e9 Provincial de la Uni\u00f3n C\u00edvica Radical (UCR) de Entre R\u00edos emitieron un comunicado en el que reafirmaron su apoyo total a la gesti\u00f3n del gobernador Rogelio Frigerio e instaron a sus afiliados y simpatizantes a ejercer un voto \u00abfirme y consciente\u00bb a sus candidatos, advirtiendo que la abstenci\u00f3n o el voto en [&hellip;]\" \/>\n<meta property=\"og:url\" content=\"https:\/\/diariodelsurdigital.com.ar\/?p=5252\" \/>\n<meta property=\"og:site_name\" content=\"Diario del Sur\" \/>\n<meta property=\"article:published_time\" content=\"2025-10-21T13:36:05+00:00\" \/>\n<meta property=\"article:modified_time\" content=\"2025-10-21T13:36:06+00:00\" \/>\n<meta property=\"og:image\" content=\"https:\/\/diariodelsurdigital.com.ar\/wp-content\/uploads\/2025\/10\/md-37-1.webp\" \/>\n\t<meta property=\"og:image:width\" content=\"992\" \/>\n\t<meta property=\"og:image:height\" content=\"557\" \/>\n\t<meta property=\"og:image:type\" content=\"image\/webp\" \/>\n<meta name=\"author\" content=\"Diario del Sur Digital\" \/>\n<meta name=\"twitter:card\" content=\"summary_large_image\" \/>\n<meta name=\"twitter:label1\" content=\"Escrito por\" \/>\n\t<meta name=\"twitter:data1\" content=\"Diario del Sur Digital\" \/>\n\t<meta name=\"twitter:label2\" content=\"Tiempo de lectura\" \/>\n\t<meta name=\"twitter:data2\" content=\"2 minutos\" \/>\n<script type=\"application\/ld+json\" class=\"yoast-schema-graph\">{\"@context\":\"https:\\\/\\\/schema.org\",\"@graph\":[{\"@type\":\"Article\",\"@id\":\"https:\\\/\\\/diariodelsurdigital.com.ar\\\/?p=5252#article\",\"isPartOf\":{\"@id\":\"https:\\\/\\\/diariodelsurdigital.com.ar\\\/?p=5252\"},\"author\":{\"name\":\"Diario del Sur Digital\",\"@id\":\"https:\\\/\\\/diariodelsurdigital.com.ar\\\/#\\\/schema\\\/person\\\/1a4992532ed62965c968031b49195c81\"},\"headline\":\"La UCR insta a votar a Alianza La Libertad Avanza y advirti\u00f3 que \u201cvotar en blanco no es una opci\u00f3n\u00bb\",\"datePublished\":\"2025-10-21T13:36:05+00:00\",\"dateModified\":\"2025-10-21T13:36:06+00:00\",\"mainEntityOfPage\":{\"@id\":\"https:\\\/\\\/diariodelsurdigital.com.ar\\\/?p=5252\"},\"wordCount\":407,\"commentCount\":0,\"image\":{\"@id\":\"https:\\\/\\\/diariodelsurdigital.com.ar\\\/?p=5252#primaryimage\"},\"thumbnailUrl\":\"https:\\\/\\\/diariodelsurdigital.com.ar\\\/wp-content\\\/uploads\\\/2025\\\/10\\\/md-37-1.webp\",\"articleSection\":[\"Provinciales\"],\"inLanguage\":\"es\",\"potentialAction\":[{\"@type\":\"CommentAction\",\"name\":\"Comment\",\"target\":[\"https:\\\/\\\/diariodelsurdigital.com.ar\\\/?p=5252#respond\"]}]},{\"@type\":\"WebPage\",\"@id\":\"https:\\\/\\\/diariodelsurdigital.com.ar\\\/?p=5252\",\"url\":\"https:\\\/\\\/diariodelsurdigital.com.ar\\\/?p=5252\",\"name\":\"La UCR insta a votar a Alianza La Libertad Avanza y advirti\u00f3 que \u201cvotar en blanco no es una opci\u00f3n\\\" - Diario del Sur\",\"isPartOf\":{\"@id\":\"https:\\\/\\\/diariodelsurdigital.com.ar\\\/#website\"},\"primaryImageOfPage\":{\"@id\":\"https:\\\/\\\/diariodelsurdigital.com.ar\\\/?p=5252#primaryimage\"},\"image\":{\"@id\":\"https:\\\/\\\/diariodelsurdigital.com.ar\\\/?p=5252#primaryimage\"},\"thumbnailUrl\":\"https:\\\/\\\/diariodelsurdigital.com.ar\\\/wp-content\\\/uploads\\\/2025\\\/10\\\/md-37-1.webp\",\"datePublished\":\"2025-10-21T13:36:05+00:00\",\"dateModified\":\"2025-10-21T13:36:06+00:00\",\"author\":{\"@id\":\"https:\\\/\\\/diariodelsurdigital.com.ar\\\/#\\\/schema\\\/person\\\/1a4992532ed62965c968031b49195c81\"},\"breadcrumb\":{\"@id\":\"https:\\\/\\\/diariodelsurdigital.com.ar\\\/?p=5252#breadcrumb\"},\"inLanguage\":\"es\",\"potentialAction\":[{\"@type\":\"ReadAction\",\"target\":[\"https:\\\/\\\/diariodelsurdigital.com.ar\\\/?p=5252\"]}]},{\"@type\":\"ImageObject\",\"inLanguage\":\"es\",\"@id\":\"https:\\\/\\\/diariodelsurdigital.com.ar\\\/?p=5252#primaryimage\",\"url\":\"https:\\\/\\\/diariodelsurdigital.com.ar\\\/wp-content\\\/uploads\\\/2025\\\/10\\\/md-37-1.webp\",\"contentUrl\":\"https:\\\/\\\/diariodelsurdigital.com.ar\\\/wp-content\\\/uploads\\\/2025\\\/10\\\/md-37-1.webp\",\"width\":992,\"height\":557},{\"@type\":\"BreadcrumbList\",\"@id\":\"https:\\\/\\\/diariodelsurdigital.com.ar\\\/?p=5252#breadcrumb\",\"itemListElement\":[{\"@type\":\"ListItem\",\"position\":1,\"name\":\"Portada\",\"item\":\"https:\\\/\\\/diariodelsurdigital.com.ar\\\/\"},{\"@type\":\"ListItem\",\"position\":2,\"name\":\"La UCR insta a votar a Alianza La Libertad Avanza y advirti\u00f3 que \u201cvotar en blanco no es una opci\u00f3n\u00bb\"}]},{\"@type\":\"WebSite\",\"@id\":\"https:\\\/\\\/diariodelsurdigital.com.ar\\\/#website\",\"url\":\"https:\\\/\\\/diariodelsurdigital.com.ar\\\/\",\"name\":\"Diario del Sur\",\"description\":\"Digital\",\"potentialAction\":[{\"@type\":\"SearchAction\",\"target\":{\"@type\":\"EntryPoint\",\"urlTemplate\":\"https:\\\/\\\/diariodelsurdigital.com.ar\\\/?s={search_term_string}\"},\"query-input\":{\"@type\":\"PropertyValueSpecification\",\"valueRequired\":true,\"valueName\":\"search_term_string\"}}],\"inLanguage\":\"es\"},{\"@type\":\"Person\",\"@id\":\"https:\\\/\\\/diariodelsurdigital.com.ar\\\/#\\\/schema\\\/person\\\/1a4992532ed62965c968031b49195c81\",\"name\":\"Diario del Sur Digital\",\"image\":{\"@type\":\"ImageObject\",\"inLanguage\":\"es\",\"@id\":\"https:\\\/\\\/secure.gravatar.com\\\/avatar\\\/f0c7c47fc7146d19828273b9b8eda651c9c7ab583767e6338d3d3bee825adf76?s=96&d=mm&r=g\",\"url\":\"https:\\\/\\\/secure.gravatar.com\\\/avatar\\\/f0c7c47fc7146d19828273b9b8eda651c9c7ab583767e6338d3d3bee825adf76?s=96&d=mm&r=g\",\"contentUrl\":\"https:\\\/\\\/secure.gravatar.com\\\/avatar\\\/f0c7c47fc7146d19828273b9b8eda651c9c7ab583767e6338d3d3bee825adf76?s=96&d=mm&r=g\",\"caption\":\"Diario del Sur Digital\"},\"url\":\"https:\\\/\\\/diariodelsurdigital.com.ar\\\/?author=4\"}]}<\/script>\n<!-- \/ Yoast SEO plugin. -->","yoast_head_json":{"title":"La UCR insta a votar a Alianza La Libertad Avanza y advirti\u00f3 que \u201cvotar en blanco no es una opci\u00f3n\" - Diario del Sur","robots":{"index":"index","follow":"follow","max-snippet":"max-snippet:-1","max-image-preview":"max-image-preview:large","max-video-preview":"max-video-preview:-1"},"canonical":"https:\/\/diariodelsurdigital.com.ar\/?p=5252","og_locale":"es_ES","og_type":"article","og_title":"La UCR insta a votar a Alianza La Libertad Avanza y advirti\u00f3 que \u201cvotar en blanco no es una opci\u00f3n\" - Diario del Sur","og_description":"Desde el Comit\u00e9 Provincial de la Uni\u00f3n C\u00edvica Radical (UCR) de Entre R\u00edos emitieron un comunicado en el que reafirmaron su apoyo total a la gesti\u00f3n del gobernador Rogelio Frigerio e instaron a sus afiliados y simpatizantes a ejercer un voto \u00abfirme y consciente\u00bb a sus candidatos, advirtiendo que la abstenci\u00f3n o el voto en [&hellip;]","og_url":"https:\/\/diariodelsurdigital.com.ar\/?p=5252","og_site_name":"Diario del Sur","article_published_time":"2025-10-21T13:36:05+00:00","article_modified_time":"2025-10-21T13:36:06+00:00","og_image":[{"width":992,"height":557,"url":"https:\/\/diariodelsurdigital.com.ar\/wp-content\/uploads\/2025\/10\/md-37-1.webp","type":"image\/webp"}],"author":"Diario del Sur Digital","twitter_card":"summary_large_image","twitter_misc":{"Escrito por":"Diario del Sur Digital","Tiempo de lectura":"2 minutos"},"schema":{"@context":"https:\/\/schema.org","@graph":[{"@type":"Article","@id":"https:\/\/diariodelsurdigital.com.ar\/?p=5252#article","isPartOf":{"@id":"https:\/\/diariodelsurdigital.com.ar\/?p=5252"},"author":{"name":"Diario del Sur Digital","@id":"https:\/\/diariodelsurdigital.com.ar\/#\/schema\/person\/1a4992532ed62965c968031b49195c81"},"headline":"La UCR insta a votar a Alianza La Libertad Avanza y advirti\u00f3 que \u201cvotar en blanco no es una opci\u00f3n\u00bb","datePublished":"2025-10-21T13:36:05+00:00","dateModified":"2025-10-21T13:36:06+00:00","mainEntityOfPage":{"@id":"https:\/\/diariodelsurdigital.com.ar\/?p=5252"},"wordCount":407,"commentCount":0,"image":{"@id":"https:\/\/diariodelsurdigital.com.ar\/?p=5252#primaryimage"},"thumbnailUrl":"https:\/\/diariodelsurdigital.com.ar\/wp-content\/uploads\/2025\/10\/md-37-1.webp","articleSection":["Provinciales"],"inLanguage":"es","potentialAction":[{"@type":"CommentAction","name":"Comment","target":["https:\/\/diariodelsurdigital.com.ar\/?p=5252#respond"]}]},{"@type":"WebPage","@id":"https:\/\/diariodelsurdigital.com.ar\/?p=5252","url":"https:\/\/diariodelsurdigital.com.ar\/?p=5252","name":"La UCR insta a votar a Alianza La Libertad Avanza y advirti\u00f3 que \u201cvotar en blanco no es una opci\u00f3n\" - Diario del Sur","isPartOf":{"@id":"https:\/\/diariodelsurdigital.com.ar\/#website"},"primaryImageOfPage":{"@id":"https:\/\/diariodelsurdigital.com.ar\/?p=5252#primaryimage"},"image":{"@id":"https:\/\/diariodelsurdigital.com.ar\/?p=5252#primaryimage"},"thumbnailUrl":"https:\/\/diariodelsurdigital.com.ar\/wp-content\/uploads\/2025\/10\/md-37-1.webp","datePublished":"2025-10-21T13:36:05+00:00","dateModified":"2025-10-21T13:36:06+00:00","author":{"@id":"https:\/\/diariodelsurdigital.com.ar\/#\/schema\/person\/1a4992532ed62965c968031b49195c81"},"breadcrumb":{"@id":"https:\/\/diariodelsurdigital.com.ar\/?p=5252#breadcrumb"},"inLanguage":"es","potentialAction":[{"@type":"ReadAction","target":["https:\/\/diariodelsurdigital.com.ar\/?p=5252"]}]},{"@type":"ImageObject","inLanguage":"es","@id":"https:\/\/diariodelsurdigital.com.ar\/?p=5252#primaryimage","url":"https:\/\/diariodelsurdigital.com.ar\/wp-content\/uploads\/2025\/10\/md-37-1.webp","contentUrl":"https:\/\/diariodelsurdigital.com.ar\/wp-content\/uploads\/2025\/10\/md-37-1.webp","width":992,"height":557},{"@type":"BreadcrumbList","@id":"https:\/\/diariodelsurdigital.com.ar\/?p=5252#breadcrumb","itemListElement":[{"@type":"ListItem","position":1,"name":"Portada","item":"https:\/\/diariodelsurdigital.com.ar\/"},{"@type":"ListItem","position":2,"name":"La UCR insta a votar a Alianza La Libertad Avanza y advirti\u00f3 que \u201cvotar en blanco no es una opci\u00f3n\u00bb"}]},{"@type":"WebSite","@id":"https:\/\/diariodelsurdigital.com.ar\/#website","url":"https:\/\/diariodelsurdigital.com.ar\/","name":"Diario del Sur","description":"Digital","potentialAction":[{"@type":"SearchAction","target":{"@type":"EntryPoint","urlTemplate":"https:\/\/diariodelsurdigital.com.ar\/?s={search_term_string}"},"query-input":{"@type":"PropertyValueSpecification","valueRequired":true,"valueName":"search_term_string"}}],"inLanguage":"es"},{"@type":"Person","@id":"https:\/\/diariodelsurdigital.com.ar\/#\/schema\/person\/1a4992532ed62965c968031b49195c81","name":"Diario del Sur Digital","image":{"@type":"ImageObject","inLanguage":"es","@id":"https:\/\/secure.gravatar.com\/avatar\/f0c7c47fc7146d19828273b9b8eda651c9c7ab583767e6338d3d3bee825adf76?s=96&d=mm&r=g","url":"https:\/\/secure.gravatar.com\/avatar\/f0c7c47fc7146d19828273b9b8eda651c9c7ab583767e6338d3d3bee825adf76?s=96&d=mm&r=g","contentUrl":"https:\/\/secure.gravatar.com\/avatar\/f0c7c47fc7146d19828273b9b8eda651c9c7ab583767e6338d3d3bee825adf76?s=96&d=mm&r=g","caption":"Diario del Sur Digital"},"url":"https:\/\/diariodelsurdigital.com.ar\/?author=4"}]}},"_links":{"self":[{"href":"https:\/\/diariodelsurdigital.com.ar\/index.php?rest_route=\/wp\/v2\/posts\/5252","targetHints":{"allow":["GET"]}}],"collection":[{"href":"https:\/\/diariodelsurdigital.com.ar\/index.php?rest_route=\/wp\/v2\/posts"}],"about":[{"href":"https:\/\/diariodelsurdigital.com.ar\/index.php?rest_route=\/wp\/v2\/types\/post"}],"author":[{"embeddable":true,"href":"https:\/\/diariodelsurdigital.com.ar\/index.php?rest_route=\/wp\/v2\/users\/4"}],"replies":[{"embeddable":true,"href":"https:\/\/diariodelsurdigital.com.ar\/index.php?rest_route=%2Fwp%2Fv2%2Fcomments&post=5252"}],"version-history":[{"count":1,"href":"https:\/\/diariodelsurdigital.com.ar\/index.php?rest_route=\/wp\/v2\/posts\/5252\/revisions"}],"predecessor-version":[{"id":5254,"href":"https:\/\/diariodelsurdigital.com.ar\/index.php?rest_route=\/wp\/v2\/posts\/5252\/revisions\/5254"}],"wp:featuredmedia":[{"embeddable":true,"href":"https:\/\/diariodelsurdigital.com.ar\/index.php?rest_route=\/wp\/v2\/media\/5253"}],"wp:attachment":[{"href":"https:\/\/diariodelsurdigital.com.ar\/index.php?rest_route=%2Fwp%2Fv2%2Fmedia&parent=5252"}],"wp:term":[{"taxonomy":"category","embeddable":true,"href":"https:\/\/diariodelsurdigital.com.ar\/index.php?rest_route=%2Fwp%2Fv2%2Fcategories&post=5252"},{"taxonomy":"post_tag","embeddable":true,"href":"https:\/\/diariodelsurdigital.com.ar\/index.php?rest_route=%2Fwp%2Fv2%2Ftags&post=5252"}],"curies":[{"name":"wp","href":"https:\/\/api.w.org\/{rel}","templated":true}]}}