{"id":5256,"date":"2025-10-22T09:48:53","date_gmt":"2025-10-22T12:48:53","guid":{"rendered":"https:\/\/diariodelsurdigital.com.ar\/?p=5256"},"modified":"2025-10-22T09:48:54","modified_gmt":"2025-10-22T12:48:54","slug":"reforma-laboral-las-claves-del-plan-del-gobierno","status":"publish","type":"post","link":"https:\/\/diariodelsurdigital.com.ar\/?p=5256","title":{"rendered":"Reforma laboral: Las claves del plan del Gobierno"},"content":{"rendered":"\n<p>El secretario de Trabajo, Julio Cordero, aport\u00f3 consideraciones y aclaraciones sobre la reforma laboral propuesta por el gobierno de Javier Milei, destacando flexibilidad, productividad y formalizaci\u00f3n.<\/p>\n\n\n\n<p><\/p>\n\n\n\n<p>El gobierno de Javier Milei anunci\u00f3 una reforma laboral destinada a transformar el sistema de trabajo para adaptarlo a las din\u00e1micas productivas y tecnol\u00f3gicas actuales. Las medidas, que no necesariamente requieren una reforma legal inmediata -seg\u00fan voces oficiales-, buscan fomentar el empleo genuino y mejorar la competitividad econ\u00f3mica. En este marco, el secretario de Trabajo, Julio Cordero, expuso los lineamientos t\u00e9cnicos de la propuesta, enfatizando la necesidad de un sistema m\u00e1s flexible y sostenible.<\/p>\n\n\n\n<p>Durante su participaci\u00f3n en el Coloquio de IDEA, Cordero detall\u00f3 los puntos centrales de la modernizaci\u00f3n laboral, subrayando la importancia de alinear los salarios con la productividad y garantizar la formalidad sin obstaculizar la actividad privada. Sus declaraciones refuerzan el anuncio presidencial en un acto en Sidersa, donde Milei anticip\u00f3 cambios estructurales para dinamizar el mercado laboral y reincorporar a sectores marginados, como los beneficiarios de planes asistenciales.<\/p>\n\n\n\n<p>Las claves de la reforma laboral de Milei<br>Modernizaci\u00f3n de convenios colectivos: El sistema actual de convenios, con estructuras r\u00edgidas y duraciones extensas, debe adaptarse a los cambios productivos y tecnol\u00f3gicos. Se plantean dos caminos jur\u00eddicos: priorizar los convenios de empresa sobre los de actividad, lo que implicar\u00eda una actualizaci\u00f3n integral, o mantener el esquema actual, donde los convenios de actividad solo mejoren las condiciones de los de empresa. En ambos casos, se busca garantizar la sostenibilidad econ\u00f3mica y una ganancia razonable para las empresas.<br>Implementaci\u00f3n sin reforma legal inmediata: No es imprescindible una reforma legal para avanzar, ya que muchas medidas pueden ejecutarse dentro de las facultades del Ministerio de Trabajo. Los ejes operativos incluyen la digitalizaci\u00f3n de procesos, la promoci\u00f3n de la libertad contractual y la creaci\u00f3n de un banco de horas para otorgar mayor flexibilidad laboral.<br>Salarios ligados a la productividad: Se propone un esquema donde los salarios crezcan de manera din\u00e1mica, vinculados a la productividad y no solo a la inflaci\u00f3n. \u201cNecesitamos que el trabajador que da todo de s\u00ed reciba una mejor remuneraci\u00f3n. Si damos lo mismo para todos, terminamos generando desempleo\u201d, se afirm\u00f3, destacando la importancia de premiar el esfuerzo individual.<br>Distinci\u00f3n entre trabajo aut\u00f3nomo y relaci\u00f3n de dependencia: Es clave diferenciar claramente entre trabajo aut\u00f3nomo y relaci\u00f3n de dependencia para evitar distorsiones legales y abusos contractuales. \u201cCuando el trabajo es independiente, debe serlo genuinamente. Cuando es en relaci\u00f3n de dependencia, debe tener todos los derechos del contrato laboral\u201d, se explic\u00f3.<br>Promoci\u00f3n de la formalidad y empleo genuino: Se critic\u00f3 el modelo previo que dej\u00f3 a m\u00e1s de un mill\u00f3n de personas atrapadas en planes asistenciales como el Potenciar Trabajo, desconectadas del mercado formal. La propuesta busca reincorporarlas a trav\u00e9s del trabajo, considerado la \u201cverdadera herramienta de inclusi\u00f3n\u201d, y reconocer la diversidad de las nuevas formas laborales mediante incentivos y reglas claras.<br>Previsibilidad en la justicia laboral: Se resalt\u00f3 la necesidad de evitar contradicciones en fallos judiciales para generar confianza. \u201cDebemos evitar que despu\u00e9s de un fallo de la Corte, otros jueces decidan lo contrario. Eso destruye confianza\u201d, se afirm\u00f3, abogando por un sistema judicial laboral m\u00e1s previsible.<br>La reacci\u00f3n de los sindicatos<br>La situaci\u00f3n ha generado una fuerte reacci\u00f3n de sindicatos y organizaciones gremiales, que anticiparon oposici\u00f3n a reformas que consideren regresivas o que afecten derechos adquiridos. Un informe t\u00e9cnico que circula entre dirigentes de la CGT, al que accedi\u00f3 Mundo Gremial, fundamenta este rechazo con evidencia de organismos como la OIT, OCDE, CEPAL y Banco Mundial, junto a datos del INDEC.<\/p>\n\n\n\n<p>El documento advierte que la flexibilizaci\u00f3n de contrataciones y despidos no genera empleo neto en econom\u00edas estancadas, sino que sustituye puestos estables por precarios, aumentando informalidad y desigualdad, seg\u00fan estudios como el World Employment and Social Outlook 2024 de la OIT y la Coyuntura Laboral en Am\u00e9rica Latina y el Caribe 2024 de CEPAL.<\/p>\n\n\n\n<p>El informe tambi\u00e9n critica la descentralizaci\u00f3n de paritarias, que debilita el poder de negociaci\u00f3n y reduce salarios reales, incrementando desigualdades, seg\u00fan el Global Wage Report 2024\u20132025 de la OIT y reportes de la OCDE.<\/p>\n\n\n\n<p>Asimismo, se\u00f1ala que recortes en cargas sociales generan d\u00e9ficits previsionales, como en experiencias argentinas de los 90 y 2016-2019, per el Banco Mundial (World Development Report 2024) y la OIT (Informe sobre Protecci\u00f3n Social 2024\u20132025). Sobre los fondos de cese, sostiene que no resuelven litigiosidad laboral y desplazan responsabilidad al trabajador, cuestionando la protecci\u00f3n del cr\u00e9dito laboral.<\/p>\n\n\n\n<p>En cuanto a la reducci\u00f3n de la jornada laboral, el informe reconoce beneficios potenciales en productividad con redise\u00f1o organizacional, pero advierte sobre riesgos de horas extras no registradas en sectores hora-dependientes.<\/p>\n\n\n\n<p>Tambi\u00e9n incorpora preocupaciones clim\u00e1ticas, citando la OMS y la OMM (2025) sobre estr\u00e9s t\u00e9rmico, que exige protecciones como pausas obligatorias. A nivel macro, destaca que la p\u00e9rdida de poder adquisitivo reduce la demanda interna, principal motor del consumo en Argentina, y compromete la productividad agregada, amplificando desigualdad y riesgos fiscales.<\/p>\n\n\n\n<p>El documento propone siete recomendaciones t\u00e9cnicas para la posici\u00f3n sindical: evaluaci\u00f3n previa de impactos, protecci\u00f3n del salario real, formalizaci\u00f3n integral, sostenibilidad de la seguridad social, fortalecimiento del di\u00e1logo social, incorporaci\u00f3n del cambio clim\u00e1tico en salud laboral y un enfoque de desarrollo productivo con transici\u00f3n justa.<\/p>\n\n\n\n<p>Estas buscan equilibrar competitividad y equidad, argumentando que la productividad requiere instituciones laborales fuertes, no desregulaci\u00f3n, y apuesta por inversi\u00f3n en justicia social y adaptaci\u00f3n ecol\u00f3gica, public\u00f3 Mundo Gremial.<\/p>\n","protected":false},"excerpt":{"rendered":"<p>El secretario de Trabajo, Julio Cordero, aport\u00f3 consideraciones y aclaraciones sobre la reforma laboral propuesta por el gobierno de Javier Milei, destacando flexibilidad, productividad y formalizaci\u00f3n. El gobierno de Javier Milei anunci\u00f3 una reforma laboral destinada a transformar el sistema de trabajo para adaptarlo a las din\u00e1micas productivas y tecnol\u00f3gicas actuales. Las medidas, que no [&hellip;]<\/p>\n","protected":false},"author":4,"featured_media":5257,"comment_status":"open","ping_status":"open","sticky":false,"template":"","format":"standard","meta":{"footnotes":""},"categories":[18],"tags":[],"class_list":{"0":"post-5256","1":"post","2":"type-post","3":"status-publish","4":"format-standard","5":"has-post-thumbnail","7":"category-nacionales"},"yoast_head":"<!-- This site is optimized with the Yoast SEO plugin v27.4 - https:\/\/yoast.com\/product\/yoast-seo-wordpress\/ -->\n<title>Reforma laboral: Las claves del plan del Gobierno - Diario del Sur<\/title>\n<meta name=\"robots\" content=\"index, follow, max-snippet:-1, max-image-preview:large, max-video-preview:-1\" \/>\n<link rel=\"canonical\" href=\"https:\/\/diariodelsurdigital.com.ar\/?p=5256\" \/>\n<meta property=\"og:locale\" content=\"es_ES\" \/>\n<meta property=\"og:type\" content=\"article\" \/>\n<meta property=\"og:title\" content=\"Reforma laboral: Las claves del plan del Gobierno - Diario del Sur\" \/>\n<meta property=\"og:description\" content=\"El secretario de Trabajo, Julio Cordero, aport\u00f3 consideraciones y aclaraciones sobre la reforma laboral propuesta por el gobierno de Javier Milei, destacando flexibilidad, productividad y formalizaci\u00f3n. El gobierno de Javier Milei anunci\u00f3 una reforma laboral destinada a transformar el sistema de trabajo para adaptarlo a las din\u00e1micas productivas y tecnol\u00f3gicas actuales. Las medidas, que no [&hellip;]\" \/>\n<meta property=\"og:url\" content=\"https:\/\/diariodelsurdigital.com.ar\/?p=5256\" \/>\n<meta property=\"og:site_name\" content=\"Diario del Sur\" \/>\n<meta property=\"article:published_time\" content=\"2025-10-22T12:48:53+00:00\" \/>\n<meta property=\"article:modified_time\" content=\"2025-10-22T12:48:54+00:00\" \/>\n<meta property=\"og:image\" content=\"https:\/\/diariodelsurdigital.com.ar\/wp-content\/uploads\/2025\/10\/md-38-1.webp\" \/>\n\t<meta property=\"og:image:width\" content=\"992\" \/>\n\t<meta property=\"og:image:height\" content=\"558\" \/>\n\t<meta property=\"og:image:type\" content=\"image\/webp\" \/>\n<meta name=\"author\" content=\"Diario del Sur Digital\" \/>\n<meta name=\"twitter:card\" content=\"summary_large_image\" \/>\n<meta name=\"twitter:label1\" content=\"Escrito por\" \/>\n\t<meta name=\"twitter:data1\" content=\"Diario del Sur Digital\" \/>\n\t<meta name=\"twitter:label2\" content=\"Tiempo de lectura\" \/>\n\t<meta name=\"twitter:data2\" content=\"5 minutos\" \/>\n<script type=\"application\/ld+json\" class=\"yoast-schema-graph\">{\"@context\":\"https:\\\/\\\/schema.org\",\"@graph\":[{\"@type\":\"Article\",\"@id\":\"https:\\\/\\\/diariodelsurdigital.com.ar\\\/?p=5256#article\",\"isPartOf\":{\"@id\":\"https:\\\/\\\/diariodelsurdigital.com.ar\\\/?p=5256\"},\"author\":{\"name\":\"Diario del Sur Digital\",\"@id\":\"https:\\\/\\\/diariodelsurdigital.com.ar\\\/#\\\/schema\\\/person\\\/1a4992532ed62965c968031b49195c81\"},\"headline\":\"Reforma laboral: Las claves del plan del Gobierno\",\"datePublished\":\"2025-10-22T12:48:53+00:00\",\"dateModified\":\"2025-10-22T12:48:54+00:00\",\"mainEntityOfPage\":{\"@id\":\"https:\\\/\\\/diariodelsurdigital.com.ar\\\/?p=5256\"},\"wordCount\":960,\"commentCount\":0,\"image\":{\"@id\":\"https:\\\/\\\/diariodelsurdigital.com.ar\\\/?p=5256#primaryimage\"},\"thumbnailUrl\":\"https:\\\/\\\/diariodelsurdigital.com.ar\\\/wp-content\\\/uploads\\\/2025\\\/10\\\/md-38-1.webp\",\"articleSection\":[\"Nacionales\"],\"inLanguage\":\"es\",\"potentialAction\":[{\"@type\":\"CommentAction\",\"name\":\"Comment\",\"target\":[\"https:\\\/\\\/diariodelsurdigital.com.ar\\\/?p=5256#respond\"]}]},{\"@type\":\"WebPage\",\"@id\":\"https:\\\/\\\/diariodelsurdigital.com.ar\\\/?p=5256\",\"url\":\"https:\\\/\\\/diariodelsurdigital.com.ar\\\/?p=5256\",\"name\":\"Reforma laboral: Las claves del plan del Gobierno - Diario del Sur\",\"isPartOf\":{\"@id\":\"https:\\\/\\\/diariodelsurdigital.com.ar\\\/#website\"},\"primaryImageOfPage\":{\"@id\":\"https:\\\/\\\/diariodelsurdigital.com.ar\\\/?p=5256#primaryimage\"},\"image\":{\"@id\":\"https:\\\/\\\/diariodelsurdigital.com.ar\\\/?p=5256#primaryimage\"},\"thumbnailUrl\":\"https:\\\/\\\/diariodelsurdigital.com.ar\\\/wp-content\\\/uploads\\\/2025\\\/10\\\/md-38-1.webp\",\"datePublished\":\"2025-10-22T12:48:53+00:00\",\"dateModified\":\"2025-10-22T12:48:54+00:00\",\"author\":{\"@id\":\"https:\\\/\\\/diariodelsurdigital.com.ar\\\/#\\\/schema\\\/person\\\/1a4992532ed62965c968031b49195c81\"},\"breadcrumb\":{\"@id\":\"https:\\\/\\\/diariodelsurdigital.com.ar\\\/?p=5256#breadcrumb\"},\"inLanguage\":\"es\",\"potentialAction\":[{\"@type\":\"ReadAction\",\"target\":[\"https:\\\/\\\/diariodelsurdigital.com.ar\\\/?p=5256\"]}]},{\"@type\":\"ImageObject\",\"inLanguage\":\"es\",\"@id\":\"https:\\\/\\\/diariodelsurdigital.com.ar\\\/?p=5256#primaryimage\",\"url\":\"https:\\\/\\\/diariodelsurdigital.com.ar\\\/wp-content\\\/uploads\\\/2025\\\/10\\\/md-38-1.webp\",\"contentUrl\":\"https:\\\/\\\/diariodelsurdigital.com.ar\\\/wp-content\\\/uploads\\\/2025\\\/10\\\/md-38-1.webp\",\"width\":992,\"height\":558},{\"@type\":\"BreadcrumbList\",\"@id\":\"https:\\\/\\\/diariodelsurdigital.com.ar\\\/?p=5256#breadcrumb\",\"itemListElement\":[{\"@type\":\"ListItem\",\"position\":1,\"name\":\"Portada\",\"item\":\"https:\\\/\\\/diariodelsurdigital.com.ar\\\/\"},{\"@type\":\"ListItem\",\"position\":2,\"name\":\"Reforma laboral: Las claves del plan del Gobierno\"}]},{\"@type\":\"WebSite\",\"@id\":\"https:\\\/\\\/diariodelsurdigital.com.ar\\\/#website\",\"url\":\"https:\\\/\\\/diariodelsurdigital.com.ar\\\/\",\"name\":\"Diario del Sur\",\"description\":\"Digital\",\"potentialAction\":[{\"@type\":\"SearchAction\",\"target\":{\"@type\":\"EntryPoint\",\"urlTemplate\":\"https:\\\/\\\/diariodelsurdigital.com.ar\\\/?s={search_term_string}\"},\"query-input\":{\"@type\":\"PropertyValueSpecification\",\"valueRequired\":true,\"valueName\":\"search_term_string\"}}],\"inLanguage\":\"es\"},{\"@type\":\"Person\",\"@id\":\"https:\\\/\\\/diariodelsurdigital.com.ar\\\/#\\\/schema\\\/person\\\/1a4992532ed62965c968031b49195c81\",\"name\":\"Diario del Sur Digital\",\"image\":{\"@type\":\"ImageObject\",\"inLanguage\":\"es\",\"@id\":\"https:\\\/\\\/secure.gravatar.com\\\/avatar\\\/f0c7c47fc7146d19828273b9b8eda651c9c7ab583767e6338d3d3bee825adf76?s=96&d=mm&r=g\",\"url\":\"https:\\\/\\\/secure.gravatar.com\\\/avatar\\\/f0c7c47fc7146d19828273b9b8eda651c9c7ab583767e6338d3d3bee825adf76?s=96&d=mm&r=g\",\"contentUrl\":\"https:\\\/\\\/secure.gravatar.com\\\/avatar\\\/f0c7c47fc7146d19828273b9b8eda651c9c7ab583767e6338d3d3bee825adf76?s=96&d=mm&r=g\",\"caption\":\"Diario del Sur Digital\"},\"url\":\"https:\\\/\\\/diariodelsurdigital.com.ar\\\/?author=4\"}]}<\/script>\n<!-- \/ Yoast SEO plugin. -->","yoast_head_json":{"title":"Reforma laboral: Las claves del plan del Gobierno - Diario del Sur","robots":{"index":"index","follow":"follow","max-snippet":"max-snippet:-1","max-image-preview":"max-image-preview:large","max-video-preview":"max-video-preview:-1"},"canonical":"https:\/\/diariodelsurdigital.com.ar\/?p=5256","og_locale":"es_ES","og_type":"article","og_title":"Reforma laboral: Las claves del plan del Gobierno - Diario del Sur","og_description":"El secretario de Trabajo, Julio Cordero, aport\u00f3 consideraciones y aclaraciones sobre la reforma laboral propuesta por el gobierno de Javier Milei, destacando flexibilidad, productividad y formalizaci\u00f3n. El gobierno de Javier Milei anunci\u00f3 una reforma laboral destinada a transformar el sistema de trabajo para adaptarlo a las din\u00e1micas productivas y tecnol\u00f3gicas actuales. Las medidas, que no [&hellip;]","og_url":"https:\/\/diariodelsurdigital.com.ar\/?p=5256","og_site_name":"Diario del Sur","article_published_time":"2025-10-22T12:48:53+00:00","article_modified_time":"2025-10-22T12:48:54+00:00","og_image":[{"width":992,"height":558,"url":"https:\/\/diariodelsurdigital.com.ar\/wp-content\/uploads\/2025\/10\/md-38-1.webp","type":"image\/webp"}],"author":"Diario del Sur Digital","twitter_card":"summary_large_image","twitter_misc":{"Escrito por":"Diario del Sur Digital","Tiempo de lectura":"5 minutos"},"schema":{"@context":"https:\/\/schema.org","@graph":[{"@type":"Article","@id":"https:\/\/diariodelsurdigital.com.ar\/?p=5256#article","isPartOf":{"@id":"https:\/\/diariodelsurdigital.com.ar\/?p=5256"},"author":{"name":"Diario del Sur Digital","@id":"https:\/\/diariodelsurdigital.com.ar\/#\/schema\/person\/1a4992532ed62965c968031b49195c81"},"headline":"Reforma laboral: Las claves del plan del Gobierno","datePublished":"2025-10-22T12:48:53+00:00","dateModified":"2025-10-22T12:48:54+00:00","mainEntityOfPage":{"@id":"https:\/\/diariodelsurdigital.com.ar\/?p=5256"},"wordCount":960,"commentCount":0,"image":{"@id":"https:\/\/diariodelsurdigital.com.ar\/?p=5256#primaryimage"},"thumbnailUrl":"https:\/\/diariodelsurdigital.com.ar\/wp-content\/uploads\/2025\/10\/md-38-1.webp","articleSection":["Nacionales"],"inLanguage":"es","potentialAction":[{"@type":"CommentAction","name":"Comment","target":["https:\/\/diariodelsurdigital.com.ar\/?p=5256#respond"]}]},{"@type":"WebPage","@id":"https:\/\/diariodelsurdigital.com.ar\/?p=5256","url":"https:\/\/diariodelsurdigital.com.ar\/?p=5256","name":"Reforma laboral: Las claves del plan del Gobierno - Diario del Sur","isPartOf":{"@id":"https:\/\/diariodelsurdigital.com.ar\/#website"},"primaryImageOfPage":{"@id":"https:\/\/diariodelsurdigital.com.ar\/?p=5256#primaryimage"},"image":{"@id":"https:\/\/diariodelsurdigital.com.ar\/?p=5256#primaryimage"},"thumbnailUrl":"https:\/\/diariodelsurdigital.com.ar\/wp-content\/uploads\/2025\/10\/md-38-1.webp","datePublished":"2025-10-22T12:48:53+00:00","dateModified":"2025-10-22T12:48:54+00:00","author":{"@id":"https:\/\/diariodelsurdigital.com.ar\/#\/schema\/person\/1a4992532ed62965c968031b49195c81"},"breadcrumb":{"@id":"https:\/\/diariodelsurdigital.com.ar\/?p=5256#breadcrumb"},"inLanguage":"es","potentialAction":[{"@type":"ReadAction","target":["https:\/\/diariodelsurdigital.com.ar\/?p=5256"]}]},{"@type":"ImageObject","inLanguage":"es","@id":"https:\/\/diariodelsurdigital.com.ar\/?p=5256#primaryimage","url":"https:\/\/diariodelsurdigital.com.ar\/wp-content\/uploads\/2025\/10\/md-38-1.webp","contentUrl":"https:\/\/diariodelsurdigital.com.ar\/wp-content\/uploads\/2025\/10\/md-38-1.webp","width":992,"height":558},{"@type":"BreadcrumbList","@id":"https:\/\/diariodelsurdigital.com.ar\/?p=5256#breadcrumb","itemListElement":[{"@type":"ListItem","position":1,"name":"Portada","item":"https:\/\/diariodelsurdigital.com.ar\/"},{"@type":"ListItem","position":2,"name":"Reforma laboral: Las claves del plan del Gobierno"}]},{"@type":"WebSite","@id":"https:\/\/diariodelsurdigital.com.ar\/#website","url":"https:\/\/diariodelsurdigital.com.ar\/","name":"Diario del Sur","description":"Digital","potentialAction":[{"@type":"SearchAction","target":{"@type":"EntryPoint","urlTemplate":"https:\/\/diariodelsurdigital.com.ar\/?s={search_term_string}"},"query-input":{"@type":"PropertyValueSpecification","valueRequired":true,"valueName":"search_term_string"}}],"inLanguage":"es"},{"@type":"Person","@id":"https:\/\/diariodelsurdigital.com.ar\/#\/schema\/person\/1a4992532ed62965c968031b49195c81","name":"Diario del Sur Digital","image":{"@type":"ImageObject","inLanguage":"es","@id":"https:\/\/secure.gravatar.com\/avatar\/f0c7c47fc7146d19828273b9b8eda651c9c7ab583767e6338d3d3bee825adf76?s=96&d=mm&r=g","url":"https:\/\/secure.gravatar.com\/avatar\/f0c7c47fc7146d19828273b9b8eda651c9c7ab583767e6338d3d3bee825adf76?s=96&d=mm&r=g","contentUrl":"https:\/\/secure.gravatar.com\/avatar\/f0c7c47fc7146d19828273b9b8eda651c9c7ab583767e6338d3d3bee825adf76?s=96&d=mm&r=g","caption":"Diario del Sur Digital"},"url":"https:\/\/diariodelsurdigital.com.ar\/?author=4"}]}},"_links":{"self":[{"href":"https:\/\/diariodelsurdigital.com.ar\/index.php?rest_route=\/wp\/v2\/posts\/5256","targetHints":{"allow":["GET"]}}],"collection":[{"href":"https:\/\/diariodelsurdigital.com.ar\/index.php?rest_route=\/wp\/v2\/posts"}],"about":[{"href":"https:\/\/diariodelsurdigital.com.ar\/index.php?rest_route=\/wp\/v2\/types\/post"}],"author":[{"embeddable":true,"href":"https:\/\/diariodelsurdigital.com.ar\/index.php?rest_route=\/wp\/v2\/users\/4"}],"replies":[{"embeddable":true,"href":"https:\/\/diariodelsurdigital.com.ar\/index.php?rest_route=%2Fwp%2Fv2%2Fcomments&post=5256"}],"version-history":[{"count":1,"href":"https:\/\/diariodelsurdigital.com.ar\/index.php?rest_route=\/wp\/v2\/posts\/5256\/revisions"}],"predecessor-version":[{"id":5258,"href":"https:\/\/diariodelsurdigital.com.ar\/index.php?rest_route=\/wp\/v2\/posts\/5256\/revisions\/5258"}],"wp:featuredmedia":[{"embeddable":true,"href":"https:\/\/diariodelsurdigital.com.ar\/index.php?rest_route=\/wp\/v2\/media\/5257"}],"wp:attachment":[{"href":"https:\/\/diariodelsurdigital.com.ar\/index.php?rest_route=%2Fwp%2Fv2%2Fmedia&parent=5256"}],"wp:term":[{"taxonomy":"category","embeddable":true,"href":"https:\/\/diariodelsurdigital.com.ar\/index.php?rest_route=%2Fwp%2Fv2%2Fcategories&post=5256"},{"taxonomy":"post_tag","embeddable":true,"href":"https:\/\/diariodelsurdigital.com.ar\/index.php?rest_route=%2Fwp%2Fv2%2Ftags&post=5256"}],"curies":[{"name":"wp","href":"https:\/\/api.w.org\/{rel}","templated":true}]}}