{"id":5270,"date":"2025-10-22T18:24:23","date_gmt":"2025-10-22T21:24:23","guid":{"rendered":"https:\/\/diariodelsurdigital.com.ar\/?p=5270"},"modified":"2025-10-22T18:28:40","modified_gmt":"2025-10-22T21:28:40","slug":"carolina-gaillard-hemos-sumado-muchos-companeros-que-venian-descreidos-o-desencantados-de-la-politica","status":"publish","type":"post","link":"https:\/\/diariodelsurdigital.com.ar\/?p=5270","title":{"rendered":"Carolina Gaillard: \u00abHemos sumado muchos compa\u00f1eros que ven\u00edan descre\u00eddos o desencantados de la pol\u00edtica\u00bb"},"content":{"rendered":"\n<p><br>La actual diputada nacional Carolina Gaillard, candidata a senadora por Entre R\u00edos de la Lista <strong>Ahora 503<\/strong>, dialog\u00f3 a d\u00edas de las elecciones legislativas del domingo 26 de octubre. En la entrevista con<em> Diario Junio<\/em>, habl\u00f3 sobre las expectativas de la lista, la relaci\u00f3n con el peronismo oficial, las cr\u00edticas por la divisi\u00f3n interna, su visi\u00f3n sobre el gobierno de Rogelio Frigerio y Javier Milei, y los principales proyectos que propone llevar al Congreso. \u201cSomos una alternativa plural, amplia y diversa, que representa al kirchnerismo y al campo nacional y popular, no nos escondemos ni decimos algo que no somos\u201d, afirm\u00f3.<br><\/p>\n\n\n\n<p><strong>Por: Federico Odorisio<\/strong><\/p>\n\n\n\n<p><br>DIARIOJUNIO \u2014 \u00bfC\u00f3mo viene la \u00faltima recta de la campa\u00f1a de cara a este domingo? \u00bfCu\u00e1l es la expectativa que tienen desde la lista 503? \u00bfA qu\u00e9 aspiran? \u00bfTienen mejores proyecciones en algunas ciudades en particular?<\/p>\n\n\n\n<p>Carolina Gaillard \u2014 Nosotros hemos recorrido toda la provincia. Nos encontramos con compa\u00f1eros y compa\u00f1eras que estaban buscando un espacio donde participar, y tambi\u00e9n que los represente. Lo de nuestra lista es una alternativa: es un espacio plural, amplio y diverso, donde confluyen peronistas y progresistas. Hemos sumado muchos compa\u00f1eros que ven\u00edan descre\u00eddos o desencantados de la pol\u00edtica tradicional.<br>Esta construcci\u00f3n tiene perspectiva de futuro, hacia 2027. Queremos un espacio m\u00e1s robusto, donde todos los entrerrianos puedan aportar y ser parte de un programa de gobierno que recupere la provincia.<br>Buscamos un peronismo abierto, que debata, que incluya nuevas voces. Y, por supuesto, llevar al Congreso diputados y senadores con convicci\u00f3n, coherencia y sin condicionamientos.<\/p>\n\n\n\n<p>DJ \u2014 \u00bfY sienten que ya lograron algo con esta campa\u00f1a?<\/p>\n\n\n\n<p>CG \u2014 S\u00ed, mir\u00e1, para nosotros ya habernos presentado es una victoria. Ganamos en ofrecer una propuesta distinta, alternativa a lo tradicional. Representamos la lucha de g\u00e9nero: somos una lista encabezada por dos mujeres, con la voz de la cultura y de la militancia social, con compa\u00f1eras como Eve Kloster y Ludmila Fern\u00e1ndez.<\/p>\n\n\n\n<p>DJ \u2014 \u00bfQu\u00e9 resultado esperan obtener?<\/p>\n\n\n\n<p>CG \u2014 Esperamos sacar entre 12 y 14 puntos. Creemos que nos va a acompa\u00f1ar mucha gente desencantada y que tenemos margen para crecer en el voto indeciso. Hay un 12% de entrerrianos que todav\u00eda no defini\u00f3 su voto, y confiamos en que una parte importante elija la 503 como una propuesta nueva, firme y genuina para hacer oposici\u00f3n a Frigerio y a Milei.<\/p>\n\n\n\n<p><strong>\u201cLa irresponsabilidad es de quienes armaron una lista excluyendo al kirchnerismo\u201d<\/strong><\/p>\n\n\n\n<p><br>DJ \u2014 Algunas encuestas muestran al peronismo oficial entre 4 y 9 puntos abajo de la alianza entre Frigerio y los libertarios. Desde la oposici\u00f3n los acusan de dividir el voto y ser los posibles art\u00edfices de una derrota del peronismo. \u00bfQu\u00e9 respond\u00e9s?<\/p>\n\n\n\n<p>CG \u2014 La irresponsabilidad es de quienes armaron la lista del PJ sin incluir a todos los sectores. Cuando uno pretende construir unidad, la unidad es con todos. El kirchnerismo fue dejado fuera. La lista oficial es la del Frente Renovador, cuyo referente es Sergio Massa.<br>Nosotros somos la lista de Cristina, de Grabois y de Axel Kicillof, y ninguno de los candidatos del PJ oficial proviene de ese sector. Esta no es una elecci\u00f3n ejecutiva, no le hacemos perder a nadie: ac\u00e1 se definen bancas en el Congreso. Si nosotros hacemos una buena elecci\u00f3n, Paola Rubattino puede ser la quinta diputada y quitarle un lugar a La Libertad Avanza.<br>Las encuestas que tengo muestran al PJ oficial a diez puntos de los libertarios. Lo del \u201cvoto \u00fatil\u201d es una estrategia para inducir una polarizaci\u00f3n enga\u00f1osa.<\/p>\n\n\n\n<p><strong>\u201cFrigerio tiene un plan de negocios, no un plan de gobierno\u201d<\/strong><\/p>\n\n\n\n<p><br>DJ \u2014 Habl\u00e1s de una construcci\u00f3n a largo plazo. \u00bfC\u00f3mo se recompone el peronismo despu\u00e9s de esta campa\u00f1a marcada por tensiones, denuncias y divisiones? \u00bfC\u00f3mo se curan las heridas?<\/p>\n\n\n\n<p>CG \u2014 El primer paso es entender que necesitamos de todos para recuperar Entre R\u00edos. Hoy tenemos un gobernador porte\u00f1o, Rogelio Frigerio, que m\u00e1s que un plan de gobierno tiene un plan de negocios con la provincia. No vemos un gobierno presente, y la gente la est\u00e1 pasando mal. En los barrios m\u00e1s humildes ya no piden materiales para construir, piden comida. Esa es la realidad.<\/p>\n\n\n\n<p>DJ \u2014 \u00bfY c\u00f3mo te sent\u00e1s despu\u00e9s del domingo con Michel y Bhal?<\/p>\n\n\n\n<p>CG \u2014 Con respeto. Respeto a los votos que cada uno saque. Mientras haya respeto y podamos acordar un programa de gobierno, podemos caminar juntos hacia 2027.<br>No estoy de acuerdo con judicializar la pol\u00edtica. El PJ oficial hizo una campa\u00f1a sucia contra nosotros, con denuncias falsas e impugnaciones. Nosotros somos Ahora la Patria en Entre R\u00edos, aunque tuvimos que cambiar el nombre por presiones judiciales. Ellos mismos, que se despegaron de ese nombre, despu\u00e9s pelean para quedarse con los votos. Es contradictorio.<\/p>\n\n\n\n<p><strong>\u201cLos entrerrianos ganan si frenan a Milei\u201d<\/strong><\/p>\n\n\n\n<p><br>DJ \u2014 El oficialismo insiste con la idea de que \u201cla Argentina y la provincia avanzan o retroceden\u201d, incluso con el apoyo y las advertencias de Estados Unidos. \u00bfC\u00f3mo se posicionan ustedes ante esa dicotom\u00eda?<\/p>\n\n\n\n<p>CG \u2014 Los entrerrianos ganan si votan para frenar a Milei. Cuantos m\u00e1s diputados y senadores tenga el peronismo en el Congreso, m\u00e1s posibilidades habr\u00e1 de defender la soberan\u00eda. Condenamos cualquier sumisi\u00f3n al gobierno de Estados Unidos.<br>Milei est\u00e1 entregando nuestros recursos naturales, la energ\u00eda y empresas como Atucha. Si dependemos de Estados Unidos, estamos listos.<\/p>\n\n\n\n<p><strong>\u201cQueremos saber si los candidatos del PJ van a rechazar el DNU 70\u201d<\/strong><\/p>\n\n\n\n<p><br>DJ \u2014Hace poco dijiste que Grabois valor\u00f3 la decisi\u00f3n de ofrecer al electorado entrerriano una opci\u00f3n verdadera que represente al campo nacional y popular y no est\u00e9 atada a los acuerdos de poder\u201d, que el congreso necesita representantes \u00abque no respondan a pactos de coyuntura\u00bb. \u00bfA qu\u00e9 \u00abpactos de coyuntura\u00bb te refer\u00eds? \u00bfEst\u00e1 sugiriendo que la lista de Michel\/Bahl responder\u00eda a acuerdos con sectores del poder real o con Sergio Massa a nivel nacional que traicionar\u00edan los principios del \u00abcampo nacional y popular\u00bb?<\/p>\n\n\n\n<p>CG \u2014 A m\u00ed me gustar\u00eda que Bahl y Michel digan qu\u00e9 piensan del DNU 70. Ese decreto permiti\u00f3 que los bancos cobren cualquier tasa, que las prepagas aumenten sin control, que se derogue la ley de alquileres y que se abran las puertas a privatizaciones.<br>No los escuch\u00e9 cuestionar ni a Frigerio ni a Milei, y eso me hace ruido. Queremos saber c\u00f3mo van a votar en el Congreso.<\/p>\n\n\n\n<figure class=\"wp-block-image size-full\"><img loading=\"lazy\" decoding=\"async\" width=\"540\" height=\"720\" src=\"https:\/\/diariodelsurdigital.com.ar\/wp-content\/uploads\/2025\/10\/Imagen-de-WhatsApp-2025-10-22-a-las-18.25.33_78af7d07.jpg\" alt=\"\" class=\"wp-image-5274\" srcset=\"https:\/\/diariodelsurdigital.com.ar\/wp-content\/uploads\/2025\/10\/Imagen-de-WhatsApp-2025-10-22-a-las-18.25.33_78af7d07.jpg 540w, https:\/\/diariodelsurdigital.com.ar\/wp-content\/uploads\/2025\/10\/Imagen-de-WhatsApp-2025-10-22-a-las-18.25.33_78af7d07-225x300.jpg 225w, https:\/\/diariodelsurdigital.com.ar\/wp-content\/uploads\/2025\/10\/Imagen-de-WhatsApp-2025-10-22-a-las-18.25.33_78af7d07-315x420.jpg 315w\" sizes=\"auto, (max-width: 540px) 100vw, 540px\" \/><\/figure>\n\n\n\n<p><strong>\u201cNecesitamos legisladores que defiendan Entre R\u00edos, no que la entreguen\u201d<\/strong><\/p>\n\n\n\n<p><br>DJ \u2014 \u00bfCriticaste el alineamiento del gobernador Rogelio Frigerio con el Gobierno nacional por \u00abperjudicar a la provincia\u00bb? \u00bfC\u00f3mo propones que Entre R\u00edos negocie y consiga los recursos y las obras necesarias del gobierno central?<\/p>\n\n\n\n<p>CG \u2014 Exigiendo. Frigerio debe reclamar presupuesto para rutas, escuelas y hospitales. Hace dos a\u00f1os que no tenemos presupuesto nacional, y \u00e9l no reclama nada.<br>El veto a los jubilados no pudo rechazarse porque faltaron los votos de los diputados entrerrianos de Frigerio. Necesitamos legisladores que defiendan a la provincia, no que la entreguen.<\/p>\n\n\n\n<p>Proyectos: salud mental, agroecolog\u00eda, PYMES y boleto estudiantil<br>DJ \u2014 \u00bfQu\u00e9 proyectos piensan llevar al Congreso desde la lista 503?<\/p>\n\n\n\n<p>CG \u2014 Estamos trabajando en una ley de emergencia en salud mental. Entre R\u00edos tiene una de las tasas de suicidio m\u00e1s altas del pa\u00eds, especialmente en adolescentes. Queremos crear nuevos dispositivos de atenci\u00f3n, centros de d\u00eda y equipos interdisciplinarios.<br>Tambi\u00e9n impulsamos una ley nacional de control de fumigaciones y regulaci\u00f3n de agrot\u00f3xicos, y una ley de agroecolog\u00eda para promover la producci\u00f3n sustentable.<br>Proponemos adem\u00e1s un salario b\u00e1sico universal, una ley de emergencia para PYMES con moratorias y acceso al cr\u00e9dito, y una ley de boleto estudiantil gratuito para docentes y estudiantes de todos los niveles. La educaci\u00f3n es un derecho: si los j\u00f3venes no pueden viajar, no pueden estudiar.<\/p>\n\n\n\n<p><strong>\u201cVotar con cabeza, coraz\u00f3n y coraje\u201d<\/strong><\/p>\n\n\n\n<p><br>DJ \u2014 La \u00faltima. \u00bfQu\u00e9 te gustar\u00eda decirles a los entrerrianos que van a ir a votar este domingo?<\/p>\n\n\n\n<p>CG \u2014 Que voten con cabeza, coraz\u00f3n y coraje, como dijo Cristina. Que piensen qui\u00e9nes son los que realmente los han defendido y los van a seguir defendiendo sin traicionarlos.<br>Tenemos que ponerle un freno a Milei en serio: votar a quienes de verdad se van a oponer, no a los que despu\u00e9s terminan negociando con \u00e9l.<\/p>\n\n\n\n<p> <\/p>\n","protected":false},"excerpt":{"rendered":"<p>La actual diputada nacional Carolina Gaillard, candidata a senadora por Entre R\u00edos de la Lista Ahora 503, dialog\u00f3 a d\u00edas de las elecciones legislativas del domingo 26 de octubre. En la entrevista con Diario Junio, habl\u00f3 sobre las expectativas de la lista, la relaci\u00f3n con el peronismo oficial, las cr\u00edticas por la divisi\u00f3n interna, su [&hellip;]<\/p>\n","protected":false},"author":2,"featured_media":5271,"comment_status":"open","ping_status":"open","sticky":false,"template":"","format":"standard","meta":{"footnotes":""},"categories":[22,17],"tags":[],"class_list":{"0":"post-5270","1":"post","2":"type-post","3":"status-publish","4":"format-standard","5":"has-post-thumbnail","7":"category-politica","8":"category-provinciales"},"yoast_head":"<!-- This site is optimized with the Yoast SEO plugin v27.4 - https:\/\/yoast.com\/product\/yoast-seo-wordpress\/ -->\n<title>Carolina Gaillard: &quot;Hemos sumado muchos compa\u00f1eros que ven\u00edan descre\u00eddos o desencantados de la pol\u00edtica&quot; - Diario del Sur<\/title>\n<meta name=\"robots\" content=\"index, follow, max-snippet:-1, max-image-preview:large, max-video-preview:-1\" \/>\n<link rel=\"canonical\" href=\"https:\/\/diariodelsurdigital.com.ar\/?p=5270\" \/>\n<meta property=\"og:locale\" content=\"es_ES\" \/>\n<meta property=\"og:type\" content=\"article\" \/>\n<meta property=\"og:title\" content=\"Carolina Gaillard: &quot;Hemos sumado muchos compa\u00f1eros que ven\u00edan descre\u00eddos o desencantados de la pol\u00edtica&quot; - Diario del Sur\" \/>\n<meta property=\"og:description\" content=\"La actual diputada nacional Carolina Gaillard, candidata a senadora por Entre R\u00edos de la Lista Ahora 503, dialog\u00f3 a d\u00edas de las elecciones legislativas del domingo 26 de octubre. En la entrevista con Diario Junio, habl\u00f3 sobre las expectativas de la lista, la relaci\u00f3n con el peronismo oficial, las cr\u00edticas por la divisi\u00f3n interna, su [&hellip;]\" \/>\n<meta property=\"og:url\" content=\"https:\/\/diariodelsurdigital.com.ar\/?p=5270\" \/>\n<meta property=\"og:site_name\" content=\"Diario del Sur\" \/>\n<meta property=\"article:published_time\" content=\"2025-10-22T21:24:23+00:00\" \/>\n<meta property=\"article:modified_time\" content=\"2025-10-22T21:28:40+00:00\" \/>\n<meta property=\"og:image\" content=\"https:\/\/diariodelsurdigital.com.ar\/wp-content\/uploads\/2025\/10\/gaillard-carolina-1.jpg\" \/>\n\t<meta property=\"og:image:width\" content=\"541\" \/>\n\t<meta property=\"og:image:height\" content=\"343\" \/>\n\t<meta property=\"og:image:type\" content=\"image\/jpeg\" \/>\n<meta name=\"author\" content=\"Diario del Sur Digital\" \/>\n<meta name=\"twitter:card\" content=\"summary_large_image\" \/>\n<meta name=\"twitter:label1\" content=\"Escrito por\" \/>\n\t<meta name=\"twitter:data1\" content=\"Diario del Sur Digital\" \/>\n\t<meta name=\"twitter:label2\" content=\"Tiempo de lectura\" \/>\n\t<meta name=\"twitter:data2\" content=\"7 minutos\" \/>\n<script type=\"application\/ld+json\" class=\"yoast-schema-graph\">{\"@context\":\"https:\\\/\\\/schema.org\",\"@graph\":[{\"@type\":\"Article\",\"@id\":\"https:\\\/\\\/diariodelsurdigital.com.ar\\\/?p=5270#article\",\"isPartOf\":{\"@id\":\"https:\\\/\\\/diariodelsurdigital.com.ar\\\/?p=5270\"},\"author\":{\"name\":\"Diario del Sur Digital\",\"@id\":\"https:\\\/\\\/diariodelsurdigital.com.ar\\\/#\\\/schema\\\/person\\\/6136a32571657f7dba980b88b04c5465\"},\"headline\":\"Carolina Gaillard: \u00abHemos sumado muchos compa\u00f1eros que ven\u00edan descre\u00eddos o desencantados de la pol\u00edtica\u00bb\",\"datePublished\":\"2025-10-22T21:24:23+00:00\",\"dateModified\":\"2025-10-22T21:28:40+00:00\",\"mainEntityOfPage\":{\"@id\":\"https:\\\/\\\/diariodelsurdigital.com.ar\\\/?p=5270\"},\"wordCount\":1428,\"commentCount\":0,\"image\":{\"@id\":\"https:\\\/\\\/diariodelsurdigital.com.ar\\\/?p=5270#primaryimage\"},\"thumbnailUrl\":\"https:\\\/\\\/diariodelsurdigital.com.ar\\\/wp-content\\\/uploads\\\/2025\\\/10\\\/gaillard-carolina-1.jpg\",\"articleSection\":[\"Pol\u00edtica\",\"Provinciales\"],\"inLanguage\":\"es\",\"potentialAction\":[{\"@type\":\"CommentAction\",\"name\":\"Comment\",\"target\":[\"https:\\\/\\\/diariodelsurdigital.com.ar\\\/?p=5270#respond\"]}]},{\"@type\":\"WebPage\",\"@id\":\"https:\\\/\\\/diariodelsurdigital.com.ar\\\/?p=5270\",\"url\":\"https:\\\/\\\/diariodelsurdigital.com.ar\\\/?p=5270\",\"name\":\"Carolina Gaillard: \\\"Hemos sumado muchos compa\u00f1eros que ven\u00edan descre\u00eddos o desencantados de la pol\u00edtica\\\" - Diario del Sur\",\"isPartOf\":{\"@id\":\"https:\\\/\\\/diariodelsurdigital.com.ar\\\/#website\"},\"primaryImageOfPage\":{\"@id\":\"https:\\\/\\\/diariodelsurdigital.com.ar\\\/?p=5270#primaryimage\"},\"image\":{\"@id\":\"https:\\\/\\\/diariodelsurdigital.com.ar\\\/?p=5270#primaryimage\"},\"thumbnailUrl\":\"https:\\\/\\\/diariodelsurdigital.com.ar\\\/wp-content\\\/uploads\\\/2025\\\/10\\\/gaillard-carolina-1.jpg\",\"datePublished\":\"2025-10-22T21:24:23+00:00\",\"dateModified\":\"2025-10-22T21:28:40+00:00\",\"author\":{\"@id\":\"https:\\\/\\\/diariodelsurdigital.com.ar\\\/#\\\/schema\\\/person\\\/6136a32571657f7dba980b88b04c5465\"},\"breadcrumb\":{\"@id\":\"https:\\\/\\\/diariodelsurdigital.com.ar\\\/?p=5270#breadcrumb\"},\"inLanguage\":\"es\",\"potentialAction\":[{\"@type\":\"ReadAction\",\"target\":[\"https:\\\/\\\/diariodelsurdigital.com.ar\\\/?p=5270\"]}]},{\"@type\":\"ImageObject\",\"inLanguage\":\"es\",\"@id\":\"https:\\\/\\\/diariodelsurdigital.com.ar\\\/?p=5270#primaryimage\",\"url\":\"https:\\\/\\\/diariodelsurdigital.com.ar\\\/wp-content\\\/uploads\\\/2025\\\/10\\\/gaillard-carolina-1.jpg\",\"contentUrl\":\"https:\\\/\\\/diariodelsurdigital.com.ar\\\/wp-content\\\/uploads\\\/2025\\\/10\\\/gaillard-carolina-1.jpg\",\"width\":541,\"height\":343},{\"@type\":\"BreadcrumbList\",\"@id\":\"https:\\\/\\\/diariodelsurdigital.com.ar\\\/?p=5270#breadcrumb\",\"itemListElement\":[{\"@type\":\"ListItem\",\"position\":1,\"name\":\"Portada\",\"item\":\"https:\\\/\\\/diariodelsurdigital.com.ar\\\/\"},{\"@type\":\"ListItem\",\"position\":2,\"name\":\"Carolina Gaillard: \u00abHemos sumado muchos compa\u00f1eros que ven\u00edan descre\u00eddos o desencantados de la pol\u00edtica\u00bb\"}]},{\"@type\":\"WebSite\",\"@id\":\"https:\\\/\\\/diariodelsurdigital.com.ar\\\/#website\",\"url\":\"https:\\\/\\\/diariodelsurdigital.com.ar\\\/\",\"name\":\"Diario del Sur\",\"description\":\"Digital\",\"potentialAction\":[{\"@type\":\"SearchAction\",\"target\":{\"@type\":\"EntryPoint\",\"urlTemplate\":\"https:\\\/\\\/diariodelsurdigital.com.ar\\\/?s={search_term_string}\"},\"query-input\":{\"@type\":\"PropertyValueSpecification\",\"valueRequired\":true,\"valueName\":\"search_term_string\"}}],\"inLanguage\":\"es\"},{\"@type\":\"Person\",\"@id\":\"https:\\\/\\\/diariodelsurdigital.com.ar\\\/#\\\/schema\\\/person\\\/6136a32571657f7dba980b88b04c5465\",\"name\":\"Diario del Sur Digital\",\"image\":{\"@type\":\"ImageObject\",\"inLanguage\":\"es\",\"@id\":\"https:\\\/\\\/secure.gravatar.com\\\/avatar\\\/4c29ceac98541dd42460b2474aaa5dd37594d6ce6cb3cf2c101d09b48ee287ba?s=96&d=mm&r=g\",\"url\":\"https:\\\/\\\/secure.gravatar.com\\\/avatar\\\/4c29ceac98541dd42460b2474aaa5dd37594d6ce6cb3cf2c101d09b48ee287ba?s=96&d=mm&r=g\",\"contentUrl\":\"https:\\\/\\\/secure.gravatar.com\\\/avatar\\\/4c29ceac98541dd42460b2474aaa5dd37594d6ce6cb3cf2c101d09b48ee287ba?s=96&d=mm&r=g\",\"caption\":\"Diario del Sur Digital\"},\"url\":\"https:\\\/\\\/diariodelsurdigital.com.ar\\\/?author=2\"}]}<\/script>\n<!-- \/ Yoast SEO plugin. -->","yoast_head_json":{"title":"Carolina Gaillard: \"Hemos sumado muchos compa\u00f1eros que ven\u00edan descre\u00eddos o desencantados de la pol\u00edtica\" - Diario del Sur","robots":{"index":"index","follow":"follow","max-snippet":"max-snippet:-1","max-image-preview":"max-image-preview:large","max-video-preview":"max-video-preview:-1"},"canonical":"https:\/\/diariodelsurdigital.com.ar\/?p=5270","og_locale":"es_ES","og_type":"article","og_title":"Carolina Gaillard: \"Hemos sumado muchos compa\u00f1eros que ven\u00edan descre\u00eddos o desencantados de la pol\u00edtica\" - Diario del Sur","og_description":"La actual diputada nacional Carolina Gaillard, candidata a senadora por Entre R\u00edos de la Lista Ahora 503, dialog\u00f3 a d\u00edas de las elecciones legislativas del domingo 26 de octubre. En la entrevista con Diario Junio, habl\u00f3 sobre las expectativas de la lista, la relaci\u00f3n con el peronismo oficial, las cr\u00edticas por la divisi\u00f3n interna, su [&hellip;]","og_url":"https:\/\/diariodelsurdigital.com.ar\/?p=5270","og_site_name":"Diario del Sur","article_published_time":"2025-10-22T21:24:23+00:00","article_modified_time":"2025-10-22T21:28:40+00:00","og_image":[{"width":541,"height":343,"url":"https:\/\/diariodelsurdigital.com.ar\/wp-content\/uploads\/2025\/10\/gaillard-carolina-1.jpg","type":"image\/jpeg"}],"author":"Diario del Sur Digital","twitter_card":"summary_large_image","twitter_misc":{"Escrito por":"Diario del Sur Digital","Tiempo de lectura":"7 minutos"},"schema":{"@context":"https:\/\/schema.org","@graph":[{"@type":"Article","@id":"https:\/\/diariodelsurdigital.com.ar\/?p=5270#article","isPartOf":{"@id":"https:\/\/diariodelsurdigital.com.ar\/?p=5270"},"author":{"name":"Diario del Sur Digital","@id":"https:\/\/diariodelsurdigital.com.ar\/#\/schema\/person\/6136a32571657f7dba980b88b04c5465"},"headline":"Carolina Gaillard: \u00abHemos sumado muchos compa\u00f1eros que ven\u00edan descre\u00eddos o desencantados de la pol\u00edtica\u00bb","datePublished":"2025-10-22T21:24:23+00:00","dateModified":"2025-10-22T21:28:40+00:00","mainEntityOfPage":{"@id":"https:\/\/diariodelsurdigital.com.ar\/?p=5270"},"wordCount":1428,"commentCount":0,"image":{"@id":"https:\/\/diariodelsurdigital.com.ar\/?p=5270#primaryimage"},"thumbnailUrl":"https:\/\/diariodelsurdigital.com.ar\/wp-content\/uploads\/2025\/10\/gaillard-carolina-1.jpg","articleSection":["Pol\u00edtica","Provinciales"],"inLanguage":"es","potentialAction":[{"@type":"CommentAction","name":"Comment","target":["https:\/\/diariodelsurdigital.com.ar\/?p=5270#respond"]}]},{"@type":"WebPage","@id":"https:\/\/diariodelsurdigital.com.ar\/?p=5270","url":"https:\/\/diariodelsurdigital.com.ar\/?p=5270","name":"Carolina Gaillard: \"Hemos sumado muchos compa\u00f1eros que ven\u00edan descre\u00eddos o desencantados de la pol\u00edtica\" - Diario del Sur","isPartOf":{"@id":"https:\/\/diariodelsurdigital.com.ar\/#website"},"primaryImageOfPage":{"@id":"https:\/\/diariodelsurdigital.com.ar\/?p=5270#primaryimage"},"image":{"@id":"https:\/\/diariodelsurdigital.com.ar\/?p=5270#primaryimage"},"thumbnailUrl":"https:\/\/diariodelsurdigital.com.ar\/wp-content\/uploads\/2025\/10\/gaillard-carolina-1.jpg","datePublished":"2025-10-22T21:24:23+00:00","dateModified":"2025-10-22T21:28:40+00:00","author":{"@id":"https:\/\/diariodelsurdigital.com.ar\/#\/schema\/person\/6136a32571657f7dba980b88b04c5465"},"breadcrumb":{"@id":"https:\/\/diariodelsurdigital.com.ar\/?p=5270#breadcrumb"},"inLanguage":"es","potentialAction":[{"@type":"ReadAction","target":["https:\/\/diariodelsurdigital.com.ar\/?p=5270"]}]},{"@type":"ImageObject","inLanguage":"es","@id":"https:\/\/diariodelsurdigital.com.ar\/?p=5270#primaryimage","url":"https:\/\/diariodelsurdigital.com.ar\/wp-content\/uploads\/2025\/10\/gaillard-carolina-1.jpg","contentUrl":"https:\/\/diariodelsurdigital.com.ar\/wp-content\/uploads\/2025\/10\/gaillard-carolina-1.jpg","width":541,"height":343},{"@type":"BreadcrumbList","@id":"https:\/\/diariodelsurdigital.com.ar\/?p=5270#breadcrumb","itemListElement":[{"@type":"ListItem","position":1,"name":"Portada","item":"https:\/\/diariodelsurdigital.com.ar\/"},{"@type":"ListItem","position":2,"name":"Carolina Gaillard: \u00abHemos sumado muchos compa\u00f1eros que ven\u00edan descre\u00eddos o desencantados de la pol\u00edtica\u00bb"}]},{"@type":"WebSite","@id":"https:\/\/diariodelsurdigital.com.ar\/#website","url":"https:\/\/diariodelsurdigital.com.ar\/","name":"Diario del Sur","description":"Digital","potentialAction":[{"@type":"SearchAction","target":{"@type":"EntryPoint","urlTemplate":"https:\/\/diariodelsurdigital.com.ar\/?s={search_term_string}"},"query-input":{"@type":"PropertyValueSpecification","valueRequired":true,"valueName":"search_term_string"}}],"inLanguage":"es"},{"@type":"Person","@id":"https:\/\/diariodelsurdigital.com.ar\/#\/schema\/person\/6136a32571657f7dba980b88b04c5465","name":"Diario del Sur Digital","image":{"@type":"ImageObject","inLanguage":"es","@id":"https:\/\/secure.gravatar.com\/avatar\/4c29ceac98541dd42460b2474aaa5dd37594d6ce6cb3cf2c101d09b48ee287ba?s=96&d=mm&r=g","url":"https:\/\/secure.gravatar.com\/avatar\/4c29ceac98541dd42460b2474aaa5dd37594d6ce6cb3cf2c101d09b48ee287ba?s=96&d=mm&r=g","contentUrl":"https:\/\/secure.gravatar.com\/avatar\/4c29ceac98541dd42460b2474aaa5dd37594d6ce6cb3cf2c101d09b48ee287ba?s=96&d=mm&r=g","caption":"Diario del Sur Digital"},"url":"https:\/\/diariodelsurdigital.com.ar\/?author=2"}]}},"_links":{"self":[{"href":"https:\/\/diariodelsurdigital.com.ar\/index.php?rest_route=\/wp\/v2\/posts\/5270","targetHints":{"allow":["GET"]}}],"collection":[{"href":"https:\/\/diariodelsurdigital.com.ar\/index.php?rest_route=\/wp\/v2\/posts"}],"about":[{"href":"https:\/\/diariodelsurdigital.com.ar\/index.php?rest_route=\/wp\/v2\/types\/post"}],"author":[{"embeddable":true,"href":"https:\/\/diariodelsurdigital.com.ar\/index.php?rest_route=\/wp\/v2\/users\/2"}],"replies":[{"embeddable":true,"href":"https:\/\/diariodelsurdigital.com.ar\/index.php?rest_route=%2Fwp%2Fv2%2Fcomments&post=5270"}],"version-history":[{"count":2,"href":"https:\/\/diariodelsurdigital.com.ar\/index.php?rest_route=\/wp\/v2\/posts\/5270\/revisions"}],"predecessor-version":[{"id":5275,"href":"https:\/\/diariodelsurdigital.com.ar\/index.php?rest_route=\/wp\/v2\/posts\/5270\/revisions\/5275"}],"wp:featuredmedia":[{"embeddable":true,"href":"https:\/\/diariodelsurdigital.com.ar\/index.php?rest_route=\/wp\/v2\/media\/5271"}],"wp:attachment":[{"href":"https:\/\/diariodelsurdigital.com.ar\/index.php?rest_route=%2Fwp%2Fv2%2Fmedia&parent=5270"}],"wp:term":[{"taxonomy":"category","embeddable":true,"href":"https:\/\/diariodelsurdigital.com.ar\/index.php?rest_route=%2Fwp%2Fv2%2Fcategories&post=5270"},{"taxonomy":"post_tag","embeddable":true,"href":"https:\/\/diariodelsurdigital.com.ar\/index.php?rest_route=%2Fwp%2Fv2%2Ftags&post=5270"}],"curies":[{"name":"wp","href":"https:\/\/api.w.org\/{rel}","templated":true}]}}