{"id":5277,"date":"2025-10-23T09:54:16","date_gmt":"2025-10-23T12:54:16","guid":{"rendered":"https:\/\/diariodelsurdigital.com.ar\/?p=5277"},"modified":"2025-10-23T09:54:17","modified_gmt":"2025-10-23T12:54:17","slug":"el-gobierno-de-peru-declaro-el-estado-de-emergencia-en-medio-de-la-crisis-politica-y-la-ola-de-inseguridad","status":"publish","type":"post","link":"https:\/\/diariodelsurdigital.com.ar\/?p=5277","title":{"rendered":"El gobierno de Per\u00fa declar\u00f3 el estado de emergencia en medio de la crisis pol\u00edtica y la ola de inseguridad"},"content":{"rendered":"\n<p>La iniciativa permite restringir derechos como reuniones o la movilidad en motos y contempla la militarizaci\u00f3n de las calles lime\u00f1as. Regir\u00e1 en principio por 30 d\u00edas en Lima y el vecino puerto del Callao.<\/p>\n\n\n\n<p>Los militares salieron \u00e9ste mi\u00e9rcoles a las calles de Lima tras la declaratoria de estado de emergencia por la ola de criminalidad.<\/p>\n\n\n\n<p>El gobierno interino del derechista Jos\u00e9 Jer\u00ed declar\u00f3 la medida el martes en la noche. La iniciativa permite restringir derechos como reuniones o la movilidad en motos y contempla la militarizaci\u00f3n de las calles lime\u00f1as.<\/p>\n\n\n\n<p>El decreto regir\u00e1 en principio por 30 d\u00edas en Lima y el vecino puerto del Callao, en medio de una nueva crisis pol\u00edtica que llev\u00f3 a la destituci\u00f3n de Dina Boluarte este mes.<\/p>\n\n\n\n<p>La mandataria fue removida tras un juicio pol\u00edtico expr\u00e9s el 10 de octubre por una ola de inseguridad.<\/p>\n\n\n\n<p>Crisis de inseguridad y protestas<br>Los peruanos enfrentan una severa crisis de inseguridad por el crimen organizado, que desencaden\u00f3 m\u00faltiples protestas.<\/p>\n\n\n\n<p>Las movilizaciones son lideradas por la Generaci\u00f3n Z, un colectivo de j\u00f3venes entre 18 y 30 a\u00f1os, en repudio al Congreso y al gobierno de derecha reci\u00e9n instalado de Jer\u00ed.<\/p>\n\n\n\n<p>La violencia ha gestado un descontento entre la poblaci\u00f3n que culmin\u00f3 con protestas masivas el 15 de octubre, con un muerto y un centenar de heridos.<\/p>\n\n\n\n<p>Entre marzo y julio rigi\u00f3 el estado de emergencia en la capital y el puerto del Callao, pero no logr\u00f3 revertir la curva de inseguridad.<\/p>\n\n\n\n<p>Las denuncias de extorsi\u00f3n en Per\u00fa pasaron de 2396 en 2023 a m\u00e1s de 17.000 en 2024. Lima encabez\u00f3 el registro, seg\u00fan cifras oficiales.<\/p>\n","protected":false},"excerpt":{"rendered":"<p>La iniciativa permite restringir derechos como reuniones o la movilidad en motos y contempla la militarizaci\u00f3n de las calles lime\u00f1as. Regir\u00e1 en principio por 30 d\u00edas en Lima y el vecino puerto del Callao. Los militares salieron \u00e9ste mi\u00e9rcoles a las calles de Lima tras la declaratoria de estado de emergencia por la ola de [&hellip;]<\/p>\n","protected":false},"author":4,"featured_media":5278,"comment_status":"open","ping_status":"open","sticky":false,"template":"","format":"standard","meta":{"footnotes":""},"categories":[20],"tags":[],"class_list":{"0":"post-5277","1":"post","2":"type-post","3":"status-publish","4":"format-standard","5":"has-post-thumbnail","7":"category-internacionales"},"yoast_head":"<!-- This site is optimized with the Yoast SEO plugin v27.4 - https:\/\/yoast.com\/product\/yoast-seo-wordpress\/ -->\n<title>El gobierno de Per\u00fa declar\u00f3 el estado de emergencia en medio de la crisis pol\u00edtica y la ola de inseguridad - Diario del Sur<\/title>\n<meta name=\"robots\" content=\"index, follow, max-snippet:-1, max-image-preview:large, max-video-preview:-1\" \/>\n<link rel=\"canonical\" href=\"https:\/\/diariodelsurdigital.com.ar\/?p=5277\" \/>\n<meta property=\"og:locale\" content=\"es_ES\" \/>\n<meta property=\"og:type\" content=\"article\" \/>\n<meta property=\"og:title\" content=\"El gobierno de Per\u00fa declar\u00f3 el estado de emergencia en medio de la crisis pol\u00edtica y la ola de inseguridad - Diario del Sur\" \/>\n<meta property=\"og:description\" content=\"La iniciativa permite restringir derechos como reuniones o la movilidad en motos y contempla la militarizaci\u00f3n de las calles lime\u00f1as. Regir\u00e1 en principio por 30 d\u00edas en Lima y el vecino puerto del Callao. Los militares salieron \u00e9ste mi\u00e9rcoles a las calles de Lima tras la declaratoria de estado de emergencia por la ola de [&hellip;]\" \/>\n<meta property=\"og:url\" content=\"https:\/\/diariodelsurdigital.com.ar\/?p=5277\" \/>\n<meta property=\"og:site_name\" content=\"Diario del Sur\" \/>\n<meta property=\"article:published_time\" content=\"2025-10-23T12:54:16+00:00\" \/>\n<meta property=\"article:modified_time\" content=\"2025-10-23T12:54:17+00:00\" \/>\n<meta property=\"og:image\" content=\"https:\/\/diariodelsurdigital.com.ar\/wp-content\/uploads\/2025\/10\/md-42-1.webp\" \/>\n\t<meta property=\"og:image:width\" content=\"992\" \/>\n\t<meta property=\"og:image:height\" content=\"660\" \/>\n\t<meta property=\"og:image:type\" content=\"image\/webp\" \/>\n<meta name=\"author\" content=\"Diario del Sur Digital\" \/>\n<meta name=\"twitter:card\" content=\"summary_large_image\" \/>\n<meta name=\"twitter:label1\" content=\"Escrito por\" \/>\n\t<meta name=\"twitter:data1\" content=\"Diario del Sur Digital\" \/>\n\t<meta name=\"twitter:label2\" content=\"Tiempo de lectura\" \/>\n\t<meta name=\"twitter:data2\" content=\"2 minutos\" \/>\n<script type=\"application\/ld+json\" class=\"yoast-schema-graph\">{\"@context\":\"https:\\\/\\\/schema.org\",\"@graph\":[{\"@type\":\"Article\",\"@id\":\"https:\\\/\\\/diariodelsurdigital.com.ar\\\/?p=5277#article\",\"isPartOf\":{\"@id\":\"https:\\\/\\\/diariodelsurdigital.com.ar\\\/?p=5277\"},\"author\":{\"name\":\"Diario del Sur Digital\",\"@id\":\"https:\\\/\\\/diariodelsurdigital.com.ar\\\/#\\\/schema\\\/person\\\/1a4992532ed62965c968031b49195c81\"},\"headline\":\"El gobierno de Per\u00fa declar\u00f3 el estado de emergencia en medio de la crisis pol\u00edtica y la ola de inseguridad\",\"datePublished\":\"2025-10-23T12:54:16+00:00\",\"dateModified\":\"2025-10-23T12:54:17+00:00\",\"mainEntityOfPage\":{\"@id\":\"https:\\\/\\\/diariodelsurdigital.com.ar\\\/?p=5277\"},\"wordCount\":298,\"commentCount\":0,\"image\":{\"@id\":\"https:\\\/\\\/diariodelsurdigital.com.ar\\\/?p=5277#primaryimage\"},\"thumbnailUrl\":\"https:\\\/\\\/diariodelsurdigital.com.ar\\\/wp-content\\\/uploads\\\/2025\\\/10\\\/md-42-1.webp\",\"articleSection\":[\"Internacionales\"],\"inLanguage\":\"es\",\"potentialAction\":[{\"@type\":\"CommentAction\",\"name\":\"Comment\",\"target\":[\"https:\\\/\\\/diariodelsurdigital.com.ar\\\/?p=5277#respond\"]}]},{\"@type\":\"WebPage\",\"@id\":\"https:\\\/\\\/diariodelsurdigital.com.ar\\\/?p=5277\",\"url\":\"https:\\\/\\\/diariodelsurdigital.com.ar\\\/?p=5277\",\"name\":\"El gobierno de Per\u00fa declar\u00f3 el estado de emergencia en medio de la crisis pol\u00edtica y la ola de inseguridad - Diario del Sur\",\"isPartOf\":{\"@id\":\"https:\\\/\\\/diariodelsurdigital.com.ar\\\/#website\"},\"primaryImageOfPage\":{\"@id\":\"https:\\\/\\\/diariodelsurdigital.com.ar\\\/?p=5277#primaryimage\"},\"image\":{\"@id\":\"https:\\\/\\\/diariodelsurdigital.com.ar\\\/?p=5277#primaryimage\"},\"thumbnailUrl\":\"https:\\\/\\\/diariodelsurdigital.com.ar\\\/wp-content\\\/uploads\\\/2025\\\/10\\\/md-42-1.webp\",\"datePublished\":\"2025-10-23T12:54:16+00:00\",\"dateModified\":\"2025-10-23T12:54:17+00:00\",\"author\":{\"@id\":\"https:\\\/\\\/diariodelsurdigital.com.ar\\\/#\\\/schema\\\/person\\\/1a4992532ed62965c968031b49195c81\"},\"breadcrumb\":{\"@id\":\"https:\\\/\\\/diariodelsurdigital.com.ar\\\/?p=5277#breadcrumb\"},\"inLanguage\":\"es\",\"potentialAction\":[{\"@type\":\"ReadAction\",\"target\":[\"https:\\\/\\\/diariodelsurdigital.com.ar\\\/?p=5277\"]}]},{\"@type\":\"ImageObject\",\"inLanguage\":\"es\",\"@id\":\"https:\\\/\\\/diariodelsurdigital.com.ar\\\/?p=5277#primaryimage\",\"url\":\"https:\\\/\\\/diariodelsurdigital.com.ar\\\/wp-content\\\/uploads\\\/2025\\\/10\\\/md-42-1.webp\",\"contentUrl\":\"https:\\\/\\\/diariodelsurdigital.com.ar\\\/wp-content\\\/uploads\\\/2025\\\/10\\\/md-42-1.webp\",\"width\":992,\"height\":660},{\"@type\":\"BreadcrumbList\",\"@id\":\"https:\\\/\\\/diariodelsurdigital.com.ar\\\/?p=5277#breadcrumb\",\"itemListElement\":[{\"@type\":\"ListItem\",\"position\":1,\"name\":\"Portada\",\"item\":\"https:\\\/\\\/diariodelsurdigital.com.ar\\\/\"},{\"@type\":\"ListItem\",\"position\":2,\"name\":\"El gobierno de Per\u00fa declar\u00f3 el estado de emergencia en medio de la crisis pol\u00edtica y la ola de inseguridad\"}]},{\"@type\":\"WebSite\",\"@id\":\"https:\\\/\\\/diariodelsurdigital.com.ar\\\/#website\",\"url\":\"https:\\\/\\\/diariodelsurdigital.com.ar\\\/\",\"name\":\"Diario del Sur\",\"description\":\"Digital\",\"potentialAction\":[{\"@type\":\"SearchAction\",\"target\":{\"@type\":\"EntryPoint\",\"urlTemplate\":\"https:\\\/\\\/diariodelsurdigital.com.ar\\\/?s={search_term_string}\"},\"query-input\":{\"@type\":\"PropertyValueSpecification\",\"valueRequired\":true,\"valueName\":\"search_term_string\"}}],\"inLanguage\":\"es\"},{\"@type\":\"Person\",\"@id\":\"https:\\\/\\\/diariodelsurdigital.com.ar\\\/#\\\/schema\\\/person\\\/1a4992532ed62965c968031b49195c81\",\"name\":\"Diario del Sur Digital\",\"image\":{\"@type\":\"ImageObject\",\"inLanguage\":\"es\",\"@id\":\"https:\\\/\\\/secure.gravatar.com\\\/avatar\\\/f0c7c47fc7146d19828273b9b8eda651c9c7ab583767e6338d3d3bee825adf76?s=96&d=mm&r=g\",\"url\":\"https:\\\/\\\/secure.gravatar.com\\\/avatar\\\/f0c7c47fc7146d19828273b9b8eda651c9c7ab583767e6338d3d3bee825adf76?s=96&d=mm&r=g\",\"contentUrl\":\"https:\\\/\\\/secure.gravatar.com\\\/avatar\\\/f0c7c47fc7146d19828273b9b8eda651c9c7ab583767e6338d3d3bee825adf76?s=96&d=mm&r=g\",\"caption\":\"Diario del Sur Digital\"},\"url\":\"https:\\\/\\\/diariodelsurdigital.com.ar\\\/?author=4\"}]}<\/script>\n<!-- \/ Yoast SEO plugin. -->","yoast_head_json":{"title":"El gobierno de Per\u00fa declar\u00f3 el estado de emergencia en medio de la crisis pol\u00edtica y la ola de inseguridad - Diario del Sur","robots":{"index":"index","follow":"follow","max-snippet":"max-snippet:-1","max-image-preview":"max-image-preview:large","max-video-preview":"max-video-preview:-1"},"canonical":"https:\/\/diariodelsurdigital.com.ar\/?p=5277","og_locale":"es_ES","og_type":"article","og_title":"El gobierno de Per\u00fa declar\u00f3 el estado de emergencia en medio de la crisis pol\u00edtica y la ola de inseguridad - Diario del Sur","og_description":"La iniciativa permite restringir derechos como reuniones o la movilidad en motos y contempla la militarizaci\u00f3n de las calles lime\u00f1as. Regir\u00e1 en principio por 30 d\u00edas en Lima y el vecino puerto del Callao. Los militares salieron \u00e9ste mi\u00e9rcoles a las calles de Lima tras la declaratoria de estado de emergencia por la ola de [&hellip;]","og_url":"https:\/\/diariodelsurdigital.com.ar\/?p=5277","og_site_name":"Diario del Sur","article_published_time":"2025-10-23T12:54:16+00:00","article_modified_time":"2025-10-23T12:54:17+00:00","og_image":[{"width":992,"height":660,"url":"https:\/\/diariodelsurdigital.com.ar\/wp-content\/uploads\/2025\/10\/md-42-1.webp","type":"image\/webp"}],"author":"Diario del Sur Digital","twitter_card":"summary_large_image","twitter_misc":{"Escrito por":"Diario del Sur Digital","Tiempo de lectura":"2 minutos"},"schema":{"@context":"https:\/\/schema.org","@graph":[{"@type":"Article","@id":"https:\/\/diariodelsurdigital.com.ar\/?p=5277#article","isPartOf":{"@id":"https:\/\/diariodelsurdigital.com.ar\/?p=5277"},"author":{"name":"Diario del Sur Digital","@id":"https:\/\/diariodelsurdigital.com.ar\/#\/schema\/person\/1a4992532ed62965c968031b49195c81"},"headline":"El gobierno de Per\u00fa declar\u00f3 el estado de emergencia en medio de la crisis pol\u00edtica y la ola de inseguridad","datePublished":"2025-10-23T12:54:16+00:00","dateModified":"2025-10-23T12:54:17+00:00","mainEntityOfPage":{"@id":"https:\/\/diariodelsurdigital.com.ar\/?p=5277"},"wordCount":298,"commentCount":0,"image":{"@id":"https:\/\/diariodelsurdigital.com.ar\/?p=5277#primaryimage"},"thumbnailUrl":"https:\/\/diariodelsurdigital.com.ar\/wp-content\/uploads\/2025\/10\/md-42-1.webp","articleSection":["Internacionales"],"inLanguage":"es","potentialAction":[{"@type":"CommentAction","name":"Comment","target":["https:\/\/diariodelsurdigital.com.ar\/?p=5277#respond"]}]},{"@type":"WebPage","@id":"https:\/\/diariodelsurdigital.com.ar\/?p=5277","url":"https:\/\/diariodelsurdigital.com.ar\/?p=5277","name":"El gobierno de Per\u00fa declar\u00f3 el estado de emergencia en medio de la crisis pol\u00edtica y la ola de inseguridad - Diario del Sur","isPartOf":{"@id":"https:\/\/diariodelsurdigital.com.ar\/#website"},"primaryImageOfPage":{"@id":"https:\/\/diariodelsurdigital.com.ar\/?p=5277#primaryimage"},"image":{"@id":"https:\/\/diariodelsurdigital.com.ar\/?p=5277#primaryimage"},"thumbnailUrl":"https:\/\/diariodelsurdigital.com.ar\/wp-content\/uploads\/2025\/10\/md-42-1.webp","datePublished":"2025-10-23T12:54:16+00:00","dateModified":"2025-10-23T12:54:17+00:00","author":{"@id":"https:\/\/diariodelsurdigital.com.ar\/#\/schema\/person\/1a4992532ed62965c968031b49195c81"},"breadcrumb":{"@id":"https:\/\/diariodelsurdigital.com.ar\/?p=5277#breadcrumb"},"inLanguage":"es","potentialAction":[{"@type":"ReadAction","target":["https:\/\/diariodelsurdigital.com.ar\/?p=5277"]}]},{"@type":"ImageObject","inLanguage":"es","@id":"https:\/\/diariodelsurdigital.com.ar\/?p=5277#primaryimage","url":"https:\/\/diariodelsurdigital.com.ar\/wp-content\/uploads\/2025\/10\/md-42-1.webp","contentUrl":"https:\/\/diariodelsurdigital.com.ar\/wp-content\/uploads\/2025\/10\/md-42-1.webp","width":992,"height":660},{"@type":"BreadcrumbList","@id":"https:\/\/diariodelsurdigital.com.ar\/?p=5277#breadcrumb","itemListElement":[{"@type":"ListItem","position":1,"name":"Portada","item":"https:\/\/diariodelsurdigital.com.ar\/"},{"@type":"ListItem","position":2,"name":"El gobierno de Per\u00fa declar\u00f3 el estado de emergencia en medio de la crisis pol\u00edtica y la ola de inseguridad"}]},{"@type":"WebSite","@id":"https:\/\/diariodelsurdigital.com.ar\/#website","url":"https:\/\/diariodelsurdigital.com.ar\/","name":"Diario del Sur","description":"Digital","potentialAction":[{"@type":"SearchAction","target":{"@type":"EntryPoint","urlTemplate":"https:\/\/diariodelsurdigital.com.ar\/?s={search_term_string}"},"query-input":{"@type":"PropertyValueSpecification","valueRequired":true,"valueName":"search_term_string"}}],"inLanguage":"es"},{"@type":"Person","@id":"https:\/\/diariodelsurdigital.com.ar\/#\/schema\/person\/1a4992532ed62965c968031b49195c81","name":"Diario del Sur Digital","image":{"@type":"ImageObject","inLanguage":"es","@id":"https:\/\/secure.gravatar.com\/avatar\/f0c7c47fc7146d19828273b9b8eda651c9c7ab583767e6338d3d3bee825adf76?s=96&d=mm&r=g","url":"https:\/\/secure.gravatar.com\/avatar\/f0c7c47fc7146d19828273b9b8eda651c9c7ab583767e6338d3d3bee825adf76?s=96&d=mm&r=g","contentUrl":"https:\/\/secure.gravatar.com\/avatar\/f0c7c47fc7146d19828273b9b8eda651c9c7ab583767e6338d3d3bee825adf76?s=96&d=mm&r=g","caption":"Diario del Sur Digital"},"url":"https:\/\/diariodelsurdigital.com.ar\/?author=4"}]}},"_links":{"self":[{"href":"https:\/\/diariodelsurdigital.com.ar\/index.php?rest_route=\/wp\/v2\/posts\/5277","targetHints":{"allow":["GET"]}}],"collection":[{"href":"https:\/\/diariodelsurdigital.com.ar\/index.php?rest_route=\/wp\/v2\/posts"}],"about":[{"href":"https:\/\/diariodelsurdigital.com.ar\/index.php?rest_route=\/wp\/v2\/types\/post"}],"author":[{"embeddable":true,"href":"https:\/\/diariodelsurdigital.com.ar\/index.php?rest_route=\/wp\/v2\/users\/4"}],"replies":[{"embeddable":true,"href":"https:\/\/diariodelsurdigital.com.ar\/index.php?rest_route=%2Fwp%2Fv2%2Fcomments&post=5277"}],"version-history":[{"count":1,"href":"https:\/\/diariodelsurdigital.com.ar\/index.php?rest_route=\/wp\/v2\/posts\/5277\/revisions"}],"predecessor-version":[{"id":5279,"href":"https:\/\/diariodelsurdigital.com.ar\/index.php?rest_route=\/wp\/v2\/posts\/5277\/revisions\/5279"}],"wp:featuredmedia":[{"embeddable":true,"href":"https:\/\/diariodelsurdigital.com.ar\/index.php?rest_route=\/wp\/v2\/media\/5278"}],"wp:attachment":[{"href":"https:\/\/diariodelsurdigital.com.ar\/index.php?rest_route=%2Fwp%2Fv2%2Fmedia&parent=5277"}],"wp:term":[{"taxonomy":"category","embeddable":true,"href":"https:\/\/diariodelsurdigital.com.ar\/index.php?rest_route=%2Fwp%2Fv2%2Fcategories&post=5277"},{"taxonomy":"post_tag","embeddable":true,"href":"https:\/\/diariodelsurdigital.com.ar\/index.php?rest_route=%2Fwp%2Fv2%2Ftags&post=5277"}],"curies":[{"name":"wp","href":"https:\/\/api.w.org\/{rel}","templated":true}]}}