{"id":530,"date":"2025-01-10T19:08:30","date_gmt":"2025-01-10T22:08:30","guid":{"rendered":"https:\/\/diariodelsurdigital.com.ar\/?p=530"},"modified":"2025-01-10T19:08:31","modified_gmt":"2025-01-10T22:08:31","slug":"desde-la-izquierda-les-digo-que-el-gobierno-de-maduro-es-una-dictadura-boric-endurece-posicion-contra-venezuela","status":"publish","type":"post","link":"https:\/\/diariodelsurdigital.com.ar\/?p=530","title":{"rendered":"\u201cDesde la izquierda les digo que el Gobierno de Maduro es una dictadura\u201d: Boric endurece posici\u00f3n contra Venezuela"},"content":{"rendered":"\n<p>El presidente de Chile, Gabriel Boric, ha endurecido su condena al r\u00e9gimen chavista. \u201cDesde la izquierda pol\u00edtica les digo que el Gobierno de Nicol\u00e1s Maduro es una dictadura\u201d, dijo este jueves despu\u00e9s de que el equipo de Mar\u00eda Corina Machado denunciase la detenci\u00f3n de la l\u00edder opositora venezolana tras la movilizaci\u00f3n convocada en Caracas un d\u00eda antes de la toma de posesi\u00f3n de Maduro. Si bien fue liberada, poco despu\u00e9s la Canciller\u00eda del pa\u00eds sudamericano, que encabeza Alberto van Klaveren, emiti\u00f3 una declaraci\u00f3n p\u00fablica en la que se\u00f1ala: \u201cChile expresa su m\u00e1s en\u00e9rgica condena ante la represi\u00f3n y continuas violaciones a los derechos humanos que se est\u00e1n produciendo en Venezuela [&#8230;] y rechaza y manifiesta su preocupaci\u00f3n ante la detenci\u00f3n de la que fue objeto la l\u00edder opositora [&#8230;] y exige que se garantice su seguridad, as\u00ed como la de otros l\u00edderes de la oposici\u00f3n democr\u00e1tica\u201d.<\/p>\n\n\n\n<p>La Administraci\u00f3n de Boric ha profundizado sus cr\u00edticas hacia Maduro y su r\u00e9gimen desde las elecciones presidenciales de Venezuela del 28 de julio pasado. Han sido casi seis meses marcados por diversas controversias que arrancaron poco despu\u00e9s de los comicios en que Maduro, sin mostrar las actas electorales y entre indicios claros de fraude, se dio por ganador frente al opositor Edmundo Gonz\u00e1lez. Boric fue el primer l\u00edder internacional en pedir transparencia en el conteo de votos, cuando se\u00f1al\u00f3, a trav\u00e9s de su cuenta de X: \u201cEl r\u00e9gimen de Maduro debe entender que los resultados que publica son dif\u00edciles de creer. La comunidad internacional y sobre todo el pueblo venezolano, incluyendo a los millones de venezolanos en el exilio, exigimos total transparencia de las actas y el proceso, y que veedores internacionales no comprometidos con el gobierno den cuenta de la veracidad de los resultados\u201d.<\/p>\n\n\n\n<p>Al d\u00eda siguiente, el lunes 29, el chileno insisti\u00f3 en su postura, cuando dijo desde Emiratos \u00c1rabes, donde se encontraba en un viaje oficial, que \u201celecciones que generan tanta expectaci\u00f3n como \u00e9sta [la venezolana], tienen que ser absolutamente transparentes y verificables\u201d. Y a\u00f1adi\u00f3: \u201cTodav\u00eda no se entregan todas las actas que podr\u00edan verificar esa elecci\u00f3n. Mientras eso no se haga, nosotros como pa\u00eds nos vamos a abstener de hacer un reconocimiento a lo que ha se\u00f1alado el Consejo Nacional Electoral\u201d.<\/p>\n\n\n\n<p>La posici\u00f3n de Boric tuvo consecuencias inmediatas. El r\u00e9gimen chavista decidi\u00f3 en menos de 24 horas el retiro de todo su personal diplom\u00e1tico en Chile, Argentina, Costa Rica, Per\u00fa, Panam\u00e1, Rep\u00fablica Dominicana y Uruguay, y tambi\u00e9n que estos gobiernos de Am\u00e9rica Latina sacaran de inmediato a sus representantes del territorio venezolano. La medida implic\u00f3 la expulsi\u00f3n de Caracas de Jaime Gazmuri, el socialista que el presidente de izquierdas hab\u00eda nombrado en mayo de 2023, tras cinco a\u00f1os sin que Chile tuviera un embajador en el pa\u00eds caribe\u00f1o.<\/p>\n\n\n\n<p>De esos d\u00edas convulsos, en Chile qued\u00f3 el recuerdo de una frase que el embajador venezolano en Santiago, Ar\u00e9valo M\u00e9ndez, grit\u00f3 cuando sal\u00eda, la noche del 30 de julio, de la sede diplom\u00e1tica ubicada en una casona en el municipio de Providencia, en el sector oriente de la capital, y que fue grabada por el canal 24 Horas: \u201c\u00a1Muera el fascismo!\u201d.<\/p>\n\n\n\n<p>El 22 de agosto, cuando el Tribunal Supremo de Venezuela (TSJ), controlado por el chavismo, convalid\u00f3 el triunfo de Nicol\u00e1s Maduro, Boric volvi\u00f3 a hablar y dijo que aquella decisi\u00f3n \u201ctermina de consolidar el fraude\u201d y que \u201cno hay duda que estamos frente a una dictadura que falsea elecciones\u201d y que \u201cChile no reconoce este falso triunfo autoproclamado de Maduro y compa\u00f1\u00eda\u201d. El chileno tambi\u00e9n separ\u00f3 las aguas pol\u00edticas en la regi\u00f3n y se\u00f1al\u00f3 que \u201cla dictadura de Venezuela no es la izquierda\u201d.<\/p>\n\n\n\n<p>Pese a los fuertes choques, y a la expulsi\u00f3n de Gazmuri, Chile ha mantenido dos posiciones durante estos casi seis meses frente a la crisis de Venezuela. La primera, no romper relaciones con Caracas, pues como explic\u00f3 en agosto a EL PA\u00cdS el canciller van Klaveren hacerlo \u201cno es parte de esta pol\u00edtica\u201d pues \u201chist\u00f3ricamente, durante per\u00edodos democr\u00e1ticos, Chile nunca ha roto relaciones con alg\u00fan pa\u00eds\u201d.<\/p>\n\n\n\n<p>La segunda ha sido no reconocer a Edmundo Gonz\u00e1lez como presidente, aunque el canciller admita que \u201chay una gran simpat\u00eda\u201d por \u00e9l y que existe contacto con la oposici\u00f3n. \u201cA nosotros no nos corresponde reconocer ganadores de elecciones presidenciales en terceros pa\u00edses\u201d, pero, \u201cnos parece que, desde el punto de vista de la pol\u00edtica exterior, es mejor abstenerse de reconocer ganadores de elecciones, sobre todo cuando han sido cuestionadas\u201d, ha reiterado este jueves el canciller a radio Cooperativa. Tambi\u00e9n hay otro factor: el caso de Juan Guaid\u00f3. Record\u00f3 que \u201cse gener\u00f3 una situaci\u00f3n extra\u00f1a en que se reconoc\u00eda a un gobierno que no ten\u00eda capacidad de controlar los asuntos de ese pa\u00eds, que no ten\u00eda un poder efectivo, un poder real, y, por otra parte, subsist\u00eda el r\u00e9gimen de Maduro. Entonces, la verdad es que no queremos repetir una experiencia como esa\u201d.<\/p>\n\n\n\n<p>En la v\u00edspera de la toma de poder del l\u00edder chavista, este martes el Gobierno de Boric entreg\u00f3 una \u00faltima se\u00f1al diplom\u00e1tica al dar por finalizada la misi\u00f3n de Jaime Gazmuri como embajador, quien regres\u00f3 a Chile el 3 de agosto. Fue una medida que tom\u00f3 por la \u201cevoluci\u00f3n de los hechos a partir de las elecciones presidenciales del 28 de julio de 2024 en Venezuela, tras las cuales Nicol\u00e1s Maduro ha asegurado que seguir\u00e1 siendo el presidente de ese pa\u00eds desde el 10 de enero, como resultado del fraude electoral perpetrado por su r\u00e9gimen\u201d.<\/p>\n\n\n\n<p>Actualmente, Chile mantiene dos consulados en Venezuela: uno en Caracas y otro en Puerto Ordaz, public\u00f3 El Pa\u00eds.<\/p>\n","protected":false},"excerpt":{"rendered":"<p>El presidente de Chile, Gabriel Boric, ha endurecido su condena al r\u00e9gimen chavista. \u201cDesde la izquierda pol\u00edtica les digo que el Gobierno de Nicol\u00e1s Maduro es una dictadura\u201d, dijo este jueves despu\u00e9s de que el equipo de Mar\u00eda Corina Machado denunciase la detenci\u00f3n de la l\u00edder opositora venezolana tras la movilizaci\u00f3n convocada en Caracas un [&hellip;]<\/p>\n","protected":false},"author":4,"featured_media":531,"comment_status":"open","ping_status":"open","sticky":false,"template":"","format":"standard","meta":{"footnotes":""},"categories":[20,22],"tags":[],"class_list":{"0":"post-530","1":"post","2":"type-post","3":"status-publish","4":"format-standard","5":"has-post-thumbnail","7":"category-internacionales","8":"category-politica"},"yoast_head":"<!-- This site is optimized with the Yoast SEO plugin v27.4 - https:\/\/yoast.com\/product\/yoast-seo-wordpress\/ -->\n<title>\u201cDesde la izquierda les digo que el Gobierno de Maduro es una dictadura\u201d: Boric endurece posici\u00f3n contra Venezuela - Diario del Sur<\/title>\n<meta name=\"robots\" content=\"index, follow, max-snippet:-1, max-image-preview:large, max-video-preview:-1\" \/>\n<link rel=\"canonical\" href=\"https:\/\/diariodelsurdigital.com.ar\/?p=530\" \/>\n<meta property=\"og:locale\" content=\"es_ES\" \/>\n<meta property=\"og:type\" content=\"article\" \/>\n<meta property=\"og:title\" content=\"\u201cDesde la izquierda les digo que el Gobierno de Maduro es una dictadura\u201d: Boric endurece posici\u00f3n contra Venezuela - Diario del Sur\" \/>\n<meta property=\"og:description\" content=\"El presidente de Chile, Gabriel Boric, ha endurecido su condena al r\u00e9gimen chavista. \u201cDesde la izquierda pol\u00edtica les digo que el Gobierno de Nicol\u00e1s Maduro es una dictadura\u201d, dijo este jueves despu\u00e9s de que el equipo de Mar\u00eda Corina Machado denunciase la detenci\u00f3n de la l\u00edder opositora venezolana tras la movilizaci\u00f3n convocada en Caracas un [&hellip;]\" \/>\n<meta property=\"og:url\" content=\"https:\/\/diariodelsurdigital.com.ar\/?p=530\" \/>\n<meta property=\"og:site_name\" content=\"Diario del Sur\" \/>\n<meta property=\"article:published_time\" content=\"2025-01-10T22:08:30+00:00\" \/>\n<meta property=\"article:modified_time\" content=\"2025-01-10T22:08:31+00:00\" \/>\n<meta property=\"og:image\" content=\"https:\/\/diariodelsurdigital.com.ar\/wp-content\/uploads\/2025\/01\/md-2025-01-10T190629.711.webp\" \/>\n\t<meta property=\"og:image:width\" content=\"992\" \/>\n\t<meta property=\"og:image:height\" content=\"558\" \/>\n\t<meta property=\"og:image:type\" content=\"image\/webp\" \/>\n<meta name=\"author\" content=\"Diario del Sur Digital\" \/>\n<meta name=\"twitter:card\" content=\"summary_large_image\" \/>\n<meta name=\"twitter:label1\" content=\"Escrito por\" \/>\n\t<meta name=\"twitter:data1\" content=\"Diario del Sur Digital\" \/>\n\t<meta name=\"twitter:label2\" content=\"Tiempo de lectura\" \/>\n\t<meta name=\"twitter:data2\" content=\"5 minutos\" \/>\n<script type=\"application\/ld+json\" class=\"yoast-schema-graph\">{\"@context\":\"https:\\\/\\\/schema.org\",\"@graph\":[{\"@type\":\"Article\",\"@id\":\"https:\\\/\\\/diariodelsurdigital.com.ar\\\/?p=530#article\",\"isPartOf\":{\"@id\":\"https:\\\/\\\/diariodelsurdigital.com.ar\\\/?p=530\"},\"author\":{\"name\":\"Diario del Sur Digital\",\"@id\":\"https:\\\/\\\/diariodelsurdigital.com.ar\\\/#\\\/schema\\\/person\\\/1a4992532ed62965c968031b49195c81\"},\"headline\":\"\u201cDesde la izquierda les digo que el Gobierno de Maduro es una dictadura\u201d: Boric endurece posici\u00f3n contra Venezuela\",\"datePublished\":\"2025-01-10T22:08:30+00:00\",\"dateModified\":\"2025-01-10T22:08:31+00:00\",\"mainEntityOfPage\":{\"@id\":\"https:\\\/\\\/diariodelsurdigital.com.ar\\\/?p=530\"},\"wordCount\":1028,\"commentCount\":0,\"image\":{\"@id\":\"https:\\\/\\\/diariodelsurdigital.com.ar\\\/?p=530#primaryimage\"},\"thumbnailUrl\":\"https:\\\/\\\/diariodelsurdigital.com.ar\\\/wp-content\\\/uploads\\\/2025\\\/01\\\/md-2025-01-10T190629.711.webp\",\"articleSection\":[\"Internacionales\",\"Pol\u00edtica\"],\"inLanguage\":\"es\",\"potentialAction\":[{\"@type\":\"CommentAction\",\"name\":\"Comment\",\"target\":[\"https:\\\/\\\/diariodelsurdigital.com.ar\\\/?p=530#respond\"]}]},{\"@type\":\"WebPage\",\"@id\":\"https:\\\/\\\/diariodelsurdigital.com.ar\\\/?p=530\",\"url\":\"https:\\\/\\\/diariodelsurdigital.com.ar\\\/?p=530\",\"name\":\"\u201cDesde la izquierda les digo que el Gobierno de Maduro es una dictadura\u201d: Boric endurece posici\u00f3n contra Venezuela - Diario del Sur\",\"isPartOf\":{\"@id\":\"https:\\\/\\\/diariodelsurdigital.com.ar\\\/#website\"},\"primaryImageOfPage\":{\"@id\":\"https:\\\/\\\/diariodelsurdigital.com.ar\\\/?p=530#primaryimage\"},\"image\":{\"@id\":\"https:\\\/\\\/diariodelsurdigital.com.ar\\\/?p=530#primaryimage\"},\"thumbnailUrl\":\"https:\\\/\\\/diariodelsurdigital.com.ar\\\/wp-content\\\/uploads\\\/2025\\\/01\\\/md-2025-01-10T190629.711.webp\",\"datePublished\":\"2025-01-10T22:08:30+00:00\",\"dateModified\":\"2025-01-10T22:08:31+00:00\",\"author\":{\"@id\":\"https:\\\/\\\/diariodelsurdigital.com.ar\\\/#\\\/schema\\\/person\\\/1a4992532ed62965c968031b49195c81\"},\"breadcrumb\":{\"@id\":\"https:\\\/\\\/diariodelsurdigital.com.ar\\\/?p=530#breadcrumb\"},\"inLanguage\":\"es\",\"potentialAction\":[{\"@type\":\"ReadAction\",\"target\":[\"https:\\\/\\\/diariodelsurdigital.com.ar\\\/?p=530\"]}]},{\"@type\":\"ImageObject\",\"inLanguage\":\"es\",\"@id\":\"https:\\\/\\\/diariodelsurdigital.com.ar\\\/?p=530#primaryimage\",\"url\":\"https:\\\/\\\/diariodelsurdigital.com.ar\\\/wp-content\\\/uploads\\\/2025\\\/01\\\/md-2025-01-10T190629.711.webp\",\"contentUrl\":\"https:\\\/\\\/diariodelsurdigital.com.ar\\\/wp-content\\\/uploads\\\/2025\\\/01\\\/md-2025-01-10T190629.711.webp\",\"width\":992,\"height\":558},{\"@type\":\"BreadcrumbList\",\"@id\":\"https:\\\/\\\/diariodelsurdigital.com.ar\\\/?p=530#breadcrumb\",\"itemListElement\":[{\"@type\":\"ListItem\",\"position\":1,\"name\":\"Portada\",\"item\":\"https:\\\/\\\/diariodelsurdigital.com.ar\\\/\"},{\"@type\":\"ListItem\",\"position\":2,\"name\":\"\u201cDesde la izquierda les digo que el Gobierno de Maduro es una dictadura\u201d: Boric endurece posici\u00f3n contra Venezuela\"}]},{\"@type\":\"WebSite\",\"@id\":\"https:\\\/\\\/diariodelsurdigital.com.ar\\\/#website\",\"url\":\"https:\\\/\\\/diariodelsurdigital.com.ar\\\/\",\"name\":\"Diario del Sur\",\"description\":\"Digital\",\"potentialAction\":[{\"@type\":\"SearchAction\",\"target\":{\"@type\":\"EntryPoint\",\"urlTemplate\":\"https:\\\/\\\/diariodelsurdigital.com.ar\\\/?s={search_term_string}\"},\"query-input\":{\"@type\":\"PropertyValueSpecification\",\"valueRequired\":true,\"valueName\":\"search_term_string\"}}],\"inLanguage\":\"es\"},{\"@type\":\"Person\",\"@id\":\"https:\\\/\\\/diariodelsurdigital.com.ar\\\/#\\\/schema\\\/person\\\/1a4992532ed62965c968031b49195c81\",\"name\":\"Diario del Sur Digital\",\"image\":{\"@type\":\"ImageObject\",\"inLanguage\":\"es\",\"@id\":\"https:\\\/\\\/secure.gravatar.com\\\/avatar\\\/f0c7c47fc7146d19828273b9b8eda651c9c7ab583767e6338d3d3bee825adf76?s=96&d=mm&r=g\",\"url\":\"https:\\\/\\\/secure.gravatar.com\\\/avatar\\\/f0c7c47fc7146d19828273b9b8eda651c9c7ab583767e6338d3d3bee825adf76?s=96&d=mm&r=g\",\"contentUrl\":\"https:\\\/\\\/secure.gravatar.com\\\/avatar\\\/f0c7c47fc7146d19828273b9b8eda651c9c7ab583767e6338d3d3bee825adf76?s=96&d=mm&r=g\",\"caption\":\"Diario del Sur Digital\"},\"url\":\"https:\\\/\\\/diariodelsurdigital.com.ar\\\/?author=4\"}]}<\/script>\n<!-- \/ Yoast SEO plugin. -->","yoast_head_json":{"title":"\u201cDesde la izquierda les digo que el Gobierno de Maduro es una dictadura\u201d: Boric endurece posici\u00f3n contra Venezuela - Diario del Sur","robots":{"index":"index","follow":"follow","max-snippet":"max-snippet:-1","max-image-preview":"max-image-preview:large","max-video-preview":"max-video-preview:-1"},"canonical":"https:\/\/diariodelsurdigital.com.ar\/?p=530","og_locale":"es_ES","og_type":"article","og_title":"\u201cDesde la izquierda les digo que el Gobierno de Maduro es una dictadura\u201d: Boric endurece posici\u00f3n contra Venezuela - Diario del Sur","og_description":"El presidente de Chile, Gabriel Boric, ha endurecido su condena al r\u00e9gimen chavista. \u201cDesde la izquierda pol\u00edtica les digo que el Gobierno de Nicol\u00e1s Maduro es una dictadura\u201d, dijo este jueves despu\u00e9s de que el equipo de Mar\u00eda Corina Machado denunciase la detenci\u00f3n de la l\u00edder opositora venezolana tras la movilizaci\u00f3n convocada en Caracas un [&hellip;]","og_url":"https:\/\/diariodelsurdigital.com.ar\/?p=530","og_site_name":"Diario del Sur","article_published_time":"2025-01-10T22:08:30+00:00","article_modified_time":"2025-01-10T22:08:31+00:00","og_image":[{"width":992,"height":558,"url":"https:\/\/diariodelsurdigital.com.ar\/wp-content\/uploads\/2025\/01\/md-2025-01-10T190629.711.webp","type":"image\/webp"}],"author":"Diario del Sur Digital","twitter_card":"summary_large_image","twitter_misc":{"Escrito por":"Diario del Sur Digital","Tiempo de lectura":"5 minutos"},"schema":{"@context":"https:\/\/schema.org","@graph":[{"@type":"Article","@id":"https:\/\/diariodelsurdigital.com.ar\/?p=530#article","isPartOf":{"@id":"https:\/\/diariodelsurdigital.com.ar\/?p=530"},"author":{"name":"Diario del Sur Digital","@id":"https:\/\/diariodelsurdigital.com.ar\/#\/schema\/person\/1a4992532ed62965c968031b49195c81"},"headline":"\u201cDesde la izquierda les digo que el Gobierno de Maduro es una dictadura\u201d: Boric endurece posici\u00f3n contra Venezuela","datePublished":"2025-01-10T22:08:30+00:00","dateModified":"2025-01-10T22:08:31+00:00","mainEntityOfPage":{"@id":"https:\/\/diariodelsurdigital.com.ar\/?p=530"},"wordCount":1028,"commentCount":0,"image":{"@id":"https:\/\/diariodelsurdigital.com.ar\/?p=530#primaryimage"},"thumbnailUrl":"https:\/\/diariodelsurdigital.com.ar\/wp-content\/uploads\/2025\/01\/md-2025-01-10T190629.711.webp","articleSection":["Internacionales","Pol\u00edtica"],"inLanguage":"es","potentialAction":[{"@type":"CommentAction","name":"Comment","target":["https:\/\/diariodelsurdigital.com.ar\/?p=530#respond"]}]},{"@type":"WebPage","@id":"https:\/\/diariodelsurdigital.com.ar\/?p=530","url":"https:\/\/diariodelsurdigital.com.ar\/?p=530","name":"\u201cDesde la izquierda les digo que el Gobierno de Maduro es una dictadura\u201d: Boric endurece posici\u00f3n contra Venezuela - Diario del Sur","isPartOf":{"@id":"https:\/\/diariodelsurdigital.com.ar\/#website"},"primaryImageOfPage":{"@id":"https:\/\/diariodelsurdigital.com.ar\/?p=530#primaryimage"},"image":{"@id":"https:\/\/diariodelsurdigital.com.ar\/?p=530#primaryimage"},"thumbnailUrl":"https:\/\/diariodelsurdigital.com.ar\/wp-content\/uploads\/2025\/01\/md-2025-01-10T190629.711.webp","datePublished":"2025-01-10T22:08:30+00:00","dateModified":"2025-01-10T22:08:31+00:00","author":{"@id":"https:\/\/diariodelsurdigital.com.ar\/#\/schema\/person\/1a4992532ed62965c968031b49195c81"},"breadcrumb":{"@id":"https:\/\/diariodelsurdigital.com.ar\/?p=530#breadcrumb"},"inLanguage":"es","potentialAction":[{"@type":"ReadAction","target":["https:\/\/diariodelsurdigital.com.ar\/?p=530"]}]},{"@type":"ImageObject","inLanguage":"es","@id":"https:\/\/diariodelsurdigital.com.ar\/?p=530#primaryimage","url":"https:\/\/diariodelsurdigital.com.ar\/wp-content\/uploads\/2025\/01\/md-2025-01-10T190629.711.webp","contentUrl":"https:\/\/diariodelsurdigital.com.ar\/wp-content\/uploads\/2025\/01\/md-2025-01-10T190629.711.webp","width":992,"height":558},{"@type":"BreadcrumbList","@id":"https:\/\/diariodelsurdigital.com.ar\/?p=530#breadcrumb","itemListElement":[{"@type":"ListItem","position":1,"name":"Portada","item":"https:\/\/diariodelsurdigital.com.ar\/"},{"@type":"ListItem","position":2,"name":"\u201cDesde la izquierda les digo que el Gobierno de Maduro es una dictadura\u201d: Boric endurece posici\u00f3n contra Venezuela"}]},{"@type":"WebSite","@id":"https:\/\/diariodelsurdigital.com.ar\/#website","url":"https:\/\/diariodelsurdigital.com.ar\/","name":"Diario del Sur","description":"Digital","potentialAction":[{"@type":"SearchAction","target":{"@type":"EntryPoint","urlTemplate":"https:\/\/diariodelsurdigital.com.ar\/?s={search_term_string}"},"query-input":{"@type":"PropertyValueSpecification","valueRequired":true,"valueName":"search_term_string"}}],"inLanguage":"es"},{"@type":"Person","@id":"https:\/\/diariodelsurdigital.com.ar\/#\/schema\/person\/1a4992532ed62965c968031b49195c81","name":"Diario del Sur Digital","image":{"@type":"ImageObject","inLanguage":"es","@id":"https:\/\/secure.gravatar.com\/avatar\/f0c7c47fc7146d19828273b9b8eda651c9c7ab583767e6338d3d3bee825adf76?s=96&d=mm&r=g","url":"https:\/\/secure.gravatar.com\/avatar\/f0c7c47fc7146d19828273b9b8eda651c9c7ab583767e6338d3d3bee825adf76?s=96&d=mm&r=g","contentUrl":"https:\/\/secure.gravatar.com\/avatar\/f0c7c47fc7146d19828273b9b8eda651c9c7ab583767e6338d3d3bee825adf76?s=96&d=mm&r=g","caption":"Diario del Sur Digital"},"url":"https:\/\/diariodelsurdigital.com.ar\/?author=4"}]}},"_links":{"self":[{"href":"https:\/\/diariodelsurdigital.com.ar\/index.php?rest_route=\/wp\/v2\/posts\/530","targetHints":{"allow":["GET"]}}],"collection":[{"href":"https:\/\/diariodelsurdigital.com.ar\/index.php?rest_route=\/wp\/v2\/posts"}],"about":[{"href":"https:\/\/diariodelsurdigital.com.ar\/index.php?rest_route=\/wp\/v2\/types\/post"}],"author":[{"embeddable":true,"href":"https:\/\/diariodelsurdigital.com.ar\/index.php?rest_route=\/wp\/v2\/users\/4"}],"replies":[{"embeddable":true,"href":"https:\/\/diariodelsurdigital.com.ar\/index.php?rest_route=%2Fwp%2Fv2%2Fcomments&post=530"}],"version-history":[{"count":1,"href":"https:\/\/diariodelsurdigital.com.ar\/index.php?rest_route=\/wp\/v2\/posts\/530\/revisions"}],"predecessor-version":[{"id":532,"href":"https:\/\/diariodelsurdigital.com.ar\/index.php?rest_route=\/wp\/v2\/posts\/530\/revisions\/532"}],"wp:featuredmedia":[{"embeddable":true,"href":"https:\/\/diariodelsurdigital.com.ar\/index.php?rest_route=\/wp\/v2\/media\/531"}],"wp:attachment":[{"href":"https:\/\/diariodelsurdigital.com.ar\/index.php?rest_route=%2Fwp%2Fv2%2Fmedia&parent=530"}],"wp:term":[{"taxonomy":"category","embeddable":true,"href":"https:\/\/diariodelsurdigital.com.ar\/index.php?rest_route=%2Fwp%2Fv2%2Fcategories&post=530"},{"taxonomy":"post_tag","embeddable":true,"href":"https:\/\/diariodelsurdigital.com.ar\/index.php?rest_route=%2Fwp%2Fv2%2Ftags&post=530"}],"curies":[{"name":"wp","href":"https:\/\/api.w.org\/{rel}","templated":true}]}}