{"id":5302,"date":"2025-10-24T19:09:28","date_gmt":"2025-10-24T22:09:28","guid":{"rendered":"https:\/\/diariodelsurdigital.com.ar\/?p=5302"},"modified":"2025-10-24T19:09:28","modified_gmt":"2025-10-24T22:09:28","slug":"con-fuerte-respaldo-popular-la-lista-ahora-503-culmino-su-campana-en-concordia","status":"publish","type":"post","link":"https:\/\/diariodelsurdigital.com.ar\/?p=5302","title":{"rendered":"Con fuerte respaldo popular, la Lista Ahora 503 culmin\u00f3 su campa\u00f1a en Concordia"},"content":{"rendered":"\n<p><\/p>\n\n\n\n<p>Con un Club Temperley colmado de militancia y alegr\u00eda, la Lista <strong>Ahora 503<\/strong> realiz\u00f3 este jueves su cierre de campa\u00f1a en Concordia, en una jornada que combin\u00f3 pol\u00edtica, cultura, m\u00edstica y unidad popular.<\/p>\n\n\n\n<p>El evento reuni\u00f3 a vecinos, vecinas y militantes que se acercaron para acompa\u00f1ar a las y los candidatos de la lista, quienes subieron al escenario para compartir sus mensajes de esperanza y compromiso con un proyecto que representa los valores hist\u00f3ricos del peronismo.<\/p>\n\n\n\n<p>\u201cLa elecci\u00f3n del domingo tiene una relevancia fundamental por dos razones: porque a nivel nacional es la oportunidad para que el pueblo argentino le diga a Milei que este camino no va m\u00e1s, y porque en la provincia de Entre R\u00edos fuimos quienes nos animamos a dar una discusi\u00f3n necesaria. El peronismo tiene que volver a representar a los sectores m\u00e1s vulnerables, a los trabajadores de a pie, a los jubilados, y a defender a las ni\u00f1as y ni\u00f1os de nuestra provincia que hoy se est\u00e1n yendo a dormir sin comer.<br>No queremos m\u00e1s dirigentes que viven en countries, alejados de la realidad del pueblo y sus necesidades. Queremos candidatos con convicci\u00f3n y coraje para enfrentar lo que viene: la reconstrucci\u00f3n de la Patria y la mejora de la vida de nuestra gente, que la est\u00e1 pasando mal.<br>Hasta el domingo sigamos convocando a este proyecto, sigamos construyendo la victoria y cuidemos los votos hasta el \u00faltimo. \u00a1A no bajar los brazos!\u201d, afirm\u00f3 la candidata Ludmila Fern\u00e1ndez.<\/p>\n\n\n\n<p>Durante la noche se vivi\u00f3 una verdadera pe\u00f1a popular, con presentaciones art\u00edsticas, m\u00fasica en vivo y expresiones culturales que pusieron en primer plano la identidad del pueblo trabajador de Concordia. Cada intervenci\u00f3n reflej\u00f3 que la fuerza del peronismo se sostiene en su gente, en su m\u00edstica y en su capacidad de organizarse desde abajo.<\/p>\n\n\n\n<p>VIDEO: <a href=\"https:\/\/www.youtube.com\/watch?v=NO3H8SsSruU\">https:\/\/www.youtube.com\/watch?v=NO3H8SsSruU<\/a><\/p>\n\n\n\n<p>En sus discursos, las y los candidatos de <strong>Ahora 503<\/strong> destacaron la importancia de que las listas del peronismo sean expresi\u00f3n del pueblo, con representantes que conozcan las necesidades reales de los barrios, las escuelas, los clubes y los espacios comunitarios.<\/p>\n\n\n\n<p>\u201cEl peronismo no se hace desde los escritorios: se construye en la calle, con el coraz\u00f3n y con la gente. Y eso es lo que demostramos esta noche.<br>Este domingo el voto tiene que ser en defensa propia: por nuestros jubilados y jubiladas, por las personas con discapacidad, por las y los trabajadores, para recuperar nuestros derechos y decirle a Milei que estamos de pie.<br>Necesitamos diputadas y diputados dispuestos a dar la batalla en el Congreso con coraje y convicci\u00f3n, porque lo que se viene no va a ser f\u00e1cil\u201d, expres\u00f3 Paola Rubattino.<\/p>\n\n\n\n<p>El cierre de campa\u00f1a fue tambi\u00e9n una muestra de unidad y esperanza de cara a las elecciones, reafirmando que cada voto por la Lista Ahora 503 es un voto por la justicia social, la soberan\u00eda y la dignidad del pueblo.<\/p>\n\n\n\n<p>\u201cEste no es solo el cierre de una campa\u00f1a: es el comienzo de una nueva etapa de reconstrucci\u00f3n y de organizaci\u00f3n popular. Porque cuando el pueblo se junta, el peronismo florece. A no bajar los brazos, compa\u00f1eros. Estamos a poco de que Paola entre a la C\u00e1mara de Diputados, de sacarle un lugar a La Libertad Avanza y de tener en el Congreso a una mujer con coraje y convicci\u00f3n, que no va a claudicar por nada\u201d, concluy\u00f3 Carolina Gaillard.<\/p>\n\n\n\n<p> <\/p>\n","protected":false},"excerpt":{"rendered":"<p>Con un Club Temperley colmado de militancia y alegr\u00eda, la Lista Ahora 503 realiz\u00f3 este jueves su cierre de campa\u00f1a en Concordia, en una jornada que combin\u00f3 pol\u00edtica, cultura, m\u00edstica y unidad popular. El evento reuni\u00f3 a vecinos, vecinas y militantes que se acercaron para acompa\u00f1ar a las y los candidatos de la lista, quienes [&hellip;]<\/p>\n","protected":false},"author":2,"featured_media":5306,"comment_status":"open","ping_status":"open","sticky":false,"template":"","format":"standard","meta":{"footnotes":""},"categories":[22,17],"tags":[],"class_list":{"0":"post-5302","1":"post","2":"type-post","3":"status-publish","4":"format-standard","5":"has-post-thumbnail","7":"category-politica","8":"category-provinciales"},"yoast_head":"<!-- This site is optimized with the Yoast SEO plugin v27.4 - https:\/\/yoast.com\/product\/yoast-seo-wordpress\/ -->\n<title>Con fuerte respaldo popular, la Lista Ahora 503 culmin\u00f3 su campa\u00f1a en Concordia - Diario del Sur<\/title>\n<meta name=\"robots\" content=\"index, follow, max-snippet:-1, max-image-preview:large, max-video-preview:-1\" \/>\n<link rel=\"canonical\" href=\"https:\/\/diariodelsurdigital.com.ar\/?p=5302\" \/>\n<meta property=\"og:locale\" content=\"es_ES\" \/>\n<meta property=\"og:type\" content=\"article\" \/>\n<meta property=\"og:title\" content=\"Con fuerte respaldo popular, la Lista Ahora 503 culmin\u00f3 su campa\u00f1a en Concordia - Diario del Sur\" \/>\n<meta property=\"og:description\" content=\"Con un Club Temperley colmado de militancia y alegr\u00eda, la Lista Ahora 503 realiz\u00f3 este jueves su cierre de campa\u00f1a en Concordia, en una jornada que combin\u00f3 pol\u00edtica, cultura, m\u00edstica y unidad popular. El evento reuni\u00f3 a vecinos, vecinas y militantes que se acercaron para acompa\u00f1ar a las y los candidatos de la lista, quienes [&hellip;]\" \/>\n<meta property=\"og:url\" content=\"https:\/\/diariodelsurdigital.com.ar\/?p=5302\" \/>\n<meta property=\"og:site_name\" content=\"Diario del Sur\" \/>\n<meta property=\"article:published_time\" content=\"2025-10-24T22:09:28+00:00\" \/>\n<meta property=\"og:image\" content=\"https:\/\/diariodelsurdigital.com.ar\/wp-content\/uploads\/2025\/10\/Imagen-de-WhatsApp-2025-10-24-a-las-18.56.58_7d2680fc.jpg\" \/>\n\t<meta property=\"og:image:width\" content=\"600\" \/>\n\t<meta property=\"og:image:height\" content=\"311\" \/>\n\t<meta property=\"og:image:type\" content=\"image\/jpeg\" \/>\n<meta name=\"author\" content=\"Diario del Sur Digital\" \/>\n<meta name=\"twitter:card\" content=\"summary_large_image\" \/>\n<meta name=\"twitter:label1\" content=\"Escrito por\" \/>\n\t<meta name=\"twitter:data1\" content=\"Diario del Sur Digital\" \/>\n\t<meta name=\"twitter:label2\" content=\"Tiempo de lectura\" \/>\n\t<meta name=\"twitter:data2\" content=\"3 minutos\" \/>\n<script type=\"application\/ld+json\" class=\"yoast-schema-graph\">{\"@context\":\"https:\\\/\\\/schema.org\",\"@graph\":[{\"@type\":\"Article\",\"@id\":\"https:\\\/\\\/diariodelsurdigital.com.ar\\\/?p=5302#article\",\"isPartOf\":{\"@id\":\"https:\\\/\\\/diariodelsurdigital.com.ar\\\/?p=5302\"},\"author\":{\"name\":\"Diario del Sur Digital\",\"@id\":\"https:\\\/\\\/diariodelsurdigital.com.ar\\\/#\\\/schema\\\/person\\\/6136a32571657f7dba980b88b04c5465\"},\"headline\":\"Con fuerte respaldo popular, la Lista Ahora 503 culmin\u00f3 su campa\u00f1a en Concordia\",\"datePublished\":\"2025-10-24T22:09:28+00:00\",\"mainEntityOfPage\":{\"@id\":\"https:\\\/\\\/diariodelsurdigital.com.ar\\\/?p=5302\"},\"wordCount\":608,\"commentCount\":1,\"image\":{\"@id\":\"https:\\\/\\\/diariodelsurdigital.com.ar\\\/?p=5302#primaryimage\"},\"thumbnailUrl\":\"https:\\\/\\\/diariodelsurdigital.com.ar\\\/wp-content\\\/uploads\\\/2025\\\/10\\\/Imagen-de-WhatsApp-2025-10-24-a-las-18.56.58_7d2680fc.jpg\",\"articleSection\":[\"Pol\u00edtica\",\"Provinciales\"],\"inLanguage\":\"es\",\"potentialAction\":[{\"@type\":\"CommentAction\",\"name\":\"Comment\",\"target\":[\"https:\\\/\\\/diariodelsurdigital.com.ar\\\/?p=5302#respond\"]}]},{\"@type\":\"WebPage\",\"@id\":\"https:\\\/\\\/diariodelsurdigital.com.ar\\\/?p=5302\",\"url\":\"https:\\\/\\\/diariodelsurdigital.com.ar\\\/?p=5302\",\"name\":\"Con fuerte respaldo popular, la Lista Ahora 503 culmin\u00f3 su campa\u00f1a en Concordia - Diario del Sur\",\"isPartOf\":{\"@id\":\"https:\\\/\\\/diariodelsurdigital.com.ar\\\/#website\"},\"primaryImageOfPage\":{\"@id\":\"https:\\\/\\\/diariodelsurdigital.com.ar\\\/?p=5302#primaryimage\"},\"image\":{\"@id\":\"https:\\\/\\\/diariodelsurdigital.com.ar\\\/?p=5302#primaryimage\"},\"thumbnailUrl\":\"https:\\\/\\\/diariodelsurdigital.com.ar\\\/wp-content\\\/uploads\\\/2025\\\/10\\\/Imagen-de-WhatsApp-2025-10-24-a-las-18.56.58_7d2680fc.jpg\",\"datePublished\":\"2025-10-24T22:09:28+00:00\",\"author\":{\"@id\":\"https:\\\/\\\/diariodelsurdigital.com.ar\\\/#\\\/schema\\\/person\\\/6136a32571657f7dba980b88b04c5465\"},\"breadcrumb\":{\"@id\":\"https:\\\/\\\/diariodelsurdigital.com.ar\\\/?p=5302#breadcrumb\"},\"inLanguage\":\"es\",\"potentialAction\":[{\"@type\":\"ReadAction\",\"target\":[\"https:\\\/\\\/diariodelsurdigital.com.ar\\\/?p=5302\"]}]},{\"@type\":\"ImageObject\",\"inLanguage\":\"es\",\"@id\":\"https:\\\/\\\/diariodelsurdigital.com.ar\\\/?p=5302#primaryimage\",\"url\":\"https:\\\/\\\/diariodelsurdigital.com.ar\\\/wp-content\\\/uploads\\\/2025\\\/10\\\/Imagen-de-WhatsApp-2025-10-24-a-las-18.56.58_7d2680fc.jpg\",\"contentUrl\":\"https:\\\/\\\/diariodelsurdigital.com.ar\\\/wp-content\\\/uploads\\\/2025\\\/10\\\/Imagen-de-WhatsApp-2025-10-24-a-las-18.56.58_7d2680fc.jpg\",\"width\":600,\"height\":311},{\"@type\":\"BreadcrumbList\",\"@id\":\"https:\\\/\\\/diariodelsurdigital.com.ar\\\/?p=5302#breadcrumb\",\"itemListElement\":[{\"@type\":\"ListItem\",\"position\":1,\"name\":\"Portada\",\"item\":\"https:\\\/\\\/diariodelsurdigital.com.ar\\\/\"},{\"@type\":\"ListItem\",\"position\":2,\"name\":\"Con fuerte respaldo popular, la Lista Ahora 503 culmin\u00f3 su campa\u00f1a en Concordia\"}]},{\"@type\":\"WebSite\",\"@id\":\"https:\\\/\\\/diariodelsurdigital.com.ar\\\/#website\",\"url\":\"https:\\\/\\\/diariodelsurdigital.com.ar\\\/\",\"name\":\"Diario del Sur\",\"description\":\"Digital\",\"potentialAction\":[{\"@type\":\"SearchAction\",\"target\":{\"@type\":\"EntryPoint\",\"urlTemplate\":\"https:\\\/\\\/diariodelsurdigital.com.ar\\\/?s={search_term_string}\"},\"query-input\":{\"@type\":\"PropertyValueSpecification\",\"valueRequired\":true,\"valueName\":\"search_term_string\"}}],\"inLanguage\":\"es\"},{\"@type\":\"Person\",\"@id\":\"https:\\\/\\\/diariodelsurdigital.com.ar\\\/#\\\/schema\\\/person\\\/6136a32571657f7dba980b88b04c5465\",\"name\":\"Diario del Sur Digital\",\"image\":{\"@type\":\"ImageObject\",\"inLanguage\":\"es\",\"@id\":\"https:\\\/\\\/secure.gravatar.com\\\/avatar\\\/4c29ceac98541dd42460b2474aaa5dd37594d6ce6cb3cf2c101d09b48ee287ba?s=96&d=mm&r=g\",\"url\":\"https:\\\/\\\/secure.gravatar.com\\\/avatar\\\/4c29ceac98541dd42460b2474aaa5dd37594d6ce6cb3cf2c101d09b48ee287ba?s=96&d=mm&r=g\",\"contentUrl\":\"https:\\\/\\\/secure.gravatar.com\\\/avatar\\\/4c29ceac98541dd42460b2474aaa5dd37594d6ce6cb3cf2c101d09b48ee287ba?s=96&d=mm&r=g\",\"caption\":\"Diario del Sur Digital\"},\"url\":\"https:\\\/\\\/diariodelsurdigital.com.ar\\\/?author=2\"}]}<\/script>\n<!-- \/ Yoast SEO plugin. -->","yoast_head_json":{"title":"Con fuerte respaldo popular, la Lista Ahora 503 culmin\u00f3 su campa\u00f1a en Concordia - Diario del Sur","robots":{"index":"index","follow":"follow","max-snippet":"max-snippet:-1","max-image-preview":"max-image-preview:large","max-video-preview":"max-video-preview:-1"},"canonical":"https:\/\/diariodelsurdigital.com.ar\/?p=5302","og_locale":"es_ES","og_type":"article","og_title":"Con fuerte respaldo popular, la Lista Ahora 503 culmin\u00f3 su campa\u00f1a en Concordia - Diario del Sur","og_description":"Con un Club Temperley colmado de militancia y alegr\u00eda, la Lista Ahora 503 realiz\u00f3 este jueves su cierre de campa\u00f1a en Concordia, en una jornada que combin\u00f3 pol\u00edtica, cultura, m\u00edstica y unidad popular. El evento reuni\u00f3 a vecinos, vecinas y militantes que se acercaron para acompa\u00f1ar a las y los candidatos de la lista, quienes [&hellip;]","og_url":"https:\/\/diariodelsurdigital.com.ar\/?p=5302","og_site_name":"Diario del Sur","article_published_time":"2025-10-24T22:09:28+00:00","og_image":[{"width":600,"height":311,"url":"https:\/\/diariodelsurdigital.com.ar\/wp-content\/uploads\/2025\/10\/Imagen-de-WhatsApp-2025-10-24-a-las-18.56.58_7d2680fc.jpg","type":"image\/jpeg"}],"author":"Diario del Sur Digital","twitter_card":"summary_large_image","twitter_misc":{"Escrito por":"Diario del Sur Digital","Tiempo de lectura":"3 minutos"},"schema":{"@context":"https:\/\/schema.org","@graph":[{"@type":"Article","@id":"https:\/\/diariodelsurdigital.com.ar\/?p=5302#article","isPartOf":{"@id":"https:\/\/diariodelsurdigital.com.ar\/?p=5302"},"author":{"name":"Diario del Sur Digital","@id":"https:\/\/diariodelsurdigital.com.ar\/#\/schema\/person\/6136a32571657f7dba980b88b04c5465"},"headline":"Con fuerte respaldo popular, la Lista Ahora 503 culmin\u00f3 su campa\u00f1a en Concordia","datePublished":"2025-10-24T22:09:28+00:00","mainEntityOfPage":{"@id":"https:\/\/diariodelsurdigital.com.ar\/?p=5302"},"wordCount":608,"commentCount":1,"image":{"@id":"https:\/\/diariodelsurdigital.com.ar\/?p=5302#primaryimage"},"thumbnailUrl":"https:\/\/diariodelsurdigital.com.ar\/wp-content\/uploads\/2025\/10\/Imagen-de-WhatsApp-2025-10-24-a-las-18.56.58_7d2680fc.jpg","articleSection":["Pol\u00edtica","Provinciales"],"inLanguage":"es","potentialAction":[{"@type":"CommentAction","name":"Comment","target":["https:\/\/diariodelsurdigital.com.ar\/?p=5302#respond"]}]},{"@type":"WebPage","@id":"https:\/\/diariodelsurdigital.com.ar\/?p=5302","url":"https:\/\/diariodelsurdigital.com.ar\/?p=5302","name":"Con fuerte respaldo popular, la Lista Ahora 503 culmin\u00f3 su campa\u00f1a en Concordia - Diario del Sur","isPartOf":{"@id":"https:\/\/diariodelsurdigital.com.ar\/#website"},"primaryImageOfPage":{"@id":"https:\/\/diariodelsurdigital.com.ar\/?p=5302#primaryimage"},"image":{"@id":"https:\/\/diariodelsurdigital.com.ar\/?p=5302#primaryimage"},"thumbnailUrl":"https:\/\/diariodelsurdigital.com.ar\/wp-content\/uploads\/2025\/10\/Imagen-de-WhatsApp-2025-10-24-a-las-18.56.58_7d2680fc.jpg","datePublished":"2025-10-24T22:09:28+00:00","author":{"@id":"https:\/\/diariodelsurdigital.com.ar\/#\/schema\/person\/6136a32571657f7dba980b88b04c5465"},"breadcrumb":{"@id":"https:\/\/diariodelsurdigital.com.ar\/?p=5302#breadcrumb"},"inLanguage":"es","potentialAction":[{"@type":"ReadAction","target":["https:\/\/diariodelsurdigital.com.ar\/?p=5302"]}]},{"@type":"ImageObject","inLanguage":"es","@id":"https:\/\/diariodelsurdigital.com.ar\/?p=5302#primaryimage","url":"https:\/\/diariodelsurdigital.com.ar\/wp-content\/uploads\/2025\/10\/Imagen-de-WhatsApp-2025-10-24-a-las-18.56.58_7d2680fc.jpg","contentUrl":"https:\/\/diariodelsurdigital.com.ar\/wp-content\/uploads\/2025\/10\/Imagen-de-WhatsApp-2025-10-24-a-las-18.56.58_7d2680fc.jpg","width":600,"height":311},{"@type":"BreadcrumbList","@id":"https:\/\/diariodelsurdigital.com.ar\/?p=5302#breadcrumb","itemListElement":[{"@type":"ListItem","position":1,"name":"Portada","item":"https:\/\/diariodelsurdigital.com.ar\/"},{"@type":"ListItem","position":2,"name":"Con fuerte respaldo popular, la Lista Ahora 503 culmin\u00f3 su campa\u00f1a en Concordia"}]},{"@type":"WebSite","@id":"https:\/\/diariodelsurdigital.com.ar\/#website","url":"https:\/\/diariodelsurdigital.com.ar\/","name":"Diario del Sur","description":"Digital","potentialAction":[{"@type":"SearchAction","target":{"@type":"EntryPoint","urlTemplate":"https:\/\/diariodelsurdigital.com.ar\/?s={search_term_string}"},"query-input":{"@type":"PropertyValueSpecification","valueRequired":true,"valueName":"search_term_string"}}],"inLanguage":"es"},{"@type":"Person","@id":"https:\/\/diariodelsurdigital.com.ar\/#\/schema\/person\/6136a32571657f7dba980b88b04c5465","name":"Diario del Sur Digital","image":{"@type":"ImageObject","inLanguage":"es","@id":"https:\/\/secure.gravatar.com\/avatar\/4c29ceac98541dd42460b2474aaa5dd37594d6ce6cb3cf2c101d09b48ee287ba?s=96&d=mm&r=g","url":"https:\/\/secure.gravatar.com\/avatar\/4c29ceac98541dd42460b2474aaa5dd37594d6ce6cb3cf2c101d09b48ee287ba?s=96&d=mm&r=g","contentUrl":"https:\/\/secure.gravatar.com\/avatar\/4c29ceac98541dd42460b2474aaa5dd37594d6ce6cb3cf2c101d09b48ee287ba?s=96&d=mm&r=g","caption":"Diario del Sur Digital"},"url":"https:\/\/diariodelsurdigital.com.ar\/?author=2"}]}},"_links":{"self":[{"href":"https:\/\/diariodelsurdigital.com.ar\/index.php?rest_route=\/wp\/v2\/posts\/5302","targetHints":{"allow":["GET"]}}],"collection":[{"href":"https:\/\/diariodelsurdigital.com.ar\/index.php?rest_route=\/wp\/v2\/posts"}],"about":[{"href":"https:\/\/diariodelsurdigital.com.ar\/index.php?rest_route=\/wp\/v2\/types\/post"}],"author":[{"embeddable":true,"href":"https:\/\/diariodelsurdigital.com.ar\/index.php?rest_route=\/wp\/v2\/users\/2"}],"replies":[{"embeddable":true,"href":"https:\/\/diariodelsurdigital.com.ar\/index.php?rest_route=%2Fwp%2Fv2%2Fcomments&post=5302"}],"version-history":[{"count":1,"href":"https:\/\/diariodelsurdigital.com.ar\/index.php?rest_route=\/wp\/v2\/posts\/5302\/revisions"}],"predecessor-version":[{"id":5307,"href":"https:\/\/diariodelsurdigital.com.ar\/index.php?rest_route=\/wp\/v2\/posts\/5302\/revisions\/5307"}],"wp:featuredmedia":[{"embeddable":true,"href":"https:\/\/diariodelsurdigital.com.ar\/index.php?rest_route=\/wp\/v2\/media\/5306"}],"wp:attachment":[{"href":"https:\/\/diariodelsurdigital.com.ar\/index.php?rest_route=%2Fwp%2Fv2%2Fmedia&parent=5302"}],"wp:term":[{"taxonomy":"category","embeddable":true,"href":"https:\/\/diariodelsurdigital.com.ar\/index.php?rest_route=%2Fwp%2Fv2%2Fcategories&post=5302"},{"taxonomy":"post_tag","embeddable":true,"href":"https:\/\/diariodelsurdigital.com.ar\/index.php?rest_route=%2Fwp%2Fv2%2Ftags&post=5302"}],"curies":[{"name":"wp","href":"https:\/\/api.w.org\/{rel}","templated":true}]}}