{"id":5308,"date":"2025-10-24T23:15:42","date_gmt":"2025-10-25T02:15:42","guid":{"rendered":"https:\/\/diariodelsurdigital.com.ar\/?p=5308"},"modified":"2025-10-24T23:15:42","modified_gmt":"2025-10-25T02:15:42","slug":"eleccion-racional-y-voto-despertar-a-lo-real","status":"publish","type":"post","link":"https:\/\/diariodelsurdigital.com.ar\/?p=5308","title":{"rendered":"Elecci\u00f3n racional y voto: Despertar a lo real"},"content":{"rendered":"\n<p><br><strong>Por: Luis Edgardo Jakimchuk<\/strong><\/p>\n\n\n\n<figure class=\"wp-block-image size-full is-resized\"><img loading=\"lazy\" decoding=\"async\" width=\"224\" height=\"224\" src=\"https:\/\/diariodelsurdigital.com.ar\/wp-content\/uploads\/2025\/10\/images-18.jpeg\" alt=\"\" class=\"wp-image-5311\" style=\"width:127px;height:auto\" srcset=\"https:\/\/diariodelsurdigital.com.ar\/wp-content\/uploads\/2025\/10\/images-18.jpeg 224w, https:\/\/diariodelsurdigital.com.ar\/wp-content\/uploads\/2025\/10\/images-18-150x150.jpeg 150w\" sizes=\"auto, (max-width: 224px) 100vw, 224px\" \/><\/figure>\n\n\n\n<p><br>A pocos d\u00edas de la elecci\u00f3n, con un presidente \u201cintratable\u00bb, por la fragilidad que atraviesan los distintos planos de la vida econ\u00f3mica, revela que la estabilidad est\u00e1 cada vez m\u00e1s alejada de las decisiones propias, est\u00e1 atada al respirador artificial de Trump. Queda claro que la econom\u00eda real no progresa aun con rescates o medidas con \u00abefecto tranquilizador\u00bb por afinidad ideol\u00f3gica. El problema es que no hay ideas de como avanzar con el error del modelo r\u00edgido que falla al priorizar el equilibrio fiscal sobre todo lo dem\u00e1s.<br>Probablemente no exista una disciplina m\u00e1s importante para la vida diaria de las personas que la econom\u00eda, porque es un ejercicio social. No puede haber una econom\u00eda sin interacci\u00f3n social, sin ordenaci\u00f3n social.<\/p>\n\n\n\n<p><br><strong>\u00bfUn ciudadano de a pie como entiende las decisiones y acciones econ\u00f3micas del gobierno?<\/strong><\/p>\n\n\n\n<p><br>Una correcta interpretaci\u00f3n implica desarrollo, trabajo, salarios dignos, derechos sociales que garantice dignidad de las familias. Es imposible que la gran mayor\u00eda acompa\u00f1e un modelo que no derrama ni redistribuye los ingresos que son los que sostiene el consumo familiar. Como realidad paralela los salarios no se pueden aumentar como corresponde en paritarias por cuanto se insiste en que ser\u00eda inflacionario.<\/p>\n\n\n\n<p><br>El esquizofr\u00e9nico presidente vive creando un mundo imaginario de grandeza nacional y libertad, simplificando la complejidad econ\u00f3mica social de las mayor\u00edas populares. Ciertamente, habr\u00eda que interpretar en qu\u00e9 se basa esa grandeza, si en la dignidad de los argentinos o en la grotesca sumisi\u00f3n que exige Kristina Georgieva para que seamos un pa\u00eds normal y libre.<br>Lo normal para la directora del FMI es ajustar m\u00e1s con el hambre de los vulnerables para cumplir con los especuladores. \u00bfSon anormales los argentinos que no apoyan a un degenerado depredador social? El espect\u00e1culo surrealista en el que est\u00e1 inmersa Argentina es testimonio de la degradaci\u00f3n de la palabra libertad.<\/p>\n\n\n\n<p><br><strong>\u00bfQu\u00e9 se juega el ciudadano el 26 de octubre?<\/strong><\/p>\n\n\n\n<p><br>Es vital lo que ocurra la noche del 26 de octubre. Se define si Milei puede seguir gobernando profundizando el desastre con m\u00e1s ajustes y crueldad. O si se le pone un l\u00edmite.<\/p>\n\n\n\n<p><br>Este modelo de tremendo ajuste promet\u00eda mejoras. A dos a\u00f1os el gobierno no puede mostrar algo mejor que el segundo semestre de la penosa gesti\u00f3n de Alberto Fern\u00e1ndez.<\/p>\n\n\n\n<p><br>La construcci\u00f3n est\u00e1 por debajo un 25,7%, la industria 22%; el comercio un 9,3%. la capacidad instalada de la industria se hundi\u00f3 al 45%, s\u00f3lo comparable con los peores meses de la pandemia. El desempleo pas\u00f3 del 5,7% al 7,6% en dos a\u00f1os. El consumo sigue en ca\u00edda un descenso interanual del 5% en supermercados y 8% en las grandes cadenas. La inversi\u00f3n extranjera est\u00e1 en los niveles m\u00e1s bajos en dos d\u00e9cadas.<\/p>\n\n\n\n<p><br>La morosidad bancaria es la m\u00e1s alta de la era Milei. En las familias, la morosidad trep\u00f3 al 6,6% del total de los cr\u00e9ditos, el nivel m\u00e1s alto desde 2008, cuando el Banco Central comenz\u00f3 a medirla. En 18 meses \u201cel mejor gobierno de la historia\u201d cerraron 18.083 empresas y se perdieron 253.728 empleos registrados (CEPA).<\/p>\n\n\n\n<p><br>Estos datos no son meras estad\u00edsticas, son vidas, unidades de producci\u00f3n, familias sin ingreso, localidades con industrias desamparadas, cadenas de valor imposibles de recomponer a corto plazo. A este panorama Donald Trump lo define claramente \u201cse est\u00e1n muriendo\u00bb. Cada dato econ\u00f3mico que se conocen muestra como la econom\u00eda real est\u00e1 luchando por sobrevivir.<\/p>\n\n\n\n<p><br><strong>Equilibrio fiscal<\/strong><\/p>\n\n\n\n<p><br>Es importante mantener el equilibrio fiscal, pero no debe ser solo fiscal. El pa\u00eds no puede sostenerse s\u00f3lo con d\u00e9ficit cero, sin pol\u00edticas que prioricen a la industria y el comercio, que protejan al mercado interno y que frenen el cierre masivo de empresas.<br>La obsesi\u00f3n del gobierno, como tambi\u00e9n del gobernador Frigerio, por el equilibrio fiscal como cimiento de la gesti\u00f3n econ\u00f3mica, se ha convertido en un brete para las peque\u00f1as y medianas empresas. Priorizar el d\u00e9ficit cero excluyen un componente central como la producci\u00f3n nacional no reconstruyen, sino que destruyen. El equilibrio fiscal solo logro mas pobreza, marginalidad y endeudamiento.<br>Frigerio es Milei.<\/p>\n\n\n\n<p><br>Rogelio Frigerio cedi\u00f3 a Karina y los hermanos Menem, los dos senadores y el primer diputado de la lista de la Alianza La Libertad Avanza (ALLA), elecci\u00f3n que desmerece a la pol\u00edtica, que desde su nombre, su color y sus s\u00edmbolos no deja duda respecto a qu\u00e9 representa. El gobernador encabeza la oferta electoral de ajuste, miseria, endeudamiento excesivo, desregulaciones que conduce a un deterioro profundo en lo productivo y laboral. ESTE QUE SE DICE DESARROLLISTA ES LO QUE REPRESENTA. Los entrerrianos tienen como \u00fanica barrera democr\u00e1tica, es ponerle un l\u00edmite con el voto.<\/p>\n\n\n\n<p><br><strong>El peronismo se reinvent\u00f3 tantas veces como vaticinaron su final<\/strong><\/p>\n\n\n\n<p><br>Al peronismo entrerriano lo desordeno la falta de conducci\u00f3n durante a\u00f1os y el mal proceder del PJ, llevo a que la oferta electoral sea dividida en tres. El ordenamiento del peronismo solo lo puede organizar los votos. Nada ordena mejor que la victoria. Recuperar los votos perdidos hace dos a\u00f1os es posible no es ficci\u00f3n.<\/p>\n\n\n\n<p><br>Concordia es un basti\u00f3n territorial del peronismo muy importante que, por falta de representatividad y de narrativa que contenga los valores peronistas perdi\u00f3 identidad. Y eso llevo a confiar en el relato prometedor de los ultraderechistas: Francisco Azcue y Eduardo Beswick de la Libertad Avanza y hoy padecen las mentiras del gobernador e intendente. IDEAS QUE CONDUJERON AL FRACASO, LAS QUE FRIGERIO Y AZCUE ESTAN APOYANDO A PROFUNDIZAR.<\/p>\n\n\n\n<p><br>Militar los \u00faltimos d\u00edas es imperioso y que algunos dirigentes que creen que si le va mal a Azcu\u00e9  los van a ir buscar. AYUDEN A MOSTRAR LA DESTRUCCION DEL ANARCOCAPITALISTA Y SUS SOCIOS ES EN NUESTRA PROVINCIA Y CIUDAD. Bastante se les debe a los compa\u00f1eros que hoy est\u00e1n jodidos.<\/p>\n","protected":false},"excerpt":{"rendered":"<p>Por: Luis Edgardo Jakimchuk A pocos d\u00edas de la elecci\u00f3n, con un presidente \u201cintratable\u00bb, por la fragilidad que atraviesan los distintos planos de la vida econ\u00f3mica, revela que la estabilidad est\u00e1 cada vez m\u00e1s alejada de las decisiones propias, est\u00e1 atada al respirador artificial de Trump. Queda claro que la econom\u00eda real no progresa aun [&hellip;]<\/p>\n","protected":false},"author":2,"featured_media":5310,"comment_status":"open","ping_status":"open","sticky":false,"template":"","format":"standard","meta":{"footnotes":""},"categories":[16,22,1],"tags":[],"class_list":{"0":"post-5308","1":"post","2":"type-post","3":"status-publish","4":"format-standard","5":"has-post-thumbnail","7":"category-locales","8":"category-politica","9":"category-uncategorized"},"yoast_head":"<!-- This site is optimized with the Yoast SEO plugin v27.4 - https:\/\/yoast.com\/product\/yoast-seo-wordpress\/ -->\n<title>Elecci\u00f3n racional y voto: Despertar a lo real - Diario del Sur<\/title>\n<meta name=\"robots\" content=\"index, follow, max-snippet:-1, max-image-preview:large, max-video-preview:-1\" \/>\n<link rel=\"canonical\" href=\"https:\/\/diariodelsurdigital.com.ar\/?p=5308\" \/>\n<meta property=\"og:locale\" content=\"es_ES\" \/>\n<meta property=\"og:type\" content=\"article\" \/>\n<meta property=\"og:title\" content=\"Elecci\u00f3n racional y voto: Despertar a lo real - Diario del Sur\" \/>\n<meta property=\"og:description\" content=\"Por: Luis Edgardo Jakimchuk A pocos d\u00edas de la elecci\u00f3n, con un presidente \u201cintratable\u00bb, por la fragilidad que atraviesan los distintos planos de la vida econ\u00f3mica, revela que la estabilidad est\u00e1 cada vez m\u00e1s alejada de las decisiones propias, est\u00e1 atada al respirador artificial de Trump. Queda claro que la econom\u00eda real no progresa aun [&hellip;]\" \/>\n<meta property=\"og:url\" content=\"https:\/\/diariodelsurdigital.com.ar\/?p=5308\" \/>\n<meta property=\"og:site_name\" content=\"Diario del Sur\" \/>\n<meta property=\"article:published_time\" content=\"2025-10-25T02:15:42+00:00\" \/>\n<meta property=\"og:image\" content=\"https:\/\/diariodelsurdigital.com.ar\/wp-content\/uploads\/2025\/10\/boleta-unica-rios-portada.png\" \/>\n\t<meta property=\"og:image:width\" content=\"598\" \/>\n\t<meta property=\"og:image:height\" content=\"355\" \/>\n\t<meta property=\"og:image:type\" content=\"image\/png\" \/>\n<meta name=\"author\" content=\"Diario del Sur Digital\" \/>\n<meta name=\"twitter:card\" content=\"summary_large_image\" \/>\n<meta name=\"twitter:label1\" content=\"Escrito por\" \/>\n\t<meta name=\"twitter:data1\" content=\"Diario del Sur Digital\" \/>\n\t<meta name=\"twitter:label2\" content=\"Tiempo de lectura\" \/>\n\t<meta name=\"twitter:data2\" content=\"5 minutos\" \/>\n<script type=\"application\/ld+json\" class=\"yoast-schema-graph\">{\"@context\":\"https:\\\/\\\/schema.org\",\"@graph\":[{\"@type\":\"Article\",\"@id\":\"https:\\\/\\\/diariodelsurdigital.com.ar\\\/?p=5308#article\",\"isPartOf\":{\"@id\":\"https:\\\/\\\/diariodelsurdigital.com.ar\\\/?p=5308\"},\"author\":{\"name\":\"Diario del Sur Digital\",\"@id\":\"https:\\\/\\\/diariodelsurdigital.com.ar\\\/#\\\/schema\\\/person\\\/6136a32571657f7dba980b88b04c5465\"},\"headline\":\"Elecci\u00f3n racional y voto: Despertar a lo real\",\"datePublished\":\"2025-10-25T02:15:42+00:00\",\"mainEntityOfPage\":{\"@id\":\"https:\\\/\\\/diariodelsurdigital.com.ar\\\/?p=5308\"},\"wordCount\":1010,\"commentCount\":0,\"image\":{\"@id\":\"https:\\\/\\\/diariodelsurdigital.com.ar\\\/?p=5308#primaryimage\"},\"thumbnailUrl\":\"https:\\\/\\\/diariodelsurdigital.com.ar\\\/wp-content\\\/uploads\\\/2025\\\/10\\\/boleta-unica-rios-portada.png\",\"articleSection\":[\"Locales\",\"Pol\u00edtica\",\"Uncategorized\"],\"inLanguage\":\"es\",\"potentialAction\":[{\"@type\":\"CommentAction\",\"name\":\"Comment\",\"target\":[\"https:\\\/\\\/diariodelsurdigital.com.ar\\\/?p=5308#respond\"]}]},{\"@type\":\"WebPage\",\"@id\":\"https:\\\/\\\/diariodelsurdigital.com.ar\\\/?p=5308\",\"url\":\"https:\\\/\\\/diariodelsurdigital.com.ar\\\/?p=5308\",\"name\":\"Elecci\u00f3n racional y voto: Despertar a lo real - Diario del Sur\",\"isPartOf\":{\"@id\":\"https:\\\/\\\/diariodelsurdigital.com.ar\\\/#website\"},\"primaryImageOfPage\":{\"@id\":\"https:\\\/\\\/diariodelsurdigital.com.ar\\\/?p=5308#primaryimage\"},\"image\":{\"@id\":\"https:\\\/\\\/diariodelsurdigital.com.ar\\\/?p=5308#primaryimage\"},\"thumbnailUrl\":\"https:\\\/\\\/diariodelsurdigital.com.ar\\\/wp-content\\\/uploads\\\/2025\\\/10\\\/boleta-unica-rios-portada.png\",\"datePublished\":\"2025-10-25T02:15:42+00:00\",\"author\":{\"@id\":\"https:\\\/\\\/diariodelsurdigital.com.ar\\\/#\\\/schema\\\/person\\\/6136a32571657f7dba980b88b04c5465\"},\"breadcrumb\":{\"@id\":\"https:\\\/\\\/diariodelsurdigital.com.ar\\\/?p=5308#breadcrumb\"},\"inLanguage\":\"es\",\"potentialAction\":[{\"@type\":\"ReadAction\",\"target\":[\"https:\\\/\\\/diariodelsurdigital.com.ar\\\/?p=5308\"]}]},{\"@type\":\"ImageObject\",\"inLanguage\":\"es\",\"@id\":\"https:\\\/\\\/diariodelsurdigital.com.ar\\\/?p=5308#primaryimage\",\"url\":\"https:\\\/\\\/diariodelsurdigital.com.ar\\\/wp-content\\\/uploads\\\/2025\\\/10\\\/boleta-unica-rios-portada.png\",\"contentUrl\":\"https:\\\/\\\/diariodelsurdigital.com.ar\\\/wp-content\\\/uploads\\\/2025\\\/10\\\/boleta-unica-rios-portada.png\",\"width\":598,\"height\":355},{\"@type\":\"BreadcrumbList\",\"@id\":\"https:\\\/\\\/diariodelsurdigital.com.ar\\\/?p=5308#breadcrumb\",\"itemListElement\":[{\"@type\":\"ListItem\",\"position\":1,\"name\":\"Portada\",\"item\":\"https:\\\/\\\/diariodelsurdigital.com.ar\\\/\"},{\"@type\":\"ListItem\",\"position\":2,\"name\":\"Elecci\u00f3n racional y voto: Despertar a lo real\"}]},{\"@type\":\"WebSite\",\"@id\":\"https:\\\/\\\/diariodelsurdigital.com.ar\\\/#website\",\"url\":\"https:\\\/\\\/diariodelsurdigital.com.ar\\\/\",\"name\":\"Diario del Sur\",\"description\":\"Digital\",\"potentialAction\":[{\"@type\":\"SearchAction\",\"target\":{\"@type\":\"EntryPoint\",\"urlTemplate\":\"https:\\\/\\\/diariodelsurdigital.com.ar\\\/?s={search_term_string}\"},\"query-input\":{\"@type\":\"PropertyValueSpecification\",\"valueRequired\":true,\"valueName\":\"search_term_string\"}}],\"inLanguage\":\"es\"},{\"@type\":\"Person\",\"@id\":\"https:\\\/\\\/diariodelsurdigital.com.ar\\\/#\\\/schema\\\/person\\\/6136a32571657f7dba980b88b04c5465\",\"name\":\"Diario del Sur Digital\",\"image\":{\"@type\":\"ImageObject\",\"inLanguage\":\"es\",\"@id\":\"https:\\\/\\\/secure.gravatar.com\\\/avatar\\\/4c29ceac98541dd42460b2474aaa5dd37594d6ce6cb3cf2c101d09b48ee287ba?s=96&d=mm&r=g\",\"url\":\"https:\\\/\\\/secure.gravatar.com\\\/avatar\\\/4c29ceac98541dd42460b2474aaa5dd37594d6ce6cb3cf2c101d09b48ee287ba?s=96&d=mm&r=g\",\"contentUrl\":\"https:\\\/\\\/secure.gravatar.com\\\/avatar\\\/4c29ceac98541dd42460b2474aaa5dd37594d6ce6cb3cf2c101d09b48ee287ba?s=96&d=mm&r=g\",\"caption\":\"Diario del Sur Digital\"},\"url\":\"https:\\\/\\\/diariodelsurdigital.com.ar\\\/?author=2\"}]}<\/script>\n<!-- \/ Yoast SEO plugin. -->","yoast_head_json":{"title":"Elecci\u00f3n racional y voto: Despertar a lo real - Diario del Sur","robots":{"index":"index","follow":"follow","max-snippet":"max-snippet:-1","max-image-preview":"max-image-preview:large","max-video-preview":"max-video-preview:-1"},"canonical":"https:\/\/diariodelsurdigital.com.ar\/?p=5308","og_locale":"es_ES","og_type":"article","og_title":"Elecci\u00f3n racional y voto: Despertar a lo real - Diario del Sur","og_description":"Por: Luis Edgardo Jakimchuk A pocos d\u00edas de la elecci\u00f3n, con un presidente \u201cintratable\u00bb, por la fragilidad que atraviesan los distintos planos de la vida econ\u00f3mica, revela que la estabilidad est\u00e1 cada vez m\u00e1s alejada de las decisiones propias, est\u00e1 atada al respirador artificial de Trump. Queda claro que la econom\u00eda real no progresa aun [&hellip;]","og_url":"https:\/\/diariodelsurdigital.com.ar\/?p=5308","og_site_name":"Diario del Sur","article_published_time":"2025-10-25T02:15:42+00:00","og_image":[{"width":598,"height":355,"url":"https:\/\/diariodelsurdigital.com.ar\/wp-content\/uploads\/2025\/10\/boleta-unica-rios-portada.png","type":"image\/png"}],"author":"Diario del Sur Digital","twitter_card":"summary_large_image","twitter_misc":{"Escrito por":"Diario del Sur Digital","Tiempo de lectura":"5 minutos"},"schema":{"@context":"https:\/\/schema.org","@graph":[{"@type":"Article","@id":"https:\/\/diariodelsurdigital.com.ar\/?p=5308#article","isPartOf":{"@id":"https:\/\/diariodelsurdigital.com.ar\/?p=5308"},"author":{"name":"Diario del Sur Digital","@id":"https:\/\/diariodelsurdigital.com.ar\/#\/schema\/person\/6136a32571657f7dba980b88b04c5465"},"headline":"Elecci\u00f3n racional y voto: Despertar a lo real","datePublished":"2025-10-25T02:15:42+00:00","mainEntityOfPage":{"@id":"https:\/\/diariodelsurdigital.com.ar\/?p=5308"},"wordCount":1010,"commentCount":0,"image":{"@id":"https:\/\/diariodelsurdigital.com.ar\/?p=5308#primaryimage"},"thumbnailUrl":"https:\/\/diariodelsurdigital.com.ar\/wp-content\/uploads\/2025\/10\/boleta-unica-rios-portada.png","articleSection":["Locales","Pol\u00edtica","Uncategorized"],"inLanguage":"es","potentialAction":[{"@type":"CommentAction","name":"Comment","target":["https:\/\/diariodelsurdigital.com.ar\/?p=5308#respond"]}]},{"@type":"WebPage","@id":"https:\/\/diariodelsurdigital.com.ar\/?p=5308","url":"https:\/\/diariodelsurdigital.com.ar\/?p=5308","name":"Elecci\u00f3n racional y voto: Despertar a lo real - Diario del Sur","isPartOf":{"@id":"https:\/\/diariodelsurdigital.com.ar\/#website"},"primaryImageOfPage":{"@id":"https:\/\/diariodelsurdigital.com.ar\/?p=5308#primaryimage"},"image":{"@id":"https:\/\/diariodelsurdigital.com.ar\/?p=5308#primaryimage"},"thumbnailUrl":"https:\/\/diariodelsurdigital.com.ar\/wp-content\/uploads\/2025\/10\/boleta-unica-rios-portada.png","datePublished":"2025-10-25T02:15:42+00:00","author":{"@id":"https:\/\/diariodelsurdigital.com.ar\/#\/schema\/person\/6136a32571657f7dba980b88b04c5465"},"breadcrumb":{"@id":"https:\/\/diariodelsurdigital.com.ar\/?p=5308#breadcrumb"},"inLanguage":"es","potentialAction":[{"@type":"ReadAction","target":["https:\/\/diariodelsurdigital.com.ar\/?p=5308"]}]},{"@type":"ImageObject","inLanguage":"es","@id":"https:\/\/diariodelsurdigital.com.ar\/?p=5308#primaryimage","url":"https:\/\/diariodelsurdigital.com.ar\/wp-content\/uploads\/2025\/10\/boleta-unica-rios-portada.png","contentUrl":"https:\/\/diariodelsurdigital.com.ar\/wp-content\/uploads\/2025\/10\/boleta-unica-rios-portada.png","width":598,"height":355},{"@type":"BreadcrumbList","@id":"https:\/\/diariodelsurdigital.com.ar\/?p=5308#breadcrumb","itemListElement":[{"@type":"ListItem","position":1,"name":"Portada","item":"https:\/\/diariodelsurdigital.com.ar\/"},{"@type":"ListItem","position":2,"name":"Elecci\u00f3n racional y voto: Despertar a lo real"}]},{"@type":"WebSite","@id":"https:\/\/diariodelsurdigital.com.ar\/#website","url":"https:\/\/diariodelsurdigital.com.ar\/","name":"Diario del Sur","description":"Digital","potentialAction":[{"@type":"SearchAction","target":{"@type":"EntryPoint","urlTemplate":"https:\/\/diariodelsurdigital.com.ar\/?s={search_term_string}"},"query-input":{"@type":"PropertyValueSpecification","valueRequired":true,"valueName":"search_term_string"}}],"inLanguage":"es"},{"@type":"Person","@id":"https:\/\/diariodelsurdigital.com.ar\/#\/schema\/person\/6136a32571657f7dba980b88b04c5465","name":"Diario del Sur Digital","image":{"@type":"ImageObject","inLanguage":"es","@id":"https:\/\/secure.gravatar.com\/avatar\/4c29ceac98541dd42460b2474aaa5dd37594d6ce6cb3cf2c101d09b48ee287ba?s=96&d=mm&r=g","url":"https:\/\/secure.gravatar.com\/avatar\/4c29ceac98541dd42460b2474aaa5dd37594d6ce6cb3cf2c101d09b48ee287ba?s=96&d=mm&r=g","contentUrl":"https:\/\/secure.gravatar.com\/avatar\/4c29ceac98541dd42460b2474aaa5dd37594d6ce6cb3cf2c101d09b48ee287ba?s=96&d=mm&r=g","caption":"Diario del Sur Digital"},"url":"https:\/\/diariodelsurdigital.com.ar\/?author=2"}]}},"_links":{"self":[{"href":"https:\/\/diariodelsurdigital.com.ar\/index.php?rest_route=\/wp\/v2\/posts\/5308","targetHints":{"allow":["GET"]}}],"collection":[{"href":"https:\/\/diariodelsurdigital.com.ar\/index.php?rest_route=\/wp\/v2\/posts"}],"about":[{"href":"https:\/\/diariodelsurdigital.com.ar\/index.php?rest_route=\/wp\/v2\/types\/post"}],"author":[{"embeddable":true,"href":"https:\/\/diariodelsurdigital.com.ar\/index.php?rest_route=\/wp\/v2\/users\/2"}],"replies":[{"embeddable":true,"href":"https:\/\/diariodelsurdigital.com.ar\/index.php?rest_route=%2Fwp%2Fv2%2Fcomments&post=5308"}],"version-history":[{"count":2,"href":"https:\/\/diariodelsurdigital.com.ar\/index.php?rest_route=\/wp\/v2\/posts\/5308\/revisions"}],"predecessor-version":[{"id":5312,"href":"https:\/\/diariodelsurdigital.com.ar\/index.php?rest_route=\/wp\/v2\/posts\/5308\/revisions\/5312"}],"wp:featuredmedia":[{"embeddable":true,"href":"https:\/\/diariodelsurdigital.com.ar\/index.php?rest_route=\/wp\/v2\/media\/5310"}],"wp:attachment":[{"href":"https:\/\/diariodelsurdigital.com.ar\/index.php?rest_route=%2Fwp%2Fv2%2Fmedia&parent=5308"}],"wp:term":[{"taxonomy":"category","embeddable":true,"href":"https:\/\/diariodelsurdigital.com.ar\/index.php?rest_route=%2Fwp%2Fv2%2Fcategories&post=5308"},{"taxonomy":"post_tag","embeddable":true,"href":"https:\/\/diariodelsurdigital.com.ar\/index.php?rest_route=%2Fwp%2Fv2%2Ftags&post=5308"}],"curies":[{"name":"wp","href":"https:\/\/api.w.org\/{rel}","templated":true}]}}