{"id":5313,"date":"2025-10-25T18:33:45","date_gmt":"2025-10-25T21:33:45","guid":{"rendered":"https:\/\/diariodelsurdigital.com.ar\/?p=5313"},"modified":"2025-10-25T18:33:46","modified_gmt":"2025-10-25T21:33:46","slug":"integrantes-de-un-clan-narco-fueron-condenados-por-distribuir-droga-en-concordia","status":"publish","type":"post","link":"https:\/\/diariodelsurdigital.com.ar\/?p=5313","title":{"rendered":"Integrantes de un clan narco fueron condenados por distribuir droga en Concordia"},"content":{"rendered":"\n<h4 class=\"wp-block-heading\">La banda distribuy\u00f3 coca\u00edna en ciudades como Concordia, Chajar\u00ed, Col\u00f3n y Concepci\u00f3n del Uruguay. Tres de sus integrantes fueron condenados este viernes.<a href=\"https:\/\/api.whatsapp.com\/send?text=Integrantes%20de%20un%20clan%20narco%20fueron%20condenados%20por%20distribuir%20droga%20en%20Concordia%20-%20https:\/\/diarioriouruguay.com\/policiales\/\/integrantes-de-un-clan-narco-fueron-condenados-por-distribuir-droga-en-concordia.htm\" target=\"_blank\" rel=\"noreferrer noopener\"><\/a><a href=\"https:\/\/diarioriouruguay.com\/policiales\/integrantes-de-un-clan-narco-fueron-condenados-por-distribuir-droga-en-concordia.htm#\"><\/a><a href=\"javascript:copyLink('aviso', 'URL Copiada');\"><\/a><a href=\"https:\/\/diarioriouruguay.com\/policiales\/integrantes-de-un-clan-narco-fueron-condenados-por-distribuir-droga-en-concordia.htm#\"><\/a><a href=\"tg:\/\/msg?text=Integrantes%20de%20un%20clan%20narco%20fueron%20condenados%20por%20distribuir%20droga%20en%20Concordia-https:\/\/diarioriouruguay.com\/policiales\/\/integrantes-de-un-clan-narco-fueron-condenados-por-distribuir-droga-en-concordia.htm\" target=\"_blank\" rel=\"noreferrer noopener\"><\/a><a href=\"https:\/\/diarioriouruguay.com\/policiales\/integrantes-de-un-clan-narco-fueron-condenados-por-distribuir-droga-en-concordia.htm#comentarios\"><\/a><\/h4>\n\n\n\n<p><em>Condena a una familia narco<\/em><\/p>\n\n\n\n<p>Una red narco familiar fue desbaratada en Concordia y condenada tras un juicio que se realiz\u00f3 en el Tribunal Oral Federal de Paran\u00e1. Se la juzg\u00f3 por comercializar coca\u00edna de alta pureza con el sello del \u201cDelf\u00edn\u201d, vinculado al capo salte\u00f1o Castedo. La jefa recibi\u00f3 m\u00e1s de cinco a\u00f1os de prisi\u00f3n.<\/p>\n\n\n\n<h3 class=\"wp-block-heading\">Sentencia<\/h3>\n\n\n\n<p>En una sentencia que marca un nuevo cap\u00edtulo en la lucha contra el narcotr\u00e1fico en Entre R\u00edos, el Tribunal Oral en lo Criminal Federal de Paran\u00e1, bajo la presidencia de Emilce Rojas, conden\u00f3 este viernes a tres integrantes de una familia peruana domiciliada en Villa Celina, provincia de Buenos Aires, por la distribuci\u00f3n de coca\u00edna de m\u00e1xima pureza en ciudades de la Costa del Uruguay.<\/p>\n\n\n\n<p>La pena m\u00e1s severa recay\u00f3 sobre Fortunata Olivera D\u00edaz, considerada jefa de la organizaci\u00f3n, quien recibi\u00f3 cinco a\u00f1os y dos meses de prisi\u00f3n efectiva. Sus hijos, Ruby Olivera D\u00edaz y Russell Olivera, fueron condenados a tres a\u00f1os como part\u00edcipes secundarios.<\/p>\n\n\n\n<p>La investigaci\u00f3n revel\u00f3 que la organizaci\u00f3n logr\u00f3 introducir m\u00e1s de 20 kilos de coca\u00edna en la provincia, droga que llevaba el sello del delf\u00edn, distintivo del capo narco salte\u00f1o Delf\u00edn Reinaldo Castedo, alias el \u201cPatr\u00f3n del Norte\u201d. Este sello, seg\u00fan declar\u00f3 una integrante de Gendarmer\u00eda Nacional, es utilizado por organizaciones narcos peruanas para identificar cargamentos de alta pureza, lo que implica un mayor da\u00f1o a la salud p\u00fablica.<\/p>\n\n\n\n<p>El fiscal federal Jos\u00e9 Ignacio Candioti, junto a Juan Podhayny, sostuvo en los alegatos que Fortunata era la principal responsable de la log\u00edstica y comercializaci\u00f3n de los estupefacientes. Se prob\u00f3 que el 19 de febrero de 2024, en un control sobre la Ruta Nacional 14, se le secuestraron dos kilos de coca\u00edna que ten\u00edan como destino la ciudad de Chajar\u00ed. Adem\u00e1s, se acredit\u00f3 que hab\u00eda realizado otros traslados previos a Concordia, Col\u00f3n y Concepci\u00f3n del Uruguay.<\/p>\n\n\n\n<h3 class=\"wp-block-heading\">Investigaci\u00f3n<\/h3>\n\n\n\n<p>Durante el allanamiento a la vivienda familiar en Villa Celina, se encontraron 270 gramos de coca\u00edna fraccionados en 72 envoltorios listos para la venta, una balanza con restos de sustancia y anotaciones vinculadas al comercio de drogas. El fiscal solicit\u00f3 penas de tres a\u00f1os y ocho meses para Ruby y Russell, quienes fueron considerados part\u00edcipes secundarios en la actividad il\u00edcita liderada por su madre.<\/p>\n\n\n\n<p>En su alegato final, Candioti advirti\u00f3 sobre el impacto del narcotr\u00e1fico en la juventud y la utilizaci\u00f3n de menores como \u201csoldaditos\u201d en la cadena de distribuci\u00f3n. Tambi\u00e9n record\u00f3 que el tipo de droga incautada en este caso coincide con la utilizada en los juicios contra Daniel \u201cTavi\u201d Celis y Elvio Caudana, ambos vinculados a redes de narcotr\u00e1fico de alto perfil.<\/p>\n\n\n\n<p>Tras un cuarto intermedio, la jueza Rojas adelant\u00f3 la parte resolutiva de la sentencia, condenando a Fortunata Olivera D\u00edaz a cinco a\u00f1os y dos meses de prisi\u00f3n, y a sus hijos a tres a\u00f1os de prisi\u00f3n efectiva. La resoluci\u00f3n completa ser\u00e1 publicada en los pr\u00f3ximos d\u00edas.<\/p>\n\n\n\n<p>El debate se realiz\u00f3 en el Tribunal Oral en lo Criminal Federal de Paran\u00e1, pero Rojas estuvo desde el juzgado de Concordia.<\/p>\n\n\n\n<h3 class=\"wp-block-heading\">Crimen<\/h3>\n\n\n\n<p>El caso judicial se entrelaza con un episodio violento ocurrido en noviembre de 2024, cuando Cristian Laveriano, tambi\u00e9n oriundo de Villa Celina, fue asesinado en Concordia. Laveriano hab\u00eda llegado a la ciudad junto a Ruby Olivera D\u00edaz para cobrar una presunta deuda relacionada con el narcotr\u00e1fico.<\/p>\n\n\n\n<p>El ataque ocurri\u00f3 el s\u00e1bado 2 de noviembre en la intersecci\u00f3n de Batalla de Tucum\u00e1n y Gendarme Ituarte, cerca de Playa Nebel. Dos individuos los asaltaron, hiriendo a Laveriano con una herramienta tipo pico de mano en la pierna izquierda. La lesi\u00f3n provoc\u00f3 una hemorragia masiva que deriv\u00f3 en su muerte, pese a haber sido internado en terapia intensiva en el hospital Masvernat.<\/p>\n\n\n\n<p>Los agresores fueron detenidos poco despu\u00e9s en una zona de pastizales, pero el m\u00f3vil del crimen a\u00fan no ha sido esclarecido. La conexi\u00f3n entre este asesinato y la red narco familiar condenada sigue siendo materia de investigaci\u00f3n.<\/p>\n","protected":false},"excerpt":{"rendered":"<p>La banda distribuy\u00f3 coca\u00edna en ciudades como Concordia, Chajar\u00ed, Col\u00f3n y Concepci\u00f3n del Uruguay. Tres de sus integrantes fueron condenados este viernes. Condena a una familia narco Una red narco familiar fue desbaratada en Concordia y condenada tras un juicio que se realiz\u00f3 en el Tribunal Oral Federal de Paran\u00e1. Se la juzg\u00f3 por comercializar [&hellip;]<\/p>\n","protected":false},"author":2,"featured_media":5314,"comment_status":"open","ping_status":"open","sticky":false,"template":"","format":"standard","meta":{"footnotes":""},"categories":[26,16],"tags":[],"class_list":{"0":"post-5313","1":"post","2":"type-post","3":"status-publish","4":"format-standard","5":"has-post-thumbnail","7":"category-judiciales","8":"category-locales"},"yoast_head":"<!-- This site is optimized with the Yoast SEO plugin v27.4 - https:\/\/yoast.com\/product\/yoast-seo-wordpress\/ -->\n<title>Integrantes de un clan narco fueron condenados por distribuir droga en Concordia - Diario del Sur<\/title>\n<meta name=\"robots\" content=\"index, follow, max-snippet:-1, max-image-preview:large, max-video-preview:-1\" \/>\n<link rel=\"canonical\" href=\"https:\/\/diariodelsurdigital.com.ar\/?p=5313\" \/>\n<meta property=\"og:locale\" content=\"es_ES\" \/>\n<meta property=\"og:type\" content=\"article\" \/>\n<meta property=\"og:title\" content=\"Integrantes de un clan narco fueron condenados por distribuir droga en Concordia - Diario del Sur\" \/>\n<meta property=\"og:description\" content=\"La banda distribuy\u00f3 coca\u00edna en ciudades como Concordia, Chajar\u00ed, Col\u00f3n y Concepci\u00f3n del Uruguay. Tres de sus integrantes fueron condenados este viernes. Condena a una familia narco Una red narco familiar fue desbaratada en Concordia y condenada tras un juicio que se realiz\u00f3 en el Tribunal Oral Federal de Paran\u00e1. Se la juzg\u00f3 por comercializar [&hellip;]\" \/>\n<meta property=\"og:url\" content=\"https:\/\/diariodelsurdigital.com.ar\/?p=5313\" \/>\n<meta property=\"og:site_name\" content=\"Diario del Sur\" \/>\n<meta property=\"article:published_time\" content=\"2025-10-25T21:33:45+00:00\" \/>\n<meta property=\"article:modified_time\" content=\"2025-10-25T21:33:46+00:00\" \/>\n<meta property=\"og:image\" content=\"https:\/\/diariodelsurdigital.com.ar\/wp-content\/uploads\/2025\/10\/l_1761349031_4463.png\" \/>\n\t<meta property=\"og:image:width\" content=\"526\" \/>\n\t<meta property=\"og:image:height\" content=\"311\" \/>\n\t<meta property=\"og:image:type\" content=\"image\/png\" \/>\n<meta name=\"author\" content=\"Diario del Sur Digital\" \/>\n<meta name=\"twitter:card\" content=\"summary_large_image\" \/>\n<meta name=\"twitter:label1\" content=\"Escrito por\" \/>\n\t<meta name=\"twitter:data1\" content=\"Diario del Sur Digital\" \/>\n\t<meta name=\"twitter:label2\" content=\"Tiempo de lectura\" \/>\n\t<meta name=\"twitter:data2\" content=\"4 minutos\" \/>\n<script type=\"application\/ld+json\" class=\"yoast-schema-graph\">{\"@context\":\"https:\\\/\\\/schema.org\",\"@graph\":[{\"@type\":\"Article\",\"@id\":\"https:\\\/\\\/diariodelsurdigital.com.ar\\\/?p=5313#article\",\"isPartOf\":{\"@id\":\"https:\\\/\\\/diariodelsurdigital.com.ar\\\/?p=5313\"},\"author\":{\"name\":\"Diario del Sur Digital\",\"@id\":\"https:\\\/\\\/diariodelsurdigital.com.ar\\\/#\\\/schema\\\/person\\\/6136a32571657f7dba980b88b04c5465\"},\"headline\":\"Integrantes de un clan narco fueron condenados por distribuir droga en Concordia\",\"datePublished\":\"2025-10-25T21:33:45+00:00\",\"dateModified\":\"2025-10-25T21:33:46+00:00\",\"mainEntityOfPage\":{\"@id\":\"https:\\\/\\\/diariodelsurdigital.com.ar\\\/?p=5313\"},\"wordCount\":746,\"commentCount\":0,\"image\":{\"@id\":\"https:\\\/\\\/diariodelsurdigital.com.ar\\\/?p=5313#primaryimage\"},\"thumbnailUrl\":\"https:\\\/\\\/diariodelsurdigital.com.ar\\\/wp-content\\\/uploads\\\/2025\\\/10\\\/l_1761349031_4463.png\",\"articleSection\":[\"Judiciales\",\"Locales\"],\"inLanguage\":\"es\",\"potentialAction\":[{\"@type\":\"CommentAction\",\"name\":\"Comment\",\"target\":[\"https:\\\/\\\/diariodelsurdigital.com.ar\\\/?p=5313#respond\"]}]},{\"@type\":\"WebPage\",\"@id\":\"https:\\\/\\\/diariodelsurdigital.com.ar\\\/?p=5313\",\"url\":\"https:\\\/\\\/diariodelsurdigital.com.ar\\\/?p=5313\",\"name\":\"Integrantes de un clan narco fueron condenados por distribuir droga en Concordia - Diario del Sur\",\"isPartOf\":{\"@id\":\"https:\\\/\\\/diariodelsurdigital.com.ar\\\/#website\"},\"primaryImageOfPage\":{\"@id\":\"https:\\\/\\\/diariodelsurdigital.com.ar\\\/?p=5313#primaryimage\"},\"image\":{\"@id\":\"https:\\\/\\\/diariodelsurdigital.com.ar\\\/?p=5313#primaryimage\"},\"thumbnailUrl\":\"https:\\\/\\\/diariodelsurdigital.com.ar\\\/wp-content\\\/uploads\\\/2025\\\/10\\\/l_1761349031_4463.png\",\"datePublished\":\"2025-10-25T21:33:45+00:00\",\"dateModified\":\"2025-10-25T21:33:46+00:00\",\"author\":{\"@id\":\"https:\\\/\\\/diariodelsurdigital.com.ar\\\/#\\\/schema\\\/person\\\/6136a32571657f7dba980b88b04c5465\"},\"breadcrumb\":{\"@id\":\"https:\\\/\\\/diariodelsurdigital.com.ar\\\/?p=5313#breadcrumb\"},\"inLanguage\":\"es\",\"potentialAction\":[{\"@type\":\"ReadAction\",\"target\":[\"https:\\\/\\\/diariodelsurdigital.com.ar\\\/?p=5313\"]}]},{\"@type\":\"ImageObject\",\"inLanguage\":\"es\",\"@id\":\"https:\\\/\\\/diariodelsurdigital.com.ar\\\/?p=5313#primaryimage\",\"url\":\"https:\\\/\\\/diariodelsurdigital.com.ar\\\/wp-content\\\/uploads\\\/2025\\\/10\\\/l_1761349031_4463.png\",\"contentUrl\":\"https:\\\/\\\/diariodelsurdigital.com.ar\\\/wp-content\\\/uploads\\\/2025\\\/10\\\/l_1761349031_4463.png\",\"width\":526,\"height\":311},{\"@type\":\"BreadcrumbList\",\"@id\":\"https:\\\/\\\/diariodelsurdigital.com.ar\\\/?p=5313#breadcrumb\",\"itemListElement\":[{\"@type\":\"ListItem\",\"position\":1,\"name\":\"Portada\",\"item\":\"https:\\\/\\\/diariodelsurdigital.com.ar\\\/\"},{\"@type\":\"ListItem\",\"position\":2,\"name\":\"Integrantes de un clan narco fueron condenados por distribuir droga en Concordia\"}]},{\"@type\":\"WebSite\",\"@id\":\"https:\\\/\\\/diariodelsurdigital.com.ar\\\/#website\",\"url\":\"https:\\\/\\\/diariodelsurdigital.com.ar\\\/\",\"name\":\"Diario del Sur\",\"description\":\"Digital\",\"potentialAction\":[{\"@type\":\"SearchAction\",\"target\":{\"@type\":\"EntryPoint\",\"urlTemplate\":\"https:\\\/\\\/diariodelsurdigital.com.ar\\\/?s={search_term_string}\"},\"query-input\":{\"@type\":\"PropertyValueSpecification\",\"valueRequired\":true,\"valueName\":\"search_term_string\"}}],\"inLanguage\":\"es\"},{\"@type\":\"Person\",\"@id\":\"https:\\\/\\\/diariodelsurdigital.com.ar\\\/#\\\/schema\\\/person\\\/6136a32571657f7dba980b88b04c5465\",\"name\":\"Diario del Sur Digital\",\"image\":{\"@type\":\"ImageObject\",\"inLanguage\":\"es\",\"@id\":\"https:\\\/\\\/secure.gravatar.com\\\/avatar\\\/4c29ceac98541dd42460b2474aaa5dd37594d6ce6cb3cf2c101d09b48ee287ba?s=96&d=mm&r=g\",\"url\":\"https:\\\/\\\/secure.gravatar.com\\\/avatar\\\/4c29ceac98541dd42460b2474aaa5dd37594d6ce6cb3cf2c101d09b48ee287ba?s=96&d=mm&r=g\",\"contentUrl\":\"https:\\\/\\\/secure.gravatar.com\\\/avatar\\\/4c29ceac98541dd42460b2474aaa5dd37594d6ce6cb3cf2c101d09b48ee287ba?s=96&d=mm&r=g\",\"caption\":\"Diario del Sur Digital\"},\"url\":\"https:\\\/\\\/diariodelsurdigital.com.ar\\\/?author=2\"}]}<\/script>\n<!-- \/ Yoast SEO plugin. -->","yoast_head_json":{"title":"Integrantes de un clan narco fueron condenados por distribuir droga en Concordia - Diario del Sur","robots":{"index":"index","follow":"follow","max-snippet":"max-snippet:-1","max-image-preview":"max-image-preview:large","max-video-preview":"max-video-preview:-1"},"canonical":"https:\/\/diariodelsurdigital.com.ar\/?p=5313","og_locale":"es_ES","og_type":"article","og_title":"Integrantes de un clan narco fueron condenados por distribuir droga en Concordia - Diario del Sur","og_description":"La banda distribuy\u00f3 coca\u00edna en ciudades como Concordia, Chajar\u00ed, Col\u00f3n y Concepci\u00f3n del Uruguay. Tres de sus integrantes fueron condenados este viernes. Condena a una familia narco Una red narco familiar fue desbaratada en Concordia y condenada tras un juicio que se realiz\u00f3 en el Tribunal Oral Federal de Paran\u00e1. Se la juzg\u00f3 por comercializar [&hellip;]","og_url":"https:\/\/diariodelsurdigital.com.ar\/?p=5313","og_site_name":"Diario del Sur","article_published_time":"2025-10-25T21:33:45+00:00","article_modified_time":"2025-10-25T21:33:46+00:00","og_image":[{"width":526,"height":311,"url":"https:\/\/diariodelsurdigital.com.ar\/wp-content\/uploads\/2025\/10\/l_1761349031_4463.png","type":"image\/png"}],"author":"Diario del Sur Digital","twitter_card":"summary_large_image","twitter_misc":{"Escrito por":"Diario del Sur Digital","Tiempo de lectura":"4 minutos"},"schema":{"@context":"https:\/\/schema.org","@graph":[{"@type":"Article","@id":"https:\/\/diariodelsurdigital.com.ar\/?p=5313#article","isPartOf":{"@id":"https:\/\/diariodelsurdigital.com.ar\/?p=5313"},"author":{"name":"Diario del Sur Digital","@id":"https:\/\/diariodelsurdigital.com.ar\/#\/schema\/person\/6136a32571657f7dba980b88b04c5465"},"headline":"Integrantes de un clan narco fueron condenados por distribuir droga en Concordia","datePublished":"2025-10-25T21:33:45+00:00","dateModified":"2025-10-25T21:33:46+00:00","mainEntityOfPage":{"@id":"https:\/\/diariodelsurdigital.com.ar\/?p=5313"},"wordCount":746,"commentCount":0,"image":{"@id":"https:\/\/diariodelsurdigital.com.ar\/?p=5313#primaryimage"},"thumbnailUrl":"https:\/\/diariodelsurdigital.com.ar\/wp-content\/uploads\/2025\/10\/l_1761349031_4463.png","articleSection":["Judiciales","Locales"],"inLanguage":"es","potentialAction":[{"@type":"CommentAction","name":"Comment","target":["https:\/\/diariodelsurdigital.com.ar\/?p=5313#respond"]}]},{"@type":"WebPage","@id":"https:\/\/diariodelsurdigital.com.ar\/?p=5313","url":"https:\/\/diariodelsurdigital.com.ar\/?p=5313","name":"Integrantes de un clan narco fueron condenados por distribuir droga en Concordia - Diario del Sur","isPartOf":{"@id":"https:\/\/diariodelsurdigital.com.ar\/#website"},"primaryImageOfPage":{"@id":"https:\/\/diariodelsurdigital.com.ar\/?p=5313#primaryimage"},"image":{"@id":"https:\/\/diariodelsurdigital.com.ar\/?p=5313#primaryimage"},"thumbnailUrl":"https:\/\/diariodelsurdigital.com.ar\/wp-content\/uploads\/2025\/10\/l_1761349031_4463.png","datePublished":"2025-10-25T21:33:45+00:00","dateModified":"2025-10-25T21:33:46+00:00","author":{"@id":"https:\/\/diariodelsurdigital.com.ar\/#\/schema\/person\/6136a32571657f7dba980b88b04c5465"},"breadcrumb":{"@id":"https:\/\/diariodelsurdigital.com.ar\/?p=5313#breadcrumb"},"inLanguage":"es","potentialAction":[{"@type":"ReadAction","target":["https:\/\/diariodelsurdigital.com.ar\/?p=5313"]}]},{"@type":"ImageObject","inLanguage":"es","@id":"https:\/\/diariodelsurdigital.com.ar\/?p=5313#primaryimage","url":"https:\/\/diariodelsurdigital.com.ar\/wp-content\/uploads\/2025\/10\/l_1761349031_4463.png","contentUrl":"https:\/\/diariodelsurdigital.com.ar\/wp-content\/uploads\/2025\/10\/l_1761349031_4463.png","width":526,"height":311},{"@type":"BreadcrumbList","@id":"https:\/\/diariodelsurdigital.com.ar\/?p=5313#breadcrumb","itemListElement":[{"@type":"ListItem","position":1,"name":"Portada","item":"https:\/\/diariodelsurdigital.com.ar\/"},{"@type":"ListItem","position":2,"name":"Integrantes de un clan narco fueron condenados por distribuir droga en Concordia"}]},{"@type":"WebSite","@id":"https:\/\/diariodelsurdigital.com.ar\/#website","url":"https:\/\/diariodelsurdigital.com.ar\/","name":"Diario del Sur","description":"Digital","potentialAction":[{"@type":"SearchAction","target":{"@type":"EntryPoint","urlTemplate":"https:\/\/diariodelsurdigital.com.ar\/?s={search_term_string}"},"query-input":{"@type":"PropertyValueSpecification","valueRequired":true,"valueName":"search_term_string"}}],"inLanguage":"es"},{"@type":"Person","@id":"https:\/\/diariodelsurdigital.com.ar\/#\/schema\/person\/6136a32571657f7dba980b88b04c5465","name":"Diario del Sur Digital","image":{"@type":"ImageObject","inLanguage":"es","@id":"https:\/\/secure.gravatar.com\/avatar\/4c29ceac98541dd42460b2474aaa5dd37594d6ce6cb3cf2c101d09b48ee287ba?s=96&d=mm&r=g","url":"https:\/\/secure.gravatar.com\/avatar\/4c29ceac98541dd42460b2474aaa5dd37594d6ce6cb3cf2c101d09b48ee287ba?s=96&d=mm&r=g","contentUrl":"https:\/\/secure.gravatar.com\/avatar\/4c29ceac98541dd42460b2474aaa5dd37594d6ce6cb3cf2c101d09b48ee287ba?s=96&d=mm&r=g","caption":"Diario del Sur Digital"},"url":"https:\/\/diariodelsurdigital.com.ar\/?author=2"}]}},"_links":{"self":[{"href":"https:\/\/diariodelsurdigital.com.ar\/index.php?rest_route=\/wp\/v2\/posts\/5313","targetHints":{"allow":["GET"]}}],"collection":[{"href":"https:\/\/diariodelsurdigital.com.ar\/index.php?rest_route=\/wp\/v2\/posts"}],"about":[{"href":"https:\/\/diariodelsurdigital.com.ar\/index.php?rest_route=\/wp\/v2\/types\/post"}],"author":[{"embeddable":true,"href":"https:\/\/diariodelsurdigital.com.ar\/index.php?rest_route=\/wp\/v2\/users\/2"}],"replies":[{"embeddable":true,"href":"https:\/\/diariodelsurdigital.com.ar\/index.php?rest_route=%2Fwp%2Fv2%2Fcomments&post=5313"}],"version-history":[{"count":1,"href":"https:\/\/diariodelsurdigital.com.ar\/index.php?rest_route=\/wp\/v2\/posts\/5313\/revisions"}],"predecessor-version":[{"id":5315,"href":"https:\/\/diariodelsurdigital.com.ar\/index.php?rest_route=\/wp\/v2\/posts\/5313\/revisions\/5315"}],"wp:featuredmedia":[{"embeddable":true,"href":"https:\/\/diariodelsurdigital.com.ar\/index.php?rest_route=\/wp\/v2\/media\/5314"}],"wp:attachment":[{"href":"https:\/\/diariodelsurdigital.com.ar\/index.php?rest_route=%2Fwp%2Fv2%2Fmedia&parent=5313"}],"wp:term":[{"taxonomy":"category","embeddable":true,"href":"https:\/\/diariodelsurdigital.com.ar\/index.php?rest_route=%2Fwp%2Fv2%2Fcategories&post=5313"},{"taxonomy":"post_tag","embeddable":true,"href":"https:\/\/diariodelsurdigital.com.ar\/index.php?rest_route=%2Fwp%2Fv2%2Ftags&post=5313"}],"curies":[{"name":"wp","href":"https:\/\/api.w.org\/{rel}","templated":true}]}}