{"id":5316,"date":"2025-10-25T18:39:32","date_gmt":"2025-10-25T21:39:32","guid":{"rendered":"https:\/\/diariodelsurdigital.com.ar\/?p=5316"},"modified":"2025-10-25T18:39:33","modified_gmt":"2025-10-25T21:39:33","slug":"lider-de-una-banda-que-vendia-certificados-fiscales-truchos-fue-alojado-en-unidad-penal-de-entre-rios","status":"publish","type":"post","link":"https:\/\/diariodelsurdigital.com.ar\/?p=5316","title":{"rendered":"L\u00edder de una banda que vend\u00eda certificados fiscales truchos fue alojado en unidad penal de Entre R\u00edos"},"content":{"rendered":"\n<h2 class=\"wp-block-heading\" id=\"nota-title\"><\/h2>\n\n\n\n<p>La Corte Suprema de Justicia confirm\u00f3 la condena a tres personas que vend\u00edan certificados truchos para cancelar deudas fiscales. El jefe de la banda qued\u00f3 detenido en la Unidad Penal N\u00ba 9 Granja El Potrero de Gualeguaych\u00fa y ahora avanzar\u00e1n decomisos que incluyen propiedades, cuentas en Estados Unidos y hasta un vi\u00f1edo.<\/p>\n\n\n\n<p>El m\u00e1ximo tribunal rechaz\u00f3 un recurso extraordinario de la defensa de dos contadores, Salvador Luis Morelli (alias \u201cLucho\u201d) y Sergio Oscar De Araquistain y un abogado, Roberto Mario Izaguirre (alias \u201cRoy\u201d). Los tres resultaron condenados en primera instancia como coautores del delito de \u201cAsociaci\u00f3n il\u00edcita fiscal\u201d. La sentencia fue dictada por el Tribunal Oral Federal de Paran\u00e1 en junio de 2023.<\/p>\n\n\n\n<p>La C\u00e1mara de Casaci\u00f3n Penal confirm\u00f3 la decisi\u00f3n, pero redujo las penas.<\/p>\n\n\n\n<p>La asociaci\u00f3n fiscal il\u00edcita est\u00e1 tipificada en el R\u00e9gimen Penal Tributario, Ley 24.769. Apunta a sancionar a organizaciones de tres o m\u00e1s personas que se complotan para realizar il\u00edcitos de este tipo de manera habitual.<\/p>\n\n\n\n<p>En el juicio se prob\u00f3 que Morelli, De Araquistain e Izaguirre hab\u00edan montado un negocio ilegal que consist\u00eda en la venta de certificados falsos de cr\u00e9ditos fiscales ficticios. La operaci\u00f3n involucr\u00f3 a empresas constructoras con deudas de IVA, con supuestas retenciones que hab\u00edan sufrido otros contribuyentes.<\/p>\n\n\n\n<p>Con este falso cr\u00e9dito de libre disponibilidad ante la AFIP (hoy ARCA), se cancelaban saldos negativos que ten\u00edan estas empresas. El mecanismo se implement\u00f3 entre 2010 y 2015.<\/p>\n\n\n\n<p>\u201cLucho\u201d Morelli y \u201cRoy\u201d Izaguirre recibieron penas de 5 a\u00f1os y 3 meses en primera instancia. A De Araquistain le correspondi\u00f3 una sanci\u00f3n mayor, 6 a\u00f1os y 3 meses, porque fue considerado el l\u00edder de la gavilla. Todos comenzaron a cumplirla en sus domicilios.<\/p>\n\n\n\n<p>Casaci\u00f3n, al analizar el caso, confirm\u00f3 las sentencias, pero rebaj\u00f3 las penas; de all\u00ed que Morelli e Izaguirre hayan conseguido en agosto la salida condicional.<\/p>\n\n\n\n<p>De Araquistain no estaba en situaci\u00f3n de acceder al beneficio. Por eso este jueves, al revoc\u00e1rsele la domiciliaria, lo alojaron en la Unidad Penal de Gualeguaych\u00fa. All\u00ed deber\u00e1 estar, al menos un a\u00f1o, compartiendo pabell\u00f3n con delincuentes comunes.<\/p>\n\n\n\n<h5 class=\"wp-block-heading\"><strong>Decomisos<\/strong><\/h5>\n\n\n\n<p>Lo sustancial de la causa es la recuperaci\u00f3n del dinero de los contribuyentes que se apropi\u00f3 la banda.<\/p>\n\n\n\n<p>El Tribunal Federal de Paran\u00e1 dispuso que el decomiso de los bienes de los implicados se concrete una vez que el fallo quede firme. A fin de evitar que vac\u00eden el patrimonio, la Justicia orden\u00f3 la inhibici\u00f3n de bienes de Morelli e Izaguirre y la anotaci\u00f3n de litis en los de De Araquistain.<\/p>\n\n\n\n<p>Esta \u00faltima medida lo habilitaba a transferir sus propiedades, pero el adquirente recib\u00eda una advertencia de que pod\u00edan ser decomisados.<\/p>\n\n\n\n<p>La denegatoria de la Corte dio firmeza a las condenas. Por eso ahora se abre el incidente para determinar qu\u00e9 bienes recupera el Estado. Esto se resolver\u00e1 en una audiencia con presencia de las partes, seg\u00fan indicaron fuentes judiciales consultadas por este medio.<\/p>\n\n\n\n<p>El fallo recopil\u00f3 una larga lista de propiedades en los Estados Unidos y en la Argentina, veh\u00edculos y dep\u00f3sitos en el pa\u00eds y en Norteam\u00e9rica. Entre ellas se cuentan:<\/p>\n\n\n\n<p>. Un Inmueble en la zona de Malague\u00f1o, cerca de C\u00f3rdoba Capital.<\/p>\n\n\n\n<p>. Un Inmueble ubicado en Cape Coral, Florida, Estados Unidos.<\/p>\n\n\n\n<p>. Un Inmueble localizado en Fort Myers, Florida, Estados Unidos.<\/p>\n\n\n\n<p>. D\u00f3lares depositados en una caja de ahorro del JP Morgan Chase Bank. EE.UU.<\/p>\n\n\n\n<p>. D\u00f3lares depositados en una cuenta corriente del JP Morgan Chase Bank. EE.UU.<\/p>\n\n\n\n<p>. D\u00f3lares depositados en una cuenta corriente del Ocean Bank de Miami, Florida, EE.UU.<\/p>\n\n\n\n<p>. Un vi\u00f1edo de 1.200 hect\u00e1reas en Divisadero, General San Mart\u00edn, Mendoza.<\/p>\n\n\n\n<h5 class=\"wp-block-heading\">El tiro por la culata<\/h5>\n\n\n\n<p>Muchos de estos bienes fueron detectados por las autoridades a ra\u00edz del blanqueo de capitales que se concret\u00f3 en la gesti\u00f3n de Mauricio Macri en 2016, a trav\u00e9s de la ley 27.260.<\/p>\n\n\n\n<p>Morelli e Izaguirre se adhirieron a ese beneficio fiscal. Durante el juicio, las defensas de ambos reclamaron que esos bienes estaban protegidos por la legislaci\u00f3n de regularizaci\u00f3n de activos. El Tribunal entendi\u00f3 que la ley s\u00f3lo los resguardaba de las acciones por los impuestos no pagados.<\/p>\n\n\n\n<p>La protecci\u00f3n de la 27.260 \u201cno alcanza a todas las acciones penales emergentes de la ley 24.769 (penal tributaria) sino solamente a aquellas que est\u00e9n vinculadas a una obligaci\u00f3n susceptible de ser cancelada mediante pago, en el caso de autos, al delito de evasi\u00f3n en que Morelli e Izaguirre hab\u00edan incurrido\u201d.<\/p>\n\n\n\n<p>Ese fue el razonamiento de la jueza Noem\u00ed Berros al que adhirieron los otros dos miembros del Tribunal, Roberto L\u00f3pez Arango y Mariela Rojas (subrogante). \u201cDicho de otro modo: el delito de AIF (asociaci\u00f3n il\u00edcita fiscal) no es susceptible de ser cancelado en t\u00e9rminos de punibilidad por la ley 27.260\u201d, abund\u00f3 la magistrada.<\/p>\n\n\n\n<p>En el juicio de primera instancia intervinieron el fiscal general Jos\u00e9 Ignacio Candioti y el fiscal auxiliar Juan Sebasti\u00e1n Podhainy. En representaci\u00f3n de Afip\/Arca actuaron las abogadas Diana Marina N\u00fa\u00f1ez y Mar\u00eda Florencia Sieber.<\/p>\n\n\n\n<p>Fuente:\u00a0Infobae &#8211; El Entre R\u00edos<\/p>\n","protected":false},"excerpt":{"rendered":"<p>La Corte Suprema de Justicia confirm\u00f3 la condena a tres personas que vend\u00edan certificados truchos para cancelar deudas fiscales. El jefe de la banda qued\u00f3 detenido en la Unidad Penal N\u00ba 9 Granja El Potrero de Gualeguaych\u00fa y ahora avanzar\u00e1n decomisos que incluyen propiedades, cuentas en Estados Unidos y hasta un vi\u00f1edo. El m\u00e1ximo tribunal [&hellip;]<\/p>\n","protected":false},"author":2,"featured_media":5317,"comment_status":"open","ping_status":"open","sticky":false,"template":"","format":"standard","meta":{"footnotes":""},"categories":[17],"tags":[],"class_list":{"0":"post-5316","1":"post","2":"type-post","3":"status-publish","4":"format-standard","5":"has-post-thumbnail","7":"category-provinciales"},"yoast_head":"<!-- This site is optimized with the Yoast SEO plugin v27.4 - https:\/\/yoast.com\/product\/yoast-seo-wordpress\/ -->\n<title>L\u00edder de una banda que vend\u00eda certificados fiscales truchos fue alojado en unidad penal de Entre R\u00edos - Diario del Sur<\/title>\n<meta name=\"robots\" content=\"index, follow, max-snippet:-1, max-image-preview:large, max-video-preview:-1\" \/>\n<link rel=\"canonical\" href=\"https:\/\/diariodelsurdigital.com.ar\/?p=5316\" \/>\n<meta property=\"og:locale\" content=\"es_ES\" \/>\n<meta property=\"og:type\" content=\"article\" \/>\n<meta property=\"og:title\" content=\"L\u00edder de una banda que vend\u00eda certificados fiscales truchos fue alojado en unidad penal de Entre R\u00edos - Diario del Sur\" \/>\n<meta property=\"og:description\" content=\"La Corte Suprema de Justicia confirm\u00f3 la condena a tres personas que vend\u00edan certificados truchos para cancelar deudas fiscales. El jefe de la banda qued\u00f3 detenido en la Unidad Penal N\u00ba 9 Granja El Potrero de Gualeguaych\u00fa y ahora avanzar\u00e1n decomisos que incluyen propiedades, cuentas en Estados Unidos y hasta un vi\u00f1edo. El m\u00e1ximo tribunal [&hellip;]\" \/>\n<meta property=\"og:url\" content=\"https:\/\/diariodelsurdigital.com.ar\/?p=5316\" \/>\n<meta property=\"og:site_name\" content=\"Diario del Sur\" \/>\n<meta property=\"article:published_time\" content=\"2025-10-25T21:39:32+00:00\" \/>\n<meta property=\"article:modified_time\" content=\"2025-10-25T21:39:33+00:00\" \/>\n<meta property=\"og:image\" content=\"https:\/\/diariodelsurdigital.com.ar\/wp-content\/uploads\/2025\/10\/l_1677162464.jpg\" \/>\n\t<meta property=\"og:image:width\" content=\"572\" \/>\n\t<meta property=\"og:image:height\" content=\"329\" \/>\n\t<meta property=\"og:image:type\" content=\"image\/jpeg\" \/>\n<meta name=\"author\" content=\"Diario del Sur Digital\" \/>\n<meta name=\"twitter:card\" content=\"summary_large_image\" \/>\n<meta name=\"twitter:label1\" content=\"Escrito por\" \/>\n\t<meta name=\"twitter:data1\" content=\"Diario del Sur Digital\" \/>\n\t<meta name=\"twitter:label2\" content=\"Tiempo de lectura\" \/>\n\t<meta name=\"twitter:data2\" content=\"4 minutos\" \/>\n<script type=\"application\/ld+json\" class=\"yoast-schema-graph\">{\"@context\":\"https:\\\/\\\/schema.org\",\"@graph\":[{\"@type\":\"Article\",\"@id\":\"https:\\\/\\\/diariodelsurdigital.com.ar\\\/?p=5316#article\",\"isPartOf\":{\"@id\":\"https:\\\/\\\/diariodelsurdigital.com.ar\\\/?p=5316\"},\"author\":{\"name\":\"Diario del Sur Digital\",\"@id\":\"https:\\\/\\\/diariodelsurdigital.com.ar\\\/#\\\/schema\\\/person\\\/6136a32571657f7dba980b88b04c5465\"},\"headline\":\"L\u00edder de una banda que vend\u00eda certificados fiscales truchos fue alojado en unidad penal de Entre R\u00edos\",\"datePublished\":\"2025-10-25T21:39:32+00:00\",\"dateModified\":\"2025-10-25T21:39:33+00:00\",\"mainEntityOfPage\":{\"@id\":\"https:\\\/\\\/diariodelsurdigital.com.ar\\\/?p=5316\"},\"wordCount\":888,\"commentCount\":0,\"image\":{\"@id\":\"https:\\\/\\\/diariodelsurdigital.com.ar\\\/?p=5316#primaryimage\"},\"thumbnailUrl\":\"https:\\\/\\\/diariodelsurdigital.com.ar\\\/wp-content\\\/uploads\\\/2025\\\/10\\\/l_1677162464.jpg\",\"articleSection\":[\"Provinciales\"],\"inLanguage\":\"es\",\"potentialAction\":[{\"@type\":\"CommentAction\",\"name\":\"Comment\",\"target\":[\"https:\\\/\\\/diariodelsurdigital.com.ar\\\/?p=5316#respond\"]}]},{\"@type\":\"WebPage\",\"@id\":\"https:\\\/\\\/diariodelsurdigital.com.ar\\\/?p=5316\",\"url\":\"https:\\\/\\\/diariodelsurdigital.com.ar\\\/?p=5316\",\"name\":\"L\u00edder de una banda que vend\u00eda certificados fiscales truchos fue alojado en unidad penal de Entre R\u00edos - Diario del Sur\",\"isPartOf\":{\"@id\":\"https:\\\/\\\/diariodelsurdigital.com.ar\\\/#website\"},\"primaryImageOfPage\":{\"@id\":\"https:\\\/\\\/diariodelsurdigital.com.ar\\\/?p=5316#primaryimage\"},\"image\":{\"@id\":\"https:\\\/\\\/diariodelsurdigital.com.ar\\\/?p=5316#primaryimage\"},\"thumbnailUrl\":\"https:\\\/\\\/diariodelsurdigital.com.ar\\\/wp-content\\\/uploads\\\/2025\\\/10\\\/l_1677162464.jpg\",\"datePublished\":\"2025-10-25T21:39:32+00:00\",\"dateModified\":\"2025-10-25T21:39:33+00:00\",\"author\":{\"@id\":\"https:\\\/\\\/diariodelsurdigital.com.ar\\\/#\\\/schema\\\/person\\\/6136a32571657f7dba980b88b04c5465\"},\"breadcrumb\":{\"@id\":\"https:\\\/\\\/diariodelsurdigital.com.ar\\\/?p=5316#breadcrumb\"},\"inLanguage\":\"es\",\"potentialAction\":[{\"@type\":\"ReadAction\",\"target\":[\"https:\\\/\\\/diariodelsurdigital.com.ar\\\/?p=5316\"]}]},{\"@type\":\"ImageObject\",\"inLanguage\":\"es\",\"@id\":\"https:\\\/\\\/diariodelsurdigital.com.ar\\\/?p=5316#primaryimage\",\"url\":\"https:\\\/\\\/diariodelsurdigital.com.ar\\\/wp-content\\\/uploads\\\/2025\\\/10\\\/l_1677162464.jpg\",\"contentUrl\":\"https:\\\/\\\/diariodelsurdigital.com.ar\\\/wp-content\\\/uploads\\\/2025\\\/10\\\/l_1677162464.jpg\",\"width\":572,\"height\":329},{\"@type\":\"BreadcrumbList\",\"@id\":\"https:\\\/\\\/diariodelsurdigital.com.ar\\\/?p=5316#breadcrumb\",\"itemListElement\":[{\"@type\":\"ListItem\",\"position\":1,\"name\":\"Portada\",\"item\":\"https:\\\/\\\/diariodelsurdigital.com.ar\\\/\"},{\"@type\":\"ListItem\",\"position\":2,\"name\":\"L\u00edder de una banda que vend\u00eda certificados fiscales truchos fue alojado en unidad penal de Entre R\u00edos\"}]},{\"@type\":\"WebSite\",\"@id\":\"https:\\\/\\\/diariodelsurdigital.com.ar\\\/#website\",\"url\":\"https:\\\/\\\/diariodelsurdigital.com.ar\\\/\",\"name\":\"Diario del Sur\",\"description\":\"Digital\",\"potentialAction\":[{\"@type\":\"SearchAction\",\"target\":{\"@type\":\"EntryPoint\",\"urlTemplate\":\"https:\\\/\\\/diariodelsurdigital.com.ar\\\/?s={search_term_string}\"},\"query-input\":{\"@type\":\"PropertyValueSpecification\",\"valueRequired\":true,\"valueName\":\"search_term_string\"}}],\"inLanguage\":\"es\"},{\"@type\":\"Person\",\"@id\":\"https:\\\/\\\/diariodelsurdigital.com.ar\\\/#\\\/schema\\\/person\\\/6136a32571657f7dba980b88b04c5465\",\"name\":\"Diario del Sur Digital\",\"image\":{\"@type\":\"ImageObject\",\"inLanguage\":\"es\",\"@id\":\"https:\\\/\\\/secure.gravatar.com\\\/avatar\\\/4c29ceac98541dd42460b2474aaa5dd37594d6ce6cb3cf2c101d09b48ee287ba?s=96&d=mm&r=g\",\"url\":\"https:\\\/\\\/secure.gravatar.com\\\/avatar\\\/4c29ceac98541dd42460b2474aaa5dd37594d6ce6cb3cf2c101d09b48ee287ba?s=96&d=mm&r=g\",\"contentUrl\":\"https:\\\/\\\/secure.gravatar.com\\\/avatar\\\/4c29ceac98541dd42460b2474aaa5dd37594d6ce6cb3cf2c101d09b48ee287ba?s=96&d=mm&r=g\",\"caption\":\"Diario del Sur Digital\"},\"url\":\"https:\\\/\\\/diariodelsurdigital.com.ar\\\/?author=2\"}]}<\/script>\n<!-- \/ Yoast SEO plugin. -->","yoast_head_json":{"title":"L\u00edder de una banda que vend\u00eda certificados fiscales truchos fue alojado en unidad penal de Entre R\u00edos - Diario del Sur","robots":{"index":"index","follow":"follow","max-snippet":"max-snippet:-1","max-image-preview":"max-image-preview:large","max-video-preview":"max-video-preview:-1"},"canonical":"https:\/\/diariodelsurdigital.com.ar\/?p=5316","og_locale":"es_ES","og_type":"article","og_title":"L\u00edder de una banda que vend\u00eda certificados fiscales truchos fue alojado en unidad penal de Entre R\u00edos - Diario del Sur","og_description":"La Corte Suprema de Justicia confirm\u00f3 la condena a tres personas que vend\u00edan certificados truchos para cancelar deudas fiscales. El jefe de la banda qued\u00f3 detenido en la Unidad Penal N\u00ba 9 Granja El Potrero de Gualeguaych\u00fa y ahora avanzar\u00e1n decomisos que incluyen propiedades, cuentas en Estados Unidos y hasta un vi\u00f1edo. El m\u00e1ximo tribunal [&hellip;]","og_url":"https:\/\/diariodelsurdigital.com.ar\/?p=5316","og_site_name":"Diario del Sur","article_published_time":"2025-10-25T21:39:32+00:00","article_modified_time":"2025-10-25T21:39:33+00:00","og_image":[{"width":572,"height":329,"url":"https:\/\/diariodelsurdigital.com.ar\/wp-content\/uploads\/2025\/10\/l_1677162464.jpg","type":"image\/jpeg"}],"author":"Diario del Sur Digital","twitter_card":"summary_large_image","twitter_misc":{"Escrito por":"Diario del Sur Digital","Tiempo de lectura":"4 minutos"},"schema":{"@context":"https:\/\/schema.org","@graph":[{"@type":"Article","@id":"https:\/\/diariodelsurdigital.com.ar\/?p=5316#article","isPartOf":{"@id":"https:\/\/diariodelsurdigital.com.ar\/?p=5316"},"author":{"name":"Diario del Sur Digital","@id":"https:\/\/diariodelsurdigital.com.ar\/#\/schema\/person\/6136a32571657f7dba980b88b04c5465"},"headline":"L\u00edder de una banda que vend\u00eda certificados fiscales truchos fue alojado en unidad penal de Entre R\u00edos","datePublished":"2025-10-25T21:39:32+00:00","dateModified":"2025-10-25T21:39:33+00:00","mainEntityOfPage":{"@id":"https:\/\/diariodelsurdigital.com.ar\/?p=5316"},"wordCount":888,"commentCount":0,"image":{"@id":"https:\/\/diariodelsurdigital.com.ar\/?p=5316#primaryimage"},"thumbnailUrl":"https:\/\/diariodelsurdigital.com.ar\/wp-content\/uploads\/2025\/10\/l_1677162464.jpg","articleSection":["Provinciales"],"inLanguage":"es","potentialAction":[{"@type":"CommentAction","name":"Comment","target":["https:\/\/diariodelsurdigital.com.ar\/?p=5316#respond"]}]},{"@type":"WebPage","@id":"https:\/\/diariodelsurdigital.com.ar\/?p=5316","url":"https:\/\/diariodelsurdigital.com.ar\/?p=5316","name":"L\u00edder de una banda que vend\u00eda certificados fiscales truchos fue alojado en unidad penal de Entre R\u00edos - Diario del Sur","isPartOf":{"@id":"https:\/\/diariodelsurdigital.com.ar\/#website"},"primaryImageOfPage":{"@id":"https:\/\/diariodelsurdigital.com.ar\/?p=5316#primaryimage"},"image":{"@id":"https:\/\/diariodelsurdigital.com.ar\/?p=5316#primaryimage"},"thumbnailUrl":"https:\/\/diariodelsurdigital.com.ar\/wp-content\/uploads\/2025\/10\/l_1677162464.jpg","datePublished":"2025-10-25T21:39:32+00:00","dateModified":"2025-10-25T21:39:33+00:00","author":{"@id":"https:\/\/diariodelsurdigital.com.ar\/#\/schema\/person\/6136a32571657f7dba980b88b04c5465"},"breadcrumb":{"@id":"https:\/\/diariodelsurdigital.com.ar\/?p=5316#breadcrumb"},"inLanguage":"es","potentialAction":[{"@type":"ReadAction","target":["https:\/\/diariodelsurdigital.com.ar\/?p=5316"]}]},{"@type":"ImageObject","inLanguage":"es","@id":"https:\/\/diariodelsurdigital.com.ar\/?p=5316#primaryimage","url":"https:\/\/diariodelsurdigital.com.ar\/wp-content\/uploads\/2025\/10\/l_1677162464.jpg","contentUrl":"https:\/\/diariodelsurdigital.com.ar\/wp-content\/uploads\/2025\/10\/l_1677162464.jpg","width":572,"height":329},{"@type":"BreadcrumbList","@id":"https:\/\/diariodelsurdigital.com.ar\/?p=5316#breadcrumb","itemListElement":[{"@type":"ListItem","position":1,"name":"Portada","item":"https:\/\/diariodelsurdigital.com.ar\/"},{"@type":"ListItem","position":2,"name":"L\u00edder de una banda que vend\u00eda certificados fiscales truchos fue alojado en unidad penal de Entre R\u00edos"}]},{"@type":"WebSite","@id":"https:\/\/diariodelsurdigital.com.ar\/#website","url":"https:\/\/diariodelsurdigital.com.ar\/","name":"Diario del Sur","description":"Digital","potentialAction":[{"@type":"SearchAction","target":{"@type":"EntryPoint","urlTemplate":"https:\/\/diariodelsurdigital.com.ar\/?s={search_term_string}"},"query-input":{"@type":"PropertyValueSpecification","valueRequired":true,"valueName":"search_term_string"}}],"inLanguage":"es"},{"@type":"Person","@id":"https:\/\/diariodelsurdigital.com.ar\/#\/schema\/person\/6136a32571657f7dba980b88b04c5465","name":"Diario del Sur Digital","image":{"@type":"ImageObject","inLanguage":"es","@id":"https:\/\/secure.gravatar.com\/avatar\/4c29ceac98541dd42460b2474aaa5dd37594d6ce6cb3cf2c101d09b48ee287ba?s=96&d=mm&r=g","url":"https:\/\/secure.gravatar.com\/avatar\/4c29ceac98541dd42460b2474aaa5dd37594d6ce6cb3cf2c101d09b48ee287ba?s=96&d=mm&r=g","contentUrl":"https:\/\/secure.gravatar.com\/avatar\/4c29ceac98541dd42460b2474aaa5dd37594d6ce6cb3cf2c101d09b48ee287ba?s=96&d=mm&r=g","caption":"Diario del Sur Digital"},"url":"https:\/\/diariodelsurdigital.com.ar\/?author=2"}]}},"_links":{"self":[{"href":"https:\/\/diariodelsurdigital.com.ar\/index.php?rest_route=\/wp\/v2\/posts\/5316","targetHints":{"allow":["GET"]}}],"collection":[{"href":"https:\/\/diariodelsurdigital.com.ar\/index.php?rest_route=\/wp\/v2\/posts"}],"about":[{"href":"https:\/\/diariodelsurdigital.com.ar\/index.php?rest_route=\/wp\/v2\/types\/post"}],"author":[{"embeddable":true,"href":"https:\/\/diariodelsurdigital.com.ar\/index.php?rest_route=\/wp\/v2\/users\/2"}],"replies":[{"embeddable":true,"href":"https:\/\/diariodelsurdigital.com.ar\/index.php?rest_route=%2Fwp%2Fv2%2Fcomments&post=5316"}],"version-history":[{"count":1,"href":"https:\/\/diariodelsurdigital.com.ar\/index.php?rest_route=\/wp\/v2\/posts\/5316\/revisions"}],"predecessor-version":[{"id":5318,"href":"https:\/\/diariodelsurdigital.com.ar\/index.php?rest_route=\/wp\/v2\/posts\/5316\/revisions\/5318"}],"wp:featuredmedia":[{"embeddable":true,"href":"https:\/\/diariodelsurdigital.com.ar\/index.php?rest_route=\/wp\/v2\/media\/5317"}],"wp:attachment":[{"href":"https:\/\/diariodelsurdigital.com.ar\/index.php?rest_route=%2Fwp%2Fv2%2Fmedia&parent=5316"}],"wp:term":[{"taxonomy":"category","embeddable":true,"href":"https:\/\/diariodelsurdigital.com.ar\/index.php?rest_route=%2Fwp%2Fv2%2Fcategories&post=5316"},{"taxonomy":"post_tag","embeddable":true,"href":"https:\/\/diariodelsurdigital.com.ar\/index.php?rest_route=%2Fwp%2Fv2%2Ftags&post=5316"}],"curies":[{"name":"wp","href":"https:\/\/api.w.org\/{rel}","templated":true}]}}