{"id":5319,"date":"2025-10-25T18:51:43","date_gmt":"2025-10-25T21:51:43","guid":{"rendered":"https:\/\/diariodelsurdigital.com.ar\/?p=5319"},"modified":"2025-10-25T18:51:43","modified_gmt":"2025-10-25T21:51:43","slug":"fuertes-vientos-provocaron-caida-de-arboles-y-postes-en-concordia-14-familias-fueron-asistidas","status":"publish","type":"post","link":"https:\/\/diariodelsurdigital.com.ar\/?p=5319","title":{"rendered":"Fuertes vientos provocaron ca\u00edda de \u00e1rboles y postes en Concordia: 14 familias fueron asistidas"},"content":{"rendered":"\n<p><a href=\"https:\/\/www.facebook.com\/sharer\/sharer.php?u=https:\/\/www.analisisdigital.com.ar\/locales\/2025\/10\/25\/fuertes-vientos-provocaron-caida-de-arboles-y-postes-en-concordia-14-familias-fueron-asistidas&amp;title=Fuertes%20vientos%20provocaron%20ca%C3%ADda%20de%20%C3%A1rboles%20y%20postes%20en%20Concordia:%2014%20familias%20fueron%20asistidas\" target=\"_blank\" rel=\"noreferrer noopener\"><\/a><a href=\"https:\/\/twitter.com\/intent\/tweet?text=Fuertes%20vientos%20provocaron%20ca%C3%ADda%20de%20%C3%A1rboles%20y%20postes%20en%20Concordia:%2014%20familias%20fueron%20asistidas+https:\/\/www.analisisdigital.com.ar\/locales\/2025\/10\/25\/fuertes-vientos-provocaron-caida-de-arboles-y-postes-en-concordia-14-familias-fueron-asistidas\" target=\"_blank\" rel=\"noreferrer noopener\"><\/a><a href=\"https:\/\/wa.me\/?text=https:\/\/www.analisisdigital.com.ar\/locales\/2025\/10\/25\/fuertes-vientos-provocaron-caida-de-arboles-y-postes-en-concordia-14-familias-fueron-asistidas\" target=\"_blank\" rel=\"noreferrer noopener\"><\/a><a href=\"https:\/\/www.linkedin.com\/sharing\/share-offsite\/?url=https:\/\/www.analisisdigital.com.ar\/locales\/2025\/10\/25\/fuertes-vientos-provocaron-caida-de-arboles-y-postes-en-concordia-14-familias-fueron-asistidas\" target=\"_blank\" rel=\"noreferrer noopener\"><\/a><a href=\"mailto:?subject=Fuertes%20vientos%20provocaron%20ca%C3%ADda%20de%20%C3%A1rboles%20y%20postes%20en%20Concordia:%2014%20familias%20fueron%20asistidas&amp;body=https:\/\/www.analisisdigital.com.ar\/locales\/2025\/10\/25\/fuertes-vientos-provocaron-caida-de-arboles-y-postes-en-concordia-14-familias-fueron-asistidas\" target=\"_blank\" rel=\"noreferrer noopener\"><\/a><a href=\"https:\/\/www.analisisdigital.com.ar\/locales\/2025\/10\/25\/fuertes-vientos-provocaron-caida-de-arboles-y-postes-en-concordia-14-familias-fueron-asistidas#\"><\/a><a href=\"javascript:window.print()\"><\/a><\/p>\n\n\n\n<p>Tras el fuerte temporal que afect\u00f3 la ciudad en la pasada noche, el intendente Francisco Azcu\u00e9 dispuso que todas las \u00e1reas de la Municipalidad de Concordia se abocaran a intervenir ante la ca\u00edda de \u00e1rboles, ramas y postes pertenecientes a empresas que prestan diferentes servicios como tambi\u00e9n asistir a familias afectadas.<\/p>\n\n\n\n<p>Durante la madrugada y las primeras horas del s\u00e1bado, se procedi\u00f3 al corte y retiro de \u00e1rboles en distintos sectores como ser en Avenida Carriego, en inmediaciones del Club Libertad y Avenida Eva Per\u00f3n y calle Madre Paula Montal.<\/p>\n\n\n\n<p>Las intensas r\u00e1fagas adem\u00e1s provocaron la ca\u00edda de postes pertenecientes a distintas empresas de servicios, por lo que se solicita a la comunidad tomar las precauciones necesarias.<\/p>\n\n\n\n<p>El n\u00famero disponible por la municipalidad para denunciar situaciones provocadas por la tormenta es el 105.<\/p>\n\n\n\n<p>Permanecen trabajando personal y equipos de la Secretar\u00eda de Servicios P\u00fablicos, la Brigada Forestal Municipal, el 105, la Direcci\u00f3n de Electrotecnia y Comunicaciones, la Direcci\u00f3n de Tr\u00e1nsito y Transporte y la Direcci\u00f3n de Parques y Jardines.<\/p>\n\n\n\n<p>Por su parte, desde la Subsecretar\u00eda de Desarrollo Social, perteneciente a la Secretar\u00eda de Desarrollo Humano, est\u00e1n asistiendo con diferentes insumos a 14 familias afectadas por el temporal, mientras contin\u00faan realizando un relevamiento en distintos barrios.<\/p>\n\n\n\n<p>Es importante destacar que el programa de limpieza de reservorios y desag\u00fces ejecutado en distintos puntos de Concordia permite que, ante las intensas precipitaciones, no haya desbordes o anegaciones.<\/p>\n\n\n\n<p>Fuente: El Entre R\u00edos \/ Municipalidad de Concordia<\/p>\n\n\n\n<p> <\/p>\n\n\n\n<h2 class=\"wp-block-heading\"> <\/h2>\n","protected":false},"excerpt":{"rendered":"<p>Tras el fuerte temporal que afect\u00f3 la ciudad en la pasada noche, el intendente Francisco Azcu\u00e9 dispuso que todas las \u00e1reas de la Municipalidad de Concordia se abocaran a intervenir ante la ca\u00edda de \u00e1rboles, ramas y postes pertenecientes a empresas que prestan diferentes servicios como tambi\u00e9n asistir a familias afectadas. Durante la madrugada y [&hellip;]<\/p>\n","protected":false},"author":2,"featured_media":5320,"comment_status":"open","ping_status":"open","sticky":false,"template":"","format":"standard","meta":{"footnotes":""},"categories":[19,16],"tags":[],"class_list":{"0":"post-5319","1":"post","2":"type-post","3":"status-publish","4":"format-standard","5":"has-post-thumbnail","7":"category-interes-general","8":"category-locales"},"yoast_head":"<!-- This site is optimized with the Yoast SEO plugin v27.4 - https:\/\/yoast.com\/product\/yoast-seo-wordpress\/ -->\n<title>Fuertes vientos provocaron ca\u00edda de \u00e1rboles y postes en Concordia: 14 familias fueron asistidas - Diario del Sur<\/title>\n<meta name=\"robots\" content=\"index, follow, max-snippet:-1, max-image-preview:large, max-video-preview:-1\" \/>\n<link rel=\"canonical\" href=\"https:\/\/diariodelsurdigital.com.ar\/?p=5319\" \/>\n<meta property=\"og:locale\" content=\"es_ES\" \/>\n<meta property=\"og:type\" content=\"article\" \/>\n<meta property=\"og:title\" content=\"Fuertes vientos provocaron ca\u00edda de \u00e1rboles y postes en Concordia: 14 familias fueron asistidas - Diario del Sur\" \/>\n<meta property=\"og:description\" content=\"Tras el fuerte temporal que afect\u00f3 la ciudad en la pasada noche, el intendente Francisco Azcu\u00e9 dispuso que todas las \u00e1reas de la Municipalidad de Concordia se abocaran a intervenir ante la ca\u00edda de \u00e1rboles, ramas y postes pertenecientes a empresas que prestan diferentes servicios como tambi\u00e9n asistir a familias afectadas. Durante la madrugada y [&hellip;]\" \/>\n<meta property=\"og:url\" content=\"https:\/\/diariodelsurdigital.com.ar\/?p=5319\" \/>\n<meta property=\"og:site_name\" content=\"Diario del Sur\" \/>\n<meta property=\"article:published_time\" content=\"2025-10-25T21:51:43+00:00\" \/>\n<meta property=\"og:image\" content=\"https:\/\/diariodelsurdigital.com.ar\/wp-content\/uploads\/2025\/10\/2-concordia.png\" \/>\n\t<meta property=\"og:image:width\" content=\"495\" \/>\n\t<meta property=\"og:image:height\" content=\"278\" \/>\n\t<meta property=\"og:image:type\" content=\"image\/png\" \/>\n<meta name=\"author\" content=\"Diario del Sur Digital\" \/>\n<meta name=\"twitter:card\" content=\"summary_large_image\" \/>\n<meta name=\"twitter:label1\" content=\"Escrito por\" \/>\n\t<meta name=\"twitter:data1\" content=\"Diario del Sur Digital\" \/>\n\t<meta name=\"twitter:label2\" content=\"Tiempo de lectura\" \/>\n\t<meta name=\"twitter:data2\" content=\"2 minutos\" \/>\n<script type=\"application\/ld+json\" class=\"yoast-schema-graph\">{\"@context\":\"https:\\\/\\\/schema.org\",\"@graph\":[{\"@type\":\"Article\",\"@id\":\"https:\\\/\\\/diariodelsurdigital.com.ar\\\/?p=5319#article\",\"isPartOf\":{\"@id\":\"https:\\\/\\\/diariodelsurdigital.com.ar\\\/?p=5319\"},\"author\":{\"name\":\"Diario del Sur Digital\",\"@id\":\"https:\\\/\\\/diariodelsurdigital.com.ar\\\/#\\\/schema\\\/person\\\/6136a32571657f7dba980b88b04c5465\"},\"headline\":\"Fuertes vientos provocaron ca\u00edda de \u00e1rboles y postes en Concordia: 14 familias fueron asistidas\",\"datePublished\":\"2025-10-25T21:51:43+00:00\",\"mainEntityOfPage\":{\"@id\":\"https:\\\/\\\/diariodelsurdigital.com.ar\\\/?p=5319\"},\"wordCount\":272,\"commentCount\":0,\"image\":{\"@id\":\"https:\\\/\\\/diariodelsurdigital.com.ar\\\/?p=5319#primaryimage\"},\"thumbnailUrl\":\"https:\\\/\\\/diariodelsurdigital.com.ar\\\/wp-content\\\/uploads\\\/2025\\\/10\\\/2-concordia.png\",\"articleSection\":[\"Inter\u00e9s General\",\"Locales\"],\"inLanguage\":\"es\",\"potentialAction\":[{\"@type\":\"CommentAction\",\"name\":\"Comment\",\"target\":[\"https:\\\/\\\/diariodelsurdigital.com.ar\\\/?p=5319#respond\"]}]},{\"@type\":\"WebPage\",\"@id\":\"https:\\\/\\\/diariodelsurdigital.com.ar\\\/?p=5319\",\"url\":\"https:\\\/\\\/diariodelsurdigital.com.ar\\\/?p=5319\",\"name\":\"Fuertes vientos provocaron ca\u00edda de \u00e1rboles y postes en Concordia: 14 familias fueron asistidas - Diario del Sur\",\"isPartOf\":{\"@id\":\"https:\\\/\\\/diariodelsurdigital.com.ar\\\/#website\"},\"primaryImageOfPage\":{\"@id\":\"https:\\\/\\\/diariodelsurdigital.com.ar\\\/?p=5319#primaryimage\"},\"image\":{\"@id\":\"https:\\\/\\\/diariodelsurdigital.com.ar\\\/?p=5319#primaryimage\"},\"thumbnailUrl\":\"https:\\\/\\\/diariodelsurdigital.com.ar\\\/wp-content\\\/uploads\\\/2025\\\/10\\\/2-concordia.png\",\"datePublished\":\"2025-10-25T21:51:43+00:00\",\"author\":{\"@id\":\"https:\\\/\\\/diariodelsurdigital.com.ar\\\/#\\\/schema\\\/person\\\/6136a32571657f7dba980b88b04c5465\"},\"breadcrumb\":{\"@id\":\"https:\\\/\\\/diariodelsurdigital.com.ar\\\/?p=5319#breadcrumb\"},\"inLanguage\":\"es\",\"potentialAction\":[{\"@type\":\"ReadAction\",\"target\":[\"https:\\\/\\\/diariodelsurdigital.com.ar\\\/?p=5319\"]}]},{\"@type\":\"ImageObject\",\"inLanguage\":\"es\",\"@id\":\"https:\\\/\\\/diariodelsurdigital.com.ar\\\/?p=5319#primaryimage\",\"url\":\"https:\\\/\\\/diariodelsurdigital.com.ar\\\/wp-content\\\/uploads\\\/2025\\\/10\\\/2-concordia.png\",\"contentUrl\":\"https:\\\/\\\/diariodelsurdigital.com.ar\\\/wp-content\\\/uploads\\\/2025\\\/10\\\/2-concordia.png\",\"width\":495,\"height\":278},{\"@type\":\"BreadcrumbList\",\"@id\":\"https:\\\/\\\/diariodelsurdigital.com.ar\\\/?p=5319#breadcrumb\",\"itemListElement\":[{\"@type\":\"ListItem\",\"position\":1,\"name\":\"Portada\",\"item\":\"https:\\\/\\\/diariodelsurdigital.com.ar\\\/\"},{\"@type\":\"ListItem\",\"position\":2,\"name\":\"Fuertes vientos provocaron ca\u00edda de \u00e1rboles y postes en Concordia: 14 familias fueron asistidas\"}]},{\"@type\":\"WebSite\",\"@id\":\"https:\\\/\\\/diariodelsurdigital.com.ar\\\/#website\",\"url\":\"https:\\\/\\\/diariodelsurdigital.com.ar\\\/\",\"name\":\"Diario del Sur\",\"description\":\"Digital\",\"potentialAction\":[{\"@type\":\"SearchAction\",\"target\":{\"@type\":\"EntryPoint\",\"urlTemplate\":\"https:\\\/\\\/diariodelsurdigital.com.ar\\\/?s={search_term_string}\"},\"query-input\":{\"@type\":\"PropertyValueSpecification\",\"valueRequired\":true,\"valueName\":\"search_term_string\"}}],\"inLanguage\":\"es\"},{\"@type\":\"Person\",\"@id\":\"https:\\\/\\\/diariodelsurdigital.com.ar\\\/#\\\/schema\\\/person\\\/6136a32571657f7dba980b88b04c5465\",\"name\":\"Diario del Sur Digital\",\"image\":{\"@type\":\"ImageObject\",\"inLanguage\":\"es\",\"@id\":\"https:\\\/\\\/secure.gravatar.com\\\/avatar\\\/4c29ceac98541dd42460b2474aaa5dd37594d6ce6cb3cf2c101d09b48ee287ba?s=96&d=mm&r=g\",\"url\":\"https:\\\/\\\/secure.gravatar.com\\\/avatar\\\/4c29ceac98541dd42460b2474aaa5dd37594d6ce6cb3cf2c101d09b48ee287ba?s=96&d=mm&r=g\",\"contentUrl\":\"https:\\\/\\\/secure.gravatar.com\\\/avatar\\\/4c29ceac98541dd42460b2474aaa5dd37594d6ce6cb3cf2c101d09b48ee287ba?s=96&d=mm&r=g\",\"caption\":\"Diario del Sur Digital\"},\"url\":\"https:\\\/\\\/diariodelsurdigital.com.ar\\\/?author=2\"}]}<\/script>\n<!-- \/ Yoast SEO plugin. -->","yoast_head_json":{"title":"Fuertes vientos provocaron ca\u00edda de \u00e1rboles y postes en Concordia: 14 familias fueron asistidas - Diario del Sur","robots":{"index":"index","follow":"follow","max-snippet":"max-snippet:-1","max-image-preview":"max-image-preview:large","max-video-preview":"max-video-preview:-1"},"canonical":"https:\/\/diariodelsurdigital.com.ar\/?p=5319","og_locale":"es_ES","og_type":"article","og_title":"Fuertes vientos provocaron ca\u00edda de \u00e1rboles y postes en Concordia: 14 familias fueron asistidas - Diario del Sur","og_description":"Tras el fuerte temporal que afect\u00f3 la ciudad en la pasada noche, el intendente Francisco Azcu\u00e9 dispuso que todas las \u00e1reas de la Municipalidad de Concordia se abocaran a intervenir ante la ca\u00edda de \u00e1rboles, ramas y postes pertenecientes a empresas que prestan diferentes servicios como tambi\u00e9n asistir a familias afectadas. Durante la madrugada y [&hellip;]","og_url":"https:\/\/diariodelsurdigital.com.ar\/?p=5319","og_site_name":"Diario del Sur","article_published_time":"2025-10-25T21:51:43+00:00","og_image":[{"width":495,"height":278,"url":"https:\/\/diariodelsurdigital.com.ar\/wp-content\/uploads\/2025\/10\/2-concordia.png","type":"image\/png"}],"author":"Diario del Sur Digital","twitter_card":"summary_large_image","twitter_misc":{"Escrito por":"Diario del Sur Digital","Tiempo de lectura":"2 minutos"},"schema":{"@context":"https:\/\/schema.org","@graph":[{"@type":"Article","@id":"https:\/\/diariodelsurdigital.com.ar\/?p=5319#article","isPartOf":{"@id":"https:\/\/diariodelsurdigital.com.ar\/?p=5319"},"author":{"name":"Diario del Sur Digital","@id":"https:\/\/diariodelsurdigital.com.ar\/#\/schema\/person\/6136a32571657f7dba980b88b04c5465"},"headline":"Fuertes vientos provocaron ca\u00edda de \u00e1rboles y postes en Concordia: 14 familias fueron asistidas","datePublished":"2025-10-25T21:51:43+00:00","mainEntityOfPage":{"@id":"https:\/\/diariodelsurdigital.com.ar\/?p=5319"},"wordCount":272,"commentCount":0,"image":{"@id":"https:\/\/diariodelsurdigital.com.ar\/?p=5319#primaryimage"},"thumbnailUrl":"https:\/\/diariodelsurdigital.com.ar\/wp-content\/uploads\/2025\/10\/2-concordia.png","articleSection":["Inter\u00e9s General","Locales"],"inLanguage":"es","potentialAction":[{"@type":"CommentAction","name":"Comment","target":["https:\/\/diariodelsurdigital.com.ar\/?p=5319#respond"]}]},{"@type":"WebPage","@id":"https:\/\/diariodelsurdigital.com.ar\/?p=5319","url":"https:\/\/diariodelsurdigital.com.ar\/?p=5319","name":"Fuertes vientos provocaron ca\u00edda de \u00e1rboles y postes en Concordia: 14 familias fueron asistidas - Diario del Sur","isPartOf":{"@id":"https:\/\/diariodelsurdigital.com.ar\/#website"},"primaryImageOfPage":{"@id":"https:\/\/diariodelsurdigital.com.ar\/?p=5319#primaryimage"},"image":{"@id":"https:\/\/diariodelsurdigital.com.ar\/?p=5319#primaryimage"},"thumbnailUrl":"https:\/\/diariodelsurdigital.com.ar\/wp-content\/uploads\/2025\/10\/2-concordia.png","datePublished":"2025-10-25T21:51:43+00:00","author":{"@id":"https:\/\/diariodelsurdigital.com.ar\/#\/schema\/person\/6136a32571657f7dba980b88b04c5465"},"breadcrumb":{"@id":"https:\/\/diariodelsurdigital.com.ar\/?p=5319#breadcrumb"},"inLanguage":"es","potentialAction":[{"@type":"ReadAction","target":["https:\/\/diariodelsurdigital.com.ar\/?p=5319"]}]},{"@type":"ImageObject","inLanguage":"es","@id":"https:\/\/diariodelsurdigital.com.ar\/?p=5319#primaryimage","url":"https:\/\/diariodelsurdigital.com.ar\/wp-content\/uploads\/2025\/10\/2-concordia.png","contentUrl":"https:\/\/diariodelsurdigital.com.ar\/wp-content\/uploads\/2025\/10\/2-concordia.png","width":495,"height":278},{"@type":"BreadcrumbList","@id":"https:\/\/diariodelsurdigital.com.ar\/?p=5319#breadcrumb","itemListElement":[{"@type":"ListItem","position":1,"name":"Portada","item":"https:\/\/diariodelsurdigital.com.ar\/"},{"@type":"ListItem","position":2,"name":"Fuertes vientos provocaron ca\u00edda de \u00e1rboles y postes en Concordia: 14 familias fueron asistidas"}]},{"@type":"WebSite","@id":"https:\/\/diariodelsurdigital.com.ar\/#website","url":"https:\/\/diariodelsurdigital.com.ar\/","name":"Diario del Sur","description":"Digital","potentialAction":[{"@type":"SearchAction","target":{"@type":"EntryPoint","urlTemplate":"https:\/\/diariodelsurdigital.com.ar\/?s={search_term_string}"},"query-input":{"@type":"PropertyValueSpecification","valueRequired":true,"valueName":"search_term_string"}}],"inLanguage":"es"},{"@type":"Person","@id":"https:\/\/diariodelsurdigital.com.ar\/#\/schema\/person\/6136a32571657f7dba980b88b04c5465","name":"Diario del Sur Digital","image":{"@type":"ImageObject","inLanguage":"es","@id":"https:\/\/secure.gravatar.com\/avatar\/4c29ceac98541dd42460b2474aaa5dd37594d6ce6cb3cf2c101d09b48ee287ba?s=96&d=mm&r=g","url":"https:\/\/secure.gravatar.com\/avatar\/4c29ceac98541dd42460b2474aaa5dd37594d6ce6cb3cf2c101d09b48ee287ba?s=96&d=mm&r=g","contentUrl":"https:\/\/secure.gravatar.com\/avatar\/4c29ceac98541dd42460b2474aaa5dd37594d6ce6cb3cf2c101d09b48ee287ba?s=96&d=mm&r=g","caption":"Diario del Sur Digital"},"url":"https:\/\/diariodelsurdigital.com.ar\/?author=2"}]}},"_links":{"self":[{"href":"https:\/\/diariodelsurdigital.com.ar\/index.php?rest_route=\/wp\/v2\/posts\/5319","targetHints":{"allow":["GET"]}}],"collection":[{"href":"https:\/\/diariodelsurdigital.com.ar\/index.php?rest_route=\/wp\/v2\/posts"}],"about":[{"href":"https:\/\/diariodelsurdigital.com.ar\/index.php?rest_route=\/wp\/v2\/types\/post"}],"author":[{"embeddable":true,"href":"https:\/\/diariodelsurdigital.com.ar\/index.php?rest_route=\/wp\/v2\/users\/2"}],"replies":[{"embeddable":true,"href":"https:\/\/diariodelsurdigital.com.ar\/index.php?rest_route=%2Fwp%2Fv2%2Fcomments&post=5319"}],"version-history":[{"count":1,"href":"https:\/\/diariodelsurdigital.com.ar\/index.php?rest_route=\/wp\/v2\/posts\/5319\/revisions"}],"predecessor-version":[{"id":5321,"href":"https:\/\/diariodelsurdigital.com.ar\/index.php?rest_route=\/wp\/v2\/posts\/5319\/revisions\/5321"}],"wp:featuredmedia":[{"embeddable":true,"href":"https:\/\/diariodelsurdigital.com.ar\/index.php?rest_route=\/wp\/v2\/media\/5320"}],"wp:attachment":[{"href":"https:\/\/diariodelsurdigital.com.ar\/index.php?rest_route=%2Fwp%2Fv2%2Fmedia&parent=5319"}],"wp:term":[{"taxonomy":"category","embeddable":true,"href":"https:\/\/diariodelsurdigital.com.ar\/index.php?rest_route=%2Fwp%2Fv2%2Fcategories&post=5319"},{"taxonomy":"post_tag","embeddable":true,"href":"https:\/\/diariodelsurdigital.com.ar\/index.php?rest_route=%2Fwp%2Fv2%2Ftags&post=5319"}],"curies":[{"name":"wp","href":"https:\/\/api.w.org\/{rel}","templated":true}]}}