{"id":5322,"date":"2025-10-26T10:11:24","date_gmt":"2025-10-26T13:11:24","guid":{"rendered":"https:\/\/diariodelsurdigital.com.ar\/?p=5322"},"modified":"2025-10-26T10:11:24","modified_gmt":"2025-10-26T13:11:24","slug":"a-las-8-de-la-manana-arranco-el-acto-eleccionario","status":"publish","type":"post","link":"https:\/\/diariodelsurdigital.com.ar\/?p=5322","title":{"rendered":"A las 8 de la ma\u00f1ana arranc\u00f3 el acto eleccionario"},"content":{"rendered":"\n<h4 class=\"wp-block-heading\">Este domingo por la ma\u00f1ana, al abrirse las puertas de las escuelas habilitadas como centros de sufragio en el departamento de Concordia, comenz\u00f3 el acto eleccionario en los que la provincia de Entre R\u00edos elegir\u00e1 tres senadore y cinco diputados.<a href=\"https:\/\/api.whatsapp.com\/send?text=A%20las%208%20de%20la%20ma%C3%B1ana%20arranc%C3%B3%20el%20acto%20eleccionario%20con%20la%20novedad%20de%20la%20BUP%20-%20https:\/\/diarioriouruguay.com\/politica\/\/ya-se-vota-legisladores-con-la-novedad-de-la-bup.htm\" target=\"_blank\" rel=\"noreferrer noopener\"><\/a><a href=\"https:\/\/diarioriouruguay.com\/politica\/ya-se-vota-legisladores-con-la-novedad-de-la-bup.htm#\"><\/a><a href=\"javascript:copyLink('aviso', 'URL Copiada');\"><\/a><a href=\"https:\/\/diarioriouruguay.com\/politica\/ya-se-vota-legisladores-con-la-novedad-de-la-bup.htm#\"><\/a><a href=\"tg:\/\/msg?text=A%20las%208%20de%20la%20ma%C3%B1ana%20arranc%C3%B3%20el%20acto%20eleccionario%20con%20la%20novedad%20de%20la%20BUP-https:\/\/diarioriouruguay.com\/politica\/\/ya-se-vota-legisladores-con-la-novedad-de-la-bup.htm\" target=\"_blank\" rel=\"noreferrer noopener\"><\/a><a href=\"https:\/\/diarioriouruguay.com\/politica\/ya-se-vota-legisladores-con-la-novedad-de-la-bup.htm#comentarios\"><\/a><\/h4>\n\n\n\n<p>Ya se vota legisladores. En el departamento Concordia, son un total de 68 escuelas las que fueron habilitadas para alojar mesas de votaci\u00f3n, conforme al padr\u00f3n oficial publicado para este domingo.<\/p>\n\n\n\n<p>El Consejo General de Educaci\u00f3n (CGE) dispuso, mediante la circular N\u00ba 17, que el lunes 27 de octubre no se dictar\u00e1n clases en el turno ma\u00f1ana en aquellas escuelas que sean utilizadas como centros de votaci\u00f3n durante las elecciones generales del domingo 26 de octubre.<\/p>\n\n\n\n<p>En las primeras escuelas se coincidi\u00f3 en que el acto eleccionario \u201carranc\u00f3 con normalidad\u201d en esta capital departamental, solo con algunas demoras de aluna autoridad de mesa.<\/p>\n\n\n\n<h3 class=\"wp-block-heading\">Qu\u00e9 se vota y cu\u00e1ntas listas participan<\/h3>\n\n\n\n<p>En la C\u00e1mara alta se renueva un tercio del cuerpo (ocho distritos), mientras que en Diputados se pone en juego la mitad de la c\u00e1mara, como ocurre cada dos a\u00f1os. Para Entre R\u00edos, el recambio es completo en el Senado (tres esca\u00f1os) y parcial en Diputados (cinco de nueve).<\/p>\n\n\n\n<p>La modalidad de sufragio es la nueva Boleta \u00danica de Papel, donde figuran 7 listas que representan a diferentes alianzas y partidos pol\u00edticos provinciales y nacionales.<\/p>\n\n\n\n<p>La implementaci\u00f3n de este formato supone que cada elector recibe una hoja \u00fanica, marca su opci\u00f3n por categor\u00eda y luego deposita su sufragio en la urna, respetando el secreto del voto y agilizando el proceso.<\/p>\n\n\n\n<h3 class=\"wp-block-heading\">Estreno de la Boleta \u00danica de Papel<\/h3>\n\n\n\n<p>Como novedad principal, por primera vez en una elecci\u00f3n general en la provincia se aplica la Boleta \u00danica de Papel (BUP), un cambio significativo respecto de anteriores comicios, donde se utilizaba una boleta por cada fuerza que se postulaba.<\/p>\n\n\n\n<p>Los electores est\u00e1n convocados a concurrir con su DNI, verificar la escuela y mesa que les corresponde seg\u00fan el padr\u00f3n publicado, y cumplir con las indicaciones de las autoridades de mesa para garantizar el orden.<\/p>\n\n\n\n<p>Se recomienda adem\u00e1s asistir sin mochilas o bolsos voluminosos, respetar los accesos se\u00f1alizados en cada establecimiento y llegar con tiempo suficiente para evitar demoras.<\/p>\n\n\n\n<p>Fuente: Diario R\u00edo Uruguay<\/p>\n","protected":false},"excerpt":{"rendered":"<p>Este domingo por la ma\u00f1ana, al abrirse las puertas de las escuelas habilitadas como centros de sufragio en el departamento de Concordia, comenz\u00f3 el acto eleccionario en los que la provincia de Entre R\u00edos elegir\u00e1 tres senadore y cinco diputados. Ya se vota legisladores. En el departamento Concordia, son un total de 68 escuelas las [&hellip;]<\/p>\n","protected":false},"author":2,"featured_media":5323,"comment_status":"open","ping_status":"open","sticky":false,"template":"","format":"standard","meta":{"footnotes":""},"categories":[16],"tags":[],"class_list":{"0":"post-5322","1":"post","2":"type-post","3":"status-publish","4":"format-standard","5":"has-post-thumbnail","7":"category-locales"},"yoast_head":"<!-- This site is optimized with the Yoast SEO plugin v27.4 - https:\/\/yoast.com\/product\/yoast-seo-wordpress\/ -->\n<title>A las 8 de la ma\u00f1ana arranc\u00f3 el acto eleccionario - Diario del Sur<\/title>\n<meta name=\"robots\" content=\"index, follow, max-snippet:-1, max-image-preview:large, max-video-preview:-1\" \/>\n<link rel=\"canonical\" href=\"https:\/\/diariodelsurdigital.com.ar\/?p=5322\" \/>\n<meta property=\"og:locale\" content=\"es_ES\" \/>\n<meta property=\"og:type\" content=\"article\" \/>\n<meta property=\"og:title\" content=\"A las 8 de la ma\u00f1ana arranc\u00f3 el acto eleccionario - Diario del Sur\" \/>\n<meta property=\"og:description\" content=\"Este domingo por la ma\u00f1ana, al abrirse las puertas de las escuelas habilitadas como centros de sufragio en el departamento de Concordia, comenz\u00f3 el acto eleccionario en los que la provincia de Entre R\u00edos elegir\u00e1 tres senadore y cinco diputados. Ya se vota legisladores. En el departamento Concordia, son un total de 68 escuelas las [&hellip;]\" \/>\n<meta property=\"og:url\" content=\"https:\/\/diariodelsurdigital.com.ar\/?p=5322\" \/>\n<meta property=\"og:site_name\" content=\"Diario del Sur\" \/>\n<meta property=\"article:published_time\" content=\"2025-10-26T13:11:24+00:00\" \/>\n<meta property=\"og:image\" content=\"https:\/\/diariodelsurdigital.com.ar\/wp-content\/uploads\/2025\/10\/l_1761477690_25691.png\" \/>\n\t<meta property=\"og:image:width\" content=\"420\" \/>\n\t<meta property=\"og:image:height\" content=\"280\" \/>\n\t<meta property=\"og:image:type\" content=\"image\/png\" \/>\n<meta name=\"author\" content=\"Diario del Sur Digital\" \/>\n<meta name=\"twitter:card\" content=\"summary_large_image\" \/>\n<meta name=\"twitter:label1\" content=\"Escrito por\" \/>\n\t<meta name=\"twitter:data1\" content=\"Diario del Sur Digital\" \/>\n\t<meta name=\"twitter:label2\" content=\"Tiempo de lectura\" \/>\n\t<meta name=\"twitter:data2\" content=\"2 minutos\" \/>\n<script type=\"application\/ld+json\" class=\"yoast-schema-graph\">{\"@context\":\"https:\\\/\\\/schema.org\",\"@graph\":[{\"@type\":\"Article\",\"@id\":\"https:\\\/\\\/diariodelsurdigital.com.ar\\\/?p=5322#article\",\"isPartOf\":{\"@id\":\"https:\\\/\\\/diariodelsurdigital.com.ar\\\/?p=5322\"},\"author\":{\"name\":\"Diario del Sur Digital\",\"@id\":\"https:\\\/\\\/diariodelsurdigital.com.ar\\\/#\\\/schema\\\/person\\\/6136a32571657f7dba980b88b04c5465\"},\"headline\":\"A las 8 de la ma\u00f1ana arranc\u00f3 el acto eleccionario\",\"datePublished\":\"2025-10-26T13:11:24+00:00\",\"mainEntityOfPage\":{\"@id\":\"https:\\\/\\\/diariodelsurdigital.com.ar\\\/?p=5322\"},\"wordCount\":399,\"commentCount\":0,\"image\":{\"@id\":\"https:\\\/\\\/diariodelsurdigital.com.ar\\\/?p=5322#primaryimage\"},\"thumbnailUrl\":\"https:\\\/\\\/diariodelsurdigital.com.ar\\\/wp-content\\\/uploads\\\/2025\\\/10\\\/l_1761477690_25691.png\",\"articleSection\":[\"Locales\"],\"inLanguage\":\"es\",\"potentialAction\":[{\"@type\":\"CommentAction\",\"name\":\"Comment\",\"target\":[\"https:\\\/\\\/diariodelsurdigital.com.ar\\\/?p=5322#respond\"]}]},{\"@type\":\"WebPage\",\"@id\":\"https:\\\/\\\/diariodelsurdigital.com.ar\\\/?p=5322\",\"url\":\"https:\\\/\\\/diariodelsurdigital.com.ar\\\/?p=5322\",\"name\":\"A las 8 de la ma\u00f1ana arranc\u00f3 el acto eleccionario - Diario del Sur\",\"isPartOf\":{\"@id\":\"https:\\\/\\\/diariodelsurdigital.com.ar\\\/#website\"},\"primaryImageOfPage\":{\"@id\":\"https:\\\/\\\/diariodelsurdigital.com.ar\\\/?p=5322#primaryimage\"},\"image\":{\"@id\":\"https:\\\/\\\/diariodelsurdigital.com.ar\\\/?p=5322#primaryimage\"},\"thumbnailUrl\":\"https:\\\/\\\/diariodelsurdigital.com.ar\\\/wp-content\\\/uploads\\\/2025\\\/10\\\/l_1761477690_25691.png\",\"datePublished\":\"2025-10-26T13:11:24+00:00\",\"author\":{\"@id\":\"https:\\\/\\\/diariodelsurdigital.com.ar\\\/#\\\/schema\\\/person\\\/6136a32571657f7dba980b88b04c5465\"},\"breadcrumb\":{\"@id\":\"https:\\\/\\\/diariodelsurdigital.com.ar\\\/?p=5322#breadcrumb\"},\"inLanguage\":\"es\",\"potentialAction\":[{\"@type\":\"ReadAction\",\"target\":[\"https:\\\/\\\/diariodelsurdigital.com.ar\\\/?p=5322\"]}]},{\"@type\":\"ImageObject\",\"inLanguage\":\"es\",\"@id\":\"https:\\\/\\\/diariodelsurdigital.com.ar\\\/?p=5322#primaryimage\",\"url\":\"https:\\\/\\\/diariodelsurdigital.com.ar\\\/wp-content\\\/uploads\\\/2025\\\/10\\\/l_1761477690_25691.png\",\"contentUrl\":\"https:\\\/\\\/diariodelsurdigital.com.ar\\\/wp-content\\\/uploads\\\/2025\\\/10\\\/l_1761477690_25691.png\",\"width\":420,\"height\":280},{\"@type\":\"BreadcrumbList\",\"@id\":\"https:\\\/\\\/diariodelsurdigital.com.ar\\\/?p=5322#breadcrumb\",\"itemListElement\":[{\"@type\":\"ListItem\",\"position\":1,\"name\":\"Portada\",\"item\":\"https:\\\/\\\/diariodelsurdigital.com.ar\\\/\"},{\"@type\":\"ListItem\",\"position\":2,\"name\":\"A las 8 de la ma\u00f1ana arranc\u00f3 el acto eleccionario\"}]},{\"@type\":\"WebSite\",\"@id\":\"https:\\\/\\\/diariodelsurdigital.com.ar\\\/#website\",\"url\":\"https:\\\/\\\/diariodelsurdigital.com.ar\\\/\",\"name\":\"Diario del Sur\",\"description\":\"Digital\",\"potentialAction\":[{\"@type\":\"SearchAction\",\"target\":{\"@type\":\"EntryPoint\",\"urlTemplate\":\"https:\\\/\\\/diariodelsurdigital.com.ar\\\/?s={search_term_string}\"},\"query-input\":{\"@type\":\"PropertyValueSpecification\",\"valueRequired\":true,\"valueName\":\"search_term_string\"}}],\"inLanguage\":\"es\"},{\"@type\":\"Person\",\"@id\":\"https:\\\/\\\/diariodelsurdigital.com.ar\\\/#\\\/schema\\\/person\\\/6136a32571657f7dba980b88b04c5465\",\"name\":\"Diario del Sur Digital\",\"image\":{\"@type\":\"ImageObject\",\"inLanguage\":\"es\",\"@id\":\"https:\\\/\\\/secure.gravatar.com\\\/avatar\\\/4c29ceac98541dd42460b2474aaa5dd37594d6ce6cb3cf2c101d09b48ee287ba?s=96&d=mm&r=g\",\"url\":\"https:\\\/\\\/secure.gravatar.com\\\/avatar\\\/4c29ceac98541dd42460b2474aaa5dd37594d6ce6cb3cf2c101d09b48ee287ba?s=96&d=mm&r=g\",\"contentUrl\":\"https:\\\/\\\/secure.gravatar.com\\\/avatar\\\/4c29ceac98541dd42460b2474aaa5dd37594d6ce6cb3cf2c101d09b48ee287ba?s=96&d=mm&r=g\",\"caption\":\"Diario del Sur Digital\"},\"url\":\"https:\\\/\\\/diariodelsurdigital.com.ar\\\/?author=2\"}]}<\/script>\n<!-- \/ Yoast SEO plugin. -->","yoast_head_json":{"title":"A las 8 de la ma\u00f1ana arranc\u00f3 el acto eleccionario - Diario del Sur","robots":{"index":"index","follow":"follow","max-snippet":"max-snippet:-1","max-image-preview":"max-image-preview:large","max-video-preview":"max-video-preview:-1"},"canonical":"https:\/\/diariodelsurdigital.com.ar\/?p=5322","og_locale":"es_ES","og_type":"article","og_title":"A las 8 de la ma\u00f1ana arranc\u00f3 el acto eleccionario - Diario del Sur","og_description":"Este domingo por la ma\u00f1ana, al abrirse las puertas de las escuelas habilitadas como centros de sufragio en el departamento de Concordia, comenz\u00f3 el acto eleccionario en los que la provincia de Entre R\u00edos elegir\u00e1 tres senadore y cinco diputados. Ya se vota legisladores. En el departamento Concordia, son un total de 68 escuelas las [&hellip;]","og_url":"https:\/\/diariodelsurdigital.com.ar\/?p=5322","og_site_name":"Diario del Sur","article_published_time":"2025-10-26T13:11:24+00:00","og_image":[{"width":420,"height":280,"url":"https:\/\/diariodelsurdigital.com.ar\/wp-content\/uploads\/2025\/10\/l_1761477690_25691.png","type":"image\/png"}],"author":"Diario del Sur Digital","twitter_card":"summary_large_image","twitter_misc":{"Escrito por":"Diario del Sur Digital","Tiempo de lectura":"2 minutos"},"schema":{"@context":"https:\/\/schema.org","@graph":[{"@type":"Article","@id":"https:\/\/diariodelsurdigital.com.ar\/?p=5322#article","isPartOf":{"@id":"https:\/\/diariodelsurdigital.com.ar\/?p=5322"},"author":{"name":"Diario del Sur Digital","@id":"https:\/\/diariodelsurdigital.com.ar\/#\/schema\/person\/6136a32571657f7dba980b88b04c5465"},"headline":"A las 8 de la ma\u00f1ana arranc\u00f3 el acto eleccionario","datePublished":"2025-10-26T13:11:24+00:00","mainEntityOfPage":{"@id":"https:\/\/diariodelsurdigital.com.ar\/?p=5322"},"wordCount":399,"commentCount":0,"image":{"@id":"https:\/\/diariodelsurdigital.com.ar\/?p=5322#primaryimage"},"thumbnailUrl":"https:\/\/diariodelsurdigital.com.ar\/wp-content\/uploads\/2025\/10\/l_1761477690_25691.png","articleSection":["Locales"],"inLanguage":"es","potentialAction":[{"@type":"CommentAction","name":"Comment","target":["https:\/\/diariodelsurdigital.com.ar\/?p=5322#respond"]}]},{"@type":"WebPage","@id":"https:\/\/diariodelsurdigital.com.ar\/?p=5322","url":"https:\/\/diariodelsurdigital.com.ar\/?p=5322","name":"A las 8 de la ma\u00f1ana arranc\u00f3 el acto eleccionario - Diario del Sur","isPartOf":{"@id":"https:\/\/diariodelsurdigital.com.ar\/#website"},"primaryImageOfPage":{"@id":"https:\/\/diariodelsurdigital.com.ar\/?p=5322#primaryimage"},"image":{"@id":"https:\/\/diariodelsurdigital.com.ar\/?p=5322#primaryimage"},"thumbnailUrl":"https:\/\/diariodelsurdigital.com.ar\/wp-content\/uploads\/2025\/10\/l_1761477690_25691.png","datePublished":"2025-10-26T13:11:24+00:00","author":{"@id":"https:\/\/diariodelsurdigital.com.ar\/#\/schema\/person\/6136a32571657f7dba980b88b04c5465"},"breadcrumb":{"@id":"https:\/\/diariodelsurdigital.com.ar\/?p=5322#breadcrumb"},"inLanguage":"es","potentialAction":[{"@type":"ReadAction","target":["https:\/\/diariodelsurdigital.com.ar\/?p=5322"]}]},{"@type":"ImageObject","inLanguage":"es","@id":"https:\/\/diariodelsurdigital.com.ar\/?p=5322#primaryimage","url":"https:\/\/diariodelsurdigital.com.ar\/wp-content\/uploads\/2025\/10\/l_1761477690_25691.png","contentUrl":"https:\/\/diariodelsurdigital.com.ar\/wp-content\/uploads\/2025\/10\/l_1761477690_25691.png","width":420,"height":280},{"@type":"BreadcrumbList","@id":"https:\/\/diariodelsurdigital.com.ar\/?p=5322#breadcrumb","itemListElement":[{"@type":"ListItem","position":1,"name":"Portada","item":"https:\/\/diariodelsurdigital.com.ar\/"},{"@type":"ListItem","position":2,"name":"A las 8 de la ma\u00f1ana arranc\u00f3 el acto eleccionario"}]},{"@type":"WebSite","@id":"https:\/\/diariodelsurdigital.com.ar\/#website","url":"https:\/\/diariodelsurdigital.com.ar\/","name":"Diario del Sur","description":"Digital","potentialAction":[{"@type":"SearchAction","target":{"@type":"EntryPoint","urlTemplate":"https:\/\/diariodelsurdigital.com.ar\/?s={search_term_string}"},"query-input":{"@type":"PropertyValueSpecification","valueRequired":true,"valueName":"search_term_string"}}],"inLanguage":"es"},{"@type":"Person","@id":"https:\/\/diariodelsurdigital.com.ar\/#\/schema\/person\/6136a32571657f7dba980b88b04c5465","name":"Diario del Sur Digital","image":{"@type":"ImageObject","inLanguage":"es","@id":"https:\/\/secure.gravatar.com\/avatar\/4c29ceac98541dd42460b2474aaa5dd37594d6ce6cb3cf2c101d09b48ee287ba?s=96&d=mm&r=g","url":"https:\/\/secure.gravatar.com\/avatar\/4c29ceac98541dd42460b2474aaa5dd37594d6ce6cb3cf2c101d09b48ee287ba?s=96&d=mm&r=g","contentUrl":"https:\/\/secure.gravatar.com\/avatar\/4c29ceac98541dd42460b2474aaa5dd37594d6ce6cb3cf2c101d09b48ee287ba?s=96&d=mm&r=g","caption":"Diario del Sur Digital"},"url":"https:\/\/diariodelsurdigital.com.ar\/?author=2"}]}},"_links":{"self":[{"href":"https:\/\/diariodelsurdigital.com.ar\/index.php?rest_route=\/wp\/v2\/posts\/5322","targetHints":{"allow":["GET"]}}],"collection":[{"href":"https:\/\/diariodelsurdigital.com.ar\/index.php?rest_route=\/wp\/v2\/posts"}],"about":[{"href":"https:\/\/diariodelsurdigital.com.ar\/index.php?rest_route=\/wp\/v2\/types\/post"}],"author":[{"embeddable":true,"href":"https:\/\/diariodelsurdigital.com.ar\/index.php?rest_route=\/wp\/v2\/users\/2"}],"replies":[{"embeddable":true,"href":"https:\/\/diariodelsurdigital.com.ar\/index.php?rest_route=%2Fwp%2Fv2%2Fcomments&post=5322"}],"version-history":[{"count":1,"href":"https:\/\/diariodelsurdigital.com.ar\/index.php?rest_route=\/wp\/v2\/posts\/5322\/revisions"}],"predecessor-version":[{"id":5324,"href":"https:\/\/diariodelsurdigital.com.ar\/index.php?rest_route=\/wp\/v2\/posts\/5322\/revisions\/5324"}],"wp:featuredmedia":[{"embeddable":true,"href":"https:\/\/diariodelsurdigital.com.ar\/index.php?rest_route=\/wp\/v2\/media\/5323"}],"wp:attachment":[{"href":"https:\/\/diariodelsurdigital.com.ar\/index.php?rest_route=%2Fwp%2Fv2%2Fmedia&parent=5322"}],"wp:term":[{"taxonomy":"category","embeddable":true,"href":"https:\/\/diariodelsurdigital.com.ar\/index.php?rest_route=%2Fwp%2Fv2%2Fcategories&post=5322"},{"taxonomy":"post_tag","embeddable":true,"href":"https:\/\/diariodelsurdigital.com.ar\/index.php?rest_route=%2Fwp%2Fv2%2Ftags&post=5322"}],"curies":[{"name":"wp","href":"https:\/\/api.w.org\/{rel}","templated":true}]}}