{"id":5325,"date":"2025-10-26T10:15:50","date_gmt":"2025-10-26T13:15:50","guid":{"rendered":"https:\/\/diariodelsurdigital.com.ar\/?p=5325"},"modified":"2025-10-26T10:15:51","modified_gmt":"2025-10-26T13:15:51","slug":"entre-rios-elige-por-primera-vez-con-boleta-unica-tres-senadores-y-cinco-diputados-nacionales","status":"publish","type":"post","link":"https:\/\/diariodelsurdigital.com.ar\/?p=5325","title":{"rendered":"Entre R\u00edos elige por primera vez con boleta \u00fanica tres senadores y cinco diputados nacionales"},"content":{"rendered":"\n<p><a href=\"https:\/\/www.facebook.com\/sharer\/sharer.php?u=https:\/\/www.analisisdigital.com.ar\/provinciales\/2025\/10\/25\/entre-rios-elige-por-primera-vez-con-boleta-unica-tres-senadores-y-cinco-diputados-nacionales&amp;title=Entre%20R%C3%ADos%20elige%20por%20primera%20vez%20con%20boleta%20%C3%BAnica%20tres%20senadores%20y%20cinco%20diputados%20nacionales\" target=\"_blank\" rel=\"noreferrer noopener\"><\/a><a href=\"https:\/\/twitter.com\/intent\/tweet?text=Entre%20R%C3%ADos%20elige%20por%20primera%20vez%20con%20boleta%20%C3%BAnica%20tres%20senadores%20y%20cinco%20diputados%20nacionales+https:\/\/www.analisisdigital.com.ar\/provinciales\/2025\/10\/25\/entre-rios-elige-por-primera-vez-con-boleta-unica-tres-senadores-y-cinco-diputados-nacionales\" target=\"_blank\" rel=\"noreferrer noopener\"><\/a><a href=\"https:\/\/wa.me\/?text=https:\/\/www.analisisdigital.com.ar\/provinciales\/2025\/10\/25\/entre-rios-elige-por-primera-vez-con-boleta-unica-tres-senadores-y-cinco-diputados-nacionales\" target=\"_blank\" rel=\"noreferrer noopener\"><\/a><a href=\"https:\/\/www.linkedin.com\/sharing\/share-offsite\/?url=https:\/\/www.analisisdigital.com.ar\/provinciales\/2025\/10\/25\/entre-rios-elige-por-primera-vez-con-boleta-unica-tres-senadores-y-cinco-diputados-nacionales\" target=\"_blank\" rel=\"noreferrer noopener\"><\/a><a href=\"mailto:?subject=Entre%20R%C3%ADos%20elige%20por%20primera%20vez%20con%20boleta%20%C3%BAnica%20tres%20senadores%20y%20cinco%20diputados%20nacionales&amp;body=https:\/\/www.analisisdigital.com.ar\/provinciales\/2025\/10\/25\/entre-rios-elige-por-primera-vez-con-boleta-unica-tres-senadores-y-cinco-diputados-nacionales\" target=\"_blank\" rel=\"noreferrer noopener\"><\/a><a href=\"https:\/\/www.analisisdigital.com.ar\/provinciales\/2025\/10\/25\/entre-rios-elige-por-primera-vez-con-boleta-unica-tres-senadores-y-cinco-diputados-nacionales#\"><\/a><a href=\"javascript:window.print()\"><\/a>Siete listas compiten este domingo en Entre R\u00edos para elegir a quienes ocupar\u00e1n las tres bancas de la provincia en el Senado nacional y cinco de las nueve de la C\u00e1mara de Diputados. Los pron\u00f3sticos apuntan a una polarizaci\u00f3n entre el Partido Justicialista (PJ) y el oficialismo, compuesto en esta oportunidad por una alianza entre Juntos por Entre R\u00edos (JxER) y La Libertad Avanza (LLA). El peronismo llega dividido en cuatro propuestas a estos comicios de medio t\u00e9rmino en los que se utilizar\u00e1 por primera vez en el distrito la Boleta \u00danica Papel (BUP). Completan la oferta electoral dos listas de la izquierda.<\/p>\n\n\n\n<p><strong>Renovaci\u00f3n del Senado<\/strong><\/p>\n\n\n\n<p>Entre R\u00edos renueva las tres bancas que le corresponden en la C\u00e1mara de Senadores de la Naci\u00f3n. Terminan mandato la radical Stella Olalla, el ruralista del PRO Alfredo De \u00c1ngeli -que ocupa la banca desde 2013- y la kirchnerista Stefan\u00eda Cora, que asumi\u00f3 meses atr\u00e1s cuando fue expulsado el peronista Edgardo Kueider, luego del esc\u00e1ndalo de su detenci\u00f3n en Paraguay, donde cumple prisi\u00f3n preventiva acusado de contrabando.<\/p>\n\n\n\n<p><strong>Los candidatos son:<\/strong><\/p>\n\n\n\n<p><strong>Alianza La Libertad Avanza<\/strong><\/p>\n\n\n\n<p>1- Joaqu\u00edn Benegas Lynch (LLA): productor agropecuario domiciliado en La Paz, hermano de Bertie Benegas Lynch, diputado nacional libertario por la provincia de Buenos Aires.<\/p>\n\n\n\n<p>2- Romina Almeida (LLA): arquitecta de Paran\u00e1, miembro de la mesa directiva de LLA Entre R\u00edos.<\/p>\n\n\n\n<p><strong>Fuerza Entre R\u00edos<\/strong><\/p>\n\n\n\n<p>1- Ad\u00e1n Bahl: ex ministro de Gobierno, ex vicegobernador, ex intendente de Paran\u00e1 y ex candidato a gobernador<\/p>\n\n\n\n<p>2- Adriana Meza Torres: intendenta de Los Conquistadores (departamento Federaci\u00f3n)<\/p>\n\n\n\n<p><strong>Ahora 503<\/strong><\/p>\n\n\n\n<p>1- Carolina Gaillard: diputada nacional (PJ-Entre R\u00edos), ex secretaria de Turismo y Cultura, oriunda de General Campos (departamento San Salvador)<\/p>\n\n\n\n<p>2- Javier Schnitman: dirigente del MTP, ex funcionario del Ministerio de Producci\u00f3n, oriundo de Santa Elena (departamento La Paz)<\/p>\n\n\n\n<p><strong>Partido Socialista<\/strong><\/p>\n\n\n\n<p>1- H\u00e9ctor Maya: ex senador nacional (PJ), de Gualeguaych\u00fa<\/p>\n\n\n\n<p>2- Fernanda Sanzberro, docente del PS de Victoria<\/p>\n\n\n\n<p><strong>Uni\u00f3n Popular<\/strong><\/p>\n\n\n\n<p>1- Emilio Mart\u00ednez Garbino: ex diputado nacional (PJ-Entre R\u00edos), ex intendente de Gualeguaych\u00fa<\/p>\n\n\n\n<p>2- Mar\u00eda Isabel Sola: concejal de Concepci\u00f3n del Uruguay (ETER).<\/p>\n\n\n\n<p><strong>MST Nueva Izquierda<\/strong><\/p>\n\n\n\n<p>1- Sof\u00eda C\u00e1ceres Sforza: docente universitaria, secretaria general de SITRADU y dirigente del MST<\/p>\n\n\n\n<p>2- Pablo Amarillo: docente de Concepci\u00f3n del Uruguay, referente del Partido Obrero<\/p>\n\n\n\n<p><strong>Nuevo MAS<\/strong><\/p>\n\n\n\n<p>1- Nahuel Leiss Pou: bartender de Paran\u00e1<\/p>\n\n\n\n<p><strong>Cinco bancas en Diputados<\/strong><\/p>\n\n\n\n<p>En la C\u00e1mara de Diputados Entre R\u00edos ocupa nueve bancas, de las cuales cinco se renuevan a fin de a\u00f1o. Terminan mandato los peronistas Tom\u00e1s Ledesma y Carolina Gaillard, los radicales Atilio Benedetti y Marcela Antola y Nancy Ballejos, del PRO, que asumi\u00f3 meses atr\u00e1s cuando renunci\u00f3 Pedro Galimberti para ser designado en la Comisi\u00f3n T\u00e9cnica Mixta de Salto Grande.<\/p>\n\n\n\n<p><strong>Los candidatos son:<\/strong><\/p>\n\n\n\n<p><strong>Alianza La Libertad Avanza<\/strong><\/p>\n\n\n\n<p>1- Andr\u00e9s Laumann (LLA): ex candidato a intendente de Paran\u00e1<\/p>\n\n\n\n<p>2- Alicia Fregonese (PRO): ex diputada nacional, presidenta del Consejo General de Educaci\u00f3n.<\/p>\n\n\n\n<p>3- Dar\u00edo Schneider (UCR): ex intendente de Crespo, ministro de Planeamiento e Infraestructura.<\/p>\n\n\n\n<p>4- Eliana Lagra\u00f1a: concejal de Concordia (UCR)<\/p>\n\n\n\n<p><strong>Fuerza Entre R\u00edos<\/strong><\/p>\n\n\n\n<p>1- Guillermo Michel: ex director General de Aduana, de Gualeguaych\u00fa<\/p>\n\n\n\n<p>2- Marianela Marclay: secretaria de Desarrollo Social de la Municipalidad de Concepci\u00f3n del Uruguay<\/p>\n\n\n\n<p>3- Andres Sabella: rector de la Universidad Nacional de Entre R\u00edos, de Paran\u00e1<\/p>\n\n\n\n<p>4- Fabiana Leiva: m\u00e9dica, ex funcionaria del Ministerio de Salud, ex precandidata a viceintendenta de Concordia en f\u00f3rmula con \u00c1ngel Giano<\/p>\n\n\n\n<p>5- Jacob Minguillon: gerente del Grupo Av\u00edcola Motta, oriundo de Crespo<\/p>\n\n\n\n<p><strong>Ahora 503<\/strong><\/p>\n\n\n\n<p>1- Paola Rubattino: ex viceintendenta de Gualeguay y ex diputada provincial (PJ)<\/p>\n\n\n\n<p>2- Federico Olano: militante peronista, dirigente deportivo y comerciante de Gualeguaych\u00fa<\/p>\n\n\n\n<p>3- Evelina Kloster: militante de Paran\u00e1, referente de Patria Grande de Juan Grabois<\/p>\n\n\n\n<p>4- Ignacio Monn\u00e1: artista independiente y gestor cultural de Concordia<\/p>\n\n\n\n<p>5- Ludmila Fern\u00e1ndez: dirigente estudiantil y referente de Patria Grande de Concordia<\/p>\n\n\n\n<p><strong>Partido Socialista<\/strong><\/p>\n\n\n\n<p>1- Gustavo Guzm\u00e1n: ex diputado provincial (PJ), ex candidato a intendente de Paran\u00e1<\/p>\n\n\n\n<p>2- Sof\u00eda Gan: presidenta del PS de Paran\u00e1<\/p>\n\n\n\n<p>3- Santiago Haddad: dirigente estudiantil del PS<\/p>\n\n\n\n<p><strong>Uni\u00f3n Popular<\/strong><\/p>\n\n\n\n<p>1- Silvio Farach: empresario, presidente de la Federaci\u00f3n Econ\u00f3mica de Entre R\u00edos (Feder)<\/p>\n\n\n\n<p>2- Beba Tribulatti: ex concejal de Concordia (PJ)<\/p>\n\n\n\n<p>3- Sebasti\u00e1n Shaumann: concejal de Gualeguay (JxER)<\/p>\n\n\n\n<p>4- Patricia Heinrich<\/p>\n\n\n\n<p>5- Oscar Barzola<\/p>\n\n\n\n<p><strong>MST Nueva Izquierda<\/strong><\/p>\n\n\n\n<p>1- Nadia Burgos: trabajadora del Ministerio de Salud y dirigente del MST<\/p>\n\n\n\n<p>2- Facundo Scattone: docente universitario y militante socio-ambiental de Concordia<\/p>\n\n\n\n<p>3- Ivana Almada: docente de Concordia, militante del Partido Obrero<\/p>\n\n\n\n<p>4- V\u00edctor Romero &#8211; Jubilado oriundo de Nogoy\u00e1, referente de Jubilados de Izquierda &#8211; MST<\/p>\n\n\n\n<p>5- Keili Gonzalez: trabajadora estatal de Nogoy\u00e1, referente feminista y disidente del MST<\/p>\n\n\n\n<p><strong>Nuevo MAS<\/strong><\/p>\n\n\n\n<p>1- Juan Cruz Ross: trabajador gastron\u00f3mico de Paran\u00e1<\/p>\n\n\n\n<p>Fuente: An\u00e1lisis Digital<\/p>\n","protected":false},"excerpt":{"rendered":"<p>Siete listas compiten este domingo en Entre R\u00edos para elegir a quienes ocupar\u00e1n las tres bancas de la provincia en el Senado nacional y cinco de las nueve de la C\u00e1mara de Diputados. Los pron\u00f3sticos apuntan a una polarizaci\u00f3n entre el Partido Justicialista (PJ) y el oficialismo, compuesto en esta oportunidad por una alianza entre [&hellip;]<\/p>\n","protected":false},"author":2,"featured_media":5326,"comment_status":"open","ping_status":"open","sticky":false,"template":"","format":"standard","meta":{"footnotes":""},"categories":[17],"tags":[],"class_list":{"0":"post-5325","1":"post","2":"type-post","3":"status-publish","4":"format-standard","5":"has-post-thumbnail","7":"category-provinciales"},"yoast_head":"<!-- This site is optimized with the Yoast SEO plugin v27.4 - https:\/\/yoast.com\/product\/yoast-seo-wordpress\/ -->\n<title>Entre R\u00edos elige por primera vez con boleta \u00fanica tres senadores y cinco diputados nacionales - Diario del Sur<\/title>\n<meta name=\"robots\" content=\"index, follow, max-snippet:-1, max-image-preview:large, max-video-preview:-1\" \/>\n<link rel=\"canonical\" href=\"https:\/\/diariodelsurdigital.com.ar\/?p=5325\" \/>\n<meta property=\"og:locale\" content=\"es_ES\" \/>\n<meta property=\"og:type\" content=\"article\" \/>\n<meta property=\"og:title\" content=\"Entre R\u00edos elige por primera vez con boleta \u00fanica tres senadores y cinco diputados nacionales - Diario del Sur\" \/>\n<meta property=\"og:description\" content=\"Siete listas compiten este domingo en Entre R\u00edos para elegir a quienes ocupar\u00e1n las tres bancas de la provincia en el Senado nacional y cinco de las nueve de la C\u00e1mara de Diputados. Los pron\u00f3sticos apuntan a una polarizaci\u00f3n entre el Partido Justicialista (PJ) y el oficialismo, compuesto en esta oportunidad por una alianza entre [&hellip;]\" \/>\n<meta property=\"og:url\" content=\"https:\/\/diariodelsurdigital.com.ar\/?p=5325\" \/>\n<meta property=\"og:site_name\" content=\"Diario del Sur\" \/>\n<meta property=\"article:published_time\" content=\"2025-10-26T13:15:50+00:00\" \/>\n<meta property=\"article:modified_time\" content=\"2025-10-26T13:15:51+00:00\" \/>\n<meta property=\"og:image\" content=\"https:\/\/diariodelsurdigital.com.ar\/wp-content\/uploads\/2025\/10\/voto-1.png\" \/>\n\t<meta property=\"og:image:width\" content=\"492\" \/>\n\t<meta property=\"og:image:height\" content=\"304\" \/>\n\t<meta property=\"og:image:type\" content=\"image\/png\" \/>\n<meta name=\"author\" content=\"Diario del Sur Digital\" \/>\n<meta name=\"twitter:card\" content=\"summary_large_image\" \/>\n<meta name=\"twitter:label1\" content=\"Escrito por\" \/>\n\t<meta name=\"twitter:data1\" content=\"Diario del Sur Digital\" \/>\n\t<meta name=\"twitter:label2\" content=\"Tiempo de lectura\" \/>\n\t<meta name=\"twitter:data2\" content=\"4 minutos\" \/>\n<script type=\"application\/ld+json\" class=\"yoast-schema-graph\">{\"@context\":\"https:\\\/\\\/schema.org\",\"@graph\":[{\"@type\":\"Article\",\"@id\":\"https:\\\/\\\/diariodelsurdigital.com.ar\\\/?p=5325#article\",\"isPartOf\":{\"@id\":\"https:\\\/\\\/diariodelsurdigital.com.ar\\\/?p=5325\"},\"author\":{\"name\":\"Diario del Sur Digital\",\"@id\":\"https:\\\/\\\/diariodelsurdigital.com.ar\\\/#\\\/schema\\\/person\\\/6136a32571657f7dba980b88b04c5465\"},\"headline\":\"Entre R\u00edos elige por primera vez con boleta \u00fanica tres senadores y cinco diputados nacionales\",\"datePublished\":\"2025-10-26T13:15:50+00:00\",\"dateModified\":\"2025-10-26T13:15:51+00:00\",\"mainEntityOfPage\":{\"@id\":\"https:\\\/\\\/diariodelsurdigital.com.ar\\\/?p=5325\"},\"wordCount\":837,\"commentCount\":0,\"image\":{\"@id\":\"https:\\\/\\\/diariodelsurdigital.com.ar\\\/?p=5325#primaryimage\"},\"thumbnailUrl\":\"https:\\\/\\\/diariodelsurdigital.com.ar\\\/wp-content\\\/uploads\\\/2025\\\/10\\\/voto-1.png\",\"articleSection\":[\"Provinciales\"],\"inLanguage\":\"es\",\"potentialAction\":[{\"@type\":\"CommentAction\",\"name\":\"Comment\",\"target\":[\"https:\\\/\\\/diariodelsurdigital.com.ar\\\/?p=5325#respond\"]}]},{\"@type\":\"WebPage\",\"@id\":\"https:\\\/\\\/diariodelsurdigital.com.ar\\\/?p=5325\",\"url\":\"https:\\\/\\\/diariodelsurdigital.com.ar\\\/?p=5325\",\"name\":\"Entre R\u00edos elige por primera vez con boleta \u00fanica tres senadores y cinco diputados nacionales - Diario del Sur\",\"isPartOf\":{\"@id\":\"https:\\\/\\\/diariodelsurdigital.com.ar\\\/#website\"},\"primaryImageOfPage\":{\"@id\":\"https:\\\/\\\/diariodelsurdigital.com.ar\\\/?p=5325#primaryimage\"},\"image\":{\"@id\":\"https:\\\/\\\/diariodelsurdigital.com.ar\\\/?p=5325#primaryimage\"},\"thumbnailUrl\":\"https:\\\/\\\/diariodelsurdigital.com.ar\\\/wp-content\\\/uploads\\\/2025\\\/10\\\/voto-1.png\",\"datePublished\":\"2025-10-26T13:15:50+00:00\",\"dateModified\":\"2025-10-26T13:15:51+00:00\",\"author\":{\"@id\":\"https:\\\/\\\/diariodelsurdigital.com.ar\\\/#\\\/schema\\\/person\\\/6136a32571657f7dba980b88b04c5465\"},\"breadcrumb\":{\"@id\":\"https:\\\/\\\/diariodelsurdigital.com.ar\\\/?p=5325#breadcrumb\"},\"inLanguage\":\"es\",\"potentialAction\":[{\"@type\":\"ReadAction\",\"target\":[\"https:\\\/\\\/diariodelsurdigital.com.ar\\\/?p=5325\"]}]},{\"@type\":\"ImageObject\",\"inLanguage\":\"es\",\"@id\":\"https:\\\/\\\/diariodelsurdigital.com.ar\\\/?p=5325#primaryimage\",\"url\":\"https:\\\/\\\/diariodelsurdigital.com.ar\\\/wp-content\\\/uploads\\\/2025\\\/10\\\/voto-1.png\",\"contentUrl\":\"https:\\\/\\\/diariodelsurdigital.com.ar\\\/wp-content\\\/uploads\\\/2025\\\/10\\\/voto-1.png\",\"width\":492,\"height\":304},{\"@type\":\"BreadcrumbList\",\"@id\":\"https:\\\/\\\/diariodelsurdigital.com.ar\\\/?p=5325#breadcrumb\",\"itemListElement\":[{\"@type\":\"ListItem\",\"position\":1,\"name\":\"Portada\",\"item\":\"https:\\\/\\\/diariodelsurdigital.com.ar\\\/\"},{\"@type\":\"ListItem\",\"position\":2,\"name\":\"Entre R\u00edos elige por primera vez con boleta \u00fanica tres senadores y cinco diputados nacionales\"}]},{\"@type\":\"WebSite\",\"@id\":\"https:\\\/\\\/diariodelsurdigital.com.ar\\\/#website\",\"url\":\"https:\\\/\\\/diariodelsurdigital.com.ar\\\/\",\"name\":\"Diario del Sur\",\"description\":\"Digital\",\"potentialAction\":[{\"@type\":\"SearchAction\",\"target\":{\"@type\":\"EntryPoint\",\"urlTemplate\":\"https:\\\/\\\/diariodelsurdigital.com.ar\\\/?s={search_term_string}\"},\"query-input\":{\"@type\":\"PropertyValueSpecification\",\"valueRequired\":true,\"valueName\":\"search_term_string\"}}],\"inLanguage\":\"es\"},{\"@type\":\"Person\",\"@id\":\"https:\\\/\\\/diariodelsurdigital.com.ar\\\/#\\\/schema\\\/person\\\/6136a32571657f7dba980b88b04c5465\",\"name\":\"Diario del Sur Digital\",\"image\":{\"@type\":\"ImageObject\",\"inLanguage\":\"es\",\"@id\":\"https:\\\/\\\/secure.gravatar.com\\\/avatar\\\/4c29ceac98541dd42460b2474aaa5dd37594d6ce6cb3cf2c101d09b48ee287ba?s=96&d=mm&r=g\",\"url\":\"https:\\\/\\\/secure.gravatar.com\\\/avatar\\\/4c29ceac98541dd42460b2474aaa5dd37594d6ce6cb3cf2c101d09b48ee287ba?s=96&d=mm&r=g\",\"contentUrl\":\"https:\\\/\\\/secure.gravatar.com\\\/avatar\\\/4c29ceac98541dd42460b2474aaa5dd37594d6ce6cb3cf2c101d09b48ee287ba?s=96&d=mm&r=g\",\"caption\":\"Diario del Sur Digital\"},\"url\":\"https:\\\/\\\/diariodelsurdigital.com.ar\\\/?author=2\"}]}<\/script>\n<!-- \/ Yoast SEO plugin. -->","yoast_head_json":{"title":"Entre R\u00edos elige por primera vez con boleta \u00fanica tres senadores y cinco diputados nacionales - Diario del Sur","robots":{"index":"index","follow":"follow","max-snippet":"max-snippet:-1","max-image-preview":"max-image-preview:large","max-video-preview":"max-video-preview:-1"},"canonical":"https:\/\/diariodelsurdigital.com.ar\/?p=5325","og_locale":"es_ES","og_type":"article","og_title":"Entre R\u00edos elige por primera vez con boleta \u00fanica tres senadores y cinco diputados nacionales - Diario del Sur","og_description":"Siete listas compiten este domingo en Entre R\u00edos para elegir a quienes ocupar\u00e1n las tres bancas de la provincia en el Senado nacional y cinco de las nueve de la C\u00e1mara de Diputados. Los pron\u00f3sticos apuntan a una polarizaci\u00f3n entre el Partido Justicialista (PJ) y el oficialismo, compuesto en esta oportunidad por una alianza entre [&hellip;]","og_url":"https:\/\/diariodelsurdigital.com.ar\/?p=5325","og_site_name":"Diario del Sur","article_published_time":"2025-10-26T13:15:50+00:00","article_modified_time":"2025-10-26T13:15:51+00:00","og_image":[{"width":492,"height":304,"url":"https:\/\/diariodelsurdigital.com.ar\/wp-content\/uploads\/2025\/10\/voto-1.png","type":"image\/png"}],"author":"Diario del Sur Digital","twitter_card":"summary_large_image","twitter_misc":{"Escrito por":"Diario del Sur Digital","Tiempo de lectura":"4 minutos"},"schema":{"@context":"https:\/\/schema.org","@graph":[{"@type":"Article","@id":"https:\/\/diariodelsurdigital.com.ar\/?p=5325#article","isPartOf":{"@id":"https:\/\/diariodelsurdigital.com.ar\/?p=5325"},"author":{"name":"Diario del Sur Digital","@id":"https:\/\/diariodelsurdigital.com.ar\/#\/schema\/person\/6136a32571657f7dba980b88b04c5465"},"headline":"Entre R\u00edos elige por primera vez con boleta \u00fanica tres senadores y cinco diputados nacionales","datePublished":"2025-10-26T13:15:50+00:00","dateModified":"2025-10-26T13:15:51+00:00","mainEntityOfPage":{"@id":"https:\/\/diariodelsurdigital.com.ar\/?p=5325"},"wordCount":837,"commentCount":0,"image":{"@id":"https:\/\/diariodelsurdigital.com.ar\/?p=5325#primaryimage"},"thumbnailUrl":"https:\/\/diariodelsurdigital.com.ar\/wp-content\/uploads\/2025\/10\/voto-1.png","articleSection":["Provinciales"],"inLanguage":"es","potentialAction":[{"@type":"CommentAction","name":"Comment","target":["https:\/\/diariodelsurdigital.com.ar\/?p=5325#respond"]}]},{"@type":"WebPage","@id":"https:\/\/diariodelsurdigital.com.ar\/?p=5325","url":"https:\/\/diariodelsurdigital.com.ar\/?p=5325","name":"Entre R\u00edos elige por primera vez con boleta \u00fanica tres senadores y cinco diputados nacionales - Diario del Sur","isPartOf":{"@id":"https:\/\/diariodelsurdigital.com.ar\/#website"},"primaryImageOfPage":{"@id":"https:\/\/diariodelsurdigital.com.ar\/?p=5325#primaryimage"},"image":{"@id":"https:\/\/diariodelsurdigital.com.ar\/?p=5325#primaryimage"},"thumbnailUrl":"https:\/\/diariodelsurdigital.com.ar\/wp-content\/uploads\/2025\/10\/voto-1.png","datePublished":"2025-10-26T13:15:50+00:00","dateModified":"2025-10-26T13:15:51+00:00","author":{"@id":"https:\/\/diariodelsurdigital.com.ar\/#\/schema\/person\/6136a32571657f7dba980b88b04c5465"},"breadcrumb":{"@id":"https:\/\/diariodelsurdigital.com.ar\/?p=5325#breadcrumb"},"inLanguage":"es","potentialAction":[{"@type":"ReadAction","target":["https:\/\/diariodelsurdigital.com.ar\/?p=5325"]}]},{"@type":"ImageObject","inLanguage":"es","@id":"https:\/\/diariodelsurdigital.com.ar\/?p=5325#primaryimage","url":"https:\/\/diariodelsurdigital.com.ar\/wp-content\/uploads\/2025\/10\/voto-1.png","contentUrl":"https:\/\/diariodelsurdigital.com.ar\/wp-content\/uploads\/2025\/10\/voto-1.png","width":492,"height":304},{"@type":"BreadcrumbList","@id":"https:\/\/diariodelsurdigital.com.ar\/?p=5325#breadcrumb","itemListElement":[{"@type":"ListItem","position":1,"name":"Portada","item":"https:\/\/diariodelsurdigital.com.ar\/"},{"@type":"ListItem","position":2,"name":"Entre R\u00edos elige por primera vez con boleta \u00fanica tres senadores y cinco diputados nacionales"}]},{"@type":"WebSite","@id":"https:\/\/diariodelsurdigital.com.ar\/#website","url":"https:\/\/diariodelsurdigital.com.ar\/","name":"Diario del Sur","description":"Digital","potentialAction":[{"@type":"SearchAction","target":{"@type":"EntryPoint","urlTemplate":"https:\/\/diariodelsurdigital.com.ar\/?s={search_term_string}"},"query-input":{"@type":"PropertyValueSpecification","valueRequired":true,"valueName":"search_term_string"}}],"inLanguage":"es"},{"@type":"Person","@id":"https:\/\/diariodelsurdigital.com.ar\/#\/schema\/person\/6136a32571657f7dba980b88b04c5465","name":"Diario del Sur Digital","image":{"@type":"ImageObject","inLanguage":"es","@id":"https:\/\/secure.gravatar.com\/avatar\/4c29ceac98541dd42460b2474aaa5dd37594d6ce6cb3cf2c101d09b48ee287ba?s=96&d=mm&r=g","url":"https:\/\/secure.gravatar.com\/avatar\/4c29ceac98541dd42460b2474aaa5dd37594d6ce6cb3cf2c101d09b48ee287ba?s=96&d=mm&r=g","contentUrl":"https:\/\/secure.gravatar.com\/avatar\/4c29ceac98541dd42460b2474aaa5dd37594d6ce6cb3cf2c101d09b48ee287ba?s=96&d=mm&r=g","caption":"Diario del Sur Digital"},"url":"https:\/\/diariodelsurdigital.com.ar\/?author=2"}]}},"_links":{"self":[{"href":"https:\/\/diariodelsurdigital.com.ar\/index.php?rest_route=\/wp\/v2\/posts\/5325","targetHints":{"allow":["GET"]}}],"collection":[{"href":"https:\/\/diariodelsurdigital.com.ar\/index.php?rest_route=\/wp\/v2\/posts"}],"about":[{"href":"https:\/\/diariodelsurdigital.com.ar\/index.php?rest_route=\/wp\/v2\/types\/post"}],"author":[{"embeddable":true,"href":"https:\/\/diariodelsurdigital.com.ar\/index.php?rest_route=\/wp\/v2\/users\/2"}],"replies":[{"embeddable":true,"href":"https:\/\/diariodelsurdigital.com.ar\/index.php?rest_route=%2Fwp%2Fv2%2Fcomments&post=5325"}],"version-history":[{"count":1,"href":"https:\/\/diariodelsurdigital.com.ar\/index.php?rest_route=\/wp\/v2\/posts\/5325\/revisions"}],"predecessor-version":[{"id":5327,"href":"https:\/\/diariodelsurdigital.com.ar\/index.php?rest_route=\/wp\/v2\/posts\/5325\/revisions\/5327"}],"wp:featuredmedia":[{"embeddable":true,"href":"https:\/\/diariodelsurdigital.com.ar\/index.php?rest_route=\/wp\/v2\/media\/5326"}],"wp:attachment":[{"href":"https:\/\/diariodelsurdigital.com.ar\/index.php?rest_route=%2Fwp%2Fv2%2Fmedia&parent=5325"}],"wp:term":[{"taxonomy":"category","embeddable":true,"href":"https:\/\/diariodelsurdigital.com.ar\/index.php?rest_route=%2Fwp%2Fv2%2Fcategories&post=5325"},{"taxonomy":"post_tag","embeddable":true,"href":"https:\/\/diariodelsurdigital.com.ar\/index.php?rest_route=%2Fwp%2Fv2%2Ftags&post=5325"}],"curies":[{"name":"wp","href":"https:\/\/api.w.org\/{rel}","templated":true}]}}