{"id":5328,"date":"2025-10-26T10:39:55","date_gmt":"2025-10-26T13:39:55","guid":{"rendered":"https:\/\/diariodelsurdigital.com.ar\/?p=5328"},"modified":"2025-10-26T10:39:55","modified_gmt":"2025-10-26T13:39:55","slug":"azcue-voto-y-dijo-que-hay-un-clima-de-respeto","status":"publish","type":"post","link":"https:\/\/diariodelsurdigital.com.ar\/?p=5328","title":{"rendered":"Azcu\u00e9 vot\u00f3 y dijo que \u201chay un clima de respeto\u201d"},"content":{"rendered":"\n<h1 class=\"wp-block-heading\"><\/h1>\n\n\n\n<h4 class=\"wp-block-heading\">El intendente de Concordia emiti\u00f3 su voto en la escuela N\u00ba 1 V\u00e9lez Sarsfield, donde valor\u00f3 la implementaci\u00f3n de la Boleta \u00danica Papel y destac\u00f3 la normalidad con la que se desarrolla la jornada electoral.<\/h4>\n\n\n\n<p><a target=\"_blank\" href=\"https:\/\/api.whatsapp.com\/send?text=Azcu%C3%A9%20vot%C3%B3%20y%20dijo%20que%20%E2%80%9Cahora%20queda%20esperar%20la%20decisi%C3%B3n%20de%20los%20concordienses,%20entrerrianos%20y%20de%20todos%20los%20argentinos%E2%80%9D%20-%20https:\/\/diarioriouruguay.com\/politica\/\/azcue-voto-y-dijo-que-ahora-queda-esperar-la-decision-de-los-concordienses-entrerrianos-y-de-todos-los-argentinos.htm\" rel=\"noreferrer noopener\"><\/a><a href=\"https:\/\/diarioriouruguay.com\/politica\/azcue-voto-y-dijo-que-ahora-queda-esperar-la-decision-de-los-concordienses-entrerrianos-y-de-todos-los-argentinos.htm#\"><\/a><a href=\"javascript:copyLink('aviso', 'URL Copiada');\"><\/a><a href=\"https:\/\/diarioriouruguay.com\/politica\/azcue-voto-y-dijo-que-ahora-queda-esperar-la-decision-de-los-concordienses-entrerrianos-y-de-todos-los-argentinos.htm#\"><\/a><a target=\"_blank\" href=\"tg:\/\/msg?text=Azcu%C3%A9%20vot%C3%B3%20y%20dijo%20que%20%E2%80%9Cahora%20queda%20esperar%20la%20decisi%C3%B3n%20de%20los%20concordienses,%20entrerrianos%20y%20de%20todos%20los%20argentinos%E2%80%9D-https:\/\/diarioriouruguay.com\/politica\/\/azcue-voto-y-dijo-que-ahora-queda-esperar-la-decision-de-los-concordienses-entrerrianos-y-de-todos-los-argentinos.htm\" rel=\"noreferrer noopener\"><\/a><a href=\"https:\/\/diarioriouruguay.com\/politica\/azcue-voto-y-dijo-que-ahora-queda-esperar-la-decision-de-los-concordienses-entrerrianos-y-de-todos-los-argentinos.htm#comentarios\"><\/a><\/p>\n\n\n\n<p><em>Domingo elecciones en Concordia<\/em>. El intendente de Concordia, Francisco Azcu\u00e9, vot\u00f3 este domingo por la ma\u00f1ana en la escuela N\u00ba 1 V\u00e9lez Sarsfield. Tras sufragar, asegur\u00f3 que la jornada se desarrolla con normalidad en los distintos establecimientos educativos. \u201cEstamos desde temprano trabajando con nuestros equipos, recorriendo las escuelas\u201d, se\u00f1al\u00f3 en di\u00e1logo con este medio<\/p>\n\n\n\n<p>El jefe comunal coment\u00f3 que el municipio cuenta con un centro de c\u00f3mputos en el CIRSE y que tambi\u00e9n se est\u00e1 acompa\u00f1ando la labor de los fiscales en cada lugar de votaci\u00f3n. Indic\u00f3 que, a pesar de tratarse de la primera elecci\u00f3n general con Boleta \u00danica Papel, el proceso avanza sin inconvenientes.<\/p>\n\n\n\n<p>\u201cDios nos ha regalado un hermoso d\u00eda para poder cumplir con nuestro deber c\u00edvico\u201d, expres\u00f3.<\/p>\n\n\n\n<h3 class=\"wp-block-heading\">Valoraci\u00f3n de la Boleta \u00danica Papel<\/h3>\n\n\n\n<p>Azcu\u00e9 destac\u00f3 positivamente el sistema de Boleta \u00danica Papel, que se estrena en una elecci\u00f3n general en la provincia. \u201cLa verdad que acabo de votar y es muy f\u00e1cil, muy pr\u00e1ctico, transparente y mucho m\u00e1s econ\u00f3mico\u201d, afirm\u00f3.<\/p>\n\n\n\n<p>Se\u00f1al\u00f3 que, como se trata de una modalidad nueva para muchos votantes, en algunas mesas se presentan dudas que se van resolviendo de manera \u00e1gil. \u201cEstamos acompa\u00f1ando ese proceso, evacuando consultas y brindando claridad\u201d, detall\u00f3.<\/p>\n\n\n\n<p>Remarc\u00f3 adem\u00e1s que el acto eleccionario se desarrolla con normalidad en toda la ciudad.<\/p>\n\n\n\n<h3 class=\"wp-block-heading\">\u201cHay convivencia pac\u00edfica y madurez democr\u00e1tica\u201d<\/h3>\n\n\n\n<p>El intendente puso en valor el clima de respeto que observ\u00f3 en los lugares de votaci\u00f3n. \u201cAdvierto que hay una convivencia pac\u00edfica en las escuelas entre los fiscales, creo que estamos madurando en ese sentido\u201d, expres\u00f3.<\/p>\n\n\n\n<p>Sostuvo que, frente a diferencias o situaciones a resolver, es necesario sostener el di\u00e1logo. \u201cCuando tenemos que resolver alg\u00fan problema, lo tenemos que hacer con educaci\u00f3n, con altura, darle nivel a las cosas para que podamos seguir creciendo como sociedad\u201d, manifest\u00f3.<\/p>\n\n\n\n<p>Finalmente, afirm\u00f3 que, si bien no se eligen autoridades municipales ni provinciales, la jornada es relevante. \u201cSon elecciones importantes porque lo que est\u00e1 en juego es el rumbo que ha tomado el pa\u00eds. Ahora queda esperar la decisi\u00f3n de los concordienses, entrerrianos y de todos los argentinos\u201d, concluy\u00f3.<\/p>\n\n\n\n<p>Fuente: Diario R\u00edo Uruguay<\/p>\n","protected":false},"excerpt":{"rendered":"<p>El intendente de Concordia emiti\u00f3 su voto en la escuela N\u00ba 1 V\u00e9lez Sarsfield, donde valor\u00f3 la implementaci\u00f3n de la Boleta \u00danica Papel y destac\u00f3 la normalidad con la que se desarrolla la jornada electoral. Domingo elecciones en Concordia. El intendente de Concordia, Francisco Azcu\u00e9, vot\u00f3 este domingo por la ma\u00f1ana en la escuela N\u00ba [&hellip;]<\/p>\n","protected":false},"author":2,"featured_media":5329,"comment_status":"open","ping_status":"open","sticky":false,"template":"","format":"standard","meta":{"footnotes":""},"categories":[19,16],"tags":[],"class_list":{"0":"post-5328","1":"post","2":"type-post","3":"status-publish","4":"format-standard","5":"has-post-thumbnail","7":"category-interes-general","8":"category-locales"},"yoast_head":"<!-- This site is optimized with the Yoast SEO plugin v27.4 - https:\/\/yoast.com\/product\/yoast-seo-wordpress\/ -->\n<title>Azcu\u00e9 vot\u00f3 y dijo que \u201chay un clima de respeto\u201d - Diario del Sur<\/title>\n<meta name=\"robots\" content=\"index, follow, max-snippet:-1, max-image-preview:large, max-video-preview:-1\" \/>\n<link rel=\"canonical\" href=\"https:\/\/diariodelsurdigital.com.ar\/?p=5328\" \/>\n<meta property=\"og:locale\" content=\"es_ES\" \/>\n<meta property=\"og:type\" content=\"article\" \/>\n<meta property=\"og:title\" content=\"Azcu\u00e9 vot\u00f3 y dijo que \u201chay un clima de respeto\u201d - Diario del Sur\" \/>\n<meta property=\"og:description\" content=\"El intendente de Concordia emiti\u00f3 su voto en la escuela N\u00ba 1 V\u00e9lez Sarsfield, donde valor\u00f3 la implementaci\u00f3n de la Boleta \u00danica Papel y destac\u00f3 la normalidad con la que se desarrolla la jornada electoral. Domingo elecciones en Concordia. El intendente de Concordia, Francisco Azcu\u00e9, vot\u00f3 este domingo por la ma\u00f1ana en la escuela N\u00ba [&hellip;]\" \/>\n<meta property=\"og:url\" content=\"https:\/\/diariodelsurdigital.com.ar\/?p=5328\" \/>\n<meta property=\"og:site_name\" content=\"Diario del Sur\" \/>\n<meta property=\"article:published_time\" content=\"2025-10-26T13:39:55+00:00\" \/>\n<meta property=\"og:image\" content=\"https:\/\/diariodelsurdigital.com.ar\/wp-content\/uploads\/2025\/10\/l_1761485060_57292.png\" \/>\n\t<meta property=\"og:image:width\" content=\"420\" \/>\n\t<meta property=\"og:image:height\" content=\"280\" \/>\n\t<meta property=\"og:image:type\" content=\"image\/png\" \/>\n<meta name=\"author\" content=\"Diario del Sur Digital\" \/>\n<meta name=\"twitter:card\" content=\"summary_large_image\" \/>\n<meta name=\"twitter:label1\" content=\"Escrito por\" \/>\n\t<meta name=\"twitter:data1\" content=\"Diario del Sur Digital\" \/>\n\t<meta name=\"twitter:label2\" content=\"Tiempo de lectura\" \/>\n\t<meta name=\"twitter:data2\" content=\"2 minutos\" \/>\n<script type=\"application\/ld+json\" class=\"yoast-schema-graph\">{\"@context\":\"https:\\\/\\\/schema.org\",\"@graph\":[{\"@type\":\"Article\",\"@id\":\"https:\\\/\\\/diariodelsurdigital.com.ar\\\/?p=5328#article\",\"isPartOf\":{\"@id\":\"https:\\\/\\\/diariodelsurdigital.com.ar\\\/?p=5328\"},\"author\":{\"name\":\"Diario del Sur Digital\",\"@id\":\"https:\\\/\\\/diariodelsurdigital.com.ar\\\/#\\\/schema\\\/person\\\/6136a32571657f7dba980b88b04c5465\"},\"headline\":\"Azcu\u00e9 vot\u00f3 y dijo que \u201chay un clima de respeto\u201d\",\"datePublished\":\"2025-10-26T13:39:55+00:00\",\"mainEntityOfPage\":{\"@id\":\"https:\\\/\\\/diariodelsurdigital.com.ar\\\/?p=5328\"},\"wordCount\":423,\"commentCount\":0,\"image\":{\"@id\":\"https:\\\/\\\/diariodelsurdigital.com.ar\\\/?p=5328#primaryimage\"},\"thumbnailUrl\":\"https:\\\/\\\/diariodelsurdigital.com.ar\\\/wp-content\\\/uploads\\\/2025\\\/10\\\/l_1761485060_57292.png\",\"articleSection\":[\"Inter\u00e9s General\",\"Locales\"],\"inLanguage\":\"es\",\"potentialAction\":[{\"@type\":\"CommentAction\",\"name\":\"Comment\",\"target\":[\"https:\\\/\\\/diariodelsurdigital.com.ar\\\/?p=5328#respond\"]}]},{\"@type\":\"WebPage\",\"@id\":\"https:\\\/\\\/diariodelsurdigital.com.ar\\\/?p=5328\",\"url\":\"https:\\\/\\\/diariodelsurdigital.com.ar\\\/?p=5328\",\"name\":\"Azcu\u00e9 vot\u00f3 y dijo que \u201chay un clima de respeto\u201d - Diario del Sur\",\"isPartOf\":{\"@id\":\"https:\\\/\\\/diariodelsurdigital.com.ar\\\/#website\"},\"primaryImageOfPage\":{\"@id\":\"https:\\\/\\\/diariodelsurdigital.com.ar\\\/?p=5328#primaryimage\"},\"image\":{\"@id\":\"https:\\\/\\\/diariodelsurdigital.com.ar\\\/?p=5328#primaryimage\"},\"thumbnailUrl\":\"https:\\\/\\\/diariodelsurdigital.com.ar\\\/wp-content\\\/uploads\\\/2025\\\/10\\\/l_1761485060_57292.png\",\"datePublished\":\"2025-10-26T13:39:55+00:00\",\"author\":{\"@id\":\"https:\\\/\\\/diariodelsurdigital.com.ar\\\/#\\\/schema\\\/person\\\/6136a32571657f7dba980b88b04c5465\"},\"breadcrumb\":{\"@id\":\"https:\\\/\\\/diariodelsurdigital.com.ar\\\/?p=5328#breadcrumb\"},\"inLanguage\":\"es\",\"potentialAction\":[{\"@type\":\"ReadAction\",\"target\":[\"https:\\\/\\\/diariodelsurdigital.com.ar\\\/?p=5328\"]}]},{\"@type\":\"ImageObject\",\"inLanguage\":\"es\",\"@id\":\"https:\\\/\\\/diariodelsurdigital.com.ar\\\/?p=5328#primaryimage\",\"url\":\"https:\\\/\\\/diariodelsurdigital.com.ar\\\/wp-content\\\/uploads\\\/2025\\\/10\\\/l_1761485060_57292.png\",\"contentUrl\":\"https:\\\/\\\/diariodelsurdigital.com.ar\\\/wp-content\\\/uploads\\\/2025\\\/10\\\/l_1761485060_57292.png\",\"width\":420,\"height\":280},{\"@type\":\"BreadcrumbList\",\"@id\":\"https:\\\/\\\/diariodelsurdigital.com.ar\\\/?p=5328#breadcrumb\",\"itemListElement\":[{\"@type\":\"ListItem\",\"position\":1,\"name\":\"Portada\",\"item\":\"https:\\\/\\\/diariodelsurdigital.com.ar\\\/\"},{\"@type\":\"ListItem\",\"position\":2,\"name\":\"Azcu\u00e9 vot\u00f3 y dijo que \u201chay un clima de respeto\u201d\"}]},{\"@type\":\"WebSite\",\"@id\":\"https:\\\/\\\/diariodelsurdigital.com.ar\\\/#website\",\"url\":\"https:\\\/\\\/diariodelsurdigital.com.ar\\\/\",\"name\":\"Diario del Sur\",\"description\":\"Digital\",\"potentialAction\":[{\"@type\":\"SearchAction\",\"target\":{\"@type\":\"EntryPoint\",\"urlTemplate\":\"https:\\\/\\\/diariodelsurdigital.com.ar\\\/?s={search_term_string}\"},\"query-input\":{\"@type\":\"PropertyValueSpecification\",\"valueRequired\":true,\"valueName\":\"search_term_string\"}}],\"inLanguage\":\"es\"},{\"@type\":\"Person\",\"@id\":\"https:\\\/\\\/diariodelsurdigital.com.ar\\\/#\\\/schema\\\/person\\\/6136a32571657f7dba980b88b04c5465\",\"name\":\"Diario del Sur Digital\",\"image\":{\"@type\":\"ImageObject\",\"inLanguage\":\"es\",\"@id\":\"https:\\\/\\\/secure.gravatar.com\\\/avatar\\\/4c29ceac98541dd42460b2474aaa5dd37594d6ce6cb3cf2c101d09b48ee287ba?s=96&d=mm&r=g\",\"url\":\"https:\\\/\\\/secure.gravatar.com\\\/avatar\\\/4c29ceac98541dd42460b2474aaa5dd37594d6ce6cb3cf2c101d09b48ee287ba?s=96&d=mm&r=g\",\"contentUrl\":\"https:\\\/\\\/secure.gravatar.com\\\/avatar\\\/4c29ceac98541dd42460b2474aaa5dd37594d6ce6cb3cf2c101d09b48ee287ba?s=96&d=mm&r=g\",\"caption\":\"Diario del Sur Digital\"},\"url\":\"https:\\\/\\\/diariodelsurdigital.com.ar\\\/?author=2\"}]}<\/script>\n<!-- \/ Yoast SEO plugin. -->","yoast_head_json":{"title":"Azcu\u00e9 vot\u00f3 y dijo que \u201chay un clima de respeto\u201d - Diario del Sur","robots":{"index":"index","follow":"follow","max-snippet":"max-snippet:-1","max-image-preview":"max-image-preview:large","max-video-preview":"max-video-preview:-1"},"canonical":"https:\/\/diariodelsurdigital.com.ar\/?p=5328","og_locale":"es_ES","og_type":"article","og_title":"Azcu\u00e9 vot\u00f3 y dijo que \u201chay un clima de respeto\u201d - Diario del Sur","og_description":"El intendente de Concordia emiti\u00f3 su voto en la escuela N\u00ba 1 V\u00e9lez Sarsfield, donde valor\u00f3 la implementaci\u00f3n de la Boleta \u00danica Papel y destac\u00f3 la normalidad con la que se desarrolla la jornada electoral. Domingo elecciones en Concordia. El intendente de Concordia, Francisco Azcu\u00e9, vot\u00f3 este domingo por la ma\u00f1ana en la escuela N\u00ba [&hellip;]","og_url":"https:\/\/diariodelsurdigital.com.ar\/?p=5328","og_site_name":"Diario del Sur","article_published_time":"2025-10-26T13:39:55+00:00","og_image":[{"width":420,"height":280,"url":"https:\/\/diariodelsurdigital.com.ar\/wp-content\/uploads\/2025\/10\/l_1761485060_57292.png","type":"image\/png"}],"author":"Diario del Sur Digital","twitter_card":"summary_large_image","twitter_misc":{"Escrito por":"Diario del Sur Digital","Tiempo de lectura":"2 minutos"},"schema":{"@context":"https:\/\/schema.org","@graph":[{"@type":"Article","@id":"https:\/\/diariodelsurdigital.com.ar\/?p=5328#article","isPartOf":{"@id":"https:\/\/diariodelsurdigital.com.ar\/?p=5328"},"author":{"name":"Diario del Sur Digital","@id":"https:\/\/diariodelsurdigital.com.ar\/#\/schema\/person\/6136a32571657f7dba980b88b04c5465"},"headline":"Azcu\u00e9 vot\u00f3 y dijo que \u201chay un clima de respeto\u201d","datePublished":"2025-10-26T13:39:55+00:00","mainEntityOfPage":{"@id":"https:\/\/diariodelsurdigital.com.ar\/?p=5328"},"wordCount":423,"commentCount":0,"image":{"@id":"https:\/\/diariodelsurdigital.com.ar\/?p=5328#primaryimage"},"thumbnailUrl":"https:\/\/diariodelsurdigital.com.ar\/wp-content\/uploads\/2025\/10\/l_1761485060_57292.png","articleSection":["Inter\u00e9s General","Locales"],"inLanguage":"es","potentialAction":[{"@type":"CommentAction","name":"Comment","target":["https:\/\/diariodelsurdigital.com.ar\/?p=5328#respond"]}]},{"@type":"WebPage","@id":"https:\/\/diariodelsurdigital.com.ar\/?p=5328","url":"https:\/\/diariodelsurdigital.com.ar\/?p=5328","name":"Azcu\u00e9 vot\u00f3 y dijo que \u201chay un clima de respeto\u201d - Diario del Sur","isPartOf":{"@id":"https:\/\/diariodelsurdigital.com.ar\/#website"},"primaryImageOfPage":{"@id":"https:\/\/diariodelsurdigital.com.ar\/?p=5328#primaryimage"},"image":{"@id":"https:\/\/diariodelsurdigital.com.ar\/?p=5328#primaryimage"},"thumbnailUrl":"https:\/\/diariodelsurdigital.com.ar\/wp-content\/uploads\/2025\/10\/l_1761485060_57292.png","datePublished":"2025-10-26T13:39:55+00:00","author":{"@id":"https:\/\/diariodelsurdigital.com.ar\/#\/schema\/person\/6136a32571657f7dba980b88b04c5465"},"breadcrumb":{"@id":"https:\/\/diariodelsurdigital.com.ar\/?p=5328#breadcrumb"},"inLanguage":"es","potentialAction":[{"@type":"ReadAction","target":["https:\/\/diariodelsurdigital.com.ar\/?p=5328"]}]},{"@type":"ImageObject","inLanguage":"es","@id":"https:\/\/diariodelsurdigital.com.ar\/?p=5328#primaryimage","url":"https:\/\/diariodelsurdigital.com.ar\/wp-content\/uploads\/2025\/10\/l_1761485060_57292.png","contentUrl":"https:\/\/diariodelsurdigital.com.ar\/wp-content\/uploads\/2025\/10\/l_1761485060_57292.png","width":420,"height":280},{"@type":"BreadcrumbList","@id":"https:\/\/diariodelsurdigital.com.ar\/?p=5328#breadcrumb","itemListElement":[{"@type":"ListItem","position":1,"name":"Portada","item":"https:\/\/diariodelsurdigital.com.ar\/"},{"@type":"ListItem","position":2,"name":"Azcu\u00e9 vot\u00f3 y dijo que \u201chay un clima de respeto\u201d"}]},{"@type":"WebSite","@id":"https:\/\/diariodelsurdigital.com.ar\/#website","url":"https:\/\/diariodelsurdigital.com.ar\/","name":"Diario del Sur","description":"Digital","potentialAction":[{"@type":"SearchAction","target":{"@type":"EntryPoint","urlTemplate":"https:\/\/diariodelsurdigital.com.ar\/?s={search_term_string}"},"query-input":{"@type":"PropertyValueSpecification","valueRequired":true,"valueName":"search_term_string"}}],"inLanguage":"es"},{"@type":"Person","@id":"https:\/\/diariodelsurdigital.com.ar\/#\/schema\/person\/6136a32571657f7dba980b88b04c5465","name":"Diario del Sur Digital","image":{"@type":"ImageObject","inLanguage":"es","@id":"https:\/\/secure.gravatar.com\/avatar\/4c29ceac98541dd42460b2474aaa5dd37594d6ce6cb3cf2c101d09b48ee287ba?s=96&d=mm&r=g","url":"https:\/\/secure.gravatar.com\/avatar\/4c29ceac98541dd42460b2474aaa5dd37594d6ce6cb3cf2c101d09b48ee287ba?s=96&d=mm&r=g","contentUrl":"https:\/\/secure.gravatar.com\/avatar\/4c29ceac98541dd42460b2474aaa5dd37594d6ce6cb3cf2c101d09b48ee287ba?s=96&d=mm&r=g","caption":"Diario del Sur Digital"},"url":"https:\/\/diariodelsurdigital.com.ar\/?author=2"}]}},"_links":{"self":[{"href":"https:\/\/diariodelsurdigital.com.ar\/index.php?rest_route=\/wp\/v2\/posts\/5328","targetHints":{"allow":["GET"]}}],"collection":[{"href":"https:\/\/diariodelsurdigital.com.ar\/index.php?rest_route=\/wp\/v2\/posts"}],"about":[{"href":"https:\/\/diariodelsurdigital.com.ar\/index.php?rest_route=\/wp\/v2\/types\/post"}],"author":[{"embeddable":true,"href":"https:\/\/diariodelsurdigital.com.ar\/index.php?rest_route=\/wp\/v2\/users\/2"}],"replies":[{"embeddable":true,"href":"https:\/\/diariodelsurdigital.com.ar\/index.php?rest_route=%2Fwp%2Fv2%2Fcomments&post=5328"}],"version-history":[{"count":1,"href":"https:\/\/diariodelsurdigital.com.ar\/index.php?rest_route=\/wp\/v2\/posts\/5328\/revisions"}],"predecessor-version":[{"id":5330,"href":"https:\/\/diariodelsurdigital.com.ar\/index.php?rest_route=\/wp\/v2\/posts\/5328\/revisions\/5330"}],"wp:featuredmedia":[{"embeddable":true,"href":"https:\/\/diariodelsurdigital.com.ar\/index.php?rest_route=\/wp\/v2\/media\/5329"}],"wp:attachment":[{"href":"https:\/\/diariodelsurdigital.com.ar\/index.php?rest_route=%2Fwp%2Fv2%2Fmedia&parent=5328"}],"wp:term":[{"taxonomy":"category","embeddable":true,"href":"https:\/\/diariodelsurdigital.com.ar\/index.php?rest_route=%2Fwp%2Fv2%2Fcategories&post=5328"},{"taxonomy":"post_tag","embeddable":true,"href":"https:\/\/diariodelsurdigital.com.ar\/index.php?rest_route=%2Fwp%2Fv2%2Ftags&post=5328"}],"curies":[{"name":"wp","href":"https:\/\/api.w.org\/{rel}","templated":true}]}}