{"id":5337,"date":"2025-10-26T13:33:58","date_gmt":"2025-10-26T16:33:58","guid":{"rendered":"https:\/\/diariodelsurdigital.com.ar\/?p=5337"},"modified":"2025-10-26T13:33:59","modified_gmt":"2025-10-26T16:33:59","slug":"carolina-gaillard-tenemos-la-oportunidad-de-votar-con-esperanza","status":"publish","type":"post","link":"https:\/\/diariodelsurdigital.com.ar\/?p=5337","title":{"rendered":"Carolina Gaillard: \u00abTenemos la oportunidad de votar con esperanza\u00bb"},"content":{"rendered":"\n<h3 class=\"wp-block-heading\">La diputada nacional y candidata a senadora, Carolina Gaillard, vot\u00f3 en Paran\u00e1 y dialog\u00f3 con Elonce sobre la Boleta \u00danica de Papel, la campa\u00f1a y la importancia de participar con alegr\u00eda en esta jornada democr\u00e1tica.<\/h3>\n\n\n\n<h4 class=\"wp-block-heading\"><strong>La diputada nacional y candidata a senadora por la lista Ahora 503, Carolina Gaillard emiti\u00f3 su voto<\/strong>\u00a0este domingo en el Colegio La Salle de Paran\u00e1. En di\u00e1logo con\u00a0<em>Elonce<\/em>, expres\u00f3 su expectativa de que muchos entrerrianos se acerquen a votar y valor\u00f3 la importancia de las elecciones legislativas.<\/h4>\n\n\n\n<p>\u201c<strong>Es una oportunidad las elecciones<\/strong>, en este caso legislativas, para que los entrerrianos puedan elegir qui\u00e9nes los representan en el Congreso Nacional, qui\u00e9nes los van a defender, a los jubilados, a las personas con discapacidad, la salud, la educaci\u00f3n p\u00fablica\u201d, sostuvo.<\/p>\n\n\n\n<p>En ese sentido, subray\u00f3: \u201cEsperamos que sea una gran jornada democr\u00e1tica donde muchos vengan a emitir su voto porque es la posibilidad que tenemos de expresarnos\u201d.<\/p>\n\n\n\n<h3 class=\"wp-block-heading\">\u201cLa Boleta \u00danica es un sistema m\u00e1s \u00e1gil y sencillo\u201d<\/h3>\n\n\n\n<p>Consultada sobre la Boleta \u00danica de Papel, Gaillard consider\u00f3 que se trata de una herramienta \u201cnovedosa\u201d que agiliza el proceso electoral. \u201cEs un sistema nuevo que se est\u00e1 implementando por primera vez. Trabajamos mucho la capacitaci\u00f3n, la sensibilizaci\u00f3n para que la gente pueda venir a emitir su voto. Es un sistema relativamente sencillo, es m\u00e1s \u00e1gil\u201d, explic\u00f3.<\/p>\n\n\n\n<p>Asimismo, afirm\u00f3 que \u201c<strong>hoy tenemos la oportunidad de votar con esperanza<\/strong>&nbsp;para poner un freno a la crueldad de un gobierno nacional que ataca permanentemente a los que m\u00e1s necesitan y a los sectores m\u00e1s d\u00e9biles de la poblaci\u00f3n\u201d.<\/p>\n\n\n\n<h3 class=\"wp-block-heading\">Una campa\u00f1a de cercan\u00eda y esperanza<\/h3>\n\n\n\n<p>Sobre el desarrollo de la campa\u00f1a, la diputada destac\u00f3 que fue una instancia de contacto directo con la ciudadan\u00eda: \u201cNos permiti\u00f3 recorrer cada rinc\u00f3n de la provincia, encontrarnos con muchos compa\u00f1eros, compa\u00f1eras y vecinos que nos contaban la dif\u00edcil situaci\u00f3n que se vive en nuestro pa\u00eds en este momento\u201d.<\/p>\n\n\n\n<p>Gaillard asegur\u00f3 que la esperanza fue el motor de su mensaje pol\u00edtico. \u201c<strong>No hay que resignarse, no hay que callarse, hay que expresarse y hay que organizarse<\/strong>&nbsp;para poder construir una alternativa a la crueldad con esperanza, para que volvamos a vivir mejor\u201d, manifest\u00f3.<\/p>\n\n\n\n<p>Tambi\u00e9n se refiri\u00f3 a la participaci\u00f3n de los j\u00f3venes: \u201cCreo mucho en los j\u00f3venes, en la cultura, en que los j\u00f3venes son el futuro y tambi\u00e9n que el futuro es ahora. Esto fue un lema de nuestra campa\u00f1a:&nbsp;<strong>el futuro lo empezamos a construir ahora<\/strong>\u201d.<\/p>\n\n\n\n<p>La legisladora cont\u00f3 que aguardar\u00e1 los resultados en el&nbsp;<strong>Hotel Gran Paran\u00e1<\/strong>, junto a su equipo. \u201cVoy a ir a encontrarme con nuestros compa\u00f1eros al local en calle Churruar\u00edn, y despu\u00e9s a la tarde nos encontramos en el Hotel, donde vamos a hacer el cierre y esperar los resultados\u201d, indic\u00f3.<\/p>\n\n\n\n<p>Gaillard remarc\u00f3 su v\u00ednculo con la capital entrerriana: \u201c<strong>Paran\u00e1 es una ciudad que quiero mucho<\/strong>\u00a0y que adopt\u00e9 como mi ciudad porque viv\u00ed ac\u00e1 muchos a\u00f1os y eleg\u00ed este lugar para vivir, as\u00ed que muy feliz de estar ac\u00e1 en el Colegio La Salle emitiendo mi voto\u201d.\u00a0<\/p>\n\n\n\n<p>Fuente: El Once<\/p>\n","protected":false},"excerpt":{"rendered":"<p>La diputada nacional y candidata a senadora, Carolina Gaillard, vot\u00f3 en Paran\u00e1 y dialog\u00f3 con Elonce sobre la Boleta \u00danica de Papel, la campa\u00f1a y la importancia de participar con alegr\u00eda en esta jornada democr\u00e1tica. La diputada nacional y candidata a senadora por la lista Ahora 503, Carolina Gaillard emiti\u00f3 su voto\u00a0este domingo en el [&hellip;]<\/p>\n","protected":false},"author":2,"featured_media":5338,"comment_status":"open","ping_status":"open","sticky":false,"template":"","format":"standard","meta":{"footnotes":""},"categories":[22,17],"tags":[],"class_list":{"0":"post-5337","1":"post","2":"type-post","3":"status-publish","4":"format-standard","5":"has-post-thumbnail","7":"category-politica","8":"category-provinciales"},"yoast_head":"<!-- This site is optimized with the Yoast SEO plugin v27.4 - https:\/\/yoast.com\/product\/yoast-seo-wordpress\/ -->\n<title>Carolina Gaillard: &quot;Tenemos la oportunidad de votar con esperanza&quot; - Diario del Sur<\/title>\n<meta name=\"robots\" content=\"index, follow, max-snippet:-1, max-image-preview:large, max-video-preview:-1\" \/>\n<link rel=\"canonical\" href=\"https:\/\/diariodelsurdigital.com.ar\/?p=5337\" \/>\n<meta property=\"og:locale\" content=\"es_ES\" \/>\n<meta property=\"og:type\" content=\"article\" \/>\n<meta property=\"og:title\" content=\"Carolina Gaillard: &quot;Tenemos la oportunidad de votar con esperanza&quot; - Diario del Sur\" \/>\n<meta property=\"og:description\" content=\"La diputada nacional y candidata a senadora, Carolina Gaillard, vot\u00f3 en Paran\u00e1 y dialog\u00f3 con Elonce sobre la Boleta \u00danica de Papel, la campa\u00f1a y la importancia de participar con alegr\u00eda en esta jornada democr\u00e1tica. La diputada nacional y candidata a senadora por la lista Ahora 503, Carolina Gaillard emiti\u00f3 su voto\u00a0este domingo en el [&hellip;]\" \/>\n<meta property=\"og:url\" content=\"https:\/\/diariodelsurdigital.com.ar\/?p=5337\" \/>\n<meta property=\"og:site_name\" content=\"Diario del Sur\" \/>\n<meta property=\"article:published_time\" content=\"2025-10-26T16:33:58+00:00\" \/>\n<meta property=\"article:modified_time\" content=\"2025-10-26T16:33:59+00:00\" \/>\n<meta property=\"og:image\" content=\"https:\/\/diariodelsurdigital.com.ar\/wp-content\/uploads\/2025\/10\/Imagen-de-WhatsApp-2025-10-26-a-las-13.32.27_87835aed.jpg\" \/>\n\t<meta property=\"og:image:width\" content=\"468\" \/>\n\t<meta property=\"og:image:height\" content=\"337\" \/>\n\t<meta property=\"og:image:type\" content=\"image\/jpeg\" \/>\n<meta name=\"author\" content=\"Diario del Sur Digital\" \/>\n<meta name=\"twitter:card\" content=\"summary_large_image\" \/>\n<meta name=\"twitter:label1\" content=\"Escrito por\" \/>\n\t<meta name=\"twitter:data1\" content=\"Diario del Sur Digital\" \/>\n\t<meta name=\"twitter:label2\" content=\"Tiempo de lectura\" \/>\n\t<meta name=\"twitter:data2\" content=\"3 minutos\" \/>\n<script type=\"application\/ld+json\" class=\"yoast-schema-graph\">{\"@context\":\"https:\\\/\\\/schema.org\",\"@graph\":[{\"@type\":\"Article\",\"@id\":\"https:\\\/\\\/diariodelsurdigital.com.ar\\\/?p=5337#article\",\"isPartOf\":{\"@id\":\"https:\\\/\\\/diariodelsurdigital.com.ar\\\/?p=5337\"},\"author\":{\"name\":\"Diario del Sur Digital\",\"@id\":\"https:\\\/\\\/diariodelsurdigital.com.ar\\\/#\\\/schema\\\/person\\\/6136a32571657f7dba980b88b04c5465\"},\"headline\":\"Carolina Gaillard: \u00abTenemos la oportunidad de votar con esperanza\u00bb\",\"datePublished\":\"2025-10-26T16:33:58+00:00\",\"dateModified\":\"2025-10-26T16:33:59+00:00\",\"mainEntityOfPage\":{\"@id\":\"https:\\\/\\\/diariodelsurdigital.com.ar\\\/?p=5337\"},\"wordCount\":553,\"commentCount\":0,\"image\":{\"@id\":\"https:\\\/\\\/diariodelsurdigital.com.ar\\\/?p=5337#primaryimage\"},\"thumbnailUrl\":\"https:\\\/\\\/diariodelsurdigital.com.ar\\\/wp-content\\\/uploads\\\/2025\\\/10\\\/Imagen-de-WhatsApp-2025-10-26-a-las-13.32.27_87835aed.jpg\",\"articleSection\":[\"Pol\u00edtica\",\"Provinciales\"],\"inLanguage\":\"es\",\"potentialAction\":[{\"@type\":\"CommentAction\",\"name\":\"Comment\",\"target\":[\"https:\\\/\\\/diariodelsurdigital.com.ar\\\/?p=5337#respond\"]}]},{\"@type\":\"WebPage\",\"@id\":\"https:\\\/\\\/diariodelsurdigital.com.ar\\\/?p=5337\",\"url\":\"https:\\\/\\\/diariodelsurdigital.com.ar\\\/?p=5337\",\"name\":\"Carolina Gaillard: \\\"Tenemos la oportunidad de votar con esperanza\\\" - Diario del Sur\",\"isPartOf\":{\"@id\":\"https:\\\/\\\/diariodelsurdigital.com.ar\\\/#website\"},\"primaryImageOfPage\":{\"@id\":\"https:\\\/\\\/diariodelsurdigital.com.ar\\\/?p=5337#primaryimage\"},\"image\":{\"@id\":\"https:\\\/\\\/diariodelsurdigital.com.ar\\\/?p=5337#primaryimage\"},\"thumbnailUrl\":\"https:\\\/\\\/diariodelsurdigital.com.ar\\\/wp-content\\\/uploads\\\/2025\\\/10\\\/Imagen-de-WhatsApp-2025-10-26-a-las-13.32.27_87835aed.jpg\",\"datePublished\":\"2025-10-26T16:33:58+00:00\",\"dateModified\":\"2025-10-26T16:33:59+00:00\",\"author\":{\"@id\":\"https:\\\/\\\/diariodelsurdigital.com.ar\\\/#\\\/schema\\\/person\\\/6136a32571657f7dba980b88b04c5465\"},\"breadcrumb\":{\"@id\":\"https:\\\/\\\/diariodelsurdigital.com.ar\\\/?p=5337#breadcrumb\"},\"inLanguage\":\"es\",\"potentialAction\":[{\"@type\":\"ReadAction\",\"target\":[\"https:\\\/\\\/diariodelsurdigital.com.ar\\\/?p=5337\"]}]},{\"@type\":\"ImageObject\",\"inLanguage\":\"es\",\"@id\":\"https:\\\/\\\/diariodelsurdigital.com.ar\\\/?p=5337#primaryimage\",\"url\":\"https:\\\/\\\/diariodelsurdigital.com.ar\\\/wp-content\\\/uploads\\\/2025\\\/10\\\/Imagen-de-WhatsApp-2025-10-26-a-las-13.32.27_87835aed.jpg\",\"contentUrl\":\"https:\\\/\\\/diariodelsurdigital.com.ar\\\/wp-content\\\/uploads\\\/2025\\\/10\\\/Imagen-de-WhatsApp-2025-10-26-a-las-13.32.27_87835aed.jpg\",\"width\":468,\"height\":337},{\"@type\":\"BreadcrumbList\",\"@id\":\"https:\\\/\\\/diariodelsurdigital.com.ar\\\/?p=5337#breadcrumb\",\"itemListElement\":[{\"@type\":\"ListItem\",\"position\":1,\"name\":\"Portada\",\"item\":\"https:\\\/\\\/diariodelsurdigital.com.ar\\\/\"},{\"@type\":\"ListItem\",\"position\":2,\"name\":\"Carolina Gaillard: \u00abTenemos la oportunidad de votar con esperanza\u00bb\"}]},{\"@type\":\"WebSite\",\"@id\":\"https:\\\/\\\/diariodelsurdigital.com.ar\\\/#website\",\"url\":\"https:\\\/\\\/diariodelsurdigital.com.ar\\\/\",\"name\":\"Diario del Sur\",\"description\":\"Digital\",\"potentialAction\":[{\"@type\":\"SearchAction\",\"target\":{\"@type\":\"EntryPoint\",\"urlTemplate\":\"https:\\\/\\\/diariodelsurdigital.com.ar\\\/?s={search_term_string}\"},\"query-input\":{\"@type\":\"PropertyValueSpecification\",\"valueRequired\":true,\"valueName\":\"search_term_string\"}}],\"inLanguage\":\"es\"},{\"@type\":\"Person\",\"@id\":\"https:\\\/\\\/diariodelsurdigital.com.ar\\\/#\\\/schema\\\/person\\\/6136a32571657f7dba980b88b04c5465\",\"name\":\"Diario del Sur Digital\",\"image\":{\"@type\":\"ImageObject\",\"inLanguage\":\"es\",\"@id\":\"https:\\\/\\\/secure.gravatar.com\\\/avatar\\\/4c29ceac98541dd42460b2474aaa5dd37594d6ce6cb3cf2c101d09b48ee287ba?s=96&d=mm&r=g\",\"url\":\"https:\\\/\\\/secure.gravatar.com\\\/avatar\\\/4c29ceac98541dd42460b2474aaa5dd37594d6ce6cb3cf2c101d09b48ee287ba?s=96&d=mm&r=g\",\"contentUrl\":\"https:\\\/\\\/secure.gravatar.com\\\/avatar\\\/4c29ceac98541dd42460b2474aaa5dd37594d6ce6cb3cf2c101d09b48ee287ba?s=96&d=mm&r=g\",\"caption\":\"Diario del Sur Digital\"},\"url\":\"https:\\\/\\\/diariodelsurdigital.com.ar\\\/?author=2\"}]}<\/script>\n<!-- \/ Yoast SEO plugin. -->","yoast_head_json":{"title":"Carolina Gaillard: \"Tenemos la oportunidad de votar con esperanza\" - Diario del Sur","robots":{"index":"index","follow":"follow","max-snippet":"max-snippet:-1","max-image-preview":"max-image-preview:large","max-video-preview":"max-video-preview:-1"},"canonical":"https:\/\/diariodelsurdigital.com.ar\/?p=5337","og_locale":"es_ES","og_type":"article","og_title":"Carolina Gaillard: \"Tenemos la oportunidad de votar con esperanza\" - Diario del Sur","og_description":"La diputada nacional y candidata a senadora, Carolina Gaillard, vot\u00f3 en Paran\u00e1 y dialog\u00f3 con Elonce sobre la Boleta \u00danica de Papel, la campa\u00f1a y la importancia de participar con alegr\u00eda en esta jornada democr\u00e1tica. La diputada nacional y candidata a senadora por la lista Ahora 503, Carolina Gaillard emiti\u00f3 su voto\u00a0este domingo en el [&hellip;]","og_url":"https:\/\/diariodelsurdigital.com.ar\/?p=5337","og_site_name":"Diario del Sur","article_published_time":"2025-10-26T16:33:58+00:00","article_modified_time":"2025-10-26T16:33:59+00:00","og_image":[{"width":468,"height":337,"url":"https:\/\/diariodelsurdigital.com.ar\/wp-content\/uploads\/2025\/10\/Imagen-de-WhatsApp-2025-10-26-a-las-13.32.27_87835aed.jpg","type":"image\/jpeg"}],"author":"Diario del Sur Digital","twitter_card":"summary_large_image","twitter_misc":{"Escrito por":"Diario del Sur Digital","Tiempo de lectura":"3 minutos"},"schema":{"@context":"https:\/\/schema.org","@graph":[{"@type":"Article","@id":"https:\/\/diariodelsurdigital.com.ar\/?p=5337#article","isPartOf":{"@id":"https:\/\/diariodelsurdigital.com.ar\/?p=5337"},"author":{"name":"Diario del Sur Digital","@id":"https:\/\/diariodelsurdigital.com.ar\/#\/schema\/person\/6136a32571657f7dba980b88b04c5465"},"headline":"Carolina Gaillard: \u00abTenemos la oportunidad de votar con esperanza\u00bb","datePublished":"2025-10-26T16:33:58+00:00","dateModified":"2025-10-26T16:33:59+00:00","mainEntityOfPage":{"@id":"https:\/\/diariodelsurdigital.com.ar\/?p=5337"},"wordCount":553,"commentCount":0,"image":{"@id":"https:\/\/diariodelsurdigital.com.ar\/?p=5337#primaryimage"},"thumbnailUrl":"https:\/\/diariodelsurdigital.com.ar\/wp-content\/uploads\/2025\/10\/Imagen-de-WhatsApp-2025-10-26-a-las-13.32.27_87835aed.jpg","articleSection":["Pol\u00edtica","Provinciales"],"inLanguage":"es","potentialAction":[{"@type":"CommentAction","name":"Comment","target":["https:\/\/diariodelsurdigital.com.ar\/?p=5337#respond"]}]},{"@type":"WebPage","@id":"https:\/\/diariodelsurdigital.com.ar\/?p=5337","url":"https:\/\/diariodelsurdigital.com.ar\/?p=5337","name":"Carolina Gaillard: \"Tenemos la oportunidad de votar con esperanza\" - Diario del Sur","isPartOf":{"@id":"https:\/\/diariodelsurdigital.com.ar\/#website"},"primaryImageOfPage":{"@id":"https:\/\/diariodelsurdigital.com.ar\/?p=5337#primaryimage"},"image":{"@id":"https:\/\/diariodelsurdigital.com.ar\/?p=5337#primaryimage"},"thumbnailUrl":"https:\/\/diariodelsurdigital.com.ar\/wp-content\/uploads\/2025\/10\/Imagen-de-WhatsApp-2025-10-26-a-las-13.32.27_87835aed.jpg","datePublished":"2025-10-26T16:33:58+00:00","dateModified":"2025-10-26T16:33:59+00:00","author":{"@id":"https:\/\/diariodelsurdigital.com.ar\/#\/schema\/person\/6136a32571657f7dba980b88b04c5465"},"breadcrumb":{"@id":"https:\/\/diariodelsurdigital.com.ar\/?p=5337#breadcrumb"},"inLanguage":"es","potentialAction":[{"@type":"ReadAction","target":["https:\/\/diariodelsurdigital.com.ar\/?p=5337"]}]},{"@type":"ImageObject","inLanguage":"es","@id":"https:\/\/diariodelsurdigital.com.ar\/?p=5337#primaryimage","url":"https:\/\/diariodelsurdigital.com.ar\/wp-content\/uploads\/2025\/10\/Imagen-de-WhatsApp-2025-10-26-a-las-13.32.27_87835aed.jpg","contentUrl":"https:\/\/diariodelsurdigital.com.ar\/wp-content\/uploads\/2025\/10\/Imagen-de-WhatsApp-2025-10-26-a-las-13.32.27_87835aed.jpg","width":468,"height":337},{"@type":"BreadcrumbList","@id":"https:\/\/diariodelsurdigital.com.ar\/?p=5337#breadcrumb","itemListElement":[{"@type":"ListItem","position":1,"name":"Portada","item":"https:\/\/diariodelsurdigital.com.ar\/"},{"@type":"ListItem","position":2,"name":"Carolina Gaillard: \u00abTenemos la oportunidad de votar con esperanza\u00bb"}]},{"@type":"WebSite","@id":"https:\/\/diariodelsurdigital.com.ar\/#website","url":"https:\/\/diariodelsurdigital.com.ar\/","name":"Diario del Sur","description":"Digital","potentialAction":[{"@type":"SearchAction","target":{"@type":"EntryPoint","urlTemplate":"https:\/\/diariodelsurdigital.com.ar\/?s={search_term_string}"},"query-input":{"@type":"PropertyValueSpecification","valueRequired":true,"valueName":"search_term_string"}}],"inLanguage":"es"},{"@type":"Person","@id":"https:\/\/diariodelsurdigital.com.ar\/#\/schema\/person\/6136a32571657f7dba980b88b04c5465","name":"Diario del Sur Digital","image":{"@type":"ImageObject","inLanguage":"es","@id":"https:\/\/secure.gravatar.com\/avatar\/4c29ceac98541dd42460b2474aaa5dd37594d6ce6cb3cf2c101d09b48ee287ba?s=96&d=mm&r=g","url":"https:\/\/secure.gravatar.com\/avatar\/4c29ceac98541dd42460b2474aaa5dd37594d6ce6cb3cf2c101d09b48ee287ba?s=96&d=mm&r=g","contentUrl":"https:\/\/secure.gravatar.com\/avatar\/4c29ceac98541dd42460b2474aaa5dd37594d6ce6cb3cf2c101d09b48ee287ba?s=96&d=mm&r=g","caption":"Diario del Sur Digital"},"url":"https:\/\/diariodelsurdigital.com.ar\/?author=2"}]}},"_links":{"self":[{"href":"https:\/\/diariodelsurdigital.com.ar\/index.php?rest_route=\/wp\/v2\/posts\/5337","targetHints":{"allow":["GET"]}}],"collection":[{"href":"https:\/\/diariodelsurdigital.com.ar\/index.php?rest_route=\/wp\/v2\/posts"}],"about":[{"href":"https:\/\/diariodelsurdigital.com.ar\/index.php?rest_route=\/wp\/v2\/types\/post"}],"author":[{"embeddable":true,"href":"https:\/\/diariodelsurdigital.com.ar\/index.php?rest_route=\/wp\/v2\/users\/2"}],"replies":[{"embeddable":true,"href":"https:\/\/diariodelsurdigital.com.ar\/index.php?rest_route=%2Fwp%2Fv2%2Fcomments&post=5337"}],"version-history":[{"count":1,"href":"https:\/\/diariodelsurdigital.com.ar\/index.php?rest_route=\/wp\/v2\/posts\/5337\/revisions"}],"predecessor-version":[{"id":5339,"href":"https:\/\/diariodelsurdigital.com.ar\/index.php?rest_route=\/wp\/v2\/posts\/5337\/revisions\/5339"}],"wp:featuredmedia":[{"embeddable":true,"href":"https:\/\/diariodelsurdigital.com.ar\/index.php?rest_route=\/wp\/v2\/media\/5338"}],"wp:attachment":[{"href":"https:\/\/diariodelsurdigital.com.ar\/index.php?rest_route=%2Fwp%2Fv2%2Fmedia&parent=5337"}],"wp:term":[{"taxonomy":"category","embeddable":true,"href":"https:\/\/diariodelsurdigital.com.ar\/index.php?rest_route=%2Fwp%2Fv2%2Fcategories&post=5337"},{"taxonomy":"post_tag","embeddable":true,"href":"https:\/\/diariodelsurdigital.com.ar\/index.php?rest_route=%2Fwp%2Fv2%2Ftags&post=5337"}],"curies":[{"name":"wp","href":"https:\/\/api.w.org\/{rel}","templated":true}]}}