{"id":5340,"date":"2025-10-26T14:01:24","date_gmt":"2025-10-26T17:01:24","guid":{"rendered":"https:\/\/diariodelsurdigital.com.ar\/?p=5340"},"modified":"2025-10-26T14:01:25","modified_gmt":"2025-10-26T17:01:25","slug":"frigerio-a-pesar-de-las-dificultades-es-una-enorme-oportunidad-que-nos-da-la-democracia","status":"publish","type":"post","link":"https:\/\/diariodelsurdigital.com.ar\/?p=5340","title":{"rendered":"Frigerio: \u201cA pesar de las dificultades, es una enorme oportunidad que nos da la democracia\u00bb"},"content":{"rendered":"\n<h4 class=\"wp-block-heading\">El gobernador Rogelio Frigerio emiti\u00f3 su sufragio este domingo por la ma\u00f1ana en la Escuela Provincial N\u00b01 \u201cGregoria Matorras de San Mart\u00edn\u201d de la localidad de Villa Paranacito, en el departamento Islas del Ibicuy, en el marco de las elecciones legislativas 2025. Lo hizo acompa\u00f1ado de sus hijos y su esposa Victoria Costoya. \u201cEs una emoci\u00f3n adicional\u201d, destac\u00f3, ya que su hija vot\u00f3 por primera vez.<a href=\"https:\/\/www.facebook.com\/sharer\/sharer.php?u=https:\/\/www.analisisdigital.com.ar\/provinciales\/2025\/10\/26\/frigerio-pesar-de-las-dificultades-es-una-enorme-oportunidad-que-nos-da-la-democracia&amp;title=Frigerio:%20%E2%80%9CA%20pesar%20de%20las%20dificultades,%20es%20una%20enorme%20oportunidad%20que%20nos%20da%20la%20democracia%22\" target=\"_blank\" rel=\"noreferrer noopener\"><\/a><a href=\"https:\/\/twitter.com\/intent\/tweet?text=Frigerio:%20%E2%80%9CA%20pesar%20de%20las%20dificultades,%20es%20una%20enorme%20oportunidad%20que%20nos%20da%20la%20democracia%22+https:\/\/www.analisisdigital.com.ar\/provinciales\/2025\/10\/26\/frigerio-pesar-de-las-dificultades-es-una-enorme-oportunidad-que-nos-da-la-democracia\" target=\"_blank\" rel=\"noreferrer noopener\"><\/a><a href=\"https:\/\/wa.me\/?text=https:\/\/www.analisisdigital.com.ar\/provinciales\/2025\/10\/26\/frigerio-pesar-de-las-dificultades-es-una-enorme-oportunidad-que-nos-da-la-democracia\" target=\"_blank\" rel=\"noreferrer noopener\"><\/a><a href=\"https:\/\/www.linkedin.com\/sharing\/share-offsite\/?url=https:\/\/www.analisisdigital.com.ar\/provinciales\/2025\/10\/26\/frigerio-pesar-de-las-dificultades-es-una-enorme-oportunidad-que-nos-da-la-democracia\" target=\"_blank\" rel=\"noreferrer noopener\"><\/a><a href=\"mailto:?subject=Frigerio:%20%E2%80%9CA%20pesar%20de%20las%20dificultades,%20es%20una%20enorme%20oportunidad%20que%20nos%20da%20la%20democracia%22&amp;body=https:\/\/www.analisisdigital.com.ar\/provinciales\/2025\/10\/26\/frigerio-pesar-de-las-dificultades-es-una-enorme-oportunidad-que-nos-da-la-democracia\" target=\"_blank\" rel=\"noreferrer noopener\"><\/a><a href=\"https:\/\/www.analisisdigital.com.ar\/provinciales\/2025\/10\/26\/frigerio-pesar-de-las-dificultades-es-una-enorme-oportunidad-que-nos-da-la-democracia#\"><\/a><a href=\"javascript:window.print()\"><\/a><\/h4>\n\n\n\n<p>El mandatario resalt\u00f3 la implementaci\u00f3n de la Boleta \u00danica Papel (BUP). \u201cDespu\u00e9s de m\u00e1s de un siglo empezamos a votar de otra manera\u201c, expres\u00f3, y resalt\u00f3 que fue una de sus propuestas de campa\u00f1a: \u201cEs un sistema mucho m\u00e1s \u00e1gil, se ve, m\u00e1s transparente, y evita el robo de boletas y voto cadena\u201d. \u201cEs m\u00e1s simple y f\u00e1cil\u201c, remarc\u00f3.<\/p>\n\n\n\n<p>Frigerio pidi\u00f3 a los entrerrianos que vayan a votar: \u201cA pesar de las dificultades y de la bronca con la pol\u00edtica, es una enorme oportunidad que nos da la democracia y hay que aprovechar \u201c, sostuvo, en di\u00e1logo con Canal 9 Litoral.<\/p>\n\n\n\n<p>De cara hacia el futuro, inst\u00f3 a que se implementen nuevas herramientas tecnol\u00f3gicas para votar. \u201cLa tecnolog\u00eda va a tener que ser aplicada en este ejercicio democr\u00e1tico como la aplicamos en todos los \u00f3rdenes de la vida\u201d, sostuvo.<\/p>\n\n\n\n<p>Finalmente, remarc\u00f3 que en esta elecci\u00f3n \u201cla Argentina se juega mucho\u201d y por ello inst\u00f3 a ejercer el voto como derecho y responsabilidad c\u00edvica.<\/p>\n\n\n\n<h2 class=\"wp-block-heading\"><\/h2>\n\n\n\n<p><\/p>\n\n\n\n<p><\/p>\n","protected":false},"excerpt":{"rendered":"<p>El gobernador Rogelio Frigerio emiti\u00f3 su sufragio este domingo por la ma\u00f1ana en la Escuela Provincial N\u00b01 \u201cGregoria Matorras de San Mart\u00edn\u201d de la localidad de Villa Paranacito, en el departamento Islas del Ibicuy, en el marco de las elecciones legislativas 2025. Lo hizo acompa\u00f1ado de sus hijos y su esposa Victoria Costoya. \u201cEs una [&hellip;]<\/p>\n","protected":false},"author":2,"featured_media":5341,"comment_status":"open","ping_status":"open","sticky":false,"template":"","format":"standard","meta":{"footnotes":""},"categories":[22,17],"tags":[],"class_list":{"0":"post-5340","1":"post","2":"type-post","3":"status-publish","4":"format-standard","5":"has-post-thumbnail","7":"category-politica","8":"category-provinciales"},"yoast_head":"<!-- This site is optimized with the Yoast SEO plugin v27.4 - https:\/\/yoast.com\/product\/yoast-seo-wordpress\/ -->\n<title>Frigerio: \u201cA pesar de las dificultades, es una enorme oportunidad que nos da la democracia&quot; - Diario del Sur<\/title>\n<meta name=\"robots\" content=\"index, follow, max-snippet:-1, max-image-preview:large, max-video-preview:-1\" \/>\n<link rel=\"canonical\" href=\"https:\/\/diariodelsurdigital.com.ar\/?p=5340\" \/>\n<meta property=\"og:locale\" content=\"es_ES\" \/>\n<meta property=\"og:type\" content=\"article\" \/>\n<meta property=\"og:title\" content=\"Frigerio: \u201cA pesar de las dificultades, es una enorme oportunidad que nos da la democracia&quot; - Diario del Sur\" \/>\n<meta property=\"og:description\" content=\"El gobernador Rogelio Frigerio emiti\u00f3 su sufragio este domingo por la ma\u00f1ana en la Escuela Provincial N\u00b01 \u201cGregoria Matorras de San Mart\u00edn\u201d de la localidad de Villa Paranacito, en el departamento Islas del Ibicuy, en el marco de las elecciones legislativas 2025. Lo hizo acompa\u00f1ado de sus hijos y su esposa Victoria Costoya. \u201cEs una [&hellip;]\" \/>\n<meta property=\"og:url\" content=\"https:\/\/diariodelsurdigital.com.ar\/?p=5340\" \/>\n<meta property=\"og:site_name\" content=\"Diario del Sur\" \/>\n<meta property=\"article:published_time\" content=\"2025-10-26T17:01:24+00:00\" \/>\n<meta property=\"article:modified_time\" content=\"2025-10-26T17:01:25+00:00\" \/>\n<meta property=\"og:image\" content=\"https:\/\/diariodelsurdigital.com.ar\/wp-content\/uploads\/2025\/10\/4-frigerio.jpg.webp\" \/>\n\t<meta property=\"og:image:width\" content=\"900\" \/>\n\t<meta property=\"og:image:height\" content=\"507\" \/>\n\t<meta property=\"og:image:type\" content=\"image\/webp\" \/>\n<meta name=\"author\" content=\"Diario del Sur Digital\" \/>\n<meta name=\"twitter:card\" content=\"summary_large_image\" \/>\n<meta name=\"twitter:label1\" content=\"Escrito por\" \/>\n\t<meta name=\"twitter:data1\" content=\"Diario del Sur Digital\" \/>\n\t<meta name=\"twitter:label2\" content=\"Tiempo de lectura\" \/>\n\t<meta name=\"twitter:data2\" content=\"2 minutos\" \/>\n<script type=\"application\/ld+json\" class=\"yoast-schema-graph\">{\"@context\":\"https:\\\/\\\/schema.org\",\"@graph\":[{\"@type\":\"Article\",\"@id\":\"https:\\\/\\\/diariodelsurdigital.com.ar\\\/?p=5340#article\",\"isPartOf\":{\"@id\":\"https:\\\/\\\/diariodelsurdigital.com.ar\\\/?p=5340\"},\"author\":{\"name\":\"Diario del Sur Digital\",\"@id\":\"https:\\\/\\\/diariodelsurdigital.com.ar\\\/#\\\/schema\\\/person\\\/6136a32571657f7dba980b88b04c5465\"},\"headline\":\"Frigerio: \u201cA pesar de las dificultades, es una enorme oportunidad que nos da la democracia\u00bb\",\"datePublished\":\"2025-10-26T17:01:24+00:00\",\"dateModified\":\"2025-10-26T17:01:25+00:00\",\"mainEntityOfPage\":{\"@id\":\"https:\\\/\\\/diariodelsurdigital.com.ar\\\/?p=5340\"},\"wordCount\":260,\"commentCount\":0,\"image\":{\"@id\":\"https:\\\/\\\/diariodelsurdigital.com.ar\\\/?p=5340#primaryimage\"},\"thumbnailUrl\":\"https:\\\/\\\/diariodelsurdigital.com.ar\\\/wp-content\\\/uploads\\\/2025\\\/10\\\/4-frigerio.jpg.webp\",\"articleSection\":[\"Pol\u00edtica\",\"Provinciales\"],\"inLanguage\":\"es\",\"potentialAction\":[{\"@type\":\"CommentAction\",\"name\":\"Comment\",\"target\":[\"https:\\\/\\\/diariodelsurdigital.com.ar\\\/?p=5340#respond\"]}]},{\"@type\":\"WebPage\",\"@id\":\"https:\\\/\\\/diariodelsurdigital.com.ar\\\/?p=5340\",\"url\":\"https:\\\/\\\/diariodelsurdigital.com.ar\\\/?p=5340\",\"name\":\"Frigerio: \u201cA pesar de las dificultades, es una enorme oportunidad que nos da la democracia\\\" - Diario del Sur\",\"isPartOf\":{\"@id\":\"https:\\\/\\\/diariodelsurdigital.com.ar\\\/#website\"},\"primaryImageOfPage\":{\"@id\":\"https:\\\/\\\/diariodelsurdigital.com.ar\\\/?p=5340#primaryimage\"},\"image\":{\"@id\":\"https:\\\/\\\/diariodelsurdigital.com.ar\\\/?p=5340#primaryimage\"},\"thumbnailUrl\":\"https:\\\/\\\/diariodelsurdigital.com.ar\\\/wp-content\\\/uploads\\\/2025\\\/10\\\/4-frigerio.jpg.webp\",\"datePublished\":\"2025-10-26T17:01:24+00:00\",\"dateModified\":\"2025-10-26T17:01:25+00:00\",\"author\":{\"@id\":\"https:\\\/\\\/diariodelsurdigital.com.ar\\\/#\\\/schema\\\/person\\\/6136a32571657f7dba980b88b04c5465\"},\"breadcrumb\":{\"@id\":\"https:\\\/\\\/diariodelsurdigital.com.ar\\\/?p=5340#breadcrumb\"},\"inLanguage\":\"es\",\"potentialAction\":[{\"@type\":\"ReadAction\",\"target\":[\"https:\\\/\\\/diariodelsurdigital.com.ar\\\/?p=5340\"]}]},{\"@type\":\"ImageObject\",\"inLanguage\":\"es\",\"@id\":\"https:\\\/\\\/diariodelsurdigital.com.ar\\\/?p=5340#primaryimage\",\"url\":\"https:\\\/\\\/diariodelsurdigital.com.ar\\\/wp-content\\\/uploads\\\/2025\\\/10\\\/4-frigerio.jpg.webp\",\"contentUrl\":\"https:\\\/\\\/diariodelsurdigital.com.ar\\\/wp-content\\\/uploads\\\/2025\\\/10\\\/4-frigerio.jpg.webp\",\"width\":900,\"height\":507},{\"@type\":\"BreadcrumbList\",\"@id\":\"https:\\\/\\\/diariodelsurdigital.com.ar\\\/?p=5340#breadcrumb\",\"itemListElement\":[{\"@type\":\"ListItem\",\"position\":1,\"name\":\"Portada\",\"item\":\"https:\\\/\\\/diariodelsurdigital.com.ar\\\/\"},{\"@type\":\"ListItem\",\"position\":2,\"name\":\"Frigerio: \u201cA pesar de las dificultades, es una enorme oportunidad que nos da la democracia\u00bb\"}]},{\"@type\":\"WebSite\",\"@id\":\"https:\\\/\\\/diariodelsurdigital.com.ar\\\/#website\",\"url\":\"https:\\\/\\\/diariodelsurdigital.com.ar\\\/\",\"name\":\"Diario del Sur\",\"description\":\"Digital\",\"potentialAction\":[{\"@type\":\"SearchAction\",\"target\":{\"@type\":\"EntryPoint\",\"urlTemplate\":\"https:\\\/\\\/diariodelsurdigital.com.ar\\\/?s={search_term_string}\"},\"query-input\":{\"@type\":\"PropertyValueSpecification\",\"valueRequired\":true,\"valueName\":\"search_term_string\"}}],\"inLanguage\":\"es\"},{\"@type\":\"Person\",\"@id\":\"https:\\\/\\\/diariodelsurdigital.com.ar\\\/#\\\/schema\\\/person\\\/6136a32571657f7dba980b88b04c5465\",\"name\":\"Diario del Sur Digital\",\"image\":{\"@type\":\"ImageObject\",\"inLanguage\":\"es\",\"@id\":\"https:\\\/\\\/secure.gravatar.com\\\/avatar\\\/4c29ceac98541dd42460b2474aaa5dd37594d6ce6cb3cf2c101d09b48ee287ba?s=96&d=mm&r=g\",\"url\":\"https:\\\/\\\/secure.gravatar.com\\\/avatar\\\/4c29ceac98541dd42460b2474aaa5dd37594d6ce6cb3cf2c101d09b48ee287ba?s=96&d=mm&r=g\",\"contentUrl\":\"https:\\\/\\\/secure.gravatar.com\\\/avatar\\\/4c29ceac98541dd42460b2474aaa5dd37594d6ce6cb3cf2c101d09b48ee287ba?s=96&d=mm&r=g\",\"caption\":\"Diario del Sur Digital\"},\"url\":\"https:\\\/\\\/diariodelsurdigital.com.ar\\\/?author=2\"}]}<\/script>\n<!-- \/ Yoast SEO plugin. -->","yoast_head_json":{"title":"Frigerio: \u201cA pesar de las dificultades, es una enorme oportunidad que nos da la democracia\" - Diario del Sur","robots":{"index":"index","follow":"follow","max-snippet":"max-snippet:-1","max-image-preview":"max-image-preview:large","max-video-preview":"max-video-preview:-1"},"canonical":"https:\/\/diariodelsurdigital.com.ar\/?p=5340","og_locale":"es_ES","og_type":"article","og_title":"Frigerio: \u201cA pesar de las dificultades, es una enorme oportunidad que nos da la democracia\" - Diario del Sur","og_description":"El gobernador Rogelio Frigerio emiti\u00f3 su sufragio este domingo por la ma\u00f1ana en la Escuela Provincial N\u00b01 \u201cGregoria Matorras de San Mart\u00edn\u201d de la localidad de Villa Paranacito, en el departamento Islas del Ibicuy, en el marco de las elecciones legislativas 2025. Lo hizo acompa\u00f1ado de sus hijos y su esposa Victoria Costoya. \u201cEs una [&hellip;]","og_url":"https:\/\/diariodelsurdigital.com.ar\/?p=5340","og_site_name":"Diario del Sur","article_published_time":"2025-10-26T17:01:24+00:00","article_modified_time":"2025-10-26T17:01:25+00:00","og_image":[{"width":900,"height":507,"url":"https:\/\/diariodelsurdigital.com.ar\/wp-content\/uploads\/2025\/10\/4-frigerio.jpg.webp","type":"image\/webp"}],"author":"Diario del Sur Digital","twitter_card":"summary_large_image","twitter_misc":{"Escrito por":"Diario del Sur Digital","Tiempo de lectura":"2 minutos"},"schema":{"@context":"https:\/\/schema.org","@graph":[{"@type":"Article","@id":"https:\/\/diariodelsurdigital.com.ar\/?p=5340#article","isPartOf":{"@id":"https:\/\/diariodelsurdigital.com.ar\/?p=5340"},"author":{"name":"Diario del Sur Digital","@id":"https:\/\/diariodelsurdigital.com.ar\/#\/schema\/person\/6136a32571657f7dba980b88b04c5465"},"headline":"Frigerio: \u201cA pesar de las dificultades, es una enorme oportunidad que nos da la democracia\u00bb","datePublished":"2025-10-26T17:01:24+00:00","dateModified":"2025-10-26T17:01:25+00:00","mainEntityOfPage":{"@id":"https:\/\/diariodelsurdigital.com.ar\/?p=5340"},"wordCount":260,"commentCount":0,"image":{"@id":"https:\/\/diariodelsurdigital.com.ar\/?p=5340#primaryimage"},"thumbnailUrl":"https:\/\/diariodelsurdigital.com.ar\/wp-content\/uploads\/2025\/10\/4-frigerio.jpg.webp","articleSection":["Pol\u00edtica","Provinciales"],"inLanguage":"es","potentialAction":[{"@type":"CommentAction","name":"Comment","target":["https:\/\/diariodelsurdigital.com.ar\/?p=5340#respond"]}]},{"@type":"WebPage","@id":"https:\/\/diariodelsurdigital.com.ar\/?p=5340","url":"https:\/\/diariodelsurdigital.com.ar\/?p=5340","name":"Frigerio: \u201cA pesar de las dificultades, es una enorme oportunidad que nos da la democracia\" - Diario del Sur","isPartOf":{"@id":"https:\/\/diariodelsurdigital.com.ar\/#website"},"primaryImageOfPage":{"@id":"https:\/\/diariodelsurdigital.com.ar\/?p=5340#primaryimage"},"image":{"@id":"https:\/\/diariodelsurdigital.com.ar\/?p=5340#primaryimage"},"thumbnailUrl":"https:\/\/diariodelsurdigital.com.ar\/wp-content\/uploads\/2025\/10\/4-frigerio.jpg.webp","datePublished":"2025-10-26T17:01:24+00:00","dateModified":"2025-10-26T17:01:25+00:00","author":{"@id":"https:\/\/diariodelsurdigital.com.ar\/#\/schema\/person\/6136a32571657f7dba980b88b04c5465"},"breadcrumb":{"@id":"https:\/\/diariodelsurdigital.com.ar\/?p=5340#breadcrumb"},"inLanguage":"es","potentialAction":[{"@type":"ReadAction","target":["https:\/\/diariodelsurdigital.com.ar\/?p=5340"]}]},{"@type":"ImageObject","inLanguage":"es","@id":"https:\/\/diariodelsurdigital.com.ar\/?p=5340#primaryimage","url":"https:\/\/diariodelsurdigital.com.ar\/wp-content\/uploads\/2025\/10\/4-frigerio.jpg.webp","contentUrl":"https:\/\/diariodelsurdigital.com.ar\/wp-content\/uploads\/2025\/10\/4-frigerio.jpg.webp","width":900,"height":507},{"@type":"BreadcrumbList","@id":"https:\/\/diariodelsurdigital.com.ar\/?p=5340#breadcrumb","itemListElement":[{"@type":"ListItem","position":1,"name":"Portada","item":"https:\/\/diariodelsurdigital.com.ar\/"},{"@type":"ListItem","position":2,"name":"Frigerio: \u201cA pesar de las dificultades, es una enorme oportunidad que nos da la democracia\u00bb"}]},{"@type":"WebSite","@id":"https:\/\/diariodelsurdigital.com.ar\/#website","url":"https:\/\/diariodelsurdigital.com.ar\/","name":"Diario del Sur","description":"Digital","potentialAction":[{"@type":"SearchAction","target":{"@type":"EntryPoint","urlTemplate":"https:\/\/diariodelsurdigital.com.ar\/?s={search_term_string}"},"query-input":{"@type":"PropertyValueSpecification","valueRequired":true,"valueName":"search_term_string"}}],"inLanguage":"es"},{"@type":"Person","@id":"https:\/\/diariodelsurdigital.com.ar\/#\/schema\/person\/6136a32571657f7dba980b88b04c5465","name":"Diario del Sur Digital","image":{"@type":"ImageObject","inLanguage":"es","@id":"https:\/\/secure.gravatar.com\/avatar\/4c29ceac98541dd42460b2474aaa5dd37594d6ce6cb3cf2c101d09b48ee287ba?s=96&d=mm&r=g","url":"https:\/\/secure.gravatar.com\/avatar\/4c29ceac98541dd42460b2474aaa5dd37594d6ce6cb3cf2c101d09b48ee287ba?s=96&d=mm&r=g","contentUrl":"https:\/\/secure.gravatar.com\/avatar\/4c29ceac98541dd42460b2474aaa5dd37594d6ce6cb3cf2c101d09b48ee287ba?s=96&d=mm&r=g","caption":"Diario del Sur Digital"},"url":"https:\/\/diariodelsurdigital.com.ar\/?author=2"}]}},"_links":{"self":[{"href":"https:\/\/diariodelsurdigital.com.ar\/index.php?rest_route=\/wp\/v2\/posts\/5340","targetHints":{"allow":["GET"]}}],"collection":[{"href":"https:\/\/diariodelsurdigital.com.ar\/index.php?rest_route=\/wp\/v2\/posts"}],"about":[{"href":"https:\/\/diariodelsurdigital.com.ar\/index.php?rest_route=\/wp\/v2\/types\/post"}],"author":[{"embeddable":true,"href":"https:\/\/diariodelsurdigital.com.ar\/index.php?rest_route=\/wp\/v2\/users\/2"}],"replies":[{"embeddable":true,"href":"https:\/\/diariodelsurdigital.com.ar\/index.php?rest_route=%2Fwp%2Fv2%2Fcomments&post=5340"}],"version-history":[{"count":1,"href":"https:\/\/diariodelsurdigital.com.ar\/index.php?rest_route=\/wp\/v2\/posts\/5340\/revisions"}],"predecessor-version":[{"id":5342,"href":"https:\/\/diariodelsurdigital.com.ar\/index.php?rest_route=\/wp\/v2\/posts\/5340\/revisions\/5342"}],"wp:featuredmedia":[{"embeddable":true,"href":"https:\/\/diariodelsurdigital.com.ar\/index.php?rest_route=\/wp\/v2\/media\/5341"}],"wp:attachment":[{"href":"https:\/\/diariodelsurdigital.com.ar\/index.php?rest_route=%2Fwp%2Fv2%2Fmedia&parent=5340"}],"wp:term":[{"taxonomy":"category","embeddable":true,"href":"https:\/\/diariodelsurdigital.com.ar\/index.php?rest_route=%2Fwp%2Fv2%2Fcategories&post=5340"},{"taxonomy":"post_tag","embeddable":true,"href":"https:\/\/diariodelsurdigital.com.ar\/index.php?rest_route=%2Fwp%2Fv2%2Ftags&post=5340"}],"curies":[{"name":"wp","href":"https:\/\/api.w.org\/{rel}","templated":true}]}}