{"id":5343,"date":"2025-10-26T15:13:06","date_gmt":"2025-10-26T18:13:06","guid":{"rendered":"https:\/\/diariodelsurdigital.com.ar\/?p=5343"},"modified":"2025-10-26T15:13:07","modified_gmt":"2025-10-26T18:13:07","slug":"al-mediodia-ya-voto-el-23-del-padron-a-nivel-nacional","status":"publish","type":"post","link":"https:\/\/diariodelsurdigital.com.ar\/?p=5343","title":{"rendered":"Al mediod\u00eda, ya vot\u00f3 el 23% del padr\u00f3n a nivel nacional"},"content":{"rendered":"\n<h4 class=\"wp-block-heading\">Este domingo, los argentinos se acercan a las urnas para las elecciones legislativas 2025, con m\u00e1s de 36 millones de ciudadanos habilitados para votar.<\/h4>\n\n\n\n<p>Los argentinos van a las urnas este&nbsp;<strong>domingo 26 de octubre<\/strong>&nbsp;en las&nbsp;<strong>elecciones legislativas 2025<\/strong>&nbsp;para las que est\u00e1n habilitadas&nbsp;<strong>36.478.320<\/strong>&nbsp;personas para votar. En estos comicios a nivel nacional se renovar\u00e1n la mitad de la&nbsp;<strong>C\u00e1mara de Diputados<\/strong>,<strong>&nbsp;con 127 bancas en juego<\/strong>. En tanto, en el<strong>&nbsp;Senado cambiar\u00e1n 24 esca\u00f1os<\/strong>, lo que representa un tercio del cuerpo que representa a las provincias.<\/p>\n\n\n\n<p>Para las elecciones de hoy se implementa la&nbsp;<strong>Boleta \u00danica de Papel (BUP)<\/strong>, formato que busca facilitar la identificaci\u00f3n de las opciones de candidatos y su&nbsp;<strong>selecci\u00f3n con lapicera<\/strong>&nbsp;con una marca. En tanto, se puede&nbsp;<strong>consultar d\u00f3nde voto<\/strong>&nbsp;para emitir el sufragio y cu\u00e1les son los&nbsp;<strong>documentos v\u00e1lidos<\/strong>&nbsp;ante las autoridades de mesa.<\/p>\n\n\n\n<p>La justicia electoral difundi\u00f3 que a las 12 el nivel de participaci\u00f3n hab\u00eda alcanzado el\u00a0<strong>23% del padr\u00f3n<\/strong>. El dato podr\u00eda adelantar una merma en la asistencia ya que en las elecciones de 2021 a las 12 ya hab\u00eda votado el 30,4% de la poblaci\u00f3n. <\/p>\n\n\n\n<p>Fuente: \u00c1mbito<\/p>\n","protected":false},"excerpt":{"rendered":"<p>Este domingo, los argentinos se acercan a las urnas para las elecciones legislativas 2025, con m\u00e1s de 36 millones de ciudadanos habilitados para votar. Los argentinos van a las urnas este&nbsp;domingo 26 de octubre&nbsp;en las&nbsp;elecciones legislativas 2025&nbsp;para las que est\u00e1n habilitadas&nbsp;36.478.320&nbsp;personas para votar. En estos comicios a nivel nacional se renovar\u00e1n la mitad de la&nbsp;C\u00e1mara [&hellip;]<\/p>\n","protected":false},"author":2,"featured_media":5344,"comment_status":"open","ping_status":"open","sticky":false,"template":"","format":"standard","meta":{"footnotes":""},"categories":[18,22],"tags":[],"class_list":{"0":"post-5343","1":"post","2":"type-post","3":"status-publish","4":"format-standard","5":"has-post-thumbnail","7":"category-nacionales","8":"category-politica"},"yoast_head":"<!-- This site is optimized with the Yoast SEO plugin v27.4 - https:\/\/yoast.com\/product\/yoast-seo-wordpress\/ -->\n<title>Al mediod\u00eda, ya vot\u00f3 el 23% del padr\u00f3n a nivel nacional - Diario del Sur<\/title>\n<meta name=\"robots\" content=\"index, follow, max-snippet:-1, max-image-preview:large, max-video-preview:-1\" \/>\n<link rel=\"canonical\" href=\"https:\/\/diariodelsurdigital.com.ar\/?p=5343\" \/>\n<meta property=\"og:locale\" content=\"es_ES\" \/>\n<meta property=\"og:type\" content=\"article\" \/>\n<meta property=\"og:title\" content=\"Al mediod\u00eda, ya vot\u00f3 el 23% del padr\u00f3n a nivel nacional - Diario del Sur\" \/>\n<meta property=\"og:description\" content=\"Este domingo, los argentinos se acercan a las urnas para las elecciones legislativas 2025, con m\u00e1s de 36 millones de ciudadanos habilitados para votar. Los argentinos van a las urnas este&nbsp;domingo 26 de octubre&nbsp;en las&nbsp;elecciones legislativas 2025&nbsp;para las que est\u00e1n habilitadas&nbsp;36.478.320&nbsp;personas para votar. En estos comicios a nivel nacional se renovar\u00e1n la mitad de la&nbsp;C\u00e1mara [&hellip;]\" \/>\n<meta property=\"og:url\" content=\"https:\/\/diariodelsurdigital.com.ar\/?p=5343\" \/>\n<meta property=\"og:site_name\" content=\"Diario del Sur\" \/>\n<meta property=\"article:published_time\" content=\"2025-10-26T18:13:06+00:00\" \/>\n<meta property=\"article:modified_time\" content=\"2025-10-26T18:13:07+00:00\" \/>\n<meta property=\"og:image\" content=\"https:\/\/diariodelsurdigital.com.ar\/wp-content\/uploads\/2025\/10\/m_1761494096_64158.webp\" \/>\n\t<meta property=\"og:image:width\" content=\"765\" \/>\n\t<meta property=\"og:image:height\" content=\"510\" \/>\n\t<meta property=\"og:image:type\" content=\"image\/webp\" \/>\n<meta name=\"author\" content=\"Diario del Sur Digital\" \/>\n<meta name=\"twitter:card\" content=\"summary_large_image\" \/>\n<meta name=\"twitter:label1\" content=\"Escrito por\" \/>\n\t<meta name=\"twitter:data1\" content=\"Diario del Sur Digital\" \/>\n\t<meta name=\"twitter:label2\" content=\"Tiempo de lectura\" \/>\n\t<meta name=\"twitter:data2\" content=\"2 minutos\" \/>\n<script type=\"application\/ld+json\" class=\"yoast-schema-graph\">{\"@context\":\"https:\\\/\\\/schema.org\",\"@graph\":[{\"@type\":\"Article\",\"@id\":\"https:\\\/\\\/diariodelsurdigital.com.ar\\\/?p=5343#article\",\"isPartOf\":{\"@id\":\"https:\\\/\\\/diariodelsurdigital.com.ar\\\/?p=5343\"},\"author\":{\"name\":\"Diario del Sur Digital\",\"@id\":\"https:\\\/\\\/diariodelsurdigital.com.ar\\\/#\\\/schema\\\/person\\\/6136a32571657f7dba980b88b04c5465\"},\"headline\":\"Al mediod\u00eda, ya vot\u00f3 el 23% del padr\u00f3n a nivel nacional\",\"datePublished\":\"2025-10-26T18:13:06+00:00\",\"dateModified\":\"2025-10-26T18:13:07+00:00\",\"mainEntityOfPage\":{\"@id\":\"https:\\\/\\\/diariodelsurdigital.com.ar\\\/?p=5343\"},\"wordCount\":223,\"commentCount\":0,\"image\":{\"@id\":\"https:\\\/\\\/diariodelsurdigital.com.ar\\\/?p=5343#primaryimage\"},\"thumbnailUrl\":\"https:\\\/\\\/diariodelsurdigital.com.ar\\\/wp-content\\\/uploads\\\/2025\\\/10\\\/m_1761494096_64158.webp\",\"articleSection\":[\"Nacionales\",\"Pol\u00edtica\"],\"inLanguage\":\"es\",\"potentialAction\":[{\"@type\":\"CommentAction\",\"name\":\"Comment\",\"target\":[\"https:\\\/\\\/diariodelsurdigital.com.ar\\\/?p=5343#respond\"]}]},{\"@type\":\"WebPage\",\"@id\":\"https:\\\/\\\/diariodelsurdigital.com.ar\\\/?p=5343\",\"url\":\"https:\\\/\\\/diariodelsurdigital.com.ar\\\/?p=5343\",\"name\":\"Al mediod\u00eda, ya vot\u00f3 el 23% del padr\u00f3n a nivel nacional - Diario del Sur\",\"isPartOf\":{\"@id\":\"https:\\\/\\\/diariodelsurdigital.com.ar\\\/#website\"},\"primaryImageOfPage\":{\"@id\":\"https:\\\/\\\/diariodelsurdigital.com.ar\\\/?p=5343#primaryimage\"},\"image\":{\"@id\":\"https:\\\/\\\/diariodelsurdigital.com.ar\\\/?p=5343#primaryimage\"},\"thumbnailUrl\":\"https:\\\/\\\/diariodelsurdigital.com.ar\\\/wp-content\\\/uploads\\\/2025\\\/10\\\/m_1761494096_64158.webp\",\"datePublished\":\"2025-10-26T18:13:06+00:00\",\"dateModified\":\"2025-10-26T18:13:07+00:00\",\"author\":{\"@id\":\"https:\\\/\\\/diariodelsurdigital.com.ar\\\/#\\\/schema\\\/person\\\/6136a32571657f7dba980b88b04c5465\"},\"breadcrumb\":{\"@id\":\"https:\\\/\\\/diariodelsurdigital.com.ar\\\/?p=5343#breadcrumb\"},\"inLanguage\":\"es\",\"potentialAction\":[{\"@type\":\"ReadAction\",\"target\":[\"https:\\\/\\\/diariodelsurdigital.com.ar\\\/?p=5343\"]}]},{\"@type\":\"ImageObject\",\"inLanguage\":\"es\",\"@id\":\"https:\\\/\\\/diariodelsurdigital.com.ar\\\/?p=5343#primaryimage\",\"url\":\"https:\\\/\\\/diariodelsurdigital.com.ar\\\/wp-content\\\/uploads\\\/2025\\\/10\\\/m_1761494096_64158.webp\",\"contentUrl\":\"https:\\\/\\\/diariodelsurdigital.com.ar\\\/wp-content\\\/uploads\\\/2025\\\/10\\\/m_1761494096_64158.webp\",\"width\":765,\"height\":510},{\"@type\":\"BreadcrumbList\",\"@id\":\"https:\\\/\\\/diariodelsurdigital.com.ar\\\/?p=5343#breadcrumb\",\"itemListElement\":[{\"@type\":\"ListItem\",\"position\":1,\"name\":\"Portada\",\"item\":\"https:\\\/\\\/diariodelsurdigital.com.ar\\\/\"},{\"@type\":\"ListItem\",\"position\":2,\"name\":\"Al mediod\u00eda, ya vot\u00f3 el 23% del padr\u00f3n a nivel nacional\"}]},{\"@type\":\"WebSite\",\"@id\":\"https:\\\/\\\/diariodelsurdigital.com.ar\\\/#website\",\"url\":\"https:\\\/\\\/diariodelsurdigital.com.ar\\\/\",\"name\":\"Diario del Sur\",\"description\":\"Digital\",\"potentialAction\":[{\"@type\":\"SearchAction\",\"target\":{\"@type\":\"EntryPoint\",\"urlTemplate\":\"https:\\\/\\\/diariodelsurdigital.com.ar\\\/?s={search_term_string}\"},\"query-input\":{\"@type\":\"PropertyValueSpecification\",\"valueRequired\":true,\"valueName\":\"search_term_string\"}}],\"inLanguage\":\"es\"},{\"@type\":\"Person\",\"@id\":\"https:\\\/\\\/diariodelsurdigital.com.ar\\\/#\\\/schema\\\/person\\\/6136a32571657f7dba980b88b04c5465\",\"name\":\"Diario del Sur Digital\",\"image\":{\"@type\":\"ImageObject\",\"inLanguage\":\"es\",\"@id\":\"https:\\\/\\\/secure.gravatar.com\\\/avatar\\\/4c29ceac98541dd42460b2474aaa5dd37594d6ce6cb3cf2c101d09b48ee287ba?s=96&d=mm&r=g\",\"url\":\"https:\\\/\\\/secure.gravatar.com\\\/avatar\\\/4c29ceac98541dd42460b2474aaa5dd37594d6ce6cb3cf2c101d09b48ee287ba?s=96&d=mm&r=g\",\"contentUrl\":\"https:\\\/\\\/secure.gravatar.com\\\/avatar\\\/4c29ceac98541dd42460b2474aaa5dd37594d6ce6cb3cf2c101d09b48ee287ba?s=96&d=mm&r=g\",\"caption\":\"Diario del Sur Digital\"},\"url\":\"https:\\\/\\\/diariodelsurdigital.com.ar\\\/?author=2\"}]}<\/script>\n<!-- \/ Yoast SEO plugin. -->","yoast_head_json":{"title":"Al mediod\u00eda, ya vot\u00f3 el 23% del padr\u00f3n a nivel nacional - Diario del Sur","robots":{"index":"index","follow":"follow","max-snippet":"max-snippet:-1","max-image-preview":"max-image-preview:large","max-video-preview":"max-video-preview:-1"},"canonical":"https:\/\/diariodelsurdigital.com.ar\/?p=5343","og_locale":"es_ES","og_type":"article","og_title":"Al mediod\u00eda, ya vot\u00f3 el 23% del padr\u00f3n a nivel nacional - Diario del Sur","og_description":"Este domingo, los argentinos se acercan a las urnas para las elecciones legislativas 2025, con m\u00e1s de 36 millones de ciudadanos habilitados para votar. Los argentinos van a las urnas este&nbsp;domingo 26 de octubre&nbsp;en las&nbsp;elecciones legislativas 2025&nbsp;para las que est\u00e1n habilitadas&nbsp;36.478.320&nbsp;personas para votar. En estos comicios a nivel nacional se renovar\u00e1n la mitad de la&nbsp;C\u00e1mara [&hellip;]","og_url":"https:\/\/diariodelsurdigital.com.ar\/?p=5343","og_site_name":"Diario del Sur","article_published_time":"2025-10-26T18:13:06+00:00","article_modified_time":"2025-10-26T18:13:07+00:00","og_image":[{"width":765,"height":510,"url":"https:\/\/diariodelsurdigital.com.ar\/wp-content\/uploads\/2025\/10\/m_1761494096_64158.webp","type":"image\/webp"}],"author":"Diario del Sur Digital","twitter_card":"summary_large_image","twitter_misc":{"Escrito por":"Diario del Sur Digital","Tiempo de lectura":"2 minutos"},"schema":{"@context":"https:\/\/schema.org","@graph":[{"@type":"Article","@id":"https:\/\/diariodelsurdigital.com.ar\/?p=5343#article","isPartOf":{"@id":"https:\/\/diariodelsurdigital.com.ar\/?p=5343"},"author":{"name":"Diario del Sur Digital","@id":"https:\/\/diariodelsurdigital.com.ar\/#\/schema\/person\/6136a32571657f7dba980b88b04c5465"},"headline":"Al mediod\u00eda, ya vot\u00f3 el 23% del padr\u00f3n a nivel nacional","datePublished":"2025-10-26T18:13:06+00:00","dateModified":"2025-10-26T18:13:07+00:00","mainEntityOfPage":{"@id":"https:\/\/diariodelsurdigital.com.ar\/?p=5343"},"wordCount":223,"commentCount":0,"image":{"@id":"https:\/\/diariodelsurdigital.com.ar\/?p=5343#primaryimage"},"thumbnailUrl":"https:\/\/diariodelsurdigital.com.ar\/wp-content\/uploads\/2025\/10\/m_1761494096_64158.webp","articleSection":["Nacionales","Pol\u00edtica"],"inLanguage":"es","potentialAction":[{"@type":"CommentAction","name":"Comment","target":["https:\/\/diariodelsurdigital.com.ar\/?p=5343#respond"]}]},{"@type":"WebPage","@id":"https:\/\/diariodelsurdigital.com.ar\/?p=5343","url":"https:\/\/diariodelsurdigital.com.ar\/?p=5343","name":"Al mediod\u00eda, ya vot\u00f3 el 23% del padr\u00f3n a nivel nacional - Diario del Sur","isPartOf":{"@id":"https:\/\/diariodelsurdigital.com.ar\/#website"},"primaryImageOfPage":{"@id":"https:\/\/diariodelsurdigital.com.ar\/?p=5343#primaryimage"},"image":{"@id":"https:\/\/diariodelsurdigital.com.ar\/?p=5343#primaryimage"},"thumbnailUrl":"https:\/\/diariodelsurdigital.com.ar\/wp-content\/uploads\/2025\/10\/m_1761494096_64158.webp","datePublished":"2025-10-26T18:13:06+00:00","dateModified":"2025-10-26T18:13:07+00:00","author":{"@id":"https:\/\/diariodelsurdigital.com.ar\/#\/schema\/person\/6136a32571657f7dba980b88b04c5465"},"breadcrumb":{"@id":"https:\/\/diariodelsurdigital.com.ar\/?p=5343#breadcrumb"},"inLanguage":"es","potentialAction":[{"@type":"ReadAction","target":["https:\/\/diariodelsurdigital.com.ar\/?p=5343"]}]},{"@type":"ImageObject","inLanguage":"es","@id":"https:\/\/diariodelsurdigital.com.ar\/?p=5343#primaryimage","url":"https:\/\/diariodelsurdigital.com.ar\/wp-content\/uploads\/2025\/10\/m_1761494096_64158.webp","contentUrl":"https:\/\/diariodelsurdigital.com.ar\/wp-content\/uploads\/2025\/10\/m_1761494096_64158.webp","width":765,"height":510},{"@type":"BreadcrumbList","@id":"https:\/\/diariodelsurdigital.com.ar\/?p=5343#breadcrumb","itemListElement":[{"@type":"ListItem","position":1,"name":"Portada","item":"https:\/\/diariodelsurdigital.com.ar\/"},{"@type":"ListItem","position":2,"name":"Al mediod\u00eda, ya vot\u00f3 el 23% del padr\u00f3n a nivel nacional"}]},{"@type":"WebSite","@id":"https:\/\/diariodelsurdigital.com.ar\/#website","url":"https:\/\/diariodelsurdigital.com.ar\/","name":"Diario del Sur","description":"Digital","potentialAction":[{"@type":"SearchAction","target":{"@type":"EntryPoint","urlTemplate":"https:\/\/diariodelsurdigital.com.ar\/?s={search_term_string}"},"query-input":{"@type":"PropertyValueSpecification","valueRequired":true,"valueName":"search_term_string"}}],"inLanguage":"es"},{"@type":"Person","@id":"https:\/\/diariodelsurdigital.com.ar\/#\/schema\/person\/6136a32571657f7dba980b88b04c5465","name":"Diario del Sur Digital","image":{"@type":"ImageObject","inLanguage":"es","@id":"https:\/\/secure.gravatar.com\/avatar\/4c29ceac98541dd42460b2474aaa5dd37594d6ce6cb3cf2c101d09b48ee287ba?s=96&d=mm&r=g","url":"https:\/\/secure.gravatar.com\/avatar\/4c29ceac98541dd42460b2474aaa5dd37594d6ce6cb3cf2c101d09b48ee287ba?s=96&d=mm&r=g","contentUrl":"https:\/\/secure.gravatar.com\/avatar\/4c29ceac98541dd42460b2474aaa5dd37594d6ce6cb3cf2c101d09b48ee287ba?s=96&d=mm&r=g","caption":"Diario del Sur Digital"},"url":"https:\/\/diariodelsurdigital.com.ar\/?author=2"}]}},"_links":{"self":[{"href":"https:\/\/diariodelsurdigital.com.ar\/index.php?rest_route=\/wp\/v2\/posts\/5343","targetHints":{"allow":["GET"]}}],"collection":[{"href":"https:\/\/diariodelsurdigital.com.ar\/index.php?rest_route=\/wp\/v2\/posts"}],"about":[{"href":"https:\/\/diariodelsurdigital.com.ar\/index.php?rest_route=\/wp\/v2\/types\/post"}],"author":[{"embeddable":true,"href":"https:\/\/diariodelsurdigital.com.ar\/index.php?rest_route=\/wp\/v2\/users\/2"}],"replies":[{"embeddable":true,"href":"https:\/\/diariodelsurdigital.com.ar\/index.php?rest_route=%2Fwp%2Fv2%2Fcomments&post=5343"}],"version-history":[{"count":1,"href":"https:\/\/diariodelsurdigital.com.ar\/index.php?rest_route=\/wp\/v2\/posts\/5343\/revisions"}],"predecessor-version":[{"id":5345,"href":"https:\/\/diariodelsurdigital.com.ar\/index.php?rest_route=\/wp\/v2\/posts\/5343\/revisions\/5345"}],"wp:featuredmedia":[{"embeddable":true,"href":"https:\/\/diariodelsurdigital.com.ar\/index.php?rest_route=\/wp\/v2\/media\/5344"}],"wp:attachment":[{"href":"https:\/\/diariodelsurdigital.com.ar\/index.php?rest_route=%2Fwp%2Fv2%2Fmedia&parent=5343"}],"wp:term":[{"taxonomy":"category","embeddable":true,"href":"https:\/\/diariodelsurdigital.com.ar\/index.php?rest_route=%2Fwp%2Fv2%2Fcategories&post=5343"},{"taxonomy":"post_tag","embeddable":true,"href":"https:\/\/diariodelsurdigital.com.ar\/index.php?rest_route=%2Fwp%2Fv2%2Ftags&post=5343"}],"curies":[{"name":"wp","href":"https:\/\/api.w.org\/{rel}","templated":true}]}}