{"id":5349,"date":"2025-10-26T19:08:18","date_gmt":"2025-10-26T22:08:18","guid":{"rendered":"https:\/\/diariodelsurdigital.com.ar\/?p=5349"},"modified":"2025-10-26T19:08:19","modified_gmt":"2025-10-26T22:08:19","slug":"el-director-departamental-de-escuelas-explico-como-es-el-dictado-de-clases-para-este-lunes","status":"publish","type":"post","link":"https:\/\/diariodelsurdigital.com.ar\/?p=5349","title":{"rendered":"El director departamental de Escuelas explic\u00f3 c\u00f3mo es el dictado de clases para este lunes"},"content":{"rendered":"\n<h1 class=\"wp-block-heading\"><\/h1>\n\n\n\n<h4 class=\"wp-block-heading\">Desde la Departamental de Escuelas recordaron que un total de 69 escuelas se vieron afectadas por el acto eleccionario en Concordia y detallaron c\u00f3mo se ver\u00e1 afectado el dictado de clases.<\/h4>\n\n\n\n<p><a target=\"_blank\" href=\"https:\/\/api.whatsapp.com\/send?text=El%20director%20departamental%20de%20Escuelas%20explic%C3%B3%20c%C3%B3mo%20es%20el%20dictado%20de%20clases%20tras%20las%20elecciones%20-%20https:\/\/diarioriouruguay.com\/concordia\/\/elecciones-legislativas-como-afectaran-al-dictado-de-clases.htm\" rel=\"noreferrer noopener\"><\/a><a href=\"https:\/\/diarioriouruguay.com\/concordia\/elecciones-legislativas-como-afectaran-al-dictado-de-clases.htm#\"><\/a><a href=\"javascript:copyLink('aviso', 'URL Copiada');\"><\/a><a href=\"https:\/\/diarioriouruguay.com\/concordia\/elecciones-legislativas-como-afectaran-al-dictado-de-clases.htm#\"><\/a><a target=\"_blank\" href=\"tg:\/\/msg?text=El%20director%20departamental%20de%20Escuelas%20explic%C3%B3%20c%C3%B3mo%20es%20el%20dictado%20de%20clases%20tras%20las%20elecciones-https:\/\/diarioriouruguay.com\/concordia\/\/elecciones-legislativas-como-afectaran-al-dictado-de-clases.htm\" rel=\"noreferrer noopener\"><\/a><a href=\"https:\/\/diarioriouruguay.com\/concordia\/elecciones-legislativas-como-afectaran-al-dictado-de-clases.htm#comentarios\"><\/a><\/p>\n\n\n\n<p>En di\u00e1logo con\u00a0<em>Diario R\u00edo Uruguay<\/em>, el director departamental de Escuelas, profesor Jos\u00e9 Luis Ferrari, detall\u00f3 c\u00f3mo se llevaron a cabo los preparativos para las elecciones legislativas, que tuvieron lugar en diferentes escuelas de la ciudad durante la jornada de este domingo.<\/p>\n\n\n\n<p>Al respecto, se\u00f1al\u00f3 que a todas las escuelas \u201cse les da medio d\u00eda para que realicen la limpieza respectiva\u201d de sus aulas, a excepci\u00f3n de \u201calgunas que pueden llegar a pedir m\u00e1s tiempo porque no les alcanza un turno para limpiar\u201d.<\/p>\n\n\n\n<p>En esos casos, apunt\u00f3 que \u201csi necesitan dos horas m\u00e1s, se les ampliar\u00e1 el tiempo por dos horas y, si no lo necesitan, el turno tarde\u201d dictar\u00e1 clases con normalidad. En otras palabras, explic\u00f3 que \u201cel turno ma\u00f1ana se ver\u00e1 afectado en todas las escuelas\u201d, pero \u201csi no pudieron terminar la limpieza pasado el mediod\u00eda, se les extender\u00e1 el plazo unas horas m\u00e1s\u201d.<\/p>\n\n\n\n<h3 class=\"wp-block-heading\">Turno tarde<\/h3>\n\n\n\n<p>Es as\u00ed que, por el momento, las clases deber\u00e1n dictarse con normalidad en lo que respecta al turno tarde. Sin embargo, Ferrari coment\u00f3 que caso contrario, la comunidad educativa deber\u00eda estar atento a cualquier aviso por parte del personal de la instituci\u00f3n.<\/p>\n\n\n\n<p>Por otro lado, aclar\u00f3 que aquellas escuelas que no prestar\u00e1n sus edificios para las elecciones \u201ctendr\u00e1n clases normales\u201d, dado que \u201csolamente se ver\u00e1n afectadas aquellas en donde se sufraga el voto\u201d.<\/p>\n","protected":false},"excerpt":{"rendered":"<p>Desde la Departamental de Escuelas recordaron que un total de 69 escuelas se vieron afectadas por el acto eleccionario en Concordia y detallaron c\u00f3mo se ver\u00e1 afectado el dictado de clases. En di\u00e1logo con\u00a0Diario R\u00edo Uruguay, el director departamental de Escuelas, profesor Jos\u00e9 Luis Ferrari, detall\u00f3 c\u00f3mo se llevaron a cabo los preparativos para las [&hellip;]<\/p>\n","protected":false},"author":2,"featured_media":5350,"comment_status":"open","ping_status":"open","sticky":false,"template":"","format":"standard","meta":{"footnotes":""},"categories":[19,16],"tags":[],"class_list":{"0":"post-5349","1":"post","2":"type-post","3":"status-publish","4":"format-standard","5":"has-post-thumbnail","7":"category-interes-general","8":"category-locales"},"yoast_head":"<!-- This site is optimized with the Yoast SEO plugin v27.4 - https:\/\/yoast.com\/product\/yoast-seo-wordpress\/ -->\n<title>El director departamental de Escuelas explic\u00f3 c\u00f3mo es el dictado de clases para este lunes - Diario del Sur<\/title>\n<meta name=\"robots\" content=\"index, follow, max-snippet:-1, max-image-preview:large, max-video-preview:-1\" \/>\n<link rel=\"canonical\" href=\"https:\/\/diariodelsurdigital.com.ar\/?p=5349\" \/>\n<meta property=\"og:locale\" content=\"es_ES\" \/>\n<meta property=\"og:type\" content=\"article\" \/>\n<meta property=\"og:title\" content=\"El director departamental de Escuelas explic\u00f3 c\u00f3mo es el dictado de clases para este lunes - Diario del Sur\" \/>\n<meta property=\"og:description\" content=\"Desde la Departamental de Escuelas recordaron que un total de 69 escuelas se vieron afectadas por el acto eleccionario en Concordia y detallaron c\u00f3mo se ver\u00e1 afectado el dictado de clases. En di\u00e1logo con\u00a0Diario R\u00edo Uruguay, el director departamental de Escuelas, profesor Jos\u00e9 Luis Ferrari, detall\u00f3 c\u00f3mo se llevaron a cabo los preparativos para las [&hellip;]\" \/>\n<meta property=\"og:url\" content=\"https:\/\/diariodelsurdigital.com.ar\/?p=5349\" \/>\n<meta property=\"og:site_name\" content=\"Diario del Sur\" \/>\n<meta property=\"article:published_time\" content=\"2025-10-26T22:08:18+00:00\" \/>\n<meta property=\"article:modified_time\" content=\"2025-10-26T22:08:19+00:00\" \/>\n<meta property=\"og:image\" content=\"https:\/\/diariodelsurdigital.com.ar\/wp-content\/uploads\/2025\/10\/l_1753700972_30688.png\" \/>\n\t<meta property=\"og:image:width\" content=\"420\" \/>\n\t<meta property=\"og:image:height\" content=\"280\" \/>\n\t<meta property=\"og:image:type\" content=\"image\/png\" \/>\n<meta name=\"author\" content=\"Diario del Sur Digital\" \/>\n<meta name=\"twitter:card\" content=\"summary_large_image\" \/>\n<meta name=\"twitter:label1\" content=\"Escrito por\" \/>\n\t<meta name=\"twitter:data1\" content=\"Diario del Sur Digital\" \/>\n\t<meta name=\"twitter:label2\" content=\"Tiempo de lectura\" \/>\n\t<meta name=\"twitter:data2\" content=\"2 minutos\" \/>\n<script type=\"application\/ld+json\" class=\"yoast-schema-graph\">{\"@context\":\"https:\\\/\\\/schema.org\",\"@graph\":[{\"@type\":\"Article\",\"@id\":\"https:\\\/\\\/diariodelsurdigital.com.ar\\\/?p=5349#article\",\"isPartOf\":{\"@id\":\"https:\\\/\\\/diariodelsurdigital.com.ar\\\/?p=5349\"},\"author\":{\"name\":\"Diario del Sur Digital\",\"@id\":\"https:\\\/\\\/diariodelsurdigital.com.ar\\\/#\\\/schema\\\/person\\\/6136a32571657f7dba980b88b04c5465\"},\"headline\":\"El director departamental de Escuelas explic\u00f3 c\u00f3mo es el dictado de clases para este lunes\",\"datePublished\":\"2025-10-26T22:08:18+00:00\",\"dateModified\":\"2025-10-26T22:08:19+00:00\",\"mainEntityOfPage\":{\"@id\":\"https:\\\/\\\/diariodelsurdigital.com.ar\\\/?p=5349\"},\"wordCount\":285,\"commentCount\":0,\"image\":{\"@id\":\"https:\\\/\\\/diariodelsurdigital.com.ar\\\/?p=5349#primaryimage\"},\"thumbnailUrl\":\"https:\\\/\\\/diariodelsurdigital.com.ar\\\/wp-content\\\/uploads\\\/2025\\\/10\\\/l_1753700972_30688.png\",\"articleSection\":[\"Inter\u00e9s General\",\"Locales\"],\"inLanguage\":\"es\",\"potentialAction\":[{\"@type\":\"CommentAction\",\"name\":\"Comment\",\"target\":[\"https:\\\/\\\/diariodelsurdigital.com.ar\\\/?p=5349#respond\"]}]},{\"@type\":\"WebPage\",\"@id\":\"https:\\\/\\\/diariodelsurdigital.com.ar\\\/?p=5349\",\"url\":\"https:\\\/\\\/diariodelsurdigital.com.ar\\\/?p=5349\",\"name\":\"El director departamental de Escuelas explic\u00f3 c\u00f3mo es el dictado de clases para este lunes - Diario del Sur\",\"isPartOf\":{\"@id\":\"https:\\\/\\\/diariodelsurdigital.com.ar\\\/#website\"},\"primaryImageOfPage\":{\"@id\":\"https:\\\/\\\/diariodelsurdigital.com.ar\\\/?p=5349#primaryimage\"},\"image\":{\"@id\":\"https:\\\/\\\/diariodelsurdigital.com.ar\\\/?p=5349#primaryimage\"},\"thumbnailUrl\":\"https:\\\/\\\/diariodelsurdigital.com.ar\\\/wp-content\\\/uploads\\\/2025\\\/10\\\/l_1753700972_30688.png\",\"datePublished\":\"2025-10-26T22:08:18+00:00\",\"dateModified\":\"2025-10-26T22:08:19+00:00\",\"author\":{\"@id\":\"https:\\\/\\\/diariodelsurdigital.com.ar\\\/#\\\/schema\\\/person\\\/6136a32571657f7dba980b88b04c5465\"},\"breadcrumb\":{\"@id\":\"https:\\\/\\\/diariodelsurdigital.com.ar\\\/?p=5349#breadcrumb\"},\"inLanguage\":\"es\",\"potentialAction\":[{\"@type\":\"ReadAction\",\"target\":[\"https:\\\/\\\/diariodelsurdigital.com.ar\\\/?p=5349\"]}]},{\"@type\":\"ImageObject\",\"inLanguage\":\"es\",\"@id\":\"https:\\\/\\\/diariodelsurdigital.com.ar\\\/?p=5349#primaryimage\",\"url\":\"https:\\\/\\\/diariodelsurdigital.com.ar\\\/wp-content\\\/uploads\\\/2025\\\/10\\\/l_1753700972_30688.png\",\"contentUrl\":\"https:\\\/\\\/diariodelsurdigital.com.ar\\\/wp-content\\\/uploads\\\/2025\\\/10\\\/l_1753700972_30688.png\",\"width\":420,\"height\":280},{\"@type\":\"BreadcrumbList\",\"@id\":\"https:\\\/\\\/diariodelsurdigital.com.ar\\\/?p=5349#breadcrumb\",\"itemListElement\":[{\"@type\":\"ListItem\",\"position\":1,\"name\":\"Portada\",\"item\":\"https:\\\/\\\/diariodelsurdigital.com.ar\\\/\"},{\"@type\":\"ListItem\",\"position\":2,\"name\":\"El director departamental de Escuelas explic\u00f3 c\u00f3mo es el dictado de clases para este lunes\"}]},{\"@type\":\"WebSite\",\"@id\":\"https:\\\/\\\/diariodelsurdigital.com.ar\\\/#website\",\"url\":\"https:\\\/\\\/diariodelsurdigital.com.ar\\\/\",\"name\":\"Diario del Sur\",\"description\":\"Digital\",\"potentialAction\":[{\"@type\":\"SearchAction\",\"target\":{\"@type\":\"EntryPoint\",\"urlTemplate\":\"https:\\\/\\\/diariodelsurdigital.com.ar\\\/?s={search_term_string}\"},\"query-input\":{\"@type\":\"PropertyValueSpecification\",\"valueRequired\":true,\"valueName\":\"search_term_string\"}}],\"inLanguage\":\"es\"},{\"@type\":\"Person\",\"@id\":\"https:\\\/\\\/diariodelsurdigital.com.ar\\\/#\\\/schema\\\/person\\\/6136a32571657f7dba980b88b04c5465\",\"name\":\"Diario del Sur Digital\",\"image\":{\"@type\":\"ImageObject\",\"inLanguage\":\"es\",\"@id\":\"https:\\\/\\\/secure.gravatar.com\\\/avatar\\\/4c29ceac98541dd42460b2474aaa5dd37594d6ce6cb3cf2c101d09b48ee287ba?s=96&d=mm&r=g\",\"url\":\"https:\\\/\\\/secure.gravatar.com\\\/avatar\\\/4c29ceac98541dd42460b2474aaa5dd37594d6ce6cb3cf2c101d09b48ee287ba?s=96&d=mm&r=g\",\"contentUrl\":\"https:\\\/\\\/secure.gravatar.com\\\/avatar\\\/4c29ceac98541dd42460b2474aaa5dd37594d6ce6cb3cf2c101d09b48ee287ba?s=96&d=mm&r=g\",\"caption\":\"Diario del Sur Digital\"},\"url\":\"https:\\\/\\\/diariodelsurdigital.com.ar\\\/?author=2\"}]}<\/script>\n<!-- \/ Yoast SEO plugin. -->","yoast_head_json":{"title":"El director departamental de Escuelas explic\u00f3 c\u00f3mo es el dictado de clases para este lunes - Diario del Sur","robots":{"index":"index","follow":"follow","max-snippet":"max-snippet:-1","max-image-preview":"max-image-preview:large","max-video-preview":"max-video-preview:-1"},"canonical":"https:\/\/diariodelsurdigital.com.ar\/?p=5349","og_locale":"es_ES","og_type":"article","og_title":"El director departamental de Escuelas explic\u00f3 c\u00f3mo es el dictado de clases para este lunes - Diario del Sur","og_description":"Desde la Departamental de Escuelas recordaron que un total de 69 escuelas se vieron afectadas por el acto eleccionario en Concordia y detallaron c\u00f3mo se ver\u00e1 afectado el dictado de clases. En di\u00e1logo con\u00a0Diario R\u00edo Uruguay, el director departamental de Escuelas, profesor Jos\u00e9 Luis Ferrari, detall\u00f3 c\u00f3mo se llevaron a cabo los preparativos para las [&hellip;]","og_url":"https:\/\/diariodelsurdigital.com.ar\/?p=5349","og_site_name":"Diario del Sur","article_published_time":"2025-10-26T22:08:18+00:00","article_modified_time":"2025-10-26T22:08:19+00:00","og_image":[{"width":420,"height":280,"url":"https:\/\/diariodelsurdigital.com.ar\/wp-content\/uploads\/2025\/10\/l_1753700972_30688.png","type":"image\/png"}],"author":"Diario del Sur Digital","twitter_card":"summary_large_image","twitter_misc":{"Escrito por":"Diario del Sur Digital","Tiempo de lectura":"2 minutos"},"schema":{"@context":"https:\/\/schema.org","@graph":[{"@type":"Article","@id":"https:\/\/diariodelsurdigital.com.ar\/?p=5349#article","isPartOf":{"@id":"https:\/\/diariodelsurdigital.com.ar\/?p=5349"},"author":{"name":"Diario del Sur Digital","@id":"https:\/\/diariodelsurdigital.com.ar\/#\/schema\/person\/6136a32571657f7dba980b88b04c5465"},"headline":"El director departamental de Escuelas explic\u00f3 c\u00f3mo es el dictado de clases para este lunes","datePublished":"2025-10-26T22:08:18+00:00","dateModified":"2025-10-26T22:08:19+00:00","mainEntityOfPage":{"@id":"https:\/\/diariodelsurdigital.com.ar\/?p=5349"},"wordCount":285,"commentCount":0,"image":{"@id":"https:\/\/diariodelsurdigital.com.ar\/?p=5349#primaryimage"},"thumbnailUrl":"https:\/\/diariodelsurdigital.com.ar\/wp-content\/uploads\/2025\/10\/l_1753700972_30688.png","articleSection":["Inter\u00e9s General","Locales"],"inLanguage":"es","potentialAction":[{"@type":"CommentAction","name":"Comment","target":["https:\/\/diariodelsurdigital.com.ar\/?p=5349#respond"]}]},{"@type":"WebPage","@id":"https:\/\/diariodelsurdigital.com.ar\/?p=5349","url":"https:\/\/diariodelsurdigital.com.ar\/?p=5349","name":"El director departamental de Escuelas explic\u00f3 c\u00f3mo es el dictado de clases para este lunes - Diario del Sur","isPartOf":{"@id":"https:\/\/diariodelsurdigital.com.ar\/#website"},"primaryImageOfPage":{"@id":"https:\/\/diariodelsurdigital.com.ar\/?p=5349#primaryimage"},"image":{"@id":"https:\/\/diariodelsurdigital.com.ar\/?p=5349#primaryimage"},"thumbnailUrl":"https:\/\/diariodelsurdigital.com.ar\/wp-content\/uploads\/2025\/10\/l_1753700972_30688.png","datePublished":"2025-10-26T22:08:18+00:00","dateModified":"2025-10-26T22:08:19+00:00","author":{"@id":"https:\/\/diariodelsurdigital.com.ar\/#\/schema\/person\/6136a32571657f7dba980b88b04c5465"},"breadcrumb":{"@id":"https:\/\/diariodelsurdigital.com.ar\/?p=5349#breadcrumb"},"inLanguage":"es","potentialAction":[{"@type":"ReadAction","target":["https:\/\/diariodelsurdigital.com.ar\/?p=5349"]}]},{"@type":"ImageObject","inLanguage":"es","@id":"https:\/\/diariodelsurdigital.com.ar\/?p=5349#primaryimage","url":"https:\/\/diariodelsurdigital.com.ar\/wp-content\/uploads\/2025\/10\/l_1753700972_30688.png","contentUrl":"https:\/\/diariodelsurdigital.com.ar\/wp-content\/uploads\/2025\/10\/l_1753700972_30688.png","width":420,"height":280},{"@type":"BreadcrumbList","@id":"https:\/\/diariodelsurdigital.com.ar\/?p=5349#breadcrumb","itemListElement":[{"@type":"ListItem","position":1,"name":"Portada","item":"https:\/\/diariodelsurdigital.com.ar\/"},{"@type":"ListItem","position":2,"name":"El director departamental de Escuelas explic\u00f3 c\u00f3mo es el dictado de clases para este lunes"}]},{"@type":"WebSite","@id":"https:\/\/diariodelsurdigital.com.ar\/#website","url":"https:\/\/diariodelsurdigital.com.ar\/","name":"Diario del Sur","description":"Digital","potentialAction":[{"@type":"SearchAction","target":{"@type":"EntryPoint","urlTemplate":"https:\/\/diariodelsurdigital.com.ar\/?s={search_term_string}"},"query-input":{"@type":"PropertyValueSpecification","valueRequired":true,"valueName":"search_term_string"}}],"inLanguage":"es"},{"@type":"Person","@id":"https:\/\/diariodelsurdigital.com.ar\/#\/schema\/person\/6136a32571657f7dba980b88b04c5465","name":"Diario del Sur Digital","image":{"@type":"ImageObject","inLanguage":"es","@id":"https:\/\/secure.gravatar.com\/avatar\/4c29ceac98541dd42460b2474aaa5dd37594d6ce6cb3cf2c101d09b48ee287ba?s=96&d=mm&r=g","url":"https:\/\/secure.gravatar.com\/avatar\/4c29ceac98541dd42460b2474aaa5dd37594d6ce6cb3cf2c101d09b48ee287ba?s=96&d=mm&r=g","contentUrl":"https:\/\/secure.gravatar.com\/avatar\/4c29ceac98541dd42460b2474aaa5dd37594d6ce6cb3cf2c101d09b48ee287ba?s=96&d=mm&r=g","caption":"Diario del Sur Digital"},"url":"https:\/\/diariodelsurdigital.com.ar\/?author=2"}]}},"_links":{"self":[{"href":"https:\/\/diariodelsurdigital.com.ar\/index.php?rest_route=\/wp\/v2\/posts\/5349","targetHints":{"allow":["GET"]}}],"collection":[{"href":"https:\/\/diariodelsurdigital.com.ar\/index.php?rest_route=\/wp\/v2\/posts"}],"about":[{"href":"https:\/\/diariodelsurdigital.com.ar\/index.php?rest_route=\/wp\/v2\/types\/post"}],"author":[{"embeddable":true,"href":"https:\/\/diariodelsurdigital.com.ar\/index.php?rest_route=\/wp\/v2\/users\/2"}],"replies":[{"embeddable":true,"href":"https:\/\/diariodelsurdigital.com.ar\/index.php?rest_route=%2Fwp%2Fv2%2Fcomments&post=5349"}],"version-history":[{"count":1,"href":"https:\/\/diariodelsurdigital.com.ar\/index.php?rest_route=\/wp\/v2\/posts\/5349\/revisions"}],"predecessor-version":[{"id":5351,"href":"https:\/\/diariodelsurdigital.com.ar\/index.php?rest_route=\/wp\/v2\/posts\/5349\/revisions\/5351"}],"wp:featuredmedia":[{"embeddable":true,"href":"https:\/\/diariodelsurdigital.com.ar\/index.php?rest_route=\/wp\/v2\/media\/5350"}],"wp:attachment":[{"href":"https:\/\/diariodelsurdigital.com.ar\/index.php?rest_route=%2Fwp%2Fv2%2Fmedia&parent=5349"}],"wp:term":[{"taxonomy":"category","embeddable":true,"href":"https:\/\/diariodelsurdigital.com.ar\/index.php?rest_route=%2Fwp%2Fv2%2Fcategories&post=5349"},{"taxonomy":"post_tag","embeddable":true,"href":"https:\/\/diariodelsurdigital.com.ar\/index.php?rest_route=%2Fwp%2Fv2%2Ftags&post=5349"}],"curies":[{"name":"wp","href":"https:\/\/api.w.org\/{rel}","templated":true}]}}