{"id":5352,"date":"2025-10-26T19:31:40","date_gmt":"2025-10-26T22:31:40","guid":{"rendered":"https:\/\/diariodelsurdigital.com.ar\/?p=5352"},"modified":"2025-10-26T19:31:41","modified_gmt":"2025-10-26T22:31:41","slug":"en-entre-rios-voto-el-73-del-padron-y-nivel-nacional-la-participacion-fue-del-66","status":"publish","type":"post","link":"https:\/\/diariodelsurdigital.com.ar\/?p=5352","title":{"rendered":"En Entre R\u00edos vot\u00f3 el 73% del padr\u00f3n y nivel nacional la participaci\u00f3n fue del 66%"},"content":{"rendered":"\n<h4 class=\"wp-block-heading\">Ning\u00fan analista esperaba para esta elecci\u00f3n una participaci\u00f3n r\u00e9cord. Los n\u00fameros de hoy siguen la tendencia observada en los 10 distritos provinciales en los que se desdoblaron las elecciones provinciales entre abril y septiembre pasado.<a href=\"https:\/\/www.facebook.com\/sharer\/sharer.php?u=https:\/\/www.analisisdigital.com.ar\/provinciales\/2025\/10\/26\/en-entre-rios-voto-el-73-del-padron-y-nivel-nacional-la-participacion-fue-del-66&amp;title=En%20Entre%20R%C3%ADos%20vot%C3%B3%20el%2073%%20del%20padr%C3%B3n%20y%20nivel%20nacional%20la%20participaci%C3%B3n%20fue%20del%2066%\" target=\"_blank\" rel=\"noreferrer noopener\"><\/a><a href=\"https:\/\/twitter.com\/intent\/tweet?text=En%20Entre%20R%C3%ADos%20vot%C3%B3%20el%2073%%20del%20padr%C3%B3n%20y%20nivel%20nacional%20la%20participaci%C3%B3n%20fue%20del%2066%+https:\/\/www.analisisdigital.com.ar\/provinciales\/2025\/10\/26\/en-entre-rios-voto-el-73-del-padron-y-nivel-nacional-la-participacion-fue-del-66\" target=\"_blank\" rel=\"noreferrer noopener\"><\/a><a href=\"https:\/\/wa.me\/?text=https:\/\/www.analisisdigital.com.ar\/provinciales\/2025\/10\/26\/en-entre-rios-voto-el-73-del-padron-y-nivel-nacional-la-participacion-fue-del-66\" target=\"_blank\" rel=\"noreferrer noopener\"><\/a><a href=\"https:\/\/www.linkedin.com\/sharing\/share-offsite\/?url=https:\/\/www.analisisdigital.com.ar\/provinciales\/2025\/10\/26\/en-entre-rios-voto-el-73-del-padron-y-nivel-nacional-la-participacion-fue-del-66\" target=\"_blank\" rel=\"noreferrer noopener\"><\/a><a href=\"mailto:?subject=En%20Entre%20R%C3%ADos%20vot%C3%B3%20el%2073%%20del%20padr%C3%B3n%20y%20nivel%20nacional%20la%20participaci%C3%B3n%20fue%20del%2066%&amp;body=https:\/\/www.analisisdigital.com.ar\/provinciales\/2025\/10\/26\/en-entre-rios-voto-el-73-del-padron-y-nivel-nacional-la-participacion-fue-del-66\" target=\"_blank\" rel=\"noreferrer noopener\"><\/a><a href=\"https:\/\/www.analisisdigital.com.ar\/provinciales\/2025\/10\/26\/en-entre-rios-voto-el-73-del-padron-y-nivel-nacional-la-participacion-fue-del-66#\"><\/a><a href=\"javascript:window.print()\"><\/a><\/h4>\n\n\n\n<p>El porcentaje final de votos en la provincia de Entre R\u00edos, a las 18:08 de este domingo, fue del 73 por ciento. Se trata de un porcentaje mayor que a nivel nacional seg\u00fan las primeras estimaciones.<\/p>\n\n\n\n<p>Seg\u00fan datos oficiales, difundidos apenas termin\u00f3 el escrutinio, la participaci\u00f3n en el proceso electoral de hoy fue del 66%, uno de los valores m\u00e1s bajos a nivel nacional desde el retorno de la democracia. Con ese n\u00famero, el ausentismo alcanz\u00f3 el 34% y sobre las 35.987.634 del padr\u00f3n, se puede concluir que 12.235.796 electores decidieron no votar.<\/p>\n\n\n\n<p>Este m\u00ednimo hist\u00f3rico se suma a la tendencia descendente observada en los \u00faltimos procesos electorales que se registraron en las 10 provincias donde hubo elecciones desdobladas, donde en seis de ellas ni siquiera se alcanz\u00f3 al 60% de participaci\u00f3n. Es m\u00e1s, en las elecciones provinciales del 11 de mayo en Chaco la mitad del electorado no vot\u00f3.<\/p>\n\n\n\n<p>El contexto de malestar social y el hartazgo al deterioro econ\u00f3mico se identifican como los principales factores para la baja afluencia. Distintos consultores pol\u00edticos advirtieron sobre este fen\u00f3meno, atribuyendo el r\u00e9cord de ausentismo a una relaci\u00f3n desgastada de la ciudadan\u00eda con la clase dirigente.<\/p>\n\n\n\n<p>Entre los factores que pudieron incidir en este comportamiento tambi\u00e9n se destacan la desconfianza en las instituciones y en los partidos pol\u00edticos, percepci\u00f3n de corrupci\u00f3n en la clase pol\u00edtica, falta de propuestas que respondan a las necesidades ciudadanas, sensaci\u00f3n de que el voto no produce cambios reales, cansancio ante campa\u00f1as negativas o de polarizaci\u00f3n extrema, proliferaci\u00f3n de noticias falsas y desinformaci\u00f3n, as\u00ed como sentimientos de desencanto por promesas incumplidas, entre otros factores.<\/p>\n\n\n\n<p><em>Infobae<\/em>&nbsp;analiz\u00f3 el comportamiento del electorado desde 2013, en aquellos a\u00f1os en que se eligieron cargos legislativos.<\/p>\n\n\n\n<p>Hist\u00f3ricamente, el promedio de las elecciones desde 2011, -a\u00f1o en que se implementaron las PASO-, fue del 77%, con una baja de 72% en las legislativas de 2021, probablemente influido por efectos de la pandemia. Ese a\u00f1o, en las provincias la concurrencia a votar para el cargo de diputado nacional fue dispar: por ejemplo, se registr\u00f3 63% de participaci\u00f3n en Salta (la m\u00e1s baja) y un pico de 80% en Tucum\u00e1n. Y dos a\u00f1os despu\u00e9s, en 2023, para los cargos legislativos nacionales todas las provincias superaron el 70% de participaci\u00f3n, siendo la m\u00e1s baja Santa Cruz (72,71%) y la m\u00e1s alta Tucum\u00e1n (83%), tal como hab\u00eda ocurrido en este \u00faltimo distrito en la elecci\u00f3n previa.<\/p>\n\n\n\n<p>Por otro lado, podr\u00eda esperarse un incremento del voto en blanco, que hist\u00f3ricamente en las generales fue en promedio del 3%.<\/p>\n\n\n\n<p>El an\u00e1lisis hist\u00f3rico deja en evidencia que en los ciclos iniciales tras el retorno de la democracia, entre 1983 y 1989, en las presidenciales la afluencia super\u00f3 el 85%, mientras que en los \u201890 los niveles rondaron el 82% y se mantuvieron altos niveles de participaci\u00f3n hasta 2015. De ah\u00ed en m\u00e1s, (salvo en las generales de 2019 con 80%), nunca se super\u00f3 ese techo.<\/p>\n\n\n\n<p><strong>Lo que ocurri\u00f3 en las 10 provincias que desdoblaron<\/strong><\/p>\n\n\n\n<p>Ning\u00fan analista esperaba para esta elecci\u00f3n una participaci\u00f3n r\u00e9cord. Seg\u00fan una proyecci\u00f3n elaborada por la Escuela de Gobierno de la Universidad Austral y difundida la semana pasada, la participaci\u00f3n que se esperaba para el d\u00eda de hoy era del 67%, con un piso de 65% y un techo de 69%.<\/p>\n\n\n\n<p>Los indicios fueron las 10 elecciones provinciales que se desarrollaron entre abril y septiembre pasado. En seis de estos casos (San Luis, Salta, Misiones, Santa Fe, CABA y Chaco) ni siquiera se alcanz\u00f3 el 60% de participaci\u00f3n. Y en el resto fue de entre el 61 y el 71%, siendo este el mayor, correspondiente a Corrientes.<\/p>\n\n\n\n<p>Los valores de las 10 elecciones legislativas provinciales fueron: Corrientes 70,95%, Jujuy 68,1%, Formosa 65,8%, Buenos Aires 60,98%, San Luis 59,8%, Salta 57,8%, Misiones 55,4%, Santa Fe 55,4% (para convencionales constituyentes; para los cargos municipales fue del 52%), CABA 53,3% y Chaco 52,3%<\/p>\n\n\n\n<p>En n\u00fameros globales, hubo 25.502.680 personas empadronadas en las 10 provincias donde se celebraron las legislativas provinciales, de las cuales s\u00f3lo votaron 15.139.359, con lo cual se deduce que 10.363.321 de electores no concurrieron a votar. Estos n\u00fameros fueron un indicativo importante para lo que sucedi\u00f3 hoy a nivel nacional, especialmente por la cantidad de votos no emitidos en el territorio bonaerense.<\/p>\n\n\n\n<p>Por el peso electoral de la provincia de Buenos Aires (37% del padr\u00f3n), en las elecciones provinciales de septiembre pasado 5,5 millones de electores bonaerenses optaron por no acudir a las urnas.<\/p>\n\n\n\n<p>El porcentaje de asistencia en estos comicios result\u00f3 de apenas el 60,98%; lo cual implica un ausentismo del 39,02% sobre un padr\u00f3n formado por 14.376.592 votantes, que incluy\u00f3 a 13.361.359 nativos y 1.015.233 extranjeros.<\/p>\n\n\n\n<p>En CABA, el cuarto distrito con m\u00e1s habitantes, fue peor: en t\u00e9rminos porcentuales casi la mitad del padr\u00f3n en mayo no vot\u00f3: 1,4 millones de personas.<\/p>\n\n\n\n<p>Fuente: An\u00e1lisis Digital<\/p>\n","protected":false},"excerpt":{"rendered":"<p>Ning\u00fan analista esperaba para esta elecci\u00f3n una participaci\u00f3n r\u00e9cord. Los n\u00fameros de hoy siguen la tendencia observada en los 10 distritos provinciales en los que se desdoblaron las elecciones provinciales entre abril y septiembre pasado. El porcentaje final de votos en la provincia de Entre R\u00edos, a las 18:08 de este domingo, fue del 73 [&hellip;]<\/p>\n","protected":false},"author":2,"featured_media":5353,"comment_status":"open","ping_status":"open","sticky":false,"template":"","format":"standard","meta":{"footnotes":""},"categories":[22,17],"tags":[],"class_list":{"0":"post-5352","1":"post","2":"type-post","3":"status-publish","4":"format-standard","5":"has-post-thumbnail","7":"category-politica","8":"category-provinciales"},"yoast_head":"<!-- This site is optimized with the Yoast SEO plugin v27.4 - https:\/\/yoast.com\/product\/yoast-seo-wordpress\/ -->\n<title>En Entre R\u00edos vot\u00f3 el 73% del padr\u00f3n y nivel nacional la participaci\u00f3n fue del 66% - Diario del Sur<\/title>\n<meta name=\"robots\" content=\"index, follow, max-snippet:-1, max-image-preview:large, max-video-preview:-1\" \/>\n<link rel=\"canonical\" href=\"https:\/\/diariodelsurdigital.com.ar\/?p=5352\" \/>\n<meta property=\"og:locale\" content=\"es_ES\" \/>\n<meta property=\"og:type\" content=\"article\" \/>\n<meta property=\"og:title\" content=\"En Entre R\u00edos vot\u00f3 el 73% del padr\u00f3n y nivel nacional la participaci\u00f3n fue del 66% - Diario del Sur\" \/>\n<meta property=\"og:description\" content=\"Ning\u00fan analista esperaba para esta elecci\u00f3n una participaci\u00f3n r\u00e9cord. Los n\u00fameros de hoy siguen la tendencia observada en los 10 distritos provinciales en los que se desdoblaron las elecciones provinciales entre abril y septiembre pasado. El porcentaje final de votos en la provincia de Entre R\u00edos, a las 18:08 de este domingo, fue del 73 [&hellip;]\" \/>\n<meta property=\"og:url\" content=\"https:\/\/diariodelsurdigital.com.ar\/?p=5352\" \/>\n<meta property=\"og:site_name\" content=\"Diario del Sur\" \/>\n<meta property=\"article:published_time\" content=\"2025-10-26T22:31:40+00:00\" \/>\n<meta property=\"article:modified_time\" content=\"2025-10-26T22:31:41+00:00\" \/>\n<meta property=\"og:image\" content=\"https:\/\/diariodelsurdigital.com.ar\/wp-content\/uploads\/2025\/10\/9-elecc-itulo-1.png\" \/>\n\t<meta property=\"og:image:width\" content=\"433\" \/>\n\t<meta property=\"og:image:height\" content=\"253\" \/>\n\t<meta property=\"og:image:type\" content=\"image\/png\" \/>\n<meta name=\"author\" content=\"Diario del Sur Digital\" \/>\n<meta name=\"twitter:card\" content=\"summary_large_image\" \/>\n<meta name=\"twitter:label1\" content=\"Escrito por\" \/>\n\t<meta name=\"twitter:data1\" content=\"Diario del Sur Digital\" \/>\n\t<meta name=\"twitter:label2\" content=\"Tiempo de lectura\" \/>\n\t<meta name=\"twitter:data2\" content=\"5 minutos\" \/>\n<script type=\"application\/ld+json\" class=\"yoast-schema-graph\">{\"@context\":\"https:\\\/\\\/schema.org\",\"@graph\":[{\"@type\":\"Article\",\"@id\":\"https:\\\/\\\/diariodelsurdigital.com.ar\\\/?p=5352#article\",\"isPartOf\":{\"@id\":\"https:\\\/\\\/diariodelsurdigital.com.ar\\\/?p=5352\"},\"author\":{\"name\":\"Diario del Sur Digital\",\"@id\":\"https:\\\/\\\/diariodelsurdigital.com.ar\\\/#\\\/schema\\\/person\\\/6136a32571657f7dba980b88b04c5465\"},\"headline\":\"En Entre R\u00edos vot\u00f3 el 73% del padr\u00f3n y nivel nacional la participaci\u00f3n fue del 66%\",\"datePublished\":\"2025-10-26T22:31:40+00:00\",\"dateModified\":\"2025-10-26T22:31:41+00:00\",\"mainEntityOfPage\":{\"@id\":\"https:\\\/\\\/diariodelsurdigital.com.ar\\\/?p=5352\"},\"wordCount\":861,\"commentCount\":0,\"image\":{\"@id\":\"https:\\\/\\\/diariodelsurdigital.com.ar\\\/?p=5352#primaryimage\"},\"thumbnailUrl\":\"https:\\\/\\\/diariodelsurdigital.com.ar\\\/wp-content\\\/uploads\\\/2025\\\/10\\\/9-elecc-itulo-1.png\",\"articleSection\":[\"Pol\u00edtica\",\"Provinciales\"],\"inLanguage\":\"es\",\"potentialAction\":[{\"@type\":\"CommentAction\",\"name\":\"Comment\",\"target\":[\"https:\\\/\\\/diariodelsurdigital.com.ar\\\/?p=5352#respond\"]}]},{\"@type\":\"WebPage\",\"@id\":\"https:\\\/\\\/diariodelsurdigital.com.ar\\\/?p=5352\",\"url\":\"https:\\\/\\\/diariodelsurdigital.com.ar\\\/?p=5352\",\"name\":\"En Entre R\u00edos vot\u00f3 el 73% del padr\u00f3n y nivel nacional la participaci\u00f3n fue del 66% - Diario del Sur\",\"isPartOf\":{\"@id\":\"https:\\\/\\\/diariodelsurdigital.com.ar\\\/#website\"},\"primaryImageOfPage\":{\"@id\":\"https:\\\/\\\/diariodelsurdigital.com.ar\\\/?p=5352#primaryimage\"},\"image\":{\"@id\":\"https:\\\/\\\/diariodelsurdigital.com.ar\\\/?p=5352#primaryimage\"},\"thumbnailUrl\":\"https:\\\/\\\/diariodelsurdigital.com.ar\\\/wp-content\\\/uploads\\\/2025\\\/10\\\/9-elecc-itulo-1.png\",\"datePublished\":\"2025-10-26T22:31:40+00:00\",\"dateModified\":\"2025-10-26T22:31:41+00:00\",\"author\":{\"@id\":\"https:\\\/\\\/diariodelsurdigital.com.ar\\\/#\\\/schema\\\/person\\\/6136a32571657f7dba980b88b04c5465\"},\"breadcrumb\":{\"@id\":\"https:\\\/\\\/diariodelsurdigital.com.ar\\\/?p=5352#breadcrumb\"},\"inLanguage\":\"es\",\"potentialAction\":[{\"@type\":\"ReadAction\",\"target\":[\"https:\\\/\\\/diariodelsurdigital.com.ar\\\/?p=5352\"]}]},{\"@type\":\"ImageObject\",\"inLanguage\":\"es\",\"@id\":\"https:\\\/\\\/diariodelsurdigital.com.ar\\\/?p=5352#primaryimage\",\"url\":\"https:\\\/\\\/diariodelsurdigital.com.ar\\\/wp-content\\\/uploads\\\/2025\\\/10\\\/9-elecc-itulo-1.png\",\"contentUrl\":\"https:\\\/\\\/diariodelsurdigital.com.ar\\\/wp-content\\\/uploads\\\/2025\\\/10\\\/9-elecc-itulo-1.png\",\"width\":433,\"height\":253},{\"@type\":\"BreadcrumbList\",\"@id\":\"https:\\\/\\\/diariodelsurdigital.com.ar\\\/?p=5352#breadcrumb\",\"itemListElement\":[{\"@type\":\"ListItem\",\"position\":1,\"name\":\"Portada\",\"item\":\"https:\\\/\\\/diariodelsurdigital.com.ar\\\/\"},{\"@type\":\"ListItem\",\"position\":2,\"name\":\"En Entre R\u00edos vot\u00f3 el 73% del padr\u00f3n y nivel nacional la participaci\u00f3n fue del 66%\"}]},{\"@type\":\"WebSite\",\"@id\":\"https:\\\/\\\/diariodelsurdigital.com.ar\\\/#website\",\"url\":\"https:\\\/\\\/diariodelsurdigital.com.ar\\\/\",\"name\":\"Diario del Sur\",\"description\":\"Digital\",\"potentialAction\":[{\"@type\":\"SearchAction\",\"target\":{\"@type\":\"EntryPoint\",\"urlTemplate\":\"https:\\\/\\\/diariodelsurdigital.com.ar\\\/?s={search_term_string}\"},\"query-input\":{\"@type\":\"PropertyValueSpecification\",\"valueRequired\":true,\"valueName\":\"search_term_string\"}}],\"inLanguage\":\"es\"},{\"@type\":\"Person\",\"@id\":\"https:\\\/\\\/diariodelsurdigital.com.ar\\\/#\\\/schema\\\/person\\\/6136a32571657f7dba980b88b04c5465\",\"name\":\"Diario del Sur Digital\",\"image\":{\"@type\":\"ImageObject\",\"inLanguage\":\"es\",\"@id\":\"https:\\\/\\\/secure.gravatar.com\\\/avatar\\\/4c29ceac98541dd42460b2474aaa5dd37594d6ce6cb3cf2c101d09b48ee287ba?s=96&d=mm&r=g\",\"url\":\"https:\\\/\\\/secure.gravatar.com\\\/avatar\\\/4c29ceac98541dd42460b2474aaa5dd37594d6ce6cb3cf2c101d09b48ee287ba?s=96&d=mm&r=g\",\"contentUrl\":\"https:\\\/\\\/secure.gravatar.com\\\/avatar\\\/4c29ceac98541dd42460b2474aaa5dd37594d6ce6cb3cf2c101d09b48ee287ba?s=96&d=mm&r=g\",\"caption\":\"Diario del Sur Digital\"},\"url\":\"https:\\\/\\\/diariodelsurdigital.com.ar\\\/?author=2\"}]}<\/script>\n<!-- \/ Yoast SEO plugin. -->","yoast_head_json":{"title":"En Entre R\u00edos vot\u00f3 el 73% del padr\u00f3n y nivel nacional la participaci\u00f3n fue del 66% - Diario del Sur","robots":{"index":"index","follow":"follow","max-snippet":"max-snippet:-1","max-image-preview":"max-image-preview:large","max-video-preview":"max-video-preview:-1"},"canonical":"https:\/\/diariodelsurdigital.com.ar\/?p=5352","og_locale":"es_ES","og_type":"article","og_title":"En Entre R\u00edos vot\u00f3 el 73% del padr\u00f3n y nivel nacional la participaci\u00f3n fue del 66% - Diario del Sur","og_description":"Ning\u00fan analista esperaba para esta elecci\u00f3n una participaci\u00f3n r\u00e9cord. Los n\u00fameros de hoy siguen la tendencia observada en los 10 distritos provinciales en los que se desdoblaron las elecciones provinciales entre abril y septiembre pasado. El porcentaje final de votos en la provincia de Entre R\u00edos, a las 18:08 de este domingo, fue del 73 [&hellip;]","og_url":"https:\/\/diariodelsurdigital.com.ar\/?p=5352","og_site_name":"Diario del Sur","article_published_time":"2025-10-26T22:31:40+00:00","article_modified_time":"2025-10-26T22:31:41+00:00","og_image":[{"width":433,"height":253,"url":"https:\/\/diariodelsurdigital.com.ar\/wp-content\/uploads\/2025\/10\/9-elecc-itulo-1.png","type":"image\/png"}],"author":"Diario del Sur Digital","twitter_card":"summary_large_image","twitter_misc":{"Escrito por":"Diario del Sur Digital","Tiempo de lectura":"5 minutos"},"schema":{"@context":"https:\/\/schema.org","@graph":[{"@type":"Article","@id":"https:\/\/diariodelsurdigital.com.ar\/?p=5352#article","isPartOf":{"@id":"https:\/\/diariodelsurdigital.com.ar\/?p=5352"},"author":{"name":"Diario del Sur Digital","@id":"https:\/\/diariodelsurdigital.com.ar\/#\/schema\/person\/6136a32571657f7dba980b88b04c5465"},"headline":"En Entre R\u00edos vot\u00f3 el 73% del padr\u00f3n y nivel nacional la participaci\u00f3n fue del 66%","datePublished":"2025-10-26T22:31:40+00:00","dateModified":"2025-10-26T22:31:41+00:00","mainEntityOfPage":{"@id":"https:\/\/diariodelsurdigital.com.ar\/?p=5352"},"wordCount":861,"commentCount":0,"image":{"@id":"https:\/\/diariodelsurdigital.com.ar\/?p=5352#primaryimage"},"thumbnailUrl":"https:\/\/diariodelsurdigital.com.ar\/wp-content\/uploads\/2025\/10\/9-elecc-itulo-1.png","articleSection":["Pol\u00edtica","Provinciales"],"inLanguage":"es","potentialAction":[{"@type":"CommentAction","name":"Comment","target":["https:\/\/diariodelsurdigital.com.ar\/?p=5352#respond"]}]},{"@type":"WebPage","@id":"https:\/\/diariodelsurdigital.com.ar\/?p=5352","url":"https:\/\/diariodelsurdigital.com.ar\/?p=5352","name":"En Entre R\u00edos vot\u00f3 el 73% del padr\u00f3n y nivel nacional la participaci\u00f3n fue del 66% - Diario del Sur","isPartOf":{"@id":"https:\/\/diariodelsurdigital.com.ar\/#website"},"primaryImageOfPage":{"@id":"https:\/\/diariodelsurdigital.com.ar\/?p=5352#primaryimage"},"image":{"@id":"https:\/\/diariodelsurdigital.com.ar\/?p=5352#primaryimage"},"thumbnailUrl":"https:\/\/diariodelsurdigital.com.ar\/wp-content\/uploads\/2025\/10\/9-elecc-itulo-1.png","datePublished":"2025-10-26T22:31:40+00:00","dateModified":"2025-10-26T22:31:41+00:00","author":{"@id":"https:\/\/diariodelsurdigital.com.ar\/#\/schema\/person\/6136a32571657f7dba980b88b04c5465"},"breadcrumb":{"@id":"https:\/\/diariodelsurdigital.com.ar\/?p=5352#breadcrumb"},"inLanguage":"es","potentialAction":[{"@type":"ReadAction","target":["https:\/\/diariodelsurdigital.com.ar\/?p=5352"]}]},{"@type":"ImageObject","inLanguage":"es","@id":"https:\/\/diariodelsurdigital.com.ar\/?p=5352#primaryimage","url":"https:\/\/diariodelsurdigital.com.ar\/wp-content\/uploads\/2025\/10\/9-elecc-itulo-1.png","contentUrl":"https:\/\/diariodelsurdigital.com.ar\/wp-content\/uploads\/2025\/10\/9-elecc-itulo-1.png","width":433,"height":253},{"@type":"BreadcrumbList","@id":"https:\/\/diariodelsurdigital.com.ar\/?p=5352#breadcrumb","itemListElement":[{"@type":"ListItem","position":1,"name":"Portada","item":"https:\/\/diariodelsurdigital.com.ar\/"},{"@type":"ListItem","position":2,"name":"En Entre R\u00edos vot\u00f3 el 73% del padr\u00f3n y nivel nacional la participaci\u00f3n fue del 66%"}]},{"@type":"WebSite","@id":"https:\/\/diariodelsurdigital.com.ar\/#website","url":"https:\/\/diariodelsurdigital.com.ar\/","name":"Diario del Sur","description":"Digital","potentialAction":[{"@type":"SearchAction","target":{"@type":"EntryPoint","urlTemplate":"https:\/\/diariodelsurdigital.com.ar\/?s={search_term_string}"},"query-input":{"@type":"PropertyValueSpecification","valueRequired":true,"valueName":"search_term_string"}}],"inLanguage":"es"},{"@type":"Person","@id":"https:\/\/diariodelsurdigital.com.ar\/#\/schema\/person\/6136a32571657f7dba980b88b04c5465","name":"Diario del Sur Digital","image":{"@type":"ImageObject","inLanguage":"es","@id":"https:\/\/secure.gravatar.com\/avatar\/4c29ceac98541dd42460b2474aaa5dd37594d6ce6cb3cf2c101d09b48ee287ba?s=96&d=mm&r=g","url":"https:\/\/secure.gravatar.com\/avatar\/4c29ceac98541dd42460b2474aaa5dd37594d6ce6cb3cf2c101d09b48ee287ba?s=96&d=mm&r=g","contentUrl":"https:\/\/secure.gravatar.com\/avatar\/4c29ceac98541dd42460b2474aaa5dd37594d6ce6cb3cf2c101d09b48ee287ba?s=96&d=mm&r=g","caption":"Diario del Sur Digital"},"url":"https:\/\/diariodelsurdigital.com.ar\/?author=2"}]}},"_links":{"self":[{"href":"https:\/\/diariodelsurdigital.com.ar\/index.php?rest_route=\/wp\/v2\/posts\/5352","targetHints":{"allow":["GET"]}}],"collection":[{"href":"https:\/\/diariodelsurdigital.com.ar\/index.php?rest_route=\/wp\/v2\/posts"}],"about":[{"href":"https:\/\/diariodelsurdigital.com.ar\/index.php?rest_route=\/wp\/v2\/types\/post"}],"author":[{"embeddable":true,"href":"https:\/\/diariodelsurdigital.com.ar\/index.php?rest_route=\/wp\/v2\/users\/2"}],"replies":[{"embeddable":true,"href":"https:\/\/diariodelsurdigital.com.ar\/index.php?rest_route=%2Fwp%2Fv2%2Fcomments&post=5352"}],"version-history":[{"count":1,"href":"https:\/\/diariodelsurdigital.com.ar\/index.php?rest_route=\/wp\/v2\/posts\/5352\/revisions"}],"predecessor-version":[{"id":5354,"href":"https:\/\/diariodelsurdigital.com.ar\/index.php?rest_route=\/wp\/v2\/posts\/5352\/revisions\/5354"}],"wp:featuredmedia":[{"embeddable":true,"href":"https:\/\/diariodelsurdigital.com.ar\/index.php?rest_route=\/wp\/v2\/media\/5353"}],"wp:attachment":[{"href":"https:\/\/diariodelsurdigital.com.ar\/index.php?rest_route=%2Fwp%2Fv2%2Fmedia&parent=5352"}],"wp:term":[{"taxonomy":"category","embeddable":true,"href":"https:\/\/diariodelsurdigital.com.ar\/index.php?rest_route=%2Fwp%2Fv2%2Fcategories&post=5352"},{"taxonomy":"post_tag","embeddable":true,"href":"https:\/\/diariodelsurdigital.com.ar\/index.php?rest_route=%2Fwp%2Fv2%2Ftags&post=5352"}],"curies":[{"name":"wp","href":"https:\/\/api.w.org\/{rel}","templated":true}]}}