{"id":5355,"date":"2025-10-26T21:26:05","date_gmt":"2025-10-27T00:26:05","guid":{"rendered":"https:\/\/diariodelsurdigital.com.ar\/?p=5355"},"modified":"2025-10-26T21:26:06","modified_gmt":"2025-10-27T00:26:06","slug":"azcue-confirmo-el-triunfo-de-la-libertad-avanza-en-concordia","status":"publish","type":"post","link":"https:\/\/diariodelsurdigital.com.ar\/?p=5355","title":{"rendered":"Azcu\u00e9 confirm\u00f3 el triunfo de La Libertad Avanza en Concordia"},"content":{"rendered":"\n<h4 class=\"wp-block-heading\">Tras el cierre de los comicios, el intendente Francisco Azcu\u00e9 remarc\u00f3 que \u201cestamos contentos porque los concordienses y en toda la provincia los entrerrianos han decidido consolidar este rumbo\u00bb.<\/h4>\n\n\n\n<p><a href=\"https:\/\/api.whatsapp.com\/send?text=Azcu%C3%A9%20confirm%C3%B3%20el%20triunfo%20de%20La%20Libertad%20Avanza%20en%20Concordia%20y%20en%20Entre%20R%C3%ADos%20-%20https:\/\/diarioriouruguay.com\/politica\/\/azcue-confirmo-el-triunfo-de-la-libertad-avanza-en-concordia-y-en-entre-rios.htm\" target=\"_blank\" rel=\"noreferrer noopener\"><\/a><a href=\"https:\/\/diarioriouruguay.com\/politica\/azcue-confirmo-el-triunfo-de-la-libertad-avanza-en-concordia-y-en-entre-rios.htm#\"><\/a><a href=\"javascript:copyLink('aviso', 'URL Copiada');\"><\/a><a href=\"https:\/\/diarioriouruguay.com\/politica\/azcue-confirmo-el-triunfo-de-la-libertad-avanza-en-concordia-y-en-entre-rios.htm#\"><\/a><a href=\"tg:\/\/msg?text=Azcu%C3%A9%20confirm%C3%B3%20el%20triunfo%20de%20La%20Libertad%20Avanza%20en%20Concordia%20y%20en%20Entre%20R%C3%ADos-https:\/\/diarioriouruguay.com\/politica\/\/azcue-confirmo-el-triunfo-de-la-libertad-avanza-en-concordia-y-en-entre-rios.htm\" target=\"_blank\" rel=\"noreferrer noopener\"><\/a><a href=\"https:\/\/diarioriouruguay.com\/politica\/azcue-confirmo-el-triunfo-de-la-libertad-avanza-en-concordia-y-en-entre-rios.htm#comentarios\"><\/a>En este sentido, Azcu\u00e9 se\u00f1al\u00f3 que \u201cel rumbo que estamos tomando est\u00e1 en sinton\u00eda con lo que ocurre a nivel nacional y provincial. Estamos de acuerdo con un pa\u00eds donde haya orden, esfuerzo, m\u00e9rito y mano dura contra el delito\u201d, confirmando el resultado favorable para la Alianza en Concordia y en la provincia.<\/p>\n\n\n\n<p>El jefe comunal remarc\u00f3 que \u201cse est\u00e1n haciendo reformas y se est\u00e1 actuando con determinaci\u00f3n\u201d en los tres niveles de gobierno. \u201cSiempre hay mucho para mejorar, pero compartimos los ejes y vamos a seguir en esa direcci\u00f3n\u201d, afirm\u00f3.<\/p>\n\n\n\n<p>Consultado por el a\u00f1o legislativo que se abre, anticip\u00f3 que el proyecto de Presupuesto 2026 \u201crequiere un Estado que haga foco en las prioridades\u201d.<\/p>\n\n\n\n<h3 class=\"wp-block-heading\">Presupuesto 2026 y reforma del Estado municipal<\/h3>\n\n\n\n<p>\u201cVamos a impulsar una reforma funcional, estructural u org\u00e1nica y presupuestaria. Lo m\u00e1s importante es lo funcional: qu\u00e9 debe hacer el Estado y qu\u00e9 no, y en funci\u00f3n de eso orientar los recursos\u201d, explic\u00f3.<\/p>\n\n\n\n<p>Azcu\u00e9 insisti\u00f3 en que el objetivo es \u201cganar eficiencia para destinar m\u00e1s fondos a lo que la gente pide: arreglar calles, infraestructura y redes de servicios\u201d. Y evalu\u00f3 la marcha de la gesti\u00f3n: \u201cEl primer a\u00f1o fue para estabilizar; este segundo, vamos a otra velocidad, y el a\u00f1o que viene va a ser un gran a\u00f1o. Logramos bajar el gasto p\u00fablico y vamos a seguir ordenando\u201d.<\/p>\n\n\n\n<h3 class=\"wp-block-heading\">Contexto de la jornada y datos oficiales<\/h3>\n\n\n\n<p>Los comicios cerraron a las 18 con normalidad en Concordia. La participaci\u00f3n provincial se ubic\u00f3 en torno al 73%, de acuerdo a la Justicia Electoral entrerriana.<\/p>\n\n\n\n<p>Como referencia institucional, la C\u00e1mara Nacional Electoral dispuso que la Direcci\u00f3n Nacional Electoral publique resultados oficiales por distrito, sin una sumatoria nacional, criterio aplicable tambi\u00e9n a Entre R\u00edos.<\/p>\n\n\n\n<p>Cabe remarcar que la provincia no mont\u00f3 un centro de c\u00f3mputos propio; las fuerzas pol\u00edticas locales siguen el recuento con datos oficiales nacionales y reportes de sus bunkers.<\/p>\n\n\n\n<p>Fuente: Diario R\u00edo Uruguay<\/p>\n","protected":false},"excerpt":{"rendered":"<p>Tras el cierre de los comicios, el intendente Francisco Azcu\u00e9 remarc\u00f3 que \u201cestamos contentos porque los concordienses y en toda la provincia los entrerrianos han decidido consolidar este rumbo\u00bb. En este sentido, Azcu\u00e9 se\u00f1al\u00f3 que \u201cel rumbo que estamos tomando est\u00e1 en sinton\u00eda con lo que ocurre a nivel nacional y provincial. Estamos de acuerdo [&hellip;]<\/p>\n","protected":false},"author":2,"featured_media":5356,"comment_status":"open","ping_status":"open","sticky":false,"template":"","format":"standard","meta":{"footnotes":""},"categories":[16,22],"tags":[],"class_list":{"0":"post-5355","1":"post","2":"type-post","3":"status-publish","4":"format-standard","5":"has-post-thumbnail","7":"category-locales","8":"category-politica"},"yoast_head":"<!-- This site is optimized with the Yoast SEO plugin v27.4 - https:\/\/yoast.com\/product\/yoast-seo-wordpress\/ -->\n<title>Azcu\u00e9 confirm\u00f3 el triunfo de La Libertad Avanza en Concordia - Diario del Sur<\/title>\n<meta name=\"robots\" content=\"index, follow, max-snippet:-1, max-image-preview:large, max-video-preview:-1\" \/>\n<link rel=\"canonical\" href=\"https:\/\/diariodelsurdigital.com.ar\/?p=5355\" \/>\n<meta property=\"og:locale\" content=\"es_ES\" \/>\n<meta property=\"og:type\" content=\"article\" \/>\n<meta property=\"og:title\" content=\"Azcu\u00e9 confirm\u00f3 el triunfo de La Libertad Avanza en Concordia - Diario del Sur\" \/>\n<meta property=\"og:description\" content=\"Tras el cierre de los comicios, el intendente Francisco Azcu\u00e9 remarc\u00f3 que \u201cestamos contentos porque los concordienses y en toda la provincia los entrerrianos han decidido consolidar este rumbo\u00bb. En este sentido, Azcu\u00e9 se\u00f1al\u00f3 que \u201cel rumbo que estamos tomando est\u00e1 en sinton\u00eda con lo que ocurre a nivel nacional y provincial. Estamos de acuerdo [&hellip;]\" \/>\n<meta property=\"og:url\" content=\"https:\/\/diariodelsurdigital.com.ar\/?p=5355\" \/>\n<meta property=\"og:site_name\" content=\"Diario del Sur\" \/>\n<meta property=\"article:published_time\" content=\"2025-10-27T00:26:05+00:00\" \/>\n<meta property=\"article:modified_time\" content=\"2025-10-27T00:26:06+00:00\" \/>\n<meta property=\"og:image\" content=\"https:\/\/diariodelsurdigital.com.ar\/wp-content\/uploads\/2025\/10\/l_1761523919_56237.png\" \/>\n\t<meta property=\"og:image:width\" content=\"420\" \/>\n\t<meta property=\"og:image:height\" content=\"280\" \/>\n\t<meta property=\"og:image:type\" content=\"image\/png\" \/>\n<meta name=\"author\" content=\"Diario del Sur Digital\" \/>\n<meta name=\"twitter:card\" content=\"summary_large_image\" \/>\n<meta name=\"twitter:label1\" content=\"Escrito por\" \/>\n\t<meta name=\"twitter:data1\" content=\"Diario del Sur Digital\" \/>\n\t<meta name=\"twitter:label2\" content=\"Tiempo de lectura\" \/>\n\t<meta name=\"twitter:data2\" content=\"2 minutos\" \/>\n<script type=\"application\/ld+json\" class=\"yoast-schema-graph\">{\"@context\":\"https:\\\/\\\/schema.org\",\"@graph\":[{\"@type\":\"Article\",\"@id\":\"https:\\\/\\\/diariodelsurdigital.com.ar\\\/?p=5355#article\",\"isPartOf\":{\"@id\":\"https:\\\/\\\/diariodelsurdigital.com.ar\\\/?p=5355\"},\"author\":{\"name\":\"Diario del Sur Digital\",\"@id\":\"https:\\\/\\\/diariodelsurdigital.com.ar\\\/#\\\/schema\\\/person\\\/6136a32571657f7dba980b88b04c5465\"},\"headline\":\"Azcu\u00e9 confirm\u00f3 el triunfo de La Libertad Avanza en Concordia\",\"datePublished\":\"2025-10-27T00:26:05+00:00\",\"dateModified\":\"2025-10-27T00:26:06+00:00\",\"mainEntityOfPage\":{\"@id\":\"https:\\\/\\\/diariodelsurdigital.com.ar\\\/?p=5355\"},\"wordCount\":375,\"commentCount\":0,\"image\":{\"@id\":\"https:\\\/\\\/diariodelsurdigital.com.ar\\\/?p=5355#primaryimage\"},\"thumbnailUrl\":\"https:\\\/\\\/diariodelsurdigital.com.ar\\\/wp-content\\\/uploads\\\/2025\\\/10\\\/l_1761523919_56237.png\",\"articleSection\":[\"Locales\",\"Pol\u00edtica\"],\"inLanguage\":\"es\",\"potentialAction\":[{\"@type\":\"CommentAction\",\"name\":\"Comment\",\"target\":[\"https:\\\/\\\/diariodelsurdigital.com.ar\\\/?p=5355#respond\"]}]},{\"@type\":\"WebPage\",\"@id\":\"https:\\\/\\\/diariodelsurdigital.com.ar\\\/?p=5355\",\"url\":\"https:\\\/\\\/diariodelsurdigital.com.ar\\\/?p=5355\",\"name\":\"Azcu\u00e9 confirm\u00f3 el triunfo de La Libertad Avanza en Concordia - Diario del Sur\",\"isPartOf\":{\"@id\":\"https:\\\/\\\/diariodelsurdigital.com.ar\\\/#website\"},\"primaryImageOfPage\":{\"@id\":\"https:\\\/\\\/diariodelsurdigital.com.ar\\\/?p=5355#primaryimage\"},\"image\":{\"@id\":\"https:\\\/\\\/diariodelsurdigital.com.ar\\\/?p=5355#primaryimage\"},\"thumbnailUrl\":\"https:\\\/\\\/diariodelsurdigital.com.ar\\\/wp-content\\\/uploads\\\/2025\\\/10\\\/l_1761523919_56237.png\",\"datePublished\":\"2025-10-27T00:26:05+00:00\",\"dateModified\":\"2025-10-27T00:26:06+00:00\",\"author\":{\"@id\":\"https:\\\/\\\/diariodelsurdigital.com.ar\\\/#\\\/schema\\\/person\\\/6136a32571657f7dba980b88b04c5465\"},\"breadcrumb\":{\"@id\":\"https:\\\/\\\/diariodelsurdigital.com.ar\\\/?p=5355#breadcrumb\"},\"inLanguage\":\"es\",\"potentialAction\":[{\"@type\":\"ReadAction\",\"target\":[\"https:\\\/\\\/diariodelsurdigital.com.ar\\\/?p=5355\"]}]},{\"@type\":\"ImageObject\",\"inLanguage\":\"es\",\"@id\":\"https:\\\/\\\/diariodelsurdigital.com.ar\\\/?p=5355#primaryimage\",\"url\":\"https:\\\/\\\/diariodelsurdigital.com.ar\\\/wp-content\\\/uploads\\\/2025\\\/10\\\/l_1761523919_56237.png\",\"contentUrl\":\"https:\\\/\\\/diariodelsurdigital.com.ar\\\/wp-content\\\/uploads\\\/2025\\\/10\\\/l_1761523919_56237.png\",\"width\":420,\"height\":280},{\"@type\":\"BreadcrumbList\",\"@id\":\"https:\\\/\\\/diariodelsurdigital.com.ar\\\/?p=5355#breadcrumb\",\"itemListElement\":[{\"@type\":\"ListItem\",\"position\":1,\"name\":\"Portada\",\"item\":\"https:\\\/\\\/diariodelsurdigital.com.ar\\\/\"},{\"@type\":\"ListItem\",\"position\":2,\"name\":\"Azcu\u00e9 confirm\u00f3 el triunfo de La Libertad Avanza en Concordia\"}]},{\"@type\":\"WebSite\",\"@id\":\"https:\\\/\\\/diariodelsurdigital.com.ar\\\/#website\",\"url\":\"https:\\\/\\\/diariodelsurdigital.com.ar\\\/\",\"name\":\"Diario del Sur\",\"description\":\"Digital\",\"potentialAction\":[{\"@type\":\"SearchAction\",\"target\":{\"@type\":\"EntryPoint\",\"urlTemplate\":\"https:\\\/\\\/diariodelsurdigital.com.ar\\\/?s={search_term_string}\"},\"query-input\":{\"@type\":\"PropertyValueSpecification\",\"valueRequired\":true,\"valueName\":\"search_term_string\"}}],\"inLanguage\":\"es\"},{\"@type\":\"Person\",\"@id\":\"https:\\\/\\\/diariodelsurdigital.com.ar\\\/#\\\/schema\\\/person\\\/6136a32571657f7dba980b88b04c5465\",\"name\":\"Diario del Sur Digital\",\"image\":{\"@type\":\"ImageObject\",\"inLanguage\":\"es\",\"@id\":\"https:\\\/\\\/secure.gravatar.com\\\/avatar\\\/4c29ceac98541dd42460b2474aaa5dd37594d6ce6cb3cf2c101d09b48ee287ba?s=96&d=mm&r=g\",\"url\":\"https:\\\/\\\/secure.gravatar.com\\\/avatar\\\/4c29ceac98541dd42460b2474aaa5dd37594d6ce6cb3cf2c101d09b48ee287ba?s=96&d=mm&r=g\",\"contentUrl\":\"https:\\\/\\\/secure.gravatar.com\\\/avatar\\\/4c29ceac98541dd42460b2474aaa5dd37594d6ce6cb3cf2c101d09b48ee287ba?s=96&d=mm&r=g\",\"caption\":\"Diario del Sur Digital\"},\"url\":\"https:\\\/\\\/diariodelsurdigital.com.ar\\\/?author=2\"}]}<\/script>\n<!-- \/ Yoast SEO plugin. -->","yoast_head_json":{"title":"Azcu\u00e9 confirm\u00f3 el triunfo de La Libertad Avanza en Concordia - Diario del Sur","robots":{"index":"index","follow":"follow","max-snippet":"max-snippet:-1","max-image-preview":"max-image-preview:large","max-video-preview":"max-video-preview:-1"},"canonical":"https:\/\/diariodelsurdigital.com.ar\/?p=5355","og_locale":"es_ES","og_type":"article","og_title":"Azcu\u00e9 confirm\u00f3 el triunfo de La Libertad Avanza en Concordia - Diario del Sur","og_description":"Tras el cierre de los comicios, el intendente Francisco Azcu\u00e9 remarc\u00f3 que \u201cestamos contentos porque los concordienses y en toda la provincia los entrerrianos han decidido consolidar este rumbo\u00bb. En este sentido, Azcu\u00e9 se\u00f1al\u00f3 que \u201cel rumbo que estamos tomando est\u00e1 en sinton\u00eda con lo que ocurre a nivel nacional y provincial. Estamos de acuerdo [&hellip;]","og_url":"https:\/\/diariodelsurdigital.com.ar\/?p=5355","og_site_name":"Diario del Sur","article_published_time":"2025-10-27T00:26:05+00:00","article_modified_time":"2025-10-27T00:26:06+00:00","og_image":[{"width":420,"height":280,"url":"https:\/\/diariodelsurdigital.com.ar\/wp-content\/uploads\/2025\/10\/l_1761523919_56237.png","type":"image\/png"}],"author":"Diario del Sur Digital","twitter_card":"summary_large_image","twitter_misc":{"Escrito por":"Diario del Sur Digital","Tiempo de lectura":"2 minutos"},"schema":{"@context":"https:\/\/schema.org","@graph":[{"@type":"Article","@id":"https:\/\/diariodelsurdigital.com.ar\/?p=5355#article","isPartOf":{"@id":"https:\/\/diariodelsurdigital.com.ar\/?p=5355"},"author":{"name":"Diario del Sur Digital","@id":"https:\/\/diariodelsurdigital.com.ar\/#\/schema\/person\/6136a32571657f7dba980b88b04c5465"},"headline":"Azcu\u00e9 confirm\u00f3 el triunfo de La Libertad Avanza en Concordia","datePublished":"2025-10-27T00:26:05+00:00","dateModified":"2025-10-27T00:26:06+00:00","mainEntityOfPage":{"@id":"https:\/\/diariodelsurdigital.com.ar\/?p=5355"},"wordCount":375,"commentCount":0,"image":{"@id":"https:\/\/diariodelsurdigital.com.ar\/?p=5355#primaryimage"},"thumbnailUrl":"https:\/\/diariodelsurdigital.com.ar\/wp-content\/uploads\/2025\/10\/l_1761523919_56237.png","articleSection":["Locales","Pol\u00edtica"],"inLanguage":"es","potentialAction":[{"@type":"CommentAction","name":"Comment","target":["https:\/\/diariodelsurdigital.com.ar\/?p=5355#respond"]}]},{"@type":"WebPage","@id":"https:\/\/diariodelsurdigital.com.ar\/?p=5355","url":"https:\/\/diariodelsurdigital.com.ar\/?p=5355","name":"Azcu\u00e9 confirm\u00f3 el triunfo de La Libertad Avanza en Concordia - Diario del Sur","isPartOf":{"@id":"https:\/\/diariodelsurdigital.com.ar\/#website"},"primaryImageOfPage":{"@id":"https:\/\/diariodelsurdigital.com.ar\/?p=5355#primaryimage"},"image":{"@id":"https:\/\/diariodelsurdigital.com.ar\/?p=5355#primaryimage"},"thumbnailUrl":"https:\/\/diariodelsurdigital.com.ar\/wp-content\/uploads\/2025\/10\/l_1761523919_56237.png","datePublished":"2025-10-27T00:26:05+00:00","dateModified":"2025-10-27T00:26:06+00:00","author":{"@id":"https:\/\/diariodelsurdigital.com.ar\/#\/schema\/person\/6136a32571657f7dba980b88b04c5465"},"breadcrumb":{"@id":"https:\/\/diariodelsurdigital.com.ar\/?p=5355#breadcrumb"},"inLanguage":"es","potentialAction":[{"@type":"ReadAction","target":["https:\/\/diariodelsurdigital.com.ar\/?p=5355"]}]},{"@type":"ImageObject","inLanguage":"es","@id":"https:\/\/diariodelsurdigital.com.ar\/?p=5355#primaryimage","url":"https:\/\/diariodelsurdigital.com.ar\/wp-content\/uploads\/2025\/10\/l_1761523919_56237.png","contentUrl":"https:\/\/diariodelsurdigital.com.ar\/wp-content\/uploads\/2025\/10\/l_1761523919_56237.png","width":420,"height":280},{"@type":"BreadcrumbList","@id":"https:\/\/diariodelsurdigital.com.ar\/?p=5355#breadcrumb","itemListElement":[{"@type":"ListItem","position":1,"name":"Portada","item":"https:\/\/diariodelsurdigital.com.ar\/"},{"@type":"ListItem","position":2,"name":"Azcu\u00e9 confirm\u00f3 el triunfo de La Libertad Avanza en Concordia"}]},{"@type":"WebSite","@id":"https:\/\/diariodelsurdigital.com.ar\/#website","url":"https:\/\/diariodelsurdigital.com.ar\/","name":"Diario del Sur","description":"Digital","potentialAction":[{"@type":"SearchAction","target":{"@type":"EntryPoint","urlTemplate":"https:\/\/diariodelsurdigital.com.ar\/?s={search_term_string}"},"query-input":{"@type":"PropertyValueSpecification","valueRequired":true,"valueName":"search_term_string"}}],"inLanguage":"es"},{"@type":"Person","@id":"https:\/\/diariodelsurdigital.com.ar\/#\/schema\/person\/6136a32571657f7dba980b88b04c5465","name":"Diario del Sur Digital","image":{"@type":"ImageObject","inLanguage":"es","@id":"https:\/\/secure.gravatar.com\/avatar\/4c29ceac98541dd42460b2474aaa5dd37594d6ce6cb3cf2c101d09b48ee287ba?s=96&d=mm&r=g","url":"https:\/\/secure.gravatar.com\/avatar\/4c29ceac98541dd42460b2474aaa5dd37594d6ce6cb3cf2c101d09b48ee287ba?s=96&d=mm&r=g","contentUrl":"https:\/\/secure.gravatar.com\/avatar\/4c29ceac98541dd42460b2474aaa5dd37594d6ce6cb3cf2c101d09b48ee287ba?s=96&d=mm&r=g","caption":"Diario del Sur Digital"},"url":"https:\/\/diariodelsurdigital.com.ar\/?author=2"}]}},"_links":{"self":[{"href":"https:\/\/diariodelsurdigital.com.ar\/index.php?rest_route=\/wp\/v2\/posts\/5355","targetHints":{"allow":["GET"]}}],"collection":[{"href":"https:\/\/diariodelsurdigital.com.ar\/index.php?rest_route=\/wp\/v2\/posts"}],"about":[{"href":"https:\/\/diariodelsurdigital.com.ar\/index.php?rest_route=\/wp\/v2\/types\/post"}],"author":[{"embeddable":true,"href":"https:\/\/diariodelsurdigital.com.ar\/index.php?rest_route=\/wp\/v2\/users\/2"}],"replies":[{"embeddable":true,"href":"https:\/\/diariodelsurdigital.com.ar\/index.php?rest_route=%2Fwp%2Fv2%2Fcomments&post=5355"}],"version-history":[{"count":1,"href":"https:\/\/diariodelsurdigital.com.ar\/index.php?rest_route=\/wp\/v2\/posts\/5355\/revisions"}],"predecessor-version":[{"id":5357,"href":"https:\/\/diariodelsurdigital.com.ar\/index.php?rest_route=\/wp\/v2\/posts\/5355\/revisions\/5357"}],"wp:featuredmedia":[{"embeddable":true,"href":"https:\/\/diariodelsurdigital.com.ar\/index.php?rest_route=\/wp\/v2\/media\/5356"}],"wp:attachment":[{"href":"https:\/\/diariodelsurdigital.com.ar\/index.php?rest_route=%2Fwp%2Fv2%2Fmedia&parent=5355"}],"wp:term":[{"taxonomy":"category","embeddable":true,"href":"https:\/\/diariodelsurdigital.com.ar\/index.php?rest_route=%2Fwp%2Fv2%2Fcategories&post=5355"},{"taxonomy":"post_tag","embeddable":true,"href":"https:\/\/diariodelsurdigital.com.ar\/index.php?rest_route=%2Fwp%2Fv2%2Ftags&post=5355"}],"curies":[{"name":"wp","href":"https:\/\/api.w.org\/{rel}","templated":true}]}}