{"id":5364,"date":"2025-10-27T09:51:26","date_gmt":"2025-10-27T12:51:26","guid":{"rendered":"https:\/\/diariodelsurdigital.com.ar\/?p=5364"},"modified":"2025-10-27T09:51:27","modified_gmt":"2025-10-27T12:51:27","slug":"quienes-son-los-nuevos-diputados-y-senadores-entrerrianos-que-ingresan-al-congreso","status":"publish","type":"post","link":"https:\/\/diariodelsurdigital.com.ar\/?p=5364","title":{"rendered":"\u00bfQui\u00e9nes son los nuevos diputados y senadores entrerrianos que ingresan al Congreso"},"content":{"rendered":"\n<p>Tras consagrarse como la Lista m\u00e1s votada con un 52,44%, La Alianza La Libertad Avanza (ALLA) sumar\u00e1 tres representantes en Diputados y dos en Senadores. Mientras que Fuerza Entre R\u00edos fue la propuesta electoral m\u00e1s elegida con un 35,69% e incorporar\u00e1 dos diputados y un senador.<\/p>\n\n\n\n<p>Este domingo se llev\u00f3 a cabo la elecci\u00f3n de senadores y diputados nacionales que ingresar\u00e1n al Congreso a partir 10 de diciembre. En Entre R\u00edos se renovar\u00e1n 5 bancas en Diputados y 3 en Senado.<\/p>\n\n\n\n<p>Los datos oficiales arrojaron que Alianza la Libertad Avanza fue la Lista m\u00e1s elegida en la provincia con un 52,44%, mientras que en segundo lugar qued\u00f3 Fuerza Entre R\u00edos, que cosech\u00f3 un 35,69% de los votos.<\/p>\n\n\n\n<p>De esta manera, la Alianza La Libertad Avanza (ALLA) sumar\u00e1 tres representantes en la C\u00e1mara Baja tras consagrarse como la lista m\u00e1s votada: Andr\u00e9s Lauman (LLA), Alicia Fregonese (PRO) y Dar\u00edo Schneider (UCR).<\/p>\n\n\n\n<p>En tanto, Fuerza Entre R\u00edos (PJ) incorporar\u00e1 dos diputados tras quedar en el segundo lugar: Guillermo Michel y Laura Marclay.<\/p>\n\n\n\n<p>En la C\u00e1mara Alta, ALLA incluir\u00e1 sumar\u00e1 senadores: Joaqu\u00edn Benegas Lynch y Romina Almeida. Por su parte, el PJ sumar\u00e1 a Ad\u00e1n Bahl.<\/p>\n\n\n\n<p>\u00bfCu\u00e1les son los legisladores que culminan su mandato este a\u00f1o?<br>En la C\u00e1mara de Diputados, Carolina Gaillard, Tom\u00e1s Ledesma de Uni\u00f3n por la Patria; Marcela Antola de Democracia para Siempre; Nancy Ballejos del PRO y Atilio Benedetti de la UCR culminar\u00e1n su mandato el 10 de diciembre.<\/p>\n\n\n\n<p>Mientras que en la C\u00e1mara de Senadores se ir\u00e1n Alfredo De Angeli (PRO) y Stella Maris Olalla (UCR), y Stefan\u00eda Cora de Uni\u00f3n por la Patria.<\/p>\n","protected":false},"excerpt":{"rendered":"<p>Tras consagrarse como la Lista m\u00e1s votada con un 52,44%, La Alianza La Libertad Avanza (ALLA) sumar\u00e1 tres representantes en Diputados y dos en Senadores. Mientras que Fuerza Entre R\u00edos fue la propuesta electoral m\u00e1s elegida con un 35,69% e incorporar\u00e1 dos diputados y un senador. Este domingo se llev\u00f3 a cabo la elecci\u00f3n de [&hellip;]<\/p>\n","protected":false},"author":4,"featured_media":5365,"comment_status":"open","ping_status":"open","sticky":false,"template":"","format":"standard","meta":{"footnotes":""},"categories":[22],"tags":[],"class_list":{"0":"post-5364","1":"post","2":"type-post","3":"status-publish","4":"format-standard","5":"has-post-thumbnail","7":"category-politica"},"yoast_head":"<!-- This site is optimized with the Yoast SEO plugin v27.4 - https:\/\/yoast.com\/product\/yoast-seo-wordpress\/ -->\n<title>\u00bfQui\u00e9nes son los nuevos diputados y senadores entrerrianos que ingresan al Congreso - Diario del Sur<\/title>\n<meta name=\"robots\" content=\"index, follow, max-snippet:-1, max-image-preview:large, max-video-preview:-1\" \/>\n<link rel=\"canonical\" href=\"https:\/\/diariodelsurdigital.com.ar\/?p=5364\" \/>\n<meta property=\"og:locale\" content=\"es_ES\" \/>\n<meta property=\"og:type\" content=\"article\" \/>\n<meta property=\"og:title\" content=\"\u00bfQui\u00e9nes son los nuevos diputados y senadores entrerrianos que ingresan al Congreso - Diario del Sur\" \/>\n<meta property=\"og:description\" content=\"Tras consagrarse como la Lista m\u00e1s votada con un 52,44%, La Alianza La Libertad Avanza (ALLA) sumar\u00e1 tres representantes en Diputados y dos en Senadores. Mientras que Fuerza Entre R\u00edos fue la propuesta electoral m\u00e1s elegida con un 35,69% e incorporar\u00e1 dos diputados y un senador. Este domingo se llev\u00f3 a cabo la elecci\u00f3n de [&hellip;]\" \/>\n<meta property=\"og:url\" content=\"https:\/\/diariodelsurdigital.com.ar\/?p=5364\" \/>\n<meta property=\"og:site_name\" content=\"Diario del Sur\" \/>\n<meta property=\"article:published_time\" content=\"2025-10-27T12:51:26+00:00\" \/>\n<meta property=\"article:modified_time\" content=\"2025-10-27T12:51:27+00:00\" \/>\n<meta property=\"og:image\" content=\"https:\/\/diariodelsurdigital.com.ar\/wp-content\/uploads\/2025\/10\/md-4-1.webp\" \/>\n\t<meta property=\"og:image:width\" content=\"992\" \/>\n\t<meta property=\"og:image:height\" content=\"660\" \/>\n\t<meta property=\"og:image:type\" content=\"image\/webp\" \/>\n<meta name=\"author\" content=\"Diario del Sur Digital\" \/>\n<meta name=\"twitter:card\" content=\"summary_large_image\" \/>\n<meta name=\"twitter:label1\" content=\"Escrito por\" \/>\n\t<meta name=\"twitter:data1\" content=\"Diario del Sur Digital\" \/>\n\t<meta name=\"twitter:label2\" content=\"Tiempo de lectura\" \/>\n\t<meta name=\"twitter:data2\" content=\"2 minutos\" \/>\n<script type=\"application\/ld+json\" class=\"yoast-schema-graph\">{\"@context\":\"https:\\\/\\\/schema.org\",\"@graph\":[{\"@type\":\"Article\",\"@id\":\"https:\\\/\\\/diariodelsurdigital.com.ar\\\/?p=5364#article\",\"isPartOf\":{\"@id\":\"https:\\\/\\\/diariodelsurdigital.com.ar\\\/?p=5364\"},\"author\":{\"name\":\"Diario del Sur Digital\",\"@id\":\"https:\\\/\\\/diariodelsurdigital.com.ar\\\/#\\\/schema\\\/person\\\/1a4992532ed62965c968031b49195c81\"},\"headline\":\"\u00bfQui\u00e9nes son los nuevos diputados y senadores entrerrianos que ingresan al Congreso\",\"datePublished\":\"2025-10-27T12:51:26+00:00\",\"dateModified\":\"2025-10-27T12:51:27+00:00\",\"mainEntityOfPage\":{\"@id\":\"https:\\\/\\\/diariodelsurdigital.com.ar\\\/?p=5364\"},\"wordCount\":298,\"commentCount\":0,\"image\":{\"@id\":\"https:\\\/\\\/diariodelsurdigital.com.ar\\\/?p=5364#primaryimage\"},\"thumbnailUrl\":\"https:\\\/\\\/diariodelsurdigital.com.ar\\\/wp-content\\\/uploads\\\/2025\\\/10\\\/md-4-1.webp\",\"articleSection\":[\"Pol\u00edtica\"],\"inLanguage\":\"es\",\"potentialAction\":[{\"@type\":\"CommentAction\",\"name\":\"Comment\",\"target\":[\"https:\\\/\\\/diariodelsurdigital.com.ar\\\/?p=5364#respond\"]}]},{\"@type\":\"WebPage\",\"@id\":\"https:\\\/\\\/diariodelsurdigital.com.ar\\\/?p=5364\",\"url\":\"https:\\\/\\\/diariodelsurdigital.com.ar\\\/?p=5364\",\"name\":\"\u00bfQui\u00e9nes son los nuevos diputados y senadores entrerrianos que ingresan al Congreso - Diario del Sur\",\"isPartOf\":{\"@id\":\"https:\\\/\\\/diariodelsurdigital.com.ar\\\/#website\"},\"primaryImageOfPage\":{\"@id\":\"https:\\\/\\\/diariodelsurdigital.com.ar\\\/?p=5364#primaryimage\"},\"image\":{\"@id\":\"https:\\\/\\\/diariodelsurdigital.com.ar\\\/?p=5364#primaryimage\"},\"thumbnailUrl\":\"https:\\\/\\\/diariodelsurdigital.com.ar\\\/wp-content\\\/uploads\\\/2025\\\/10\\\/md-4-1.webp\",\"datePublished\":\"2025-10-27T12:51:26+00:00\",\"dateModified\":\"2025-10-27T12:51:27+00:00\",\"author\":{\"@id\":\"https:\\\/\\\/diariodelsurdigital.com.ar\\\/#\\\/schema\\\/person\\\/1a4992532ed62965c968031b49195c81\"},\"breadcrumb\":{\"@id\":\"https:\\\/\\\/diariodelsurdigital.com.ar\\\/?p=5364#breadcrumb\"},\"inLanguage\":\"es\",\"potentialAction\":[{\"@type\":\"ReadAction\",\"target\":[\"https:\\\/\\\/diariodelsurdigital.com.ar\\\/?p=5364\"]}]},{\"@type\":\"ImageObject\",\"inLanguage\":\"es\",\"@id\":\"https:\\\/\\\/diariodelsurdigital.com.ar\\\/?p=5364#primaryimage\",\"url\":\"https:\\\/\\\/diariodelsurdigital.com.ar\\\/wp-content\\\/uploads\\\/2025\\\/10\\\/md-4-1.webp\",\"contentUrl\":\"https:\\\/\\\/diariodelsurdigital.com.ar\\\/wp-content\\\/uploads\\\/2025\\\/10\\\/md-4-1.webp\",\"width\":992,\"height\":660},{\"@type\":\"BreadcrumbList\",\"@id\":\"https:\\\/\\\/diariodelsurdigital.com.ar\\\/?p=5364#breadcrumb\",\"itemListElement\":[{\"@type\":\"ListItem\",\"position\":1,\"name\":\"Portada\",\"item\":\"https:\\\/\\\/diariodelsurdigital.com.ar\\\/\"},{\"@type\":\"ListItem\",\"position\":2,\"name\":\"\u00bfQui\u00e9nes son los nuevos diputados y senadores entrerrianos que ingresan al Congreso\"}]},{\"@type\":\"WebSite\",\"@id\":\"https:\\\/\\\/diariodelsurdigital.com.ar\\\/#website\",\"url\":\"https:\\\/\\\/diariodelsurdigital.com.ar\\\/\",\"name\":\"Diario del Sur\",\"description\":\"Digital\",\"potentialAction\":[{\"@type\":\"SearchAction\",\"target\":{\"@type\":\"EntryPoint\",\"urlTemplate\":\"https:\\\/\\\/diariodelsurdigital.com.ar\\\/?s={search_term_string}\"},\"query-input\":{\"@type\":\"PropertyValueSpecification\",\"valueRequired\":true,\"valueName\":\"search_term_string\"}}],\"inLanguage\":\"es\"},{\"@type\":\"Person\",\"@id\":\"https:\\\/\\\/diariodelsurdigital.com.ar\\\/#\\\/schema\\\/person\\\/1a4992532ed62965c968031b49195c81\",\"name\":\"Diario del Sur Digital\",\"image\":{\"@type\":\"ImageObject\",\"inLanguage\":\"es\",\"@id\":\"https:\\\/\\\/secure.gravatar.com\\\/avatar\\\/f0c7c47fc7146d19828273b9b8eda651c9c7ab583767e6338d3d3bee825adf76?s=96&d=mm&r=g\",\"url\":\"https:\\\/\\\/secure.gravatar.com\\\/avatar\\\/f0c7c47fc7146d19828273b9b8eda651c9c7ab583767e6338d3d3bee825adf76?s=96&d=mm&r=g\",\"contentUrl\":\"https:\\\/\\\/secure.gravatar.com\\\/avatar\\\/f0c7c47fc7146d19828273b9b8eda651c9c7ab583767e6338d3d3bee825adf76?s=96&d=mm&r=g\",\"caption\":\"Diario del Sur Digital\"},\"url\":\"https:\\\/\\\/diariodelsurdigital.com.ar\\\/?author=4\"}]}<\/script>\n<!-- \/ Yoast SEO plugin. -->","yoast_head_json":{"title":"\u00bfQui\u00e9nes son los nuevos diputados y senadores entrerrianos que ingresan al Congreso - Diario del Sur","robots":{"index":"index","follow":"follow","max-snippet":"max-snippet:-1","max-image-preview":"max-image-preview:large","max-video-preview":"max-video-preview:-1"},"canonical":"https:\/\/diariodelsurdigital.com.ar\/?p=5364","og_locale":"es_ES","og_type":"article","og_title":"\u00bfQui\u00e9nes son los nuevos diputados y senadores entrerrianos que ingresan al Congreso - Diario del Sur","og_description":"Tras consagrarse como la Lista m\u00e1s votada con un 52,44%, La Alianza La Libertad Avanza (ALLA) sumar\u00e1 tres representantes en Diputados y dos en Senadores. Mientras que Fuerza Entre R\u00edos fue la propuesta electoral m\u00e1s elegida con un 35,69% e incorporar\u00e1 dos diputados y un senador. Este domingo se llev\u00f3 a cabo la elecci\u00f3n de [&hellip;]","og_url":"https:\/\/diariodelsurdigital.com.ar\/?p=5364","og_site_name":"Diario del Sur","article_published_time":"2025-10-27T12:51:26+00:00","article_modified_time":"2025-10-27T12:51:27+00:00","og_image":[{"width":992,"height":660,"url":"https:\/\/diariodelsurdigital.com.ar\/wp-content\/uploads\/2025\/10\/md-4-1.webp","type":"image\/webp"}],"author":"Diario del Sur Digital","twitter_card":"summary_large_image","twitter_misc":{"Escrito por":"Diario del Sur Digital","Tiempo de lectura":"2 minutos"},"schema":{"@context":"https:\/\/schema.org","@graph":[{"@type":"Article","@id":"https:\/\/diariodelsurdigital.com.ar\/?p=5364#article","isPartOf":{"@id":"https:\/\/diariodelsurdigital.com.ar\/?p=5364"},"author":{"name":"Diario del Sur Digital","@id":"https:\/\/diariodelsurdigital.com.ar\/#\/schema\/person\/1a4992532ed62965c968031b49195c81"},"headline":"\u00bfQui\u00e9nes son los nuevos diputados y senadores entrerrianos que ingresan al Congreso","datePublished":"2025-10-27T12:51:26+00:00","dateModified":"2025-10-27T12:51:27+00:00","mainEntityOfPage":{"@id":"https:\/\/diariodelsurdigital.com.ar\/?p=5364"},"wordCount":298,"commentCount":0,"image":{"@id":"https:\/\/diariodelsurdigital.com.ar\/?p=5364#primaryimage"},"thumbnailUrl":"https:\/\/diariodelsurdigital.com.ar\/wp-content\/uploads\/2025\/10\/md-4-1.webp","articleSection":["Pol\u00edtica"],"inLanguage":"es","potentialAction":[{"@type":"CommentAction","name":"Comment","target":["https:\/\/diariodelsurdigital.com.ar\/?p=5364#respond"]}]},{"@type":"WebPage","@id":"https:\/\/diariodelsurdigital.com.ar\/?p=5364","url":"https:\/\/diariodelsurdigital.com.ar\/?p=5364","name":"\u00bfQui\u00e9nes son los nuevos diputados y senadores entrerrianos que ingresan al Congreso - Diario del Sur","isPartOf":{"@id":"https:\/\/diariodelsurdigital.com.ar\/#website"},"primaryImageOfPage":{"@id":"https:\/\/diariodelsurdigital.com.ar\/?p=5364#primaryimage"},"image":{"@id":"https:\/\/diariodelsurdigital.com.ar\/?p=5364#primaryimage"},"thumbnailUrl":"https:\/\/diariodelsurdigital.com.ar\/wp-content\/uploads\/2025\/10\/md-4-1.webp","datePublished":"2025-10-27T12:51:26+00:00","dateModified":"2025-10-27T12:51:27+00:00","author":{"@id":"https:\/\/diariodelsurdigital.com.ar\/#\/schema\/person\/1a4992532ed62965c968031b49195c81"},"breadcrumb":{"@id":"https:\/\/diariodelsurdigital.com.ar\/?p=5364#breadcrumb"},"inLanguage":"es","potentialAction":[{"@type":"ReadAction","target":["https:\/\/diariodelsurdigital.com.ar\/?p=5364"]}]},{"@type":"ImageObject","inLanguage":"es","@id":"https:\/\/diariodelsurdigital.com.ar\/?p=5364#primaryimage","url":"https:\/\/diariodelsurdigital.com.ar\/wp-content\/uploads\/2025\/10\/md-4-1.webp","contentUrl":"https:\/\/diariodelsurdigital.com.ar\/wp-content\/uploads\/2025\/10\/md-4-1.webp","width":992,"height":660},{"@type":"BreadcrumbList","@id":"https:\/\/diariodelsurdigital.com.ar\/?p=5364#breadcrumb","itemListElement":[{"@type":"ListItem","position":1,"name":"Portada","item":"https:\/\/diariodelsurdigital.com.ar\/"},{"@type":"ListItem","position":2,"name":"\u00bfQui\u00e9nes son los nuevos diputados y senadores entrerrianos que ingresan al Congreso"}]},{"@type":"WebSite","@id":"https:\/\/diariodelsurdigital.com.ar\/#website","url":"https:\/\/diariodelsurdigital.com.ar\/","name":"Diario del Sur","description":"Digital","potentialAction":[{"@type":"SearchAction","target":{"@type":"EntryPoint","urlTemplate":"https:\/\/diariodelsurdigital.com.ar\/?s={search_term_string}"},"query-input":{"@type":"PropertyValueSpecification","valueRequired":true,"valueName":"search_term_string"}}],"inLanguage":"es"},{"@type":"Person","@id":"https:\/\/diariodelsurdigital.com.ar\/#\/schema\/person\/1a4992532ed62965c968031b49195c81","name":"Diario del Sur Digital","image":{"@type":"ImageObject","inLanguage":"es","@id":"https:\/\/secure.gravatar.com\/avatar\/f0c7c47fc7146d19828273b9b8eda651c9c7ab583767e6338d3d3bee825adf76?s=96&d=mm&r=g","url":"https:\/\/secure.gravatar.com\/avatar\/f0c7c47fc7146d19828273b9b8eda651c9c7ab583767e6338d3d3bee825adf76?s=96&d=mm&r=g","contentUrl":"https:\/\/secure.gravatar.com\/avatar\/f0c7c47fc7146d19828273b9b8eda651c9c7ab583767e6338d3d3bee825adf76?s=96&d=mm&r=g","caption":"Diario del Sur Digital"},"url":"https:\/\/diariodelsurdigital.com.ar\/?author=4"}]}},"_links":{"self":[{"href":"https:\/\/diariodelsurdigital.com.ar\/index.php?rest_route=\/wp\/v2\/posts\/5364","targetHints":{"allow":["GET"]}}],"collection":[{"href":"https:\/\/diariodelsurdigital.com.ar\/index.php?rest_route=\/wp\/v2\/posts"}],"about":[{"href":"https:\/\/diariodelsurdigital.com.ar\/index.php?rest_route=\/wp\/v2\/types\/post"}],"author":[{"embeddable":true,"href":"https:\/\/diariodelsurdigital.com.ar\/index.php?rest_route=\/wp\/v2\/users\/4"}],"replies":[{"embeddable":true,"href":"https:\/\/diariodelsurdigital.com.ar\/index.php?rest_route=%2Fwp%2Fv2%2Fcomments&post=5364"}],"version-history":[{"count":1,"href":"https:\/\/diariodelsurdigital.com.ar\/index.php?rest_route=\/wp\/v2\/posts\/5364\/revisions"}],"predecessor-version":[{"id":5366,"href":"https:\/\/diariodelsurdigital.com.ar\/index.php?rest_route=\/wp\/v2\/posts\/5364\/revisions\/5366"}],"wp:featuredmedia":[{"embeddable":true,"href":"https:\/\/diariodelsurdigital.com.ar\/index.php?rest_route=\/wp\/v2\/media\/5365"}],"wp:attachment":[{"href":"https:\/\/diariodelsurdigital.com.ar\/index.php?rest_route=%2Fwp%2Fv2%2Fmedia&parent=5364"}],"wp:term":[{"taxonomy":"category","embeddable":true,"href":"https:\/\/diariodelsurdigital.com.ar\/index.php?rest_route=%2Fwp%2Fv2%2Fcategories&post=5364"},{"taxonomy":"post_tag","embeddable":true,"href":"https:\/\/diariodelsurdigital.com.ar\/index.php?rest_route=%2Fwp%2Fv2%2Ftags&post=5364"}],"curies":[{"name":"wp","href":"https:\/\/api.w.org\/{rel}","templated":true}]}}