{"id":5367,"date":"2025-10-27T09:53:46","date_gmt":"2025-10-27T12:53:46","guid":{"rendered":"https:\/\/diariodelsurdigital.com.ar\/?p=5367"},"modified":"2025-10-27T09:53:47","modified_gmt":"2025-10-27T12:53:47","slug":"trump-felicito-a-milei-por-la-victoria-en-las-elecciones-el-pueblo-justifico-nuestra-confianza-en-el","status":"publish","type":"post","link":"https:\/\/diariodelsurdigital.com.ar\/?p=5367","title":{"rendered":"Trump felicit\u00f3 a Milei por la victoria en las elecciones: \u00abEl pueblo justific\u00f3 nuestra confianza en \u00e9l\u00bb"},"content":{"rendered":"\n<p>El presidente de Estados Unidos, Donald Trump, salud\u00f3 a Javier Milei tras el contundente triunfo de La Libertad Avanza en las elecciones legislativas de la v\u00edspera. \u201cEl pueblo argentino justific\u00f3 nuestra confianza en \u00e9l\u201d, sostuvo. \u00abGracias Presidente Donald Trump por confiar en el pueblo argentino\u00bb, respondi\u00f3 Milei.<\/p>\n\n\n\n<p>El oficialismo obtuvo un fuerte respaldo en las elecciones legislativas nacionales al superar el 40% de los votos en todo el pa\u00eds. La Libertad Avanza (LLA) se impuso en 16 provincias, incluyendo Buenos Aires, y releg\u00f3 a Fuerza Patria al segundo lugar.<\/p>\n\n\n\n<p>Tras conocerse los resultados, el mandatario estadounidense Donald Trump felicit\u00f3 a Milei por \u201csu aplastante victoria\u201d y asegur\u00f3 que \u201cel pueblo argentino justific\u00f3 nuestra confianza en \u00e9l\u201d. El mensaje fue difundido a trav\u00e9s de su red Truth Social, donde agreg\u00f3: \u201cEst\u00e1 haciendo un trabajo excelente\u201d.<\/p>\n\n\n\n<p>Milei respondi\u00f3 con un mensaje cargado de afinidad: \u201cGracias Presidente Donald Trump por confiar en el pueblo argentino. Usted es un gran amigo de la Rep\u00fablica Argentina. Nuestras naciones nunca debieron dejar de ser aliadas. Nuestros pueblos quieren vivir en libertad. Cuente conmigo para dar la batalla por la civilizaci\u00f3n occidental, que logr\u00f3 sacar de la pobreza a m\u00e1s del 90% de la poblaci\u00f3n mundial\u201d, public\u00f3 \u00c1mbito.<\/p>\n\n\n\n<p>Se fortalece el v\u00ednculo<br>La sinton\u00eda entre ambos l\u00edderes viene fortaleci\u00e9ndose desde hace meses. A mediados de octubre, Milei fue recibido en la Casa Blanca, donde Trump elogi\u00f3 la gesti\u00f3n libertaria pero advirti\u00f3 sobre los riesgos de un eventual triunfo opositor.<\/p>\n\n\n\n<p>\u201cSi un socialista o un comunista gana, te sent\u00eds diferente sobre hacer una inversi\u00f3n\u201d, dijo entonces. Tras la pol\u00e9mica, Milei aclar\u00f3 que se trat\u00f3 de una \u201cmala interpretaci\u00f3n\u201d y que el apoyo norteamericano est\u00e1 garantizado \u201cmientras gobierne alguien que defienda las ideas de la libertad\u201d.<\/p>\n\n\n\n<p>Con el nuevo resultado electoral, el v\u00ednculo entre ambos gobiernos parece ingresar en una fase m\u00e1s estrecha. Desde Washington destacan el alineamiento de la Argentina con la pol\u00edtica exterior estadounidense, especialmente por su postura frente a Israel, China y Venezuela.<\/p>\n\n\n\n<p>\u201cEl presidente Trump tiene una visi\u00f3n clara sobre el orden mundial y est\u00e1 dispuesto a liderar la regi\u00f3n. Considera a la Argentina un aliado, y eso se nota tanto en sus palabras como en sus acciones\u201d, se\u00f1al\u00f3 Milei d\u00edas atr\u00e1s.<\/p>\n\n\n\n<p>La reafirmaci\u00f3n pol\u00edtica se da apenas dos semanas despu\u00e9s del cierre del acuerdo comercial bilateral entre ambos pa\u00edses. Estados Unidos es actualmente el tercer socio comercial de la Argentina, detr\u00e1s de Brasil y China.<\/p>\n\n\n\n<p>Durante su encuentro con Milei en Washington, Trump adelant\u00f3 que su pa\u00eds \u201cpodr\u00eda comprar m\u00e1s carne argentina\u201d como parte de la mejora de las relaciones econ\u00f3micas. \u201cSi lo hacemos, bajaremos los precios de la carne\u201d, dijo el mandatario estadounidense ante periodistas.<\/p>\n\n\n\n<p>Adem\u00e1s del incremento de las exportaciones, el paquete de cooperaci\u00f3n incluye un swap de u$s20.000 millones, la posibilidad de cr\u00e9ditos por otros u$s20.000 millones de bancos privados y una intervenci\u00f3n del Tesoro norteamericano en el mercado local para estabilizar el d\u00f3lar y el riesgo pa\u00eds durante el proceso electoral.<\/p>\n","protected":false},"excerpt":{"rendered":"<p>El presidente de Estados Unidos, Donald Trump, salud\u00f3 a Javier Milei tras el contundente triunfo de La Libertad Avanza en las elecciones legislativas de la v\u00edspera. \u201cEl pueblo argentino justific\u00f3 nuestra confianza en \u00e9l\u201d, sostuvo. \u00abGracias Presidente Donald Trump por confiar en el pueblo argentino\u00bb, respondi\u00f3 Milei. El oficialismo obtuvo un fuerte respaldo en las [&hellip;]<\/p>\n","protected":false},"author":4,"featured_media":5368,"comment_status":"open","ping_status":"open","sticky":false,"template":"","format":"standard","meta":{"footnotes":""},"categories":[20],"tags":[],"class_list":{"0":"post-5367","1":"post","2":"type-post","3":"status-publish","4":"format-standard","5":"has-post-thumbnail","7":"category-internacionales"},"yoast_head":"<!-- This site is optimized with the Yoast SEO plugin v27.4 - https:\/\/yoast.com\/product\/yoast-seo-wordpress\/ -->\n<title>Trump felicit\u00f3 a Milei por la victoria en las elecciones: &quot;El pueblo justific\u00f3 nuestra confianza en \u00e9l&quot; - Diario del Sur<\/title>\n<meta name=\"robots\" content=\"index, follow, max-snippet:-1, max-image-preview:large, max-video-preview:-1\" \/>\n<link rel=\"canonical\" href=\"https:\/\/diariodelsurdigital.com.ar\/?p=5367\" \/>\n<meta property=\"og:locale\" content=\"es_ES\" \/>\n<meta property=\"og:type\" content=\"article\" \/>\n<meta property=\"og:title\" content=\"Trump felicit\u00f3 a Milei por la victoria en las elecciones: &quot;El pueblo justific\u00f3 nuestra confianza en \u00e9l&quot; - Diario del Sur\" \/>\n<meta property=\"og:description\" content=\"El presidente de Estados Unidos, Donald Trump, salud\u00f3 a Javier Milei tras el contundente triunfo de La Libertad Avanza en las elecciones legislativas de la v\u00edspera. \u201cEl pueblo argentino justific\u00f3 nuestra confianza en \u00e9l\u201d, sostuvo. \u00abGracias Presidente Donald Trump por confiar en el pueblo argentino\u00bb, respondi\u00f3 Milei. El oficialismo obtuvo un fuerte respaldo en las [&hellip;]\" \/>\n<meta property=\"og:url\" content=\"https:\/\/diariodelsurdigital.com.ar\/?p=5367\" \/>\n<meta property=\"og:site_name\" content=\"Diario del Sur\" \/>\n<meta property=\"article:published_time\" content=\"2025-10-27T12:53:46+00:00\" \/>\n<meta property=\"article:modified_time\" content=\"2025-10-27T12:53:47+00:00\" \/>\n<meta property=\"og:image\" content=\"https:\/\/diariodelsurdigital.com.ar\/wp-content\/uploads\/2025\/10\/md-5-1.webp\" \/>\n\t<meta property=\"og:image:width\" content=\"992\" \/>\n\t<meta property=\"og:image:height\" content=\"557\" \/>\n\t<meta property=\"og:image:type\" content=\"image\/webp\" \/>\n<meta name=\"author\" content=\"Diario del Sur Digital\" \/>\n<meta name=\"twitter:card\" content=\"summary_large_image\" \/>\n<meta name=\"twitter:label1\" content=\"Escrito por\" \/>\n\t<meta name=\"twitter:data1\" content=\"Diario del Sur Digital\" \/>\n\t<meta name=\"twitter:label2\" content=\"Tiempo de lectura\" \/>\n\t<meta name=\"twitter:data2\" content=\"3 minutos\" \/>\n<script type=\"application\/ld+json\" class=\"yoast-schema-graph\">{\"@context\":\"https:\\\/\\\/schema.org\",\"@graph\":[{\"@type\":\"Article\",\"@id\":\"https:\\\/\\\/diariodelsurdigital.com.ar\\\/?p=5367#article\",\"isPartOf\":{\"@id\":\"https:\\\/\\\/diariodelsurdigital.com.ar\\\/?p=5367\"},\"author\":{\"name\":\"Diario del Sur Digital\",\"@id\":\"https:\\\/\\\/diariodelsurdigital.com.ar\\\/#\\\/schema\\\/person\\\/1a4992532ed62965c968031b49195c81\"},\"headline\":\"Trump felicit\u00f3 a Milei por la victoria en las elecciones: \u00abEl pueblo justific\u00f3 nuestra confianza en \u00e9l\u00bb\",\"datePublished\":\"2025-10-27T12:53:46+00:00\",\"dateModified\":\"2025-10-27T12:53:47+00:00\",\"mainEntityOfPage\":{\"@id\":\"https:\\\/\\\/diariodelsurdigital.com.ar\\\/?p=5367\"},\"wordCount\":545,\"commentCount\":0,\"image\":{\"@id\":\"https:\\\/\\\/diariodelsurdigital.com.ar\\\/?p=5367#primaryimage\"},\"thumbnailUrl\":\"https:\\\/\\\/diariodelsurdigital.com.ar\\\/wp-content\\\/uploads\\\/2025\\\/10\\\/md-5-1.webp\",\"articleSection\":[\"Internacionales\"],\"inLanguage\":\"es\",\"potentialAction\":[{\"@type\":\"CommentAction\",\"name\":\"Comment\",\"target\":[\"https:\\\/\\\/diariodelsurdigital.com.ar\\\/?p=5367#respond\"]}]},{\"@type\":\"WebPage\",\"@id\":\"https:\\\/\\\/diariodelsurdigital.com.ar\\\/?p=5367\",\"url\":\"https:\\\/\\\/diariodelsurdigital.com.ar\\\/?p=5367\",\"name\":\"Trump felicit\u00f3 a Milei por la victoria en las elecciones: \\\"El pueblo justific\u00f3 nuestra confianza en \u00e9l\\\" - Diario del Sur\",\"isPartOf\":{\"@id\":\"https:\\\/\\\/diariodelsurdigital.com.ar\\\/#website\"},\"primaryImageOfPage\":{\"@id\":\"https:\\\/\\\/diariodelsurdigital.com.ar\\\/?p=5367#primaryimage\"},\"image\":{\"@id\":\"https:\\\/\\\/diariodelsurdigital.com.ar\\\/?p=5367#primaryimage\"},\"thumbnailUrl\":\"https:\\\/\\\/diariodelsurdigital.com.ar\\\/wp-content\\\/uploads\\\/2025\\\/10\\\/md-5-1.webp\",\"datePublished\":\"2025-10-27T12:53:46+00:00\",\"dateModified\":\"2025-10-27T12:53:47+00:00\",\"author\":{\"@id\":\"https:\\\/\\\/diariodelsurdigital.com.ar\\\/#\\\/schema\\\/person\\\/1a4992532ed62965c968031b49195c81\"},\"breadcrumb\":{\"@id\":\"https:\\\/\\\/diariodelsurdigital.com.ar\\\/?p=5367#breadcrumb\"},\"inLanguage\":\"es\",\"potentialAction\":[{\"@type\":\"ReadAction\",\"target\":[\"https:\\\/\\\/diariodelsurdigital.com.ar\\\/?p=5367\"]}]},{\"@type\":\"ImageObject\",\"inLanguage\":\"es\",\"@id\":\"https:\\\/\\\/diariodelsurdigital.com.ar\\\/?p=5367#primaryimage\",\"url\":\"https:\\\/\\\/diariodelsurdigital.com.ar\\\/wp-content\\\/uploads\\\/2025\\\/10\\\/md-5-1.webp\",\"contentUrl\":\"https:\\\/\\\/diariodelsurdigital.com.ar\\\/wp-content\\\/uploads\\\/2025\\\/10\\\/md-5-1.webp\",\"width\":992,\"height\":557},{\"@type\":\"BreadcrumbList\",\"@id\":\"https:\\\/\\\/diariodelsurdigital.com.ar\\\/?p=5367#breadcrumb\",\"itemListElement\":[{\"@type\":\"ListItem\",\"position\":1,\"name\":\"Portada\",\"item\":\"https:\\\/\\\/diariodelsurdigital.com.ar\\\/\"},{\"@type\":\"ListItem\",\"position\":2,\"name\":\"Trump felicit\u00f3 a Milei por la victoria en las elecciones: \u00abEl pueblo justific\u00f3 nuestra confianza en \u00e9l\u00bb\"}]},{\"@type\":\"WebSite\",\"@id\":\"https:\\\/\\\/diariodelsurdigital.com.ar\\\/#website\",\"url\":\"https:\\\/\\\/diariodelsurdigital.com.ar\\\/\",\"name\":\"Diario del Sur\",\"description\":\"Digital\",\"potentialAction\":[{\"@type\":\"SearchAction\",\"target\":{\"@type\":\"EntryPoint\",\"urlTemplate\":\"https:\\\/\\\/diariodelsurdigital.com.ar\\\/?s={search_term_string}\"},\"query-input\":{\"@type\":\"PropertyValueSpecification\",\"valueRequired\":true,\"valueName\":\"search_term_string\"}}],\"inLanguage\":\"es\"},{\"@type\":\"Person\",\"@id\":\"https:\\\/\\\/diariodelsurdigital.com.ar\\\/#\\\/schema\\\/person\\\/1a4992532ed62965c968031b49195c81\",\"name\":\"Diario del Sur Digital\",\"image\":{\"@type\":\"ImageObject\",\"inLanguage\":\"es\",\"@id\":\"https:\\\/\\\/secure.gravatar.com\\\/avatar\\\/f0c7c47fc7146d19828273b9b8eda651c9c7ab583767e6338d3d3bee825adf76?s=96&d=mm&r=g\",\"url\":\"https:\\\/\\\/secure.gravatar.com\\\/avatar\\\/f0c7c47fc7146d19828273b9b8eda651c9c7ab583767e6338d3d3bee825adf76?s=96&d=mm&r=g\",\"contentUrl\":\"https:\\\/\\\/secure.gravatar.com\\\/avatar\\\/f0c7c47fc7146d19828273b9b8eda651c9c7ab583767e6338d3d3bee825adf76?s=96&d=mm&r=g\",\"caption\":\"Diario del Sur Digital\"},\"url\":\"https:\\\/\\\/diariodelsurdigital.com.ar\\\/?author=4\"}]}<\/script>\n<!-- \/ Yoast SEO plugin. -->","yoast_head_json":{"title":"Trump felicit\u00f3 a Milei por la victoria en las elecciones: \"El pueblo justific\u00f3 nuestra confianza en \u00e9l\" - Diario del Sur","robots":{"index":"index","follow":"follow","max-snippet":"max-snippet:-1","max-image-preview":"max-image-preview:large","max-video-preview":"max-video-preview:-1"},"canonical":"https:\/\/diariodelsurdigital.com.ar\/?p=5367","og_locale":"es_ES","og_type":"article","og_title":"Trump felicit\u00f3 a Milei por la victoria en las elecciones: \"El pueblo justific\u00f3 nuestra confianza en \u00e9l\" - Diario del Sur","og_description":"El presidente de Estados Unidos, Donald Trump, salud\u00f3 a Javier Milei tras el contundente triunfo de La Libertad Avanza en las elecciones legislativas de la v\u00edspera. \u201cEl pueblo argentino justific\u00f3 nuestra confianza en \u00e9l\u201d, sostuvo. \u00abGracias Presidente Donald Trump por confiar en el pueblo argentino\u00bb, respondi\u00f3 Milei. El oficialismo obtuvo un fuerte respaldo en las [&hellip;]","og_url":"https:\/\/diariodelsurdigital.com.ar\/?p=5367","og_site_name":"Diario del Sur","article_published_time":"2025-10-27T12:53:46+00:00","article_modified_time":"2025-10-27T12:53:47+00:00","og_image":[{"width":992,"height":557,"url":"https:\/\/diariodelsurdigital.com.ar\/wp-content\/uploads\/2025\/10\/md-5-1.webp","type":"image\/webp"}],"author":"Diario del Sur Digital","twitter_card":"summary_large_image","twitter_misc":{"Escrito por":"Diario del Sur Digital","Tiempo de lectura":"3 minutos"},"schema":{"@context":"https:\/\/schema.org","@graph":[{"@type":"Article","@id":"https:\/\/diariodelsurdigital.com.ar\/?p=5367#article","isPartOf":{"@id":"https:\/\/diariodelsurdigital.com.ar\/?p=5367"},"author":{"name":"Diario del Sur Digital","@id":"https:\/\/diariodelsurdigital.com.ar\/#\/schema\/person\/1a4992532ed62965c968031b49195c81"},"headline":"Trump felicit\u00f3 a Milei por la victoria en las elecciones: \u00abEl pueblo justific\u00f3 nuestra confianza en \u00e9l\u00bb","datePublished":"2025-10-27T12:53:46+00:00","dateModified":"2025-10-27T12:53:47+00:00","mainEntityOfPage":{"@id":"https:\/\/diariodelsurdigital.com.ar\/?p=5367"},"wordCount":545,"commentCount":0,"image":{"@id":"https:\/\/diariodelsurdigital.com.ar\/?p=5367#primaryimage"},"thumbnailUrl":"https:\/\/diariodelsurdigital.com.ar\/wp-content\/uploads\/2025\/10\/md-5-1.webp","articleSection":["Internacionales"],"inLanguage":"es","potentialAction":[{"@type":"CommentAction","name":"Comment","target":["https:\/\/diariodelsurdigital.com.ar\/?p=5367#respond"]}]},{"@type":"WebPage","@id":"https:\/\/diariodelsurdigital.com.ar\/?p=5367","url":"https:\/\/diariodelsurdigital.com.ar\/?p=5367","name":"Trump felicit\u00f3 a Milei por la victoria en las elecciones: \"El pueblo justific\u00f3 nuestra confianza en \u00e9l\" - Diario del Sur","isPartOf":{"@id":"https:\/\/diariodelsurdigital.com.ar\/#website"},"primaryImageOfPage":{"@id":"https:\/\/diariodelsurdigital.com.ar\/?p=5367#primaryimage"},"image":{"@id":"https:\/\/diariodelsurdigital.com.ar\/?p=5367#primaryimage"},"thumbnailUrl":"https:\/\/diariodelsurdigital.com.ar\/wp-content\/uploads\/2025\/10\/md-5-1.webp","datePublished":"2025-10-27T12:53:46+00:00","dateModified":"2025-10-27T12:53:47+00:00","author":{"@id":"https:\/\/diariodelsurdigital.com.ar\/#\/schema\/person\/1a4992532ed62965c968031b49195c81"},"breadcrumb":{"@id":"https:\/\/diariodelsurdigital.com.ar\/?p=5367#breadcrumb"},"inLanguage":"es","potentialAction":[{"@type":"ReadAction","target":["https:\/\/diariodelsurdigital.com.ar\/?p=5367"]}]},{"@type":"ImageObject","inLanguage":"es","@id":"https:\/\/diariodelsurdigital.com.ar\/?p=5367#primaryimage","url":"https:\/\/diariodelsurdigital.com.ar\/wp-content\/uploads\/2025\/10\/md-5-1.webp","contentUrl":"https:\/\/diariodelsurdigital.com.ar\/wp-content\/uploads\/2025\/10\/md-5-1.webp","width":992,"height":557},{"@type":"BreadcrumbList","@id":"https:\/\/diariodelsurdigital.com.ar\/?p=5367#breadcrumb","itemListElement":[{"@type":"ListItem","position":1,"name":"Portada","item":"https:\/\/diariodelsurdigital.com.ar\/"},{"@type":"ListItem","position":2,"name":"Trump felicit\u00f3 a Milei por la victoria en las elecciones: \u00abEl pueblo justific\u00f3 nuestra confianza en \u00e9l\u00bb"}]},{"@type":"WebSite","@id":"https:\/\/diariodelsurdigital.com.ar\/#website","url":"https:\/\/diariodelsurdigital.com.ar\/","name":"Diario del Sur","description":"Digital","potentialAction":[{"@type":"SearchAction","target":{"@type":"EntryPoint","urlTemplate":"https:\/\/diariodelsurdigital.com.ar\/?s={search_term_string}"},"query-input":{"@type":"PropertyValueSpecification","valueRequired":true,"valueName":"search_term_string"}}],"inLanguage":"es"},{"@type":"Person","@id":"https:\/\/diariodelsurdigital.com.ar\/#\/schema\/person\/1a4992532ed62965c968031b49195c81","name":"Diario del Sur Digital","image":{"@type":"ImageObject","inLanguage":"es","@id":"https:\/\/secure.gravatar.com\/avatar\/f0c7c47fc7146d19828273b9b8eda651c9c7ab583767e6338d3d3bee825adf76?s=96&d=mm&r=g","url":"https:\/\/secure.gravatar.com\/avatar\/f0c7c47fc7146d19828273b9b8eda651c9c7ab583767e6338d3d3bee825adf76?s=96&d=mm&r=g","contentUrl":"https:\/\/secure.gravatar.com\/avatar\/f0c7c47fc7146d19828273b9b8eda651c9c7ab583767e6338d3d3bee825adf76?s=96&d=mm&r=g","caption":"Diario del Sur Digital"},"url":"https:\/\/diariodelsurdigital.com.ar\/?author=4"}]}},"_links":{"self":[{"href":"https:\/\/diariodelsurdigital.com.ar\/index.php?rest_route=\/wp\/v2\/posts\/5367","targetHints":{"allow":["GET"]}}],"collection":[{"href":"https:\/\/diariodelsurdigital.com.ar\/index.php?rest_route=\/wp\/v2\/posts"}],"about":[{"href":"https:\/\/diariodelsurdigital.com.ar\/index.php?rest_route=\/wp\/v2\/types\/post"}],"author":[{"embeddable":true,"href":"https:\/\/diariodelsurdigital.com.ar\/index.php?rest_route=\/wp\/v2\/users\/4"}],"replies":[{"embeddable":true,"href":"https:\/\/diariodelsurdigital.com.ar\/index.php?rest_route=%2Fwp%2Fv2%2Fcomments&post=5367"}],"version-history":[{"count":1,"href":"https:\/\/diariodelsurdigital.com.ar\/index.php?rest_route=\/wp\/v2\/posts\/5367\/revisions"}],"predecessor-version":[{"id":5369,"href":"https:\/\/diariodelsurdigital.com.ar\/index.php?rest_route=\/wp\/v2\/posts\/5367\/revisions\/5369"}],"wp:featuredmedia":[{"embeddable":true,"href":"https:\/\/diariodelsurdigital.com.ar\/index.php?rest_route=\/wp\/v2\/media\/5368"}],"wp:attachment":[{"href":"https:\/\/diariodelsurdigital.com.ar\/index.php?rest_route=%2Fwp%2Fv2%2Fmedia&parent=5367"}],"wp:term":[{"taxonomy":"category","embeddable":true,"href":"https:\/\/diariodelsurdigital.com.ar\/index.php?rest_route=%2Fwp%2Fv2%2Fcategories&post=5367"},{"taxonomy":"post_tag","embeddable":true,"href":"https:\/\/diariodelsurdigital.com.ar\/index.php?rest_route=%2Fwp%2Fv2%2Ftags&post=5367"}],"curies":[{"name":"wp","href":"https:\/\/api.w.org\/{rel}","templated":true}]}}