{"id":5378,"date":"2025-10-28T09:41:24","date_gmt":"2025-10-28T12:41:24","guid":{"rendered":"https:\/\/diariodelsurdigital.com.ar\/?p=5378"},"modified":"2025-10-28T09:41:25","modified_gmt":"2025-10-28T12:41:25","slug":"pablo-quirno-asume-como-nuevo-canciller","status":"publish","type":"post","link":"https:\/\/diariodelsurdigital.com.ar\/?p=5378","title":{"rendered":"Pablo Quirno asume como nuevo canciller"},"content":{"rendered":"\n<p>Este martes a las 17, Pablo Quirno jurar\u00e1 como el nuevo canciller en la Casa Rosada, reemplazando a Gerardo Werthein. Su experiencia en finanzas y relaciones internacionales promete un cambio significativo en la pol\u00edtica exterior del pa\u00eds.<\/p>\n\n\n\n<p>El flamante canciller, Pablo Quirno, tomar\u00e1 posesi\u00f3n de su cargo este martes a las 17 en la Casa Rosada, seg\u00fan confirmaron fuentes oficiales. Quirno llega para reemplazar a Gerardo Werthein, quien renunci\u00f3 la semana pasada, generando un revuelo en el \u00e1mbito pol\u00edtico justo antes de las elecciones.<\/p>\n\n\n\n<p>Hasta ahora, Quirno se desempe\u00f1aba como secretario de Finanzas y tambi\u00e9n dirig\u00eda la Secretar\u00eda de Relaciones Econ\u00f3micas Internacionales. Desde este puesto, ha estado en contacto directo con fondos de inversi\u00f3n y ha representado al pa\u00eds en cruciales mesas de negociaci\u00f3n global.<\/p>\n\n\n\n<p>Su rol como secretario de Finanzas lo mantendr\u00e1, al menos por ahora, aunque se trata de una doble funci\u00f3n que, seg\u00fan fuentes del Ministerio de Econom\u00eda, es \u00abvital para asegurar la estabilidad del programa financiero y la relaci\u00f3n con los mercados\u00bb.<\/p>\n\n\n\n<p>Quirno, que posee un t\u00edtulo en Ciencias Econ\u00f3micas por The Wharton School de la Universidad de Pensilvania, cuenta con una vasta trayectoria en el sector financiero internacional. Ha sido director para Am\u00e9rica Latina de J.P. Morgan en Nueva York y ha colaborado con gobiernos y empresas en diversas partes del mundo en temas de fusiones y privatizaciones.<\/p>\n\n\n\n<p>Su incursi\u00f3n en el sector p\u00fablico comenz\u00f3 en 2016, cuando se uni\u00f3 al Ministerio de Hacienda y Finanzas P\u00fablicas durante la gesti\u00f3n de Alfonso Prat-Gay. Desde entonces, ha sido una pieza clave en las negociaciones con el Fondo Monetario Internacional (FMI) y en la implementaci\u00f3n de proyectos de Participaci\u00f3n P\u00fablico-Privada (PPP).<\/p>\n\n\n\n<p>En 2018, Quirno fue convocado para integrar el Directorio del Banco Central, donde trabaj\u00f3 hasta el cierre de la gesti\u00f3n de su anterior superior, manteniendo siempre una estrecha relaci\u00f3n profesional que se ha consolidado en el actual Gobierno.<\/p>\n","protected":false},"excerpt":{"rendered":"<p>Este martes a las 17, Pablo Quirno jurar\u00e1 como el nuevo canciller en la Casa Rosada, reemplazando a Gerardo Werthein. Su experiencia en finanzas y relaciones internacionales promete un cambio significativo en la pol\u00edtica exterior del pa\u00eds. El flamante canciller, Pablo Quirno, tomar\u00e1 posesi\u00f3n de su cargo este martes a las 17 en la Casa [&hellip;]<\/p>\n","protected":false},"author":4,"featured_media":5380,"comment_status":"open","ping_status":"open","sticky":false,"template":"","format":"standard","meta":{"footnotes":""},"categories":[18,22],"tags":[],"class_list":{"0":"post-5378","1":"post","2":"type-post","3":"status-publish","4":"format-standard","5":"has-post-thumbnail","7":"category-nacionales","8":"category-politica"},"yoast_head":"<!-- This site is optimized with the Yoast SEO plugin v27.4 - https:\/\/yoast.com\/product\/yoast-seo-wordpress\/ -->\n<title>Pablo Quirno asume como nuevo canciller - Diario del Sur<\/title>\n<meta name=\"robots\" content=\"index, follow, max-snippet:-1, max-image-preview:large, max-video-preview:-1\" \/>\n<link rel=\"canonical\" href=\"https:\/\/diariodelsurdigital.com.ar\/?p=5378\" \/>\n<meta property=\"og:locale\" content=\"es_ES\" \/>\n<meta property=\"og:type\" content=\"article\" \/>\n<meta property=\"og:title\" content=\"Pablo Quirno asume como nuevo canciller - Diario del Sur\" \/>\n<meta property=\"og:description\" content=\"Este martes a las 17, Pablo Quirno jurar\u00e1 como el nuevo canciller en la Casa Rosada, reemplazando a Gerardo Werthein. Su experiencia en finanzas y relaciones internacionales promete un cambio significativo en la pol\u00edtica exterior del pa\u00eds. El flamante canciller, Pablo Quirno, tomar\u00e1 posesi\u00f3n de su cargo este martes a las 17 en la Casa [&hellip;]\" \/>\n<meta property=\"og:url\" content=\"https:\/\/diariodelsurdigital.com.ar\/?p=5378\" \/>\n<meta property=\"og:site_name\" content=\"Diario del Sur\" \/>\n<meta property=\"article:published_time\" content=\"2025-10-28T12:41:24+00:00\" \/>\n<meta property=\"article:modified_time\" content=\"2025-10-28T12:41:25+00:00\" \/>\n<meta property=\"og:image\" content=\"https:\/\/diariodelsurdigital.com.ar\/wp-content\/uploads\/2025\/10\/md-8-1.webp\" \/>\n\t<meta property=\"og:image:width\" content=\"992\" \/>\n\t<meta property=\"og:image:height\" content=\"689\" \/>\n\t<meta property=\"og:image:type\" content=\"image\/webp\" \/>\n<meta name=\"author\" content=\"Diario del Sur Digital\" \/>\n<meta name=\"twitter:card\" content=\"summary_large_image\" \/>\n<meta name=\"twitter:label1\" content=\"Escrito por\" \/>\n\t<meta name=\"twitter:data1\" content=\"Diario del Sur Digital\" \/>\n\t<meta name=\"twitter:label2\" content=\"Tiempo de lectura\" \/>\n\t<meta name=\"twitter:data2\" content=\"2 minutos\" \/>\n<script type=\"application\/ld+json\" class=\"yoast-schema-graph\">{\"@context\":\"https:\\\/\\\/schema.org\",\"@graph\":[{\"@type\":\"Article\",\"@id\":\"https:\\\/\\\/diariodelsurdigital.com.ar\\\/?p=5378#article\",\"isPartOf\":{\"@id\":\"https:\\\/\\\/diariodelsurdigital.com.ar\\\/?p=5378\"},\"author\":{\"name\":\"Diario del Sur Digital\",\"@id\":\"https:\\\/\\\/diariodelsurdigital.com.ar\\\/#\\\/schema\\\/person\\\/1a4992532ed62965c968031b49195c81\"},\"headline\":\"Pablo Quirno asume como nuevo canciller\",\"datePublished\":\"2025-10-28T12:41:24+00:00\",\"dateModified\":\"2025-10-28T12:41:25+00:00\",\"mainEntityOfPage\":{\"@id\":\"https:\\\/\\\/diariodelsurdigital.com.ar\\\/?p=5378\"},\"wordCount\":344,\"commentCount\":0,\"image\":{\"@id\":\"https:\\\/\\\/diariodelsurdigital.com.ar\\\/?p=5378#primaryimage\"},\"thumbnailUrl\":\"https:\\\/\\\/diariodelsurdigital.com.ar\\\/wp-content\\\/uploads\\\/2025\\\/10\\\/md-8-1.webp\",\"articleSection\":[\"Nacionales\",\"Pol\u00edtica\"],\"inLanguage\":\"es\",\"potentialAction\":[{\"@type\":\"CommentAction\",\"name\":\"Comment\",\"target\":[\"https:\\\/\\\/diariodelsurdigital.com.ar\\\/?p=5378#respond\"]}]},{\"@type\":\"WebPage\",\"@id\":\"https:\\\/\\\/diariodelsurdigital.com.ar\\\/?p=5378\",\"url\":\"https:\\\/\\\/diariodelsurdigital.com.ar\\\/?p=5378\",\"name\":\"Pablo Quirno asume como nuevo canciller - Diario del Sur\",\"isPartOf\":{\"@id\":\"https:\\\/\\\/diariodelsurdigital.com.ar\\\/#website\"},\"primaryImageOfPage\":{\"@id\":\"https:\\\/\\\/diariodelsurdigital.com.ar\\\/?p=5378#primaryimage\"},\"image\":{\"@id\":\"https:\\\/\\\/diariodelsurdigital.com.ar\\\/?p=5378#primaryimage\"},\"thumbnailUrl\":\"https:\\\/\\\/diariodelsurdigital.com.ar\\\/wp-content\\\/uploads\\\/2025\\\/10\\\/md-8-1.webp\",\"datePublished\":\"2025-10-28T12:41:24+00:00\",\"dateModified\":\"2025-10-28T12:41:25+00:00\",\"author\":{\"@id\":\"https:\\\/\\\/diariodelsurdigital.com.ar\\\/#\\\/schema\\\/person\\\/1a4992532ed62965c968031b49195c81\"},\"breadcrumb\":{\"@id\":\"https:\\\/\\\/diariodelsurdigital.com.ar\\\/?p=5378#breadcrumb\"},\"inLanguage\":\"es\",\"potentialAction\":[{\"@type\":\"ReadAction\",\"target\":[\"https:\\\/\\\/diariodelsurdigital.com.ar\\\/?p=5378\"]}]},{\"@type\":\"ImageObject\",\"inLanguage\":\"es\",\"@id\":\"https:\\\/\\\/diariodelsurdigital.com.ar\\\/?p=5378#primaryimage\",\"url\":\"https:\\\/\\\/diariodelsurdigital.com.ar\\\/wp-content\\\/uploads\\\/2025\\\/10\\\/md-8-1.webp\",\"contentUrl\":\"https:\\\/\\\/diariodelsurdigital.com.ar\\\/wp-content\\\/uploads\\\/2025\\\/10\\\/md-8-1.webp\",\"width\":992,\"height\":689},{\"@type\":\"BreadcrumbList\",\"@id\":\"https:\\\/\\\/diariodelsurdigital.com.ar\\\/?p=5378#breadcrumb\",\"itemListElement\":[{\"@type\":\"ListItem\",\"position\":1,\"name\":\"Portada\",\"item\":\"https:\\\/\\\/diariodelsurdigital.com.ar\\\/\"},{\"@type\":\"ListItem\",\"position\":2,\"name\":\"Pablo Quirno asume como nuevo canciller\"}]},{\"@type\":\"WebSite\",\"@id\":\"https:\\\/\\\/diariodelsurdigital.com.ar\\\/#website\",\"url\":\"https:\\\/\\\/diariodelsurdigital.com.ar\\\/\",\"name\":\"Diario del Sur\",\"description\":\"Digital\",\"potentialAction\":[{\"@type\":\"SearchAction\",\"target\":{\"@type\":\"EntryPoint\",\"urlTemplate\":\"https:\\\/\\\/diariodelsurdigital.com.ar\\\/?s={search_term_string}\"},\"query-input\":{\"@type\":\"PropertyValueSpecification\",\"valueRequired\":true,\"valueName\":\"search_term_string\"}}],\"inLanguage\":\"es\"},{\"@type\":\"Person\",\"@id\":\"https:\\\/\\\/diariodelsurdigital.com.ar\\\/#\\\/schema\\\/person\\\/1a4992532ed62965c968031b49195c81\",\"name\":\"Diario del Sur Digital\",\"image\":{\"@type\":\"ImageObject\",\"inLanguage\":\"es\",\"@id\":\"https:\\\/\\\/secure.gravatar.com\\\/avatar\\\/f0c7c47fc7146d19828273b9b8eda651c9c7ab583767e6338d3d3bee825adf76?s=96&d=mm&r=g\",\"url\":\"https:\\\/\\\/secure.gravatar.com\\\/avatar\\\/f0c7c47fc7146d19828273b9b8eda651c9c7ab583767e6338d3d3bee825adf76?s=96&d=mm&r=g\",\"contentUrl\":\"https:\\\/\\\/secure.gravatar.com\\\/avatar\\\/f0c7c47fc7146d19828273b9b8eda651c9c7ab583767e6338d3d3bee825adf76?s=96&d=mm&r=g\",\"caption\":\"Diario del Sur Digital\"},\"url\":\"https:\\\/\\\/diariodelsurdigital.com.ar\\\/?author=4\"}]}<\/script>\n<!-- \/ Yoast SEO plugin. -->","yoast_head_json":{"title":"Pablo Quirno asume como nuevo canciller - Diario del Sur","robots":{"index":"index","follow":"follow","max-snippet":"max-snippet:-1","max-image-preview":"max-image-preview:large","max-video-preview":"max-video-preview:-1"},"canonical":"https:\/\/diariodelsurdigital.com.ar\/?p=5378","og_locale":"es_ES","og_type":"article","og_title":"Pablo Quirno asume como nuevo canciller - Diario del Sur","og_description":"Este martes a las 17, Pablo Quirno jurar\u00e1 como el nuevo canciller en la Casa Rosada, reemplazando a Gerardo Werthein. Su experiencia en finanzas y relaciones internacionales promete un cambio significativo en la pol\u00edtica exterior del pa\u00eds. El flamante canciller, Pablo Quirno, tomar\u00e1 posesi\u00f3n de su cargo este martes a las 17 en la Casa [&hellip;]","og_url":"https:\/\/diariodelsurdigital.com.ar\/?p=5378","og_site_name":"Diario del Sur","article_published_time":"2025-10-28T12:41:24+00:00","article_modified_time":"2025-10-28T12:41:25+00:00","og_image":[{"width":992,"height":689,"url":"https:\/\/diariodelsurdigital.com.ar\/wp-content\/uploads\/2025\/10\/md-8-1.webp","type":"image\/webp"}],"author":"Diario del Sur Digital","twitter_card":"summary_large_image","twitter_misc":{"Escrito por":"Diario del Sur Digital","Tiempo de lectura":"2 minutos"},"schema":{"@context":"https:\/\/schema.org","@graph":[{"@type":"Article","@id":"https:\/\/diariodelsurdigital.com.ar\/?p=5378#article","isPartOf":{"@id":"https:\/\/diariodelsurdigital.com.ar\/?p=5378"},"author":{"name":"Diario del Sur Digital","@id":"https:\/\/diariodelsurdigital.com.ar\/#\/schema\/person\/1a4992532ed62965c968031b49195c81"},"headline":"Pablo Quirno asume como nuevo canciller","datePublished":"2025-10-28T12:41:24+00:00","dateModified":"2025-10-28T12:41:25+00:00","mainEntityOfPage":{"@id":"https:\/\/diariodelsurdigital.com.ar\/?p=5378"},"wordCount":344,"commentCount":0,"image":{"@id":"https:\/\/diariodelsurdigital.com.ar\/?p=5378#primaryimage"},"thumbnailUrl":"https:\/\/diariodelsurdigital.com.ar\/wp-content\/uploads\/2025\/10\/md-8-1.webp","articleSection":["Nacionales","Pol\u00edtica"],"inLanguage":"es","potentialAction":[{"@type":"CommentAction","name":"Comment","target":["https:\/\/diariodelsurdigital.com.ar\/?p=5378#respond"]}]},{"@type":"WebPage","@id":"https:\/\/diariodelsurdigital.com.ar\/?p=5378","url":"https:\/\/diariodelsurdigital.com.ar\/?p=5378","name":"Pablo Quirno asume como nuevo canciller - Diario del Sur","isPartOf":{"@id":"https:\/\/diariodelsurdigital.com.ar\/#website"},"primaryImageOfPage":{"@id":"https:\/\/diariodelsurdigital.com.ar\/?p=5378#primaryimage"},"image":{"@id":"https:\/\/diariodelsurdigital.com.ar\/?p=5378#primaryimage"},"thumbnailUrl":"https:\/\/diariodelsurdigital.com.ar\/wp-content\/uploads\/2025\/10\/md-8-1.webp","datePublished":"2025-10-28T12:41:24+00:00","dateModified":"2025-10-28T12:41:25+00:00","author":{"@id":"https:\/\/diariodelsurdigital.com.ar\/#\/schema\/person\/1a4992532ed62965c968031b49195c81"},"breadcrumb":{"@id":"https:\/\/diariodelsurdigital.com.ar\/?p=5378#breadcrumb"},"inLanguage":"es","potentialAction":[{"@type":"ReadAction","target":["https:\/\/diariodelsurdigital.com.ar\/?p=5378"]}]},{"@type":"ImageObject","inLanguage":"es","@id":"https:\/\/diariodelsurdigital.com.ar\/?p=5378#primaryimage","url":"https:\/\/diariodelsurdigital.com.ar\/wp-content\/uploads\/2025\/10\/md-8-1.webp","contentUrl":"https:\/\/diariodelsurdigital.com.ar\/wp-content\/uploads\/2025\/10\/md-8-1.webp","width":992,"height":689},{"@type":"BreadcrumbList","@id":"https:\/\/diariodelsurdigital.com.ar\/?p=5378#breadcrumb","itemListElement":[{"@type":"ListItem","position":1,"name":"Portada","item":"https:\/\/diariodelsurdigital.com.ar\/"},{"@type":"ListItem","position":2,"name":"Pablo Quirno asume como nuevo canciller"}]},{"@type":"WebSite","@id":"https:\/\/diariodelsurdigital.com.ar\/#website","url":"https:\/\/diariodelsurdigital.com.ar\/","name":"Diario del Sur","description":"Digital","potentialAction":[{"@type":"SearchAction","target":{"@type":"EntryPoint","urlTemplate":"https:\/\/diariodelsurdigital.com.ar\/?s={search_term_string}"},"query-input":{"@type":"PropertyValueSpecification","valueRequired":true,"valueName":"search_term_string"}}],"inLanguage":"es"},{"@type":"Person","@id":"https:\/\/diariodelsurdigital.com.ar\/#\/schema\/person\/1a4992532ed62965c968031b49195c81","name":"Diario del Sur Digital","image":{"@type":"ImageObject","inLanguage":"es","@id":"https:\/\/secure.gravatar.com\/avatar\/f0c7c47fc7146d19828273b9b8eda651c9c7ab583767e6338d3d3bee825adf76?s=96&d=mm&r=g","url":"https:\/\/secure.gravatar.com\/avatar\/f0c7c47fc7146d19828273b9b8eda651c9c7ab583767e6338d3d3bee825adf76?s=96&d=mm&r=g","contentUrl":"https:\/\/secure.gravatar.com\/avatar\/f0c7c47fc7146d19828273b9b8eda651c9c7ab583767e6338d3d3bee825adf76?s=96&d=mm&r=g","caption":"Diario del Sur Digital"},"url":"https:\/\/diariodelsurdigital.com.ar\/?author=4"}]}},"_links":{"self":[{"href":"https:\/\/diariodelsurdigital.com.ar\/index.php?rest_route=\/wp\/v2\/posts\/5378","targetHints":{"allow":["GET"]}}],"collection":[{"href":"https:\/\/diariodelsurdigital.com.ar\/index.php?rest_route=\/wp\/v2\/posts"}],"about":[{"href":"https:\/\/diariodelsurdigital.com.ar\/index.php?rest_route=\/wp\/v2\/types\/post"}],"author":[{"embeddable":true,"href":"https:\/\/diariodelsurdigital.com.ar\/index.php?rest_route=\/wp\/v2\/users\/4"}],"replies":[{"embeddable":true,"href":"https:\/\/diariodelsurdigital.com.ar\/index.php?rest_route=%2Fwp%2Fv2%2Fcomments&post=5378"}],"version-history":[{"count":1,"href":"https:\/\/diariodelsurdigital.com.ar\/index.php?rest_route=\/wp\/v2\/posts\/5378\/revisions"}],"predecessor-version":[{"id":5379,"href":"https:\/\/diariodelsurdigital.com.ar\/index.php?rest_route=\/wp\/v2\/posts\/5378\/revisions\/5379"}],"wp:featuredmedia":[{"embeddable":true,"href":"https:\/\/diariodelsurdigital.com.ar\/index.php?rest_route=\/wp\/v2\/media\/5380"}],"wp:attachment":[{"href":"https:\/\/diariodelsurdigital.com.ar\/index.php?rest_route=%2Fwp%2Fv2%2Fmedia&parent=5378"}],"wp:term":[{"taxonomy":"category","embeddable":true,"href":"https:\/\/diariodelsurdigital.com.ar\/index.php?rest_route=%2Fwp%2Fv2%2Fcategories&post=5378"},{"taxonomy":"post_tag","embeddable":true,"href":"https:\/\/diariodelsurdigital.com.ar\/index.php?rest_route=%2Fwp%2Fv2%2Ftags&post=5378"}],"curies":[{"name":"wp","href":"https:\/\/api.w.org\/{rel}","templated":true}]}}