{"id":5386,"date":"2025-10-28T09:48:14","date_gmt":"2025-10-28T12:48:14","guid":{"rendered":"https:\/\/diariodelsurdigital.com.ar\/?p=5386"},"modified":"2025-10-28T09:48:15","modified_gmt":"2025-10-28T12:48:15","slug":"de-la-ley-bases-2-a-la-baja-de-imputabilidad-cual-es-la-agenda-de-milei-en-un-congreso-con-mas-peso-de-lla","status":"publish","type":"post","link":"https:\/\/diariodelsurdigital.com.ar\/?p=5386","title":{"rendered":"De la ley Bases 2 a la baja de imputabilidad: cu\u00e1l es la agenda de Milei en un Congreso con m\u00e1s peso de LLA"},"content":{"rendered":"\n<p>Tras el triunfo del oficialismo en las elecciones de este domingo, el Gobierno se prepara para impulsar leyes que quedaron en el tintero y avanzar con las leyes reformistas del Pacto de Mayo. Se espera otro verano cargado de actividad en el Poder Legislativo.<\/p>\n\n\n\n<p>\u201cTendremos el Congreso m\u00e1s reformista de la historia\u201d, prometi\u00f3 el presidente Javier Milei en el discurso que pronunci\u00f3 minutos despu\u00e9s de conocerse el triunfo de La Libertad Avanza en los comicios de este domingo. Tras la buena performance en las elecciones de medio t\u00e9rmino, La Libertad Avanza podr\u00e1 impulsar los proyectos que prometi\u00f3 para lo que en el Gobierno denominan la \u201csegunda Fase\u201d. Y, a la vez, retomar aquellas iniciativas que quedaron en el tintero por falta de votos.<\/p>\n\n\n\n<p>Este 2025, el saldo para La Libertad Avanza en el Congreso fue negativo. El grueso de las sesiones fueron impulsadas por la oposici\u00f3n y para avanzar con iniciativas que la Casa Rosada rechazaba de plano. As\u00ed fue que quedaron en el camino leyes como por ejemplo la que buscaba fomentar el uso de los d\u00f3lares \u201cbajo el colch\u00f3n\u201d. La iniciativa, que fue anunciada por el Ejecutivo entre bombos y platillos qued\u00f3 en la nada. Jam\u00e1s se trat\u00f3 ni siquiera en comisi\u00f3n.<\/p>\n\n\n\n<p>Lo mismo pas\u00f3 con otro proyecto que ten\u00eda como autor e impulsor al ministro de Desregulaci\u00f3n Federico Sturzenegger, la \u201cLey de hojarasca\u201d, que apuntaba a derogar o modificar m\u00e1s de 60 leyes, consideradas obsoletas. Tambi\u00e9n por falta de votos (o por la pereza de salir a buscarlos), el texto qued\u00f3 durmiendo el sue\u00f1o de los justos.<\/p>\n\n\n\n<p>Un paso m\u00e1s ac\u00e1 qued\u00f3 la iniciativa anunciada por Milei en la Asamblea Legislativa del 1 de marzo de este a\u00f1o, que apuntaba a bajar a 13 a\u00f1os la edad de imputabilidad. Despu\u00e9s de una decena de encuentros conducidos por la bullrichista reelecta Laura Rodr\u00edguez Machado, finalmente el tema fue dictaminado. Incluso, el oficialismo cedi\u00f3 y elev\u00f3 a 14 la edad para garantizarse el dictamen de mayor\u00eda. Pero ese texto jam\u00e1s lleg\u00f3 al recinto \u2013tambi\u00e9n por falta de votos.<\/p>\n\n\n\n<p>Los cortocircuitos entre la Casa Rosada y los gobernadores, que fueron el principal sustento de Milei en el Congreso durante su primer a\u00f1o de gesti\u00f3n, no hicieron m\u00e1s que acotar el margen de acci\u00f3n del Gobierno. Para colmo, en el camino, LLA perdi\u00f3 algunos legisladores. En el Senado, el formose\u00f1o Francisco Paoltroni fue excluido del bloque oficialista tras criticar al asesor presidencial Santiago Caputo. En tanto, en Diputados, Mart\u00edn Menem registr\u00f3 una merma de seis bancas. Entre ellas, las de Marcela Pagano y Oscar Zago.<\/p>\n\n\n\n<p>Nueva etapa para Milei<\/p>\n\n\n\n<p>Pero el 10 de diciembre empieza una nueva etapa para Milei. En el Senado, el triunfo violeta que se registr\u00f3 en 6 de los 8 distritos que eleg\u00edan senadores les permiti\u00f3 elevar de 7 a 20 el n\u00famero de bancas. En tanto, en Diputados, los violetas saltar\u00e1n de 37 a 83 bancas propias a partir de diciembre. En las filas oficialistas tambi\u00e9n cuentan como propios al grueso de los legisladores del PRO, as\u00ed como tambi\u00e9n lo poco que quede de la UCR.<\/p>\n\n\n\n<p>Con este nuevo Congreso en el que La Libertad Avanza estar\u00e1 fortalecida, el Gobierno buscar\u00e1 retomar parte de esos proyectos que quedaron en el tintero. Es m\u00e1s, en el caso de la baja de la edad de imputabilidad, ese punto fue incluido en la reforma del C\u00f3digo Penal que present\u00f3 Milei, junto con Patricia Bullrich, en el marco de la campa\u00f1a.<\/p>\n\n\n\n<p>Y, a prop\u00f3sito de la Ley de Hojarasca, d\u00edas atr\u00e1s, durante el debate del Presupuesto 2026, Alejandro Cacace, n\u00famero dos del \u201cColoso\u201d, anunci\u00f3 el env\u00edo de una nueva Ley Bases y de otra Ley de Hojarasca. La presentaci\u00f3n de ambas iniciativas, dijeron desde el entorno del ministro a este medio, ser\u00e1 el 15 de diciembre.<\/p>\n","protected":false},"excerpt":{"rendered":"<p>Tras el triunfo del oficialismo en las elecciones de este domingo, el Gobierno se prepara para impulsar leyes que quedaron en el tintero y avanzar con las leyes reformistas del Pacto de Mayo. Se espera otro verano cargado de actividad en el Poder Legislativo. \u201cTendremos el Congreso m\u00e1s reformista de la historia\u201d, prometi\u00f3 el presidente [&hellip;]<\/p>\n","protected":false},"author":4,"featured_media":5387,"comment_status":"open","ping_status":"open","sticky":false,"template":"","format":"standard","meta":{"footnotes":""},"categories":[18,22],"tags":[],"class_list":{"0":"post-5386","1":"post","2":"type-post","3":"status-publish","4":"format-standard","5":"has-post-thumbnail","7":"category-nacionales","8":"category-politica"},"yoast_head":"<!-- This site is optimized with the Yoast SEO plugin v27.4 - https:\/\/yoast.com\/product\/yoast-seo-wordpress\/ -->\n<title>De la ley Bases 2 a la baja de imputabilidad: cu\u00e1l es la agenda de Milei en un Congreso con m\u00e1s peso de LLA - Diario del Sur<\/title>\n<meta name=\"robots\" content=\"index, follow, max-snippet:-1, max-image-preview:large, max-video-preview:-1\" \/>\n<link rel=\"canonical\" href=\"https:\/\/diariodelsurdigital.com.ar\/?p=5386\" \/>\n<meta property=\"og:locale\" content=\"es_ES\" \/>\n<meta property=\"og:type\" content=\"article\" \/>\n<meta property=\"og:title\" content=\"De la ley Bases 2 a la baja de imputabilidad: cu\u00e1l es la agenda de Milei en un Congreso con m\u00e1s peso de LLA - Diario del Sur\" \/>\n<meta property=\"og:description\" content=\"Tras el triunfo del oficialismo en las elecciones de este domingo, el Gobierno se prepara para impulsar leyes que quedaron en el tintero y avanzar con las leyes reformistas del Pacto de Mayo. Se espera otro verano cargado de actividad en el Poder Legislativo. \u201cTendremos el Congreso m\u00e1s reformista de la historia\u201d, prometi\u00f3 el presidente [&hellip;]\" \/>\n<meta property=\"og:url\" content=\"https:\/\/diariodelsurdigital.com.ar\/?p=5386\" \/>\n<meta property=\"og:site_name\" content=\"Diario del Sur\" \/>\n<meta property=\"article:published_time\" content=\"2025-10-28T12:48:14+00:00\" \/>\n<meta property=\"article:modified_time\" content=\"2025-10-28T12:48:15+00:00\" \/>\n<meta property=\"og:image\" content=\"https:\/\/diariodelsurdigital.com.ar\/wp-content\/uploads\/2025\/10\/md-10-1.webp\" \/>\n\t<meta property=\"og:image:width\" content=\"992\" \/>\n\t<meta property=\"og:image:height\" content=\"662\" \/>\n\t<meta property=\"og:image:type\" content=\"image\/webp\" \/>\n<meta name=\"author\" content=\"Diario del Sur Digital\" \/>\n<meta name=\"twitter:card\" content=\"summary_large_image\" \/>\n<meta name=\"twitter:label1\" content=\"Escrito por\" \/>\n\t<meta name=\"twitter:data1\" content=\"Diario del Sur Digital\" \/>\n\t<meta name=\"twitter:label2\" content=\"Tiempo de lectura\" \/>\n\t<meta name=\"twitter:data2\" content=\"4 minutos\" \/>\n<script type=\"application\/ld+json\" class=\"yoast-schema-graph\">{\"@context\":\"https:\\\/\\\/schema.org\",\"@graph\":[{\"@type\":\"Article\",\"@id\":\"https:\\\/\\\/diariodelsurdigital.com.ar\\\/?p=5386#article\",\"isPartOf\":{\"@id\":\"https:\\\/\\\/diariodelsurdigital.com.ar\\\/?p=5386\"},\"author\":{\"name\":\"Diario del Sur Digital\",\"@id\":\"https:\\\/\\\/diariodelsurdigital.com.ar\\\/#\\\/schema\\\/person\\\/1a4992532ed62965c968031b49195c81\"},\"headline\":\"De la ley Bases 2 a la baja de imputabilidad: cu\u00e1l es la agenda de Milei en un Congreso con m\u00e1s peso de LLA\",\"datePublished\":\"2025-10-28T12:48:14+00:00\",\"dateModified\":\"2025-10-28T12:48:15+00:00\",\"mainEntityOfPage\":{\"@id\":\"https:\\\/\\\/diariodelsurdigital.com.ar\\\/?p=5386\"},\"wordCount\":678,\"commentCount\":0,\"image\":{\"@id\":\"https:\\\/\\\/diariodelsurdigital.com.ar\\\/?p=5386#primaryimage\"},\"thumbnailUrl\":\"https:\\\/\\\/diariodelsurdigital.com.ar\\\/wp-content\\\/uploads\\\/2025\\\/10\\\/md-10-1.webp\",\"articleSection\":[\"Nacionales\",\"Pol\u00edtica\"],\"inLanguage\":\"es\",\"potentialAction\":[{\"@type\":\"CommentAction\",\"name\":\"Comment\",\"target\":[\"https:\\\/\\\/diariodelsurdigital.com.ar\\\/?p=5386#respond\"]}]},{\"@type\":\"WebPage\",\"@id\":\"https:\\\/\\\/diariodelsurdigital.com.ar\\\/?p=5386\",\"url\":\"https:\\\/\\\/diariodelsurdigital.com.ar\\\/?p=5386\",\"name\":\"De la ley Bases 2 a la baja de imputabilidad: cu\u00e1l es la agenda de Milei en un Congreso con m\u00e1s peso de LLA - Diario del Sur\",\"isPartOf\":{\"@id\":\"https:\\\/\\\/diariodelsurdigital.com.ar\\\/#website\"},\"primaryImageOfPage\":{\"@id\":\"https:\\\/\\\/diariodelsurdigital.com.ar\\\/?p=5386#primaryimage\"},\"image\":{\"@id\":\"https:\\\/\\\/diariodelsurdigital.com.ar\\\/?p=5386#primaryimage\"},\"thumbnailUrl\":\"https:\\\/\\\/diariodelsurdigital.com.ar\\\/wp-content\\\/uploads\\\/2025\\\/10\\\/md-10-1.webp\",\"datePublished\":\"2025-10-28T12:48:14+00:00\",\"dateModified\":\"2025-10-28T12:48:15+00:00\",\"author\":{\"@id\":\"https:\\\/\\\/diariodelsurdigital.com.ar\\\/#\\\/schema\\\/person\\\/1a4992532ed62965c968031b49195c81\"},\"breadcrumb\":{\"@id\":\"https:\\\/\\\/diariodelsurdigital.com.ar\\\/?p=5386#breadcrumb\"},\"inLanguage\":\"es\",\"potentialAction\":[{\"@type\":\"ReadAction\",\"target\":[\"https:\\\/\\\/diariodelsurdigital.com.ar\\\/?p=5386\"]}]},{\"@type\":\"ImageObject\",\"inLanguage\":\"es\",\"@id\":\"https:\\\/\\\/diariodelsurdigital.com.ar\\\/?p=5386#primaryimage\",\"url\":\"https:\\\/\\\/diariodelsurdigital.com.ar\\\/wp-content\\\/uploads\\\/2025\\\/10\\\/md-10-1.webp\",\"contentUrl\":\"https:\\\/\\\/diariodelsurdigital.com.ar\\\/wp-content\\\/uploads\\\/2025\\\/10\\\/md-10-1.webp\",\"width\":992,\"height\":662},{\"@type\":\"BreadcrumbList\",\"@id\":\"https:\\\/\\\/diariodelsurdigital.com.ar\\\/?p=5386#breadcrumb\",\"itemListElement\":[{\"@type\":\"ListItem\",\"position\":1,\"name\":\"Portada\",\"item\":\"https:\\\/\\\/diariodelsurdigital.com.ar\\\/\"},{\"@type\":\"ListItem\",\"position\":2,\"name\":\"De la ley Bases 2 a la baja de imputabilidad: cu\u00e1l es la agenda de Milei en un Congreso con m\u00e1s peso de LLA\"}]},{\"@type\":\"WebSite\",\"@id\":\"https:\\\/\\\/diariodelsurdigital.com.ar\\\/#website\",\"url\":\"https:\\\/\\\/diariodelsurdigital.com.ar\\\/\",\"name\":\"Diario del Sur\",\"description\":\"Digital\",\"potentialAction\":[{\"@type\":\"SearchAction\",\"target\":{\"@type\":\"EntryPoint\",\"urlTemplate\":\"https:\\\/\\\/diariodelsurdigital.com.ar\\\/?s={search_term_string}\"},\"query-input\":{\"@type\":\"PropertyValueSpecification\",\"valueRequired\":true,\"valueName\":\"search_term_string\"}}],\"inLanguage\":\"es\"},{\"@type\":\"Person\",\"@id\":\"https:\\\/\\\/diariodelsurdigital.com.ar\\\/#\\\/schema\\\/person\\\/1a4992532ed62965c968031b49195c81\",\"name\":\"Diario del Sur Digital\",\"image\":{\"@type\":\"ImageObject\",\"inLanguage\":\"es\",\"@id\":\"https:\\\/\\\/secure.gravatar.com\\\/avatar\\\/f0c7c47fc7146d19828273b9b8eda651c9c7ab583767e6338d3d3bee825adf76?s=96&d=mm&r=g\",\"url\":\"https:\\\/\\\/secure.gravatar.com\\\/avatar\\\/f0c7c47fc7146d19828273b9b8eda651c9c7ab583767e6338d3d3bee825adf76?s=96&d=mm&r=g\",\"contentUrl\":\"https:\\\/\\\/secure.gravatar.com\\\/avatar\\\/f0c7c47fc7146d19828273b9b8eda651c9c7ab583767e6338d3d3bee825adf76?s=96&d=mm&r=g\",\"caption\":\"Diario del Sur Digital\"},\"url\":\"https:\\\/\\\/diariodelsurdigital.com.ar\\\/?author=4\"}]}<\/script>\n<!-- \/ Yoast SEO plugin. -->","yoast_head_json":{"title":"De la ley Bases 2 a la baja de imputabilidad: cu\u00e1l es la agenda de Milei en un Congreso con m\u00e1s peso de LLA - Diario del Sur","robots":{"index":"index","follow":"follow","max-snippet":"max-snippet:-1","max-image-preview":"max-image-preview:large","max-video-preview":"max-video-preview:-1"},"canonical":"https:\/\/diariodelsurdigital.com.ar\/?p=5386","og_locale":"es_ES","og_type":"article","og_title":"De la ley Bases 2 a la baja de imputabilidad: cu\u00e1l es la agenda de Milei en un Congreso con m\u00e1s peso de LLA - Diario del Sur","og_description":"Tras el triunfo del oficialismo en las elecciones de este domingo, el Gobierno se prepara para impulsar leyes que quedaron en el tintero y avanzar con las leyes reformistas del Pacto de Mayo. Se espera otro verano cargado de actividad en el Poder Legislativo. \u201cTendremos el Congreso m\u00e1s reformista de la historia\u201d, prometi\u00f3 el presidente [&hellip;]","og_url":"https:\/\/diariodelsurdigital.com.ar\/?p=5386","og_site_name":"Diario del Sur","article_published_time":"2025-10-28T12:48:14+00:00","article_modified_time":"2025-10-28T12:48:15+00:00","og_image":[{"width":992,"height":662,"url":"https:\/\/diariodelsurdigital.com.ar\/wp-content\/uploads\/2025\/10\/md-10-1.webp","type":"image\/webp"}],"author":"Diario del Sur Digital","twitter_card":"summary_large_image","twitter_misc":{"Escrito por":"Diario del Sur Digital","Tiempo de lectura":"4 minutos"},"schema":{"@context":"https:\/\/schema.org","@graph":[{"@type":"Article","@id":"https:\/\/diariodelsurdigital.com.ar\/?p=5386#article","isPartOf":{"@id":"https:\/\/diariodelsurdigital.com.ar\/?p=5386"},"author":{"name":"Diario del Sur Digital","@id":"https:\/\/diariodelsurdigital.com.ar\/#\/schema\/person\/1a4992532ed62965c968031b49195c81"},"headline":"De la ley Bases 2 a la baja de imputabilidad: cu\u00e1l es la agenda de Milei en un Congreso con m\u00e1s peso de LLA","datePublished":"2025-10-28T12:48:14+00:00","dateModified":"2025-10-28T12:48:15+00:00","mainEntityOfPage":{"@id":"https:\/\/diariodelsurdigital.com.ar\/?p=5386"},"wordCount":678,"commentCount":0,"image":{"@id":"https:\/\/diariodelsurdigital.com.ar\/?p=5386#primaryimage"},"thumbnailUrl":"https:\/\/diariodelsurdigital.com.ar\/wp-content\/uploads\/2025\/10\/md-10-1.webp","articleSection":["Nacionales","Pol\u00edtica"],"inLanguage":"es","potentialAction":[{"@type":"CommentAction","name":"Comment","target":["https:\/\/diariodelsurdigital.com.ar\/?p=5386#respond"]}]},{"@type":"WebPage","@id":"https:\/\/diariodelsurdigital.com.ar\/?p=5386","url":"https:\/\/diariodelsurdigital.com.ar\/?p=5386","name":"De la ley Bases 2 a la baja de imputabilidad: cu\u00e1l es la agenda de Milei en un Congreso con m\u00e1s peso de LLA - Diario del Sur","isPartOf":{"@id":"https:\/\/diariodelsurdigital.com.ar\/#website"},"primaryImageOfPage":{"@id":"https:\/\/diariodelsurdigital.com.ar\/?p=5386#primaryimage"},"image":{"@id":"https:\/\/diariodelsurdigital.com.ar\/?p=5386#primaryimage"},"thumbnailUrl":"https:\/\/diariodelsurdigital.com.ar\/wp-content\/uploads\/2025\/10\/md-10-1.webp","datePublished":"2025-10-28T12:48:14+00:00","dateModified":"2025-10-28T12:48:15+00:00","author":{"@id":"https:\/\/diariodelsurdigital.com.ar\/#\/schema\/person\/1a4992532ed62965c968031b49195c81"},"breadcrumb":{"@id":"https:\/\/diariodelsurdigital.com.ar\/?p=5386#breadcrumb"},"inLanguage":"es","potentialAction":[{"@type":"ReadAction","target":["https:\/\/diariodelsurdigital.com.ar\/?p=5386"]}]},{"@type":"ImageObject","inLanguage":"es","@id":"https:\/\/diariodelsurdigital.com.ar\/?p=5386#primaryimage","url":"https:\/\/diariodelsurdigital.com.ar\/wp-content\/uploads\/2025\/10\/md-10-1.webp","contentUrl":"https:\/\/diariodelsurdigital.com.ar\/wp-content\/uploads\/2025\/10\/md-10-1.webp","width":992,"height":662},{"@type":"BreadcrumbList","@id":"https:\/\/diariodelsurdigital.com.ar\/?p=5386#breadcrumb","itemListElement":[{"@type":"ListItem","position":1,"name":"Portada","item":"https:\/\/diariodelsurdigital.com.ar\/"},{"@type":"ListItem","position":2,"name":"De la ley Bases 2 a la baja de imputabilidad: cu\u00e1l es la agenda de Milei en un Congreso con m\u00e1s peso de LLA"}]},{"@type":"WebSite","@id":"https:\/\/diariodelsurdigital.com.ar\/#website","url":"https:\/\/diariodelsurdigital.com.ar\/","name":"Diario del Sur","description":"Digital","potentialAction":[{"@type":"SearchAction","target":{"@type":"EntryPoint","urlTemplate":"https:\/\/diariodelsurdigital.com.ar\/?s={search_term_string}"},"query-input":{"@type":"PropertyValueSpecification","valueRequired":true,"valueName":"search_term_string"}}],"inLanguage":"es"},{"@type":"Person","@id":"https:\/\/diariodelsurdigital.com.ar\/#\/schema\/person\/1a4992532ed62965c968031b49195c81","name":"Diario del Sur Digital","image":{"@type":"ImageObject","inLanguage":"es","@id":"https:\/\/secure.gravatar.com\/avatar\/f0c7c47fc7146d19828273b9b8eda651c9c7ab583767e6338d3d3bee825adf76?s=96&d=mm&r=g","url":"https:\/\/secure.gravatar.com\/avatar\/f0c7c47fc7146d19828273b9b8eda651c9c7ab583767e6338d3d3bee825adf76?s=96&d=mm&r=g","contentUrl":"https:\/\/secure.gravatar.com\/avatar\/f0c7c47fc7146d19828273b9b8eda651c9c7ab583767e6338d3d3bee825adf76?s=96&d=mm&r=g","caption":"Diario del Sur Digital"},"url":"https:\/\/diariodelsurdigital.com.ar\/?author=4"}]}},"_links":{"self":[{"href":"https:\/\/diariodelsurdigital.com.ar\/index.php?rest_route=\/wp\/v2\/posts\/5386","targetHints":{"allow":["GET"]}}],"collection":[{"href":"https:\/\/diariodelsurdigital.com.ar\/index.php?rest_route=\/wp\/v2\/posts"}],"about":[{"href":"https:\/\/diariodelsurdigital.com.ar\/index.php?rest_route=\/wp\/v2\/types\/post"}],"author":[{"embeddable":true,"href":"https:\/\/diariodelsurdigital.com.ar\/index.php?rest_route=\/wp\/v2\/users\/4"}],"replies":[{"embeddable":true,"href":"https:\/\/diariodelsurdigital.com.ar\/index.php?rest_route=%2Fwp%2Fv2%2Fcomments&post=5386"}],"version-history":[{"count":1,"href":"https:\/\/diariodelsurdigital.com.ar\/index.php?rest_route=\/wp\/v2\/posts\/5386\/revisions"}],"predecessor-version":[{"id":5388,"href":"https:\/\/diariodelsurdigital.com.ar\/index.php?rest_route=\/wp\/v2\/posts\/5386\/revisions\/5388"}],"wp:featuredmedia":[{"embeddable":true,"href":"https:\/\/diariodelsurdigital.com.ar\/index.php?rest_route=\/wp\/v2\/media\/5387"}],"wp:attachment":[{"href":"https:\/\/diariodelsurdigital.com.ar\/index.php?rest_route=%2Fwp%2Fv2%2Fmedia&parent=5386"}],"wp:term":[{"taxonomy":"category","embeddable":true,"href":"https:\/\/diariodelsurdigital.com.ar\/index.php?rest_route=%2Fwp%2Fv2%2Fcategories&post=5386"},{"taxonomy":"post_tag","embeddable":true,"href":"https:\/\/diariodelsurdigital.com.ar\/index.php?rest_route=%2Fwp%2Fv2%2Ftags&post=5386"}],"curies":[{"name":"wp","href":"https:\/\/api.w.org\/{rel}","templated":true}]}}