{"id":5390,"date":"2025-10-29T10:23:14","date_gmt":"2025-10-29T13:23:14","guid":{"rendered":"https:\/\/diariodelsurdigital.com.ar\/?p=5390"},"modified":"2025-10-29T10:23:15","modified_gmt":"2025-10-29T13:23:15","slug":"la-corte-confirmo-dos-condenas-contra-guillermo-moreno-y-quedo-inhabilitado-para-ejercer-cargos-publicos","status":"publish","type":"post","link":"https:\/\/diariodelsurdigital.com.ar\/?p=5390","title":{"rendered":"La Corte confirm\u00f3 dos condenas contra Guillermo Moreno y qued\u00f3 inhabilitado para ejercer cargos p\u00fablicos"},"content":{"rendered":"\n<p>La Corte Suprema dej\u00f3 firme dos condenas contra el exsecretario de Comercio Interior Guillermo Moreno por la compra de cotill\u00f3n anti-Clar\u00edn y por amenazas en una asamblea de Papel Prensa. Uno de los expedientes estaba en esa instancia hace seis a\u00f1os. Ahora, un tribunal deber\u00e1 unificar las penas y notificar a Moreno que tambi\u00e9n qued\u00f3 inhabilitado para ejercer cargos p\u00fablicos, al igual que la ex presidenta Cristina Kirchner.<\/p>\n\n\n\n<p><br>Los jueces Horacio Rosatti, Carlos Rosenkrantz y Ricardo Lorenzetti rechazaron los recursos de queja presentados por la defensa del ex secretario de Moreno en las dos causas.<\/p>\n\n\n\n<p>Moreno tiene otra condena por manipular datos del INDEC entre los a\u00f1os 2006 y 2007. En esa causa, el ex funcionario fue condenado por los delitos de abuso de autoridad y destrucci\u00f3n e inutilizaci\u00f3n de registros p\u00fablicos y recibi\u00f3 una condena a tres a\u00f1os de prisi\u00f3n en suspenso y seis de inhabilitaci\u00f3n. El caso tambi\u00e9n espera una decisi\u00f3n del M\u00e1ximo Tribunal.<\/p>\n\n\n\n<p>En 2022, el Tribunal Oral Federal 8 hab\u00eda condenado a Moreno por un hecho ocurrido el 12 de agosto de 2010, durante una reuni\u00f3n de accionistas de Papel Prensa.<\/p>\n\n\n\n<p>Seg\u00fan las pruebas de la causa, Moreno se present\u00f3 en la reuni\u00f3n como representante de los derechos societarios del Estado Nacional y se desat\u00f3 una discusi\u00f3n sobre la elecci\u00f3n de los miembros de la comisi\u00f3n fiscalizadora de la sociedad. En ese momento, Moreno sac\u00f3 unos guantes de boxeo que llevaba uno de sus guardaespaldas y un casco de sparring, los coloc\u00f3 arriba de la mesa donde estaban las autoridades de Papel Prensa, y les dijo a los presentes que eligieran entre unos u otros. \u201cAc\u00e1 no se vota nada. Las mujeres para atr\u00e1s y demos la pelea que hay que dar\u201d, dijo en otro momento.<\/p>\n\n\n\n<p>Un video que muestra parte de esa secuencia trascendi\u00f3 en los medios. El encargado de tapar la c\u00e1mara fue el extitular de la Sindicatura General de la Naci\u00f3n Daniel Reposo, un ladero de Moreno.<\/p>\n\n\n\n<p>Despu\u00e9s de un cuarto intermedio, Moreno tambi\u00e9n advirti\u00f3 que una moci\u00f3n no se iba a votar, que la asamblea iba a terminar mal y que \u201csus muchachos estaban para banc\u00e1rsela\u201d. Y, al ingresar al recinto, amenaz\u00f3 a los gritos a los accionistas privados de la compa\u00f1\u00eda.<\/p>\n\n\n\n<p>En 2022, los jueces Nicol\u00e1s Toselli y Sabrina Namer condenaron a Moreno a 2 a\u00f1os de prisi\u00f3n en suspenso por amenazas coactivas y a 6 meses de inhabilitaci\u00f3n para ocupar cargos p\u00fablicos. En disidencia, la jueza Gabriela L\u00f3pez I\u00f1iguez vot\u00f3 por su absoluci\u00f3n.<\/p>\n\n\n\n<p>Su defensa apel\u00f3 el fallo y la Sala I de la C\u00e1mara Federal de Casaci\u00f3n Penal Casaci\u00f3n rechaz\u00f3 el recurso. \u201cNo se verifica una violaci\u00f3n al principio de congruencia y al derecho de defensa en juicio\u201d, dijo el juez Daniel Petrone en el voto al que adhiri\u00f3 Diego Barroetave\u00f1a. Seg\u00fan el fallo, hubo una \u201cminuciosa reconstrucci\u00f3n de todo lo acontecido (\u2026) y, en particular, de la conducta desplegada por el imputado\u201d.<\/p>\n\n\n\n<p>La defensa recurri\u00f3 ese fallo, pero el M\u00e1ximo Tribunal ahora desestim\u00f3 el recurso por aplicaci\u00f3n del art\u00edculo 280 del C\u00f3digo Procesal Civil y Comercial.<\/p>\n\n\n\n<p>La otra causa<\/p>\n\n\n\n<p>La otra causa que dej\u00f3 firme la Corte es la que investig\u00f3 a Moreno por la utilizaci\u00f3n de fondos de origen p\u00fablico para solventar \u201ccotill\u00f3n\u201d con consignas dirigidas al Grupo Clar\u00edn. All\u00ed tambi\u00e9n fueron imputados el expresidente del Mercado Central Fabi\u00e1n Dragone y otros dos dirigentes de esa entidad, Carlos Mart\u00ednez y Guillermo Cosentino. La querella los acus\u00f3, en su requerimiento de elevaci\u00f3n a juicio, de los delitos de incitaci\u00f3n a la violencia colectiva y peculado, en concurso real y en calidad de coautores.<\/p>\n\n\n\n<p>El exfuncionario kirchnerista estaba acusado de haber pagado, con fondos estatales, mercader\u00eda con leyendas contrarias al Grupo Clar\u00edn para ser usadas en actos pol\u00edticos y exhibida en distintos eventos desde el 1 de enero de 2011 al 2 de diciembre de 2013.<\/p>\n\n\n\n<p>Seg\u00fan la acusaci\u00f3n, se trat\u00f3 de gigantograf\u00edas, stickers, banderas y globos con frases como \u201cClar\u00edn Miente\u201d o \u201cClar\u00edn. Cadena Nacional del des\u00e1nimo, ocultamiento, desinformaci\u00f3n, miedo\u201d.<\/p>\n\n\n\n<p>En diciembre de 2017, el Tribunal Oral Federal 7 conden\u00f3 a Moreno a 2 a\u00f1os y 6 meses de prisi\u00f3n, en suspenso, y dispuso su inhabilitaci\u00f3n absoluta y perpetua. Tambi\u00e9n fueron condenados a dos a\u00f1os de prisi\u00f3n los dos ex funcionarios que depend\u00edan de \u00e9l.<\/p>\n\n\n\n<p>\u201cPueden inhabilitarme, pero yo hago parto de proyectos colectivos, no de proyectos individuales\u201d, ironiz\u00f3 Moreno cuando escuch\u00f3 su condena, public\u00f3 La Naci\u00f3n.<\/p>\n\n\n\n<p>En 2019, la Sala IV de la C\u00e1mara de Casaci\u00f3n Penal convalid\u00f3 esa condena del ex secretario de Comercio Interior. La defensa apel\u00f3, pero el planteo tambi\u00e9n fue desestimado por la Corte.<\/p>\n","protected":false},"excerpt":{"rendered":"<p>La Corte Suprema dej\u00f3 firme dos condenas contra el exsecretario de Comercio Interior Guillermo Moreno por la compra de cotill\u00f3n anti-Clar\u00edn y por amenazas en una asamblea de Papel Prensa. Uno de los expedientes estaba en esa instancia hace seis a\u00f1os. Ahora, un tribunal deber\u00e1 unificar las penas y notificar a Moreno que tambi\u00e9n qued\u00f3 [&hellip;]<\/p>\n","protected":false},"author":4,"featured_media":5391,"comment_status":"open","ping_status":"open","sticky":false,"template":"","format":"standard","meta":{"footnotes":""},"categories":[18,22],"tags":[],"class_list":{"0":"post-5390","1":"post","2":"type-post","3":"status-publish","4":"format-standard","5":"has-post-thumbnail","7":"category-nacionales","8":"category-politica"},"yoast_head":"<!-- This site is optimized with the Yoast SEO plugin v27.4 - https:\/\/yoast.com\/product\/yoast-seo-wordpress\/ -->\n<title>La Corte confirm\u00f3 dos condenas contra Guillermo Moreno y qued\u00f3 inhabilitado para ejercer cargos p\u00fablicos - Diario del Sur<\/title>\n<meta name=\"robots\" content=\"index, follow, max-snippet:-1, max-image-preview:large, max-video-preview:-1\" \/>\n<link rel=\"canonical\" href=\"https:\/\/diariodelsurdigital.com.ar\/?p=5390\" \/>\n<meta property=\"og:locale\" content=\"es_ES\" \/>\n<meta property=\"og:type\" content=\"article\" \/>\n<meta property=\"og:title\" content=\"La Corte confirm\u00f3 dos condenas contra Guillermo Moreno y qued\u00f3 inhabilitado para ejercer cargos p\u00fablicos - Diario del Sur\" \/>\n<meta property=\"og:description\" content=\"La Corte Suprema dej\u00f3 firme dos condenas contra el exsecretario de Comercio Interior Guillermo Moreno por la compra de cotill\u00f3n anti-Clar\u00edn y por amenazas en una asamblea de Papel Prensa. Uno de los expedientes estaba en esa instancia hace seis a\u00f1os. Ahora, un tribunal deber\u00e1 unificar las penas y notificar a Moreno que tambi\u00e9n qued\u00f3 [&hellip;]\" \/>\n<meta property=\"og:url\" content=\"https:\/\/diariodelsurdigital.com.ar\/?p=5390\" \/>\n<meta property=\"og:site_name\" content=\"Diario del Sur\" \/>\n<meta property=\"article:published_time\" content=\"2025-10-29T13:23:14+00:00\" \/>\n<meta property=\"article:modified_time\" content=\"2025-10-29T13:23:15+00:00\" \/>\n<meta property=\"og:image\" content=\"https:\/\/diariodelsurdigital.com.ar\/wp-content\/uploads\/2025\/10\/md-11-1.webp\" \/>\n\t<meta property=\"og:image:width\" content=\"992\" \/>\n\t<meta property=\"og:image:height\" content=\"809\" \/>\n\t<meta property=\"og:image:type\" content=\"image\/webp\" \/>\n<meta name=\"author\" content=\"Diario del Sur Digital\" \/>\n<meta name=\"twitter:card\" content=\"summary_large_image\" \/>\n<meta name=\"twitter:label1\" content=\"Escrito por\" \/>\n\t<meta name=\"twitter:data1\" content=\"Diario del Sur Digital\" \/>\n\t<meta name=\"twitter:label2\" content=\"Tiempo de lectura\" \/>\n\t<meta name=\"twitter:data2\" content=\"4 minutos\" \/>\n<script type=\"application\/ld+json\" class=\"yoast-schema-graph\">{\"@context\":\"https:\\\/\\\/schema.org\",\"@graph\":[{\"@type\":\"Article\",\"@id\":\"https:\\\/\\\/diariodelsurdigital.com.ar\\\/?p=5390#article\",\"isPartOf\":{\"@id\":\"https:\\\/\\\/diariodelsurdigital.com.ar\\\/?p=5390\"},\"author\":{\"name\":\"Diario del Sur Digital\",\"@id\":\"https:\\\/\\\/diariodelsurdigital.com.ar\\\/#\\\/schema\\\/person\\\/1a4992532ed62965c968031b49195c81\"},\"headline\":\"La Corte confirm\u00f3 dos condenas contra Guillermo Moreno y qued\u00f3 inhabilitado para ejercer cargos p\u00fablicos\",\"datePublished\":\"2025-10-29T13:23:14+00:00\",\"dateModified\":\"2025-10-29T13:23:15+00:00\",\"mainEntityOfPage\":{\"@id\":\"https:\\\/\\\/diariodelsurdigital.com.ar\\\/?p=5390\"},\"wordCount\":836,\"commentCount\":0,\"image\":{\"@id\":\"https:\\\/\\\/diariodelsurdigital.com.ar\\\/?p=5390#primaryimage\"},\"thumbnailUrl\":\"https:\\\/\\\/diariodelsurdigital.com.ar\\\/wp-content\\\/uploads\\\/2025\\\/10\\\/md-11-1.webp\",\"articleSection\":[\"Nacionales\",\"Pol\u00edtica\"],\"inLanguage\":\"es\",\"potentialAction\":[{\"@type\":\"CommentAction\",\"name\":\"Comment\",\"target\":[\"https:\\\/\\\/diariodelsurdigital.com.ar\\\/?p=5390#respond\"]}]},{\"@type\":\"WebPage\",\"@id\":\"https:\\\/\\\/diariodelsurdigital.com.ar\\\/?p=5390\",\"url\":\"https:\\\/\\\/diariodelsurdigital.com.ar\\\/?p=5390\",\"name\":\"La Corte confirm\u00f3 dos condenas contra Guillermo Moreno y qued\u00f3 inhabilitado para ejercer cargos p\u00fablicos - Diario del Sur\",\"isPartOf\":{\"@id\":\"https:\\\/\\\/diariodelsurdigital.com.ar\\\/#website\"},\"primaryImageOfPage\":{\"@id\":\"https:\\\/\\\/diariodelsurdigital.com.ar\\\/?p=5390#primaryimage\"},\"image\":{\"@id\":\"https:\\\/\\\/diariodelsurdigital.com.ar\\\/?p=5390#primaryimage\"},\"thumbnailUrl\":\"https:\\\/\\\/diariodelsurdigital.com.ar\\\/wp-content\\\/uploads\\\/2025\\\/10\\\/md-11-1.webp\",\"datePublished\":\"2025-10-29T13:23:14+00:00\",\"dateModified\":\"2025-10-29T13:23:15+00:00\",\"author\":{\"@id\":\"https:\\\/\\\/diariodelsurdigital.com.ar\\\/#\\\/schema\\\/person\\\/1a4992532ed62965c968031b49195c81\"},\"breadcrumb\":{\"@id\":\"https:\\\/\\\/diariodelsurdigital.com.ar\\\/?p=5390#breadcrumb\"},\"inLanguage\":\"es\",\"potentialAction\":[{\"@type\":\"ReadAction\",\"target\":[\"https:\\\/\\\/diariodelsurdigital.com.ar\\\/?p=5390\"]}]},{\"@type\":\"ImageObject\",\"inLanguage\":\"es\",\"@id\":\"https:\\\/\\\/diariodelsurdigital.com.ar\\\/?p=5390#primaryimage\",\"url\":\"https:\\\/\\\/diariodelsurdigital.com.ar\\\/wp-content\\\/uploads\\\/2025\\\/10\\\/md-11-1.webp\",\"contentUrl\":\"https:\\\/\\\/diariodelsurdigital.com.ar\\\/wp-content\\\/uploads\\\/2025\\\/10\\\/md-11-1.webp\",\"width\":992,\"height\":809},{\"@type\":\"BreadcrumbList\",\"@id\":\"https:\\\/\\\/diariodelsurdigital.com.ar\\\/?p=5390#breadcrumb\",\"itemListElement\":[{\"@type\":\"ListItem\",\"position\":1,\"name\":\"Portada\",\"item\":\"https:\\\/\\\/diariodelsurdigital.com.ar\\\/\"},{\"@type\":\"ListItem\",\"position\":2,\"name\":\"La Corte confirm\u00f3 dos condenas contra Guillermo Moreno y qued\u00f3 inhabilitado para ejercer cargos p\u00fablicos\"}]},{\"@type\":\"WebSite\",\"@id\":\"https:\\\/\\\/diariodelsurdigital.com.ar\\\/#website\",\"url\":\"https:\\\/\\\/diariodelsurdigital.com.ar\\\/\",\"name\":\"Diario del Sur\",\"description\":\"Digital\",\"potentialAction\":[{\"@type\":\"SearchAction\",\"target\":{\"@type\":\"EntryPoint\",\"urlTemplate\":\"https:\\\/\\\/diariodelsurdigital.com.ar\\\/?s={search_term_string}\"},\"query-input\":{\"@type\":\"PropertyValueSpecification\",\"valueRequired\":true,\"valueName\":\"search_term_string\"}}],\"inLanguage\":\"es\"},{\"@type\":\"Person\",\"@id\":\"https:\\\/\\\/diariodelsurdigital.com.ar\\\/#\\\/schema\\\/person\\\/1a4992532ed62965c968031b49195c81\",\"name\":\"Diario del Sur Digital\",\"image\":{\"@type\":\"ImageObject\",\"inLanguage\":\"es\",\"@id\":\"https:\\\/\\\/secure.gravatar.com\\\/avatar\\\/f0c7c47fc7146d19828273b9b8eda651c9c7ab583767e6338d3d3bee825adf76?s=96&d=mm&r=g\",\"url\":\"https:\\\/\\\/secure.gravatar.com\\\/avatar\\\/f0c7c47fc7146d19828273b9b8eda651c9c7ab583767e6338d3d3bee825adf76?s=96&d=mm&r=g\",\"contentUrl\":\"https:\\\/\\\/secure.gravatar.com\\\/avatar\\\/f0c7c47fc7146d19828273b9b8eda651c9c7ab583767e6338d3d3bee825adf76?s=96&d=mm&r=g\",\"caption\":\"Diario del Sur Digital\"},\"url\":\"https:\\\/\\\/diariodelsurdigital.com.ar\\\/?author=4\"}]}<\/script>\n<!-- \/ Yoast SEO plugin. -->","yoast_head_json":{"title":"La Corte confirm\u00f3 dos condenas contra Guillermo Moreno y qued\u00f3 inhabilitado para ejercer cargos p\u00fablicos - Diario del Sur","robots":{"index":"index","follow":"follow","max-snippet":"max-snippet:-1","max-image-preview":"max-image-preview:large","max-video-preview":"max-video-preview:-1"},"canonical":"https:\/\/diariodelsurdigital.com.ar\/?p=5390","og_locale":"es_ES","og_type":"article","og_title":"La Corte confirm\u00f3 dos condenas contra Guillermo Moreno y qued\u00f3 inhabilitado para ejercer cargos p\u00fablicos - Diario del Sur","og_description":"La Corte Suprema dej\u00f3 firme dos condenas contra el exsecretario de Comercio Interior Guillermo Moreno por la compra de cotill\u00f3n anti-Clar\u00edn y por amenazas en una asamblea de Papel Prensa. Uno de los expedientes estaba en esa instancia hace seis a\u00f1os. Ahora, un tribunal deber\u00e1 unificar las penas y notificar a Moreno que tambi\u00e9n qued\u00f3 [&hellip;]","og_url":"https:\/\/diariodelsurdigital.com.ar\/?p=5390","og_site_name":"Diario del Sur","article_published_time":"2025-10-29T13:23:14+00:00","article_modified_time":"2025-10-29T13:23:15+00:00","og_image":[{"width":992,"height":809,"url":"https:\/\/diariodelsurdigital.com.ar\/wp-content\/uploads\/2025\/10\/md-11-1.webp","type":"image\/webp"}],"author":"Diario del Sur Digital","twitter_card":"summary_large_image","twitter_misc":{"Escrito por":"Diario del Sur Digital","Tiempo de lectura":"4 minutos"},"schema":{"@context":"https:\/\/schema.org","@graph":[{"@type":"Article","@id":"https:\/\/diariodelsurdigital.com.ar\/?p=5390#article","isPartOf":{"@id":"https:\/\/diariodelsurdigital.com.ar\/?p=5390"},"author":{"name":"Diario del Sur Digital","@id":"https:\/\/diariodelsurdigital.com.ar\/#\/schema\/person\/1a4992532ed62965c968031b49195c81"},"headline":"La Corte confirm\u00f3 dos condenas contra Guillermo Moreno y qued\u00f3 inhabilitado para ejercer cargos p\u00fablicos","datePublished":"2025-10-29T13:23:14+00:00","dateModified":"2025-10-29T13:23:15+00:00","mainEntityOfPage":{"@id":"https:\/\/diariodelsurdigital.com.ar\/?p=5390"},"wordCount":836,"commentCount":0,"image":{"@id":"https:\/\/diariodelsurdigital.com.ar\/?p=5390#primaryimage"},"thumbnailUrl":"https:\/\/diariodelsurdigital.com.ar\/wp-content\/uploads\/2025\/10\/md-11-1.webp","articleSection":["Nacionales","Pol\u00edtica"],"inLanguage":"es","potentialAction":[{"@type":"CommentAction","name":"Comment","target":["https:\/\/diariodelsurdigital.com.ar\/?p=5390#respond"]}]},{"@type":"WebPage","@id":"https:\/\/diariodelsurdigital.com.ar\/?p=5390","url":"https:\/\/diariodelsurdigital.com.ar\/?p=5390","name":"La Corte confirm\u00f3 dos condenas contra Guillermo Moreno y qued\u00f3 inhabilitado para ejercer cargos p\u00fablicos - Diario del Sur","isPartOf":{"@id":"https:\/\/diariodelsurdigital.com.ar\/#website"},"primaryImageOfPage":{"@id":"https:\/\/diariodelsurdigital.com.ar\/?p=5390#primaryimage"},"image":{"@id":"https:\/\/diariodelsurdigital.com.ar\/?p=5390#primaryimage"},"thumbnailUrl":"https:\/\/diariodelsurdigital.com.ar\/wp-content\/uploads\/2025\/10\/md-11-1.webp","datePublished":"2025-10-29T13:23:14+00:00","dateModified":"2025-10-29T13:23:15+00:00","author":{"@id":"https:\/\/diariodelsurdigital.com.ar\/#\/schema\/person\/1a4992532ed62965c968031b49195c81"},"breadcrumb":{"@id":"https:\/\/diariodelsurdigital.com.ar\/?p=5390#breadcrumb"},"inLanguage":"es","potentialAction":[{"@type":"ReadAction","target":["https:\/\/diariodelsurdigital.com.ar\/?p=5390"]}]},{"@type":"ImageObject","inLanguage":"es","@id":"https:\/\/diariodelsurdigital.com.ar\/?p=5390#primaryimage","url":"https:\/\/diariodelsurdigital.com.ar\/wp-content\/uploads\/2025\/10\/md-11-1.webp","contentUrl":"https:\/\/diariodelsurdigital.com.ar\/wp-content\/uploads\/2025\/10\/md-11-1.webp","width":992,"height":809},{"@type":"BreadcrumbList","@id":"https:\/\/diariodelsurdigital.com.ar\/?p=5390#breadcrumb","itemListElement":[{"@type":"ListItem","position":1,"name":"Portada","item":"https:\/\/diariodelsurdigital.com.ar\/"},{"@type":"ListItem","position":2,"name":"La Corte confirm\u00f3 dos condenas contra Guillermo Moreno y qued\u00f3 inhabilitado para ejercer cargos p\u00fablicos"}]},{"@type":"WebSite","@id":"https:\/\/diariodelsurdigital.com.ar\/#website","url":"https:\/\/diariodelsurdigital.com.ar\/","name":"Diario del Sur","description":"Digital","potentialAction":[{"@type":"SearchAction","target":{"@type":"EntryPoint","urlTemplate":"https:\/\/diariodelsurdigital.com.ar\/?s={search_term_string}"},"query-input":{"@type":"PropertyValueSpecification","valueRequired":true,"valueName":"search_term_string"}}],"inLanguage":"es"},{"@type":"Person","@id":"https:\/\/diariodelsurdigital.com.ar\/#\/schema\/person\/1a4992532ed62965c968031b49195c81","name":"Diario del Sur Digital","image":{"@type":"ImageObject","inLanguage":"es","@id":"https:\/\/secure.gravatar.com\/avatar\/f0c7c47fc7146d19828273b9b8eda651c9c7ab583767e6338d3d3bee825adf76?s=96&d=mm&r=g","url":"https:\/\/secure.gravatar.com\/avatar\/f0c7c47fc7146d19828273b9b8eda651c9c7ab583767e6338d3d3bee825adf76?s=96&d=mm&r=g","contentUrl":"https:\/\/secure.gravatar.com\/avatar\/f0c7c47fc7146d19828273b9b8eda651c9c7ab583767e6338d3d3bee825adf76?s=96&d=mm&r=g","caption":"Diario del Sur Digital"},"url":"https:\/\/diariodelsurdigital.com.ar\/?author=4"}]}},"_links":{"self":[{"href":"https:\/\/diariodelsurdigital.com.ar\/index.php?rest_route=\/wp\/v2\/posts\/5390","targetHints":{"allow":["GET"]}}],"collection":[{"href":"https:\/\/diariodelsurdigital.com.ar\/index.php?rest_route=\/wp\/v2\/posts"}],"about":[{"href":"https:\/\/diariodelsurdigital.com.ar\/index.php?rest_route=\/wp\/v2\/types\/post"}],"author":[{"embeddable":true,"href":"https:\/\/diariodelsurdigital.com.ar\/index.php?rest_route=\/wp\/v2\/users\/4"}],"replies":[{"embeddable":true,"href":"https:\/\/diariodelsurdigital.com.ar\/index.php?rest_route=%2Fwp%2Fv2%2Fcomments&post=5390"}],"version-history":[{"count":1,"href":"https:\/\/diariodelsurdigital.com.ar\/index.php?rest_route=\/wp\/v2\/posts\/5390\/revisions"}],"predecessor-version":[{"id":5392,"href":"https:\/\/diariodelsurdigital.com.ar\/index.php?rest_route=\/wp\/v2\/posts\/5390\/revisions\/5392"}],"wp:featuredmedia":[{"embeddable":true,"href":"https:\/\/diariodelsurdigital.com.ar\/index.php?rest_route=\/wp\/v2\/media\/5391"}],"wp:attachment":[{"href":"https:\/\/diariodelsurdigital.com.ar\/index.php?rest_route=%2Fwp%2Fv2%2Fmedia&parent=5390"}],"wp:term":[{"taxonomy":"category","embeddable":true,"href":"https:\/\/diariodelsurdigital.com.ar\/index.php?rest_route=%2Fwp%2Fv2%2Fcategories&post=5390"},{"taxonomy":"post_tag","embeddable":true,"href":"https:\/\/diariodelsurdigital.com.ar\/index.php?rest_route=%2Fwp%2Fv2%2Ftags&post=5390"}],"curies":[{"name":"wp","href":"https:\/\/api.w.org\/{rel}","templated":true}]}}