{"id":5395,"date":"2025-10-29T10:29:22","date_gmt":"2025-10-29T13:29:22","guid":{"rendered":"https:\/\/diariodelsurdigital.com.ar\/?p=5395"},"modified":"2025-10-29T10:29:23","modified_gmt":"2025-10-29T13:29:23","slug":"mas-de-60-muertos-en-la-mayor-operacion-de-la-historia-contra-el-narcotrafico-en-rio-de-janeiro","status":"publish","type":"post","link":"https:\/\/diariodelsurdigital.com.ar\/?p=5395","title":{"rendered":"M\u00e1s de 60 muertos en la mayor operaci\u00f3n de la historia contra el narcotr\u00e1fico en R\u00edo de Janeiro"},"content":{"rendered":"\n<p>Una ofensiva con 2.500 agentes, helic\u00f3pteros y blindados busc\u00f3 capturar a capos de la organizaci\u00f3n criminal en los complejos de Alem\u00e3o y Penha. Los criminales resistieron con drones artillados y robaron m\u00e1s de 50 micros para usarlos como barricadas. Hay m\u00e1s de 100 detenidos. La acci\u00f3n dej\u00f3 cuatro polic\u00edas ca\u00eddos, decenas de detenidos.<\/p>\n\n\n\n<p><\/p>\n\n\n\n<p>R\u00edo de Janeiro registr\u00f3 este martes escenas de guerra, con al menos 64 muertos en \u201cla mayor operaci\u00f3n en la historia\u201d de la ciudad contra el narcotr\u00e1fico. Lo inform\u00f3 el portal G1.<\/p>\n\n\n\n<p>El megaoperativo contra la organizaci\u00f3n criminal Comando Vermelho (CV) se realiz\u00f3 en los complejos de Penha y de Alem\u00e3o, dos populosos conjuntos de favelas de R\u00edo, en la zona norte de R\u00edo, seg\u00fan la Polic\u00eda Civil.<\/p>\n\n\n\n<p>La cifra de detenidos ascendi\u00f3 a 81, inform\u00f3 EFE. Las autoridades dijeron que entre las v\u00edctimas fatales hay cuatro polic\u00edas. Seg\u00fan las autoridades, los delincuentes resistieron hasta con drones artillados.<\/p>\n\n\n\n<p>Las operaciones policiales contra el crimen organizado son frecuentes en las barriadas de esa ciudad tur\u00edstica de Brasil, donde los agentes suelen enfrentarse a tiros con traficantes y la poblaci\u00f3n sufre en medio del fuego cruzado.<\/p>\n\n\n\n<p>\u201cM\u00e1s de 200.000 residentes siguen afectados por escuelas cerradas, autobuses desviados y unidades de salud con servicios suspendidos\u201d, indic\u00f3 la asamblea legislativa del estado.<\/p>\n\n\n\n<p>De los al menos 64 fallecidos contabilizados en la operaci\u00f3n de este martes, 60 son civiles, supuestamente sospechosos, y cuatro agentes de las fuerzas de seguridad. Esta es ya la operaci\u00f3n policial m\u00e1s letal de la historia de R\u00edo de Janeiro.<\/p>\n\n\n\n<p>Unos 2500 uniformados participan de este operativo para \u201ccombatir la expansi\u00f3n territorial del Comando Vermelho\u201d, la mayor organizaci\u00f3n criminal de R\u00edo de Janeiro, indic\u00f3 el gobierno estatal en X.<\/p>\n\n\n\n<p>La poblaci\u00f3n de las favelas vivi\u00f3 momentos de enorme tensi\u00f3n. Cientos de pobladores debieron evacuar la zona o refugiarse en sus casas. R\u00e1fagas de disparos segu\u00edan atemorizando a la poblaci\u00f3n de la zona y los comercios estaban cerrados.<\/p>\n\n\n\n<p>La operaci\u00f3n caus\u00f3 disrupciones en la ciudad, con v\u00edas centrales completamente cerradas o bloqueadas.<\/p>\n\n\n\n<p>Barricadas contra el operativo policial<br>Seg\u00fan G1, la red criminal mont\u00f3 barricadas con veh\u00edculos para enfrentar a la polic\u00eda en distintos puntos del \u00e1rea donde se llev\u00f3 a cabo la ofensiva.<\/p>\n\n\n\n<p>El operativo comenz\u00f3 en la madrugada de este martes con la llegada de al menos 2500 agentes con mandato para arrestar a 100 presuntos delincuentes.<\/p>\n\n\n\n<p>Seg\u00fan la prensa local, los delincuentes contraatacaron a balazos, barricadas y humo producto de algunos incendios de veh\u00edculos.<\/p>\n\n\n\n<p>Buscan a los cabecillas del Comando Vermelho<br>El objetivo de la acci\u00f3n son los cabecillas del Comando Vermelho (CV), una de las bandas del crimen organizado m\u00e1s poderosas de Brasil.<\/p>\n\n\n\n<p>El grupo se dedica principalmente al tr\u00e1fico de drogas y armas, y su centro de operaciones est\u00e1 en el estado de R\u00edo, donde controla algunas barriadas de la ciudad.<\/p>\n\n\n\n<p>El gobernador del estado de R\u00edo de Janeiro,Cl\u00e1udio Castro, calific\u00f3 la operaci\u00f3n como \u201cla mayor\u201d realizada contra el Comando Vermelho, que junto con el Primer Comando de la Capital (PCC) es una de las m\u00e1s activas bandas del narcotr\u00e1fico de Brasil.<\/p>\n\n\n\n<p>Castro aclar\u00f3 que la operaci\u00f3n a\u00fan contin\u00faa y que el balance ofrecido es parcial, con lo que sugiri\u00f3 que podr\u00eda haber m\u00e1s v\u00edctimas y detenidos.<\/p>\n\n\n\n<p>Medios locales informaron que integrantes del Comando Vermelho montaron barricadas en las favelas para intentar impedir el ingreso de las fuerzas de seguridad.<\/p>\n\n\n\n<p>Castro asegur\u00f3, y mostr\u00f3 unos videos como prueba, que los delincuentes resistieron hasta con drones artillados, con los que atacaron a los polic\u00edas en algunos lugares de las favelas. De acuerdo con el primer balance, fue incautado medio centenar de armas de fuego, entre las que hab\u00eda 42 fusiles de asalto.<\/p>\n","protected":false},"excerpt":{"rendered":"<p>Una ofensiva con 2.500 agentes, helic\u00f3pteros y blindados busc\u00f3 capturar a capos de la organizaci\u00f3n criminal en los complejos de Alem\u00e3o y Penha. Los criminales resistieron con drones artillados y robaron m\u00e1s de 50 micros para usarlos como barricadas. Hay m\u00e1s de 100 detenidos. La acci\u00f3n dej\u00f3 cuatro polic\u00edas ca\u00eddos, decenas de detenidos. R\u00edo de [&hellip;]<\/p>\n","protected":false},"author":4,"featured_media":5396,"comment_status":"open","ping_status":"open","sticky":false,"template":"","format":"standard","meta":{"footnotes":""},"categories":[20],"tags":[],"class_list":{"0":"post-5395","1":"post","2":"type-post","3":"status-publish","4":"format-standard","5":"has-post-thumbnail","7":"category-internacionales"},"yoast_head":"<!-- This site is optimized with the Yoast SEO plugin v27.4 - https:\/\/yoast.com\/product\/yoast-seo-wordpress\/ -->\n<title>M\u00e1s de 60 muertos en la mayor operaci\u00f3n de la historia contra el narcotr\u00e1fico en R\u00edo de Janeiro - Diario del Sur<\/title>\n<meta name=\"robots\" content=\"index, follow, max-snippet:-1, max-image-preview:large, max-video-preview:-1\" \/>\n<link rel=\"canonical\" href=\"https:\/\/diariodelsurdigital.com.ar\/?p=5395\" \/>\n<meta property=\"og:locale\" content=\"es_ES\" \/>\n<meta property=\"og:type\" content=\"article\" \/>\n<meta property=\"og:title\" content=\"M\u00e1s de 60 muertos en la mayor operaci\u00f3n de la historia contra el narcotr\u00e1fico en R\u00edo de Janeiro - Diario del Sur\" \/>\n<meta property=\"og:description\" content=\"Una ofensiva con 2.500 agentes, helic\u00f3pteros y blindados busc\u00f3 capturar a capos de la organizaci\u00f3n criminal en los complejos de Alem\u00e3o y Penha. Los criminales resistieron con drones artillados y robaron m\u00e1s de 50 micros para usarlos como barricadas. Hay m\u00e1s de 100 detenidos. La acci\u00f3n dej\u00f3 cuatro polic\u00edas ca\u00eddos, decenas de detenidos. R\u00edo de [&hellip;]\" \/>\n<meta property=\"og:url\" content=\"https:\/\/diariodelsurdigital.com.ar\/?p=5395\" \/>\n<meta property=\"og:site_name\" content=\"Diario del Sur\" \/>\n<meta property=\"article:published_time\" content=\"2025-10-29T13:29:22+00:00\" \/>\n<meta property=\"article:modified_time\" content=\"2025-10-29T13:29:23+00:00\" \/>\n<meta property=\"og:image\" content=\"https:\/\/diariodelsurdigital.com.ar\/wp-content\/uploads\/2025\/10\/md-12-1.webp\" \/>\n\t<meta property=\"og:image:width\" content=\"992\" \/>\n\t<meta property=\"og:image:height\" content=\"661\" \/>\n\t<meta property=\"og:image:type\" content=\"image\/webp\" \/>\n<meta name=\"author\" content=\"Diario del Sur Digital\" \/>\n<meta name=\"twitter:card\" content=\"summary_large_image\" \/>\n<meta name=\"twitter:label1\" content=\"Escrito por\" \/>\n\t<meta name=\"twitter:data1\" content=\"Diario del Sur Digital\" \/>\n\t<meta name=\"twitter:label2\" content=\"Tiempo de lectura\" \/>\n\t<meta name=\"twitter:data2\" content=\"3 minutos\" \/>\n<script type=\"application\/ld+json\" class=\"yoast-schema-graph\">{\"@context\":\"https:\\\/\\\/schema.org\",\"@graph\":[{\"@type\":\"Article\",\"@id\":\"https:\\\/\\\/diariodelsurdigital.com.ar\\\/?p=5395#article\",\"isPartOf\":{\"@id\":\"https:\\\/\\\/diariodelsurdigital.com.ar\\\/?p=5395\"},\"author\":{\"name\":\"Diario del Sur Digital\",\"@id\":\"https:\\\/\\\/diariodelsurdigital.com.ar\\\/#\\\/schema\\\/person\\\/1a4992532ed62965c968031b49195c81\"},\"headline\":\"M\u00e1s de 60 muertos en la mayor operaci\u00f3n de la historia contra el narcotr\u00e1fico en R\u00edo de Janeiro\",\"datePublished\":\"2025-10-29T13:29:22+00:00\",\"dateModified\":\"2025-10-29T13:29:23+00:00\",\"mainEntityOfPage\":{\"@id\":\"https:\\\/\\\/diariodelsurdigital.com.ar\\\/?p=5395\"},\"wordCount\":673,\"commentCount\":0,\"image\":{\"@id\":\"https:\\\/\\\/diariodelsurdigital.com.ar\\\/?p=5395#primaryimage\"},\"thumbnailUrl\":\"https:\\\/\\\/diariodelsurdigital.com.ar\\\/wp-content\\\/uploads\\\/2025\\\/10\\\/md-12-1.webp\",\"articleSection\":[\"Internacionales\"],\"inLanguage\":\"es\",\"potentialAction\":[{\"@type\":\"CommentAction\",\"name\":\"Comment\",\"target\":[\"https:\\\/\\\/diariodelsurdigital.com.ar\\\/?p=5395#respond\"]}]},{\"@type\":\"WebPage\",\"@id\":\"https:\\\/\\\/diariodelsurdigital.com.ar\\\/?p=5395\",\"url\":\"https:\\\/\\\/diariodelsurdigital.com.ar\\\/?p=5395\",\"name\":\"M\u00e1s de 60 muertos en la mayor operaci\u00f3n de la historia contra el narcotr\u00e1fico en R\u00edo de Janeiro - Diario del Sur\",\"isPartOf\":{\"@id\":\"https:\\\/\\\/diariodelsurdigital.com.ar\\\/#website\"},\"primaryImageOfPage\":{\"@id\":\"https:\\\/\\\/diariodelsurdigital.com.ar\\\/?p=5395#primaryimage\"},\"image\":{\"@id\":\"https:\\\/\\\/diariodelsurdigital.com.ar\\\/?p=5395#primaryimage\"},\"thumbnailUrl\":\"https:\\\/\\\/diariodelsurdigital.com.ar\\\/wp-content\\\/uploads\\\/2025\\\/10\\\/md-12-1.webp\",\"datePublished\":\"2025-10-29T13:29:22+00:00\",\"dateModified\":\"2025-10-29T13:29:23+00:00\",\"author\":{\"@id\":\"https:\\\/\\\/diariodelsurdigital.com.ar\\\/#\\\/schema\\\/person\\\/1a4992532ed62965c968031b49195c81\"},\"breadcrumb\":{\"@id\":\"https:\\\/\\\/diariodelsurdigital.com.ar\\\/?p=5395#breadcrumb\"},\"inLanguage\":\"es\",\"potentialAction\":[{\"@type\":\"ReadAction\",\"target\":[\"https:\\\/\\\/diariodelsurdigital.com.ar\\\/?p=5395\"]}]},{\"@type\":\"ImageObject\",\"inLanguage\":\"es\",\"@id\":\"https:\\\/\\\/diariodelsurdigital.com.ar\\\/?p=5395#primaryimage\",\"url\":\"https:\\\/\\\/diariodelsurdigital.com.ar\\\/wp-content\\\/uploads\\\/2025\\\/10\\\/md-12-1.webp\",\"contentUrl\":\"https:\\\/\\\/diariodelsurdigital.com.ar\\\/wp-content\\\/uploads\\\/2025\\\/10\\\/md-12-1.webp\",\"width\":992,\"height\":661},{\"@type\":\"BreadcrumbList\",\"@id\":\"https:\\\/\\\/diariodelsurdigital.com.ar\\\/?p=5395#breadcrumb\",\"itemListElement\":[{\"@type\":\"ListItem\",\"position\":1,\"name\":\"Portada\",\"item\":\"https:\\\/\\\/diariodelsurdigital.com.ar\\\/\"},{\"@type\":\"ListItem\",\"position\":2,\"name\":\"M\u00e1s de 60 muertos en la mayor operaci\u00f3n de la historia contra el narcotr\u00e1fico en R\u00edo de Janeiro\"}]},{\"@type\":\"WebSite\",\"@id\":\"https:\\\/\\\/diariodelsurdigital.com.ar\\\/#website\",\"url\":\"https:\\\/\\\/diariodelsurdigital.com.ar\\\/\",\"name\":\"Diario del Sur\",\"description\":\"Digital\",\"potentialAction\":[{\"@type\":\"SearchAction\",\"target\":{\"@type\":\"EntryPoint\",\"urlTemplate\":\"https:\\\/\\\/diariodelsurdigital.com.ar\\\/?s={search_term_string}\"},\"query-input\":{\"@type\":\"PropertyValueSpecification\",\"valueRequired\":true,\"valueName\":\"search_term_string\"}}],\"inLanguage\":\"es\"},{\"@type\":\"Person\",\"@id\":\"https:\\\/\\\/diariodelsurdigital.com.ar\\\/#\\\/schema\\\/person\\\/1a4992532ed62965c968031b49195c81\",\"name\":\"Diario del Sur Digital\",\"image\":{\"@type\":\"ImageObject\",\"inLanguage\":\"es\",\"@id\":\"https:\\\/\\\/secure.gravatar.com\\\/avatar\\\/f0c7c47fc7146d19828273b9b8eda651c9c7ab583767e6338d3d3bee825adf76?s=96&d=mm&r=g\",\"url\":\"https:\\\/\\\/secure.gravatar.com\\\/avatar\\\/f0c7c47fc7146d19828273b9b8eda651c9c7ab583767e6338d3d3bee825adf76?s=96&d=mm&r=g\",\"contentUrl\":\"https:\\\/\\\/secure.gravatar.com\\\/avatar\\\/f0c7c47fc7146d19828273b9b8eda651c9c7ab583767e6338d3d3bee825adf76?s=96&d=mm&r=g\",\"caption\":\"Diario del Sur Digital\"},\"url\":\"https:\\\/\\\/diariodelsurdigital.com.ar\\\/?author=4\"}]}<\/script>\n<!-- \/ Yoast SEO plugin. -->","yoast_head_json":{"title":"M\u00e1s de 60 muertos en la mayor operaci\u00f3n de la historia contra el narcotr\u00e1fico en R\u00edo de Janeiro - Diario del Sur","robots":{"index":"index","follow":"follow","max-snippet":"max-snippet:-1","max-image-preview":"max-image-preview:large","max-video-preview":"max-video-preview:-1"},"canonical":"https:\/\/diariodelsurdigital.com.ar\/?p=5395","og_locale":"es_ES","og_type":"article","og_title":"M\u00e1s de 60 muertos en la mayor operaci\u00f3n de la historia contra el narcotr\u00e1fico en R\u00edo de Janeiro - Diario del Sur","og_description":"Una ofensiva con 2.500 agentes, helic\u00f3pteros y blindados busc\u00f3 capturar a capos de la organizaci\u00f3n criminal en los complejos de Alem\u00e3o y Penha. Los criminales resistieron con drones artillados y robaron m\u00e1s de 50 micros para usarlos como barricadas. Hay m\u00e1s de 100 detenidos. La acci\u00f3n dej\u00f3 cuatro polic\u00edas ca\u00eddos, decenas de detenidos. R\u00edo de [&hellip;]","og_url":"https:\/\/diariodelsurdigital.com.ar\/?p=5395","og_site_name":"Diario del Sur","article_published_time":"2025-10-29T13:29:22+00:00","article_modified_time":"2025-10-29T13:29:23+00:00","og_image":[{"width":992,"height":661,"url":"https:\/\/diariodelsurdigital.com.ar\/wp-content\/uploads\/2025\/10\/md-12-1.webp","type":"image\/webp"}],"author":"Diario del Sur Digital","twitter_card":"summary_large_image","twitter_misc":{"Escrito por":"Diario del Sur Digital","Tiempo de lectura":"3 minutos"},"schema":{"@context":"https:\/\/schema.org","@graph":[{"@type":"Article","@id":"https:\/\/diariodelsurdigital.com.ar\/?p=5395#article","isPartOf":{"@id":"https:\/\/diariodelsurdigital.com.ar\/?p=5395"},"author":{"name":"Diario del Sur Digital","@id":"https:\/\/diariodelsurdigital.com.ar\/#\/schema\/person\/1a4992532ed62965c968031b49195c81"},"headline":"M\u00e1s de 60 muertos en la mayor operaci\u00f3n de la historia contra el narcotr\u00e1fico en R\u00edo de Janeiro","datePublished":"2025-10-29T13:29:22+00:00","dateModified":"2025-10-29T13:29:23+00:00","mainEntityOfPage":{"@id":"https:\/\/diariodelsurdigital.com.ar\/?p=5395"},"wordCount":673,"commentCount":0,"image":{"@id":"https:\/\/diariodelsurdigital.com.ar\/?p=5395#primaryimage"},"thumbnailUrl":"https:\/\/diariodelsurdigital.com.ar\/wp-content\/uploads\/2025\/10\/md-12-1.webp","articleSection":["Internacionales"],"inLanguage":"es","potentialAction":[{"@type":"CommentAction","name":"Comment","target":["https:\/\/diariodelsurdigital.com.ar\/?p=5395#respond"]}]},{"@type":"WebPage","@id":"https:\/\/diariodelsurdigital.com.ar\/?p=5395","url":"https:\/\/diariodelsurdigital.com.ar\/?p=5395","name":"M\u00e1s de 60 muertos en la mayor operaci\u00f3n de la historia contra el narcotr\u00e1fico en R\u00edo de Janeiro - Diario del Sur","isPartOf":{"@id":"https:\/\/diariodelsurdigital.com.ar\/#website"},"primaryImageOfPage":{"@id":"https:\/\/diariodelsurdigital.com.ar\/?p=5395#primaryimage"},"image":{"@id":"https:\/\/diariodelsurdigital.com.ar\/?p=5395#primaryimage"},"thumbnailUrl":"https:\/\/diariodelsurdigital.com.ar\/wp-content\/uploads\/2025\/10\/md-12-1.webp","datePublished":"2025-10-29T13:29:22+00:00","dateModified":"2025-10-29T13:29:23+00:00","author":{"@id":"https:\/\/diariodelsurdigital.com.ar\/#\/schema\/person\/1a4992532ed62965c968031b49195c81"},"breadcrumb":{"@id":"https:\/\/diariodelsurdigital.com.ar\/?p=5395#breadcrumb"},"inLanguage":"es","potentialAction":[{"@type":"ReadAction","target":["https:\/\/diariodelsurdigital.com.ar\/?p=5395"]}]},{"@type":"ImageObject","inLanguage":"es","@id":"https:\/\/diariodelsurdigital.com.ar\/?p=5395#primaryimage","url":"https:\/\/diariodelsurdigital.com.ar\/wp-content\/uploads\/2025\/10\/md-12-1.webp","contentUrl":"https:\/\/diariodelsurdigital.com.ar\/wp-content\/uploads\/2025\/10\/md-12-1.webp","width":992,"height":661},{"@type":"BreadcrumbList","@id":"https:\/\/diariodelsurdigital.com.ar\/?p=5395#breadcrumb","itemListElement":[{"@type":"ListItem","position":1,"name":"Portada","item":"https:\/\/diariodelsurdigital.com.ar\/"},{"@type":"ListItem","position":2,"name":"M\u00e1s de 60 muertos en la mayor operaci\u00f3n de la historia contra el narcotr\u00e1fico en R\u00edo de Janeiro"}]},{"@type":"WebSite","@id":"https:\/\/diariodelsurdigital.com.ar\/#website","url":"https:\/\/diariodelsurdigital.com.ar\/","name":"Diario del Sur","description":"Digital","potentialAction":[{"@type":"SearchAction","target":{"@type":"EntryPoint","urlTemplate":"https:\/\/diariodelsurdigital.com.ar\/?s={search_term_string}"},"query-input":{"@type":"PropertyValueSpecification","valueRequired":true,"valueName":"search_term_string"}}],"inLanguage":"es"},{"@type":"Person","@id":"https:\/\/diariodelsurdigital.com.ar\/#\/schema\/person\/1a4992532ed62965c968031b49195c81","name":"Diario del Sur Digital","image":{"@type":"ImageObject","inLanguage":"es","@id":"https:\/\/secure.gravatar.com\/avatar\/f0c7c47fc7146d19828273b9b8eda651c9c7ab583767e6338d3d3bee825adf76?s=96&d=mm&r=g","url":"https:\/\/secure.gravatar.com\/avatar\/f0c7c47fc7146d19828273b9b8eda651c9c7ab583767e6338d3d3bee825adf76?s=96&d=mm&r=g","contentUrl":"https:\/\/secure.gravatar.com\/avatar\/f0c7c47fc7146d19828273b9b8eda651c9c7ab583767e6338d3d3bee825adf76?s=96&d=mm&r=g","caption":"Diario del Sur Digital"},"url":"https:\/\/diariodelsurdigital.com.ar\/?author=4"}]}},"_links":{"self":[{"href":"https:\/\/diariodelsurdigital.com.ar\/index.php?rest_route=\/wp\/v2\/posts\/5395","targetHints":{"allow":["GET"]}}],"collection":[{"href":"https:\/\/diariodelsurdigital.com.ar\/index.php?rest_route=\/wp\/v2\/posts"}],"about":[{"href":"https:\/\/diariodelsurdigital.com.ar\/index.php?rest_route=\/wp\/v2\/types\/post"}],"author":[{"embeddable":true,"href":"https:\/\/diariodelsurdigital.com.ar\/index.php?rest_route=\/wp\/v2\/users\/4"}],"replies":[{"embeddable":true,"href":"https:\/\/diariodelsurdigital.com.ar\/index.php?rest_route=%2Fwp%2Fv2%2Fcomments&post=5395"}],"version-history":[{"count":1,"href":"https:\/\/diariodelsurdigital.com.ar\/index.php?rest_route=\/wp\/v2\/posts\/5395\/revisions"}],"predecessor-version":[{"id":5397,"href":"https:\/\/diariodelsurdigital.com.ar\/index.php?rest_route=\/wp\/v2\/posts\/5395\/revisions\/5397"}],"wp:featuredmedia":[{"embeddable":true,"href":"https:\/\/diariodelsurdigital.com.ar\/index.php?rest_route=\/wp\/v2\/media\/5396"}],"wp:attachment":[{"href":"https:\/\/diariodelsurdigital.com.ar\/index.php?rest_route=%2Fwp%2Fv2%2Fmedia&parent=5395"}],"wp:term":[{"taxonomy":"category","embeddable":true,"href":"https:\/\/diariodelsurdigital.com.ar\/index.php?rest_route=%2Fwp%2Fv2%2Fcategories&post=5395"},{"taxonomy":"post_tag","embeddable":true,"href":"https:\/\/diariodelsurdigital.com.ar\/index.php?rest_route=%2Fwp%2Fv2%2Ftags&post=5395"}],"curies":[{"name":"wp","href":"https:\/\/api.w.org\/{rel}","templated":true}]}}